{"id":8384,"date":"2026-01-05T21:10:00","date_gmt":"2026-01-05T18:10:00","guid":{"rendered":"https:\/\/www.trabzonmanset.com\/?p=8384"},"modified":"2026-01-05T22:58:45","modified_gmt":"2026-01-05T19:58:45","slug":"smyrnada-kem-gozlere-karsi-suleyman-dugumu-motifli-mozaikli-oda-kesfedildi","status":"publish","type":"post","link":"https:\/\/www.trabzonmanset.com\/index.php\/2026\/01\/05\/smyrnada-kem-gozlere-karsi-suleyman-dugumu-motifli-mozaikli-oda-kesfedildi\/","title":{"rendered":"Smyrna&#8217;da kem g\u00f6zlere kar\u015f\u0131 &#8220;S\u00fcleyman d\u00fc\u011f\u00fcm\u00fc&#8221; motifli mozaikli oda ke\u015ffedildi"},"content":{"rendered":"\n<p>\u0130zmir kent merkezindeki Smyrna Antik Kenti&#8217;nde y\u00fcr\u00fct\u00fclen kaz\u0131 \u00e7al\u0131\u015fmalar\u0131nda ortaya \u00e7\u0131kar\u0131lan mozaikli odada yer alan &#8220;S\u00fcleyman d\u00fc\u011f\u00fcm\u00fc&#8221; motifi, kaz\u0131 ekibinin ilgisini \u00e7ekti.<\/p>\n\n\n\n<p>Smyrna&#8217;da kaz\u0131 ve restorasyon \u00e7al\u0131\u015fmalar\u0131, K\u00fclt\u00fcr ve Turizm Bakanl\u0131\u011f\u0131n\u0131n &#8220;Gelece\u011fe Miras Projesi&#8221; kapsam\u0131nda y\u0131l boyunca kesintisiz s\u00fcrd\u00fcr\u00fcl\u00fcyor.<\/p>\n\n\n\n<p>Smyrna Agoras\u0131 Kuzey Cadde&#8217;de y\u00fcr\u00fct\u00fclen kaz\u0131larda yakla\u015f\u0131k 3&#215;4 metre boyutlar\u0131nda, i\u00e7 i\u00e7e ge\u00e7mi\u015f 12 k\u00f6\u015feli panolarla bezeli mozaik taban bulundu.<\/p>\n\n\n\n<p>Mozai\u011fin merkezinde yer alan &#8220;S\u00fcleyman d\u00fc\u011f\u00fcm\u00fc&#8221; motifi dikkati \u00e7ekti.<\/p>\n\n\n\n<figure class=\"wp-block-image\"><img decoding=\"async\" src=\"https:\/\/www.aa.com.tr\/uploads\/userFiles\/a54ea27f-6036-4f79-88c6-6bc9ba19a35d\/07%2F09%2F13%2FAA-40161714.jpg\" alt=\"\"\/><\/figure>\n\n\n\n<h3 class=\"wp-block-heading\">70 y\u0131l sonra mozaik taban bulundu<\/h3>\n\n\n\n<p>Kaz\u0131 Ba\u015fkan\u0131, \u0130zmir Katip \u00c7elebi \u00dcniversitesi T\u00fcrk \u0130slam Arkeolojisi Ana Bilim Dal\u0131 \u00d6\u011fretim \u00dcyesi Prof. Dr. Ak\u0131n Ersoy, AA muhabirine, Smyrna&#8217;n\u0131n B\u00fcy\u00fck \u0130skender&#8217;den sonra kurulan planl\u0131 bir kent oldu\u011funu s\u00f6yledi.<\/p>\n\n\n\n<p>Kentteki kaz\u0131lar\u0131n Smyrna Agoras\u0131 ve Tiyatrosu&#8217;nda yo\u011funla\u015ft\u0131\u011f\u0131n\u0131 belirten Ersoy, Agora Kuzey Cadde&#8217;de y\u00fcr\u00fct\u00fclen kaz\u0131larda mozaik taban\u0131n ortaya \u00e7\u0131kmaya ba\u015flad\u0131\u011f\u0131n\u0131 kaydetti.<\/p>\n\n\n\n<figure class=\"wp-block-image\"><img decoding=\"async\" src=\"https:\/\/www.aa.com.tr\/uploads\/userFiles\/a54ea27f-6036-4f79-88c6-6bc9ba19a35d\/07%2F09%2F11%2FAA-40161587.jpg\" alt=\"\"\/><\/figure>\n\n\n\n<p>Ersoy, Antik D\u00f6nem&#8217;de kentin \u00f6nemli caddelerinden biri olan alanda, Ge\u00e7 Roma D\u00f6nemi&#8217;nde (Milattan sonra 4-6. y\u00fczy\u0131l) bir yap\u0131 in\u015fa edildi\u011fini, yap\u0131n\u0131n sivil konut mu yoksa kamusal mekan m\u0131 oldu\u011funa ili\u015fkin kesin sonuca hen\u00fcz ula\u015famad\u0131klar\u0131n\u0131 ifade etti.<\/p>\n\n\n\n<p>Smyrna Antik Kenti&#8217;nde daha \u00f6nce &#8220;mozaikli salon&#8221;un bulundu\u011funu an\u0131msatan Ersoy, yakla\u015f\u0131k 70 y\u0131l sonra yeni bir mozaik d\u00f6\u015femeye ula\u015fman\u0131n kendileri i\u00e7in \u015fa\u015f\u0131rt\u0131c\u0131 oldu\u011funu dile getirdi.<\/p>\n\n\n\n<figure class=\"wp-block-image\"><img decoding=\"async\" src=\"https:\/\/www.aa.com.tr\/uploads\/userFiles\/a54ea27f-6036-4f79-88c6-6bc9ba19a35d\/07%2F09%2F11%2FAA-40161726.jpg\" alt=\"\"\/><\/figure>\n\n\n\n<h3 class=\"wp-block-heading\">Antik D\u00f6nem&#8217;in &#8220;kem g\u00f6zlere&#8221; kar\u015f\u0131 sembol\u00fc<\/h3>\n\n\n\n<p>Alan\u0131 &#8220;mozaikli oda&#8221; olarak tan\u0131mlad\u0131klar\u0131n\u0131 belirten Ersoy, Ge\u00e7 Antik D\u00f6nem&#8217;de bu t\u00fcr mozaik tabanlar\u0131n yayg\u0131n kullan\u0131ld\u0131\u011f\u0131n\u0131 s\u00f6yledi.<\/p>\n\n\n\n<p>Ortaya \u00e7\u0131kar\u0131lan mozaiklerde bitkisel motifler ve geometrik s\u00fcslemelerin yer ald\u0131\u011f\u0131n\u0131 ifade eden Ersoy, mozai\u011fin merkezindeki &#8220;S\u00fcleyman d\u00fc\u011f\u00fcm\u00fc&#8221; motifine dikkati \u00e7ekerek, \u015funlar\u0131 kaydetti:<\/p>\n\n\n\n<p>&#8220;Mozaiklerde koruyucu sembollerin kullan\u0131ld\u0131\u011f\u0131n\u0131 g\u00f6r\u00fcyoruz. Bu t\u00fcr mekanlarda hasetlik, k\u0131skan\u00e7l\u0131k olu\u015fmamas\u0131 i\u00e7in baz\u0131 koruyucu semboller, ister bu t\u00fcr mekanlar\u0131n giri\u015finde isterse d\u00f6\u015femelerinde kullan\u0131l\u0131yor. &#8216;S\u00fcleyman d\u00fc\u011f\u00fcm\u00fc&#8217;, buna g\u00fczel bir \u00f6rnek olarak kar\u015f\u0131m\u0131za \u00e7\u0131k\u0131yor. Yine bunun etraf\u0131nda k\u00fc\u00e7\u00fck ha\u00e7 tasvirleri var. Bunlar, s\u00fcsleme unsurlar\u0131 olarak ba\u015flayan bir gelene\u011fin daha sonra baz\u0131 semavi dinlerin kabul\u00fc \u00fczerine de sonraki d\u00f6nemlerde kabul g\u00f6rm\u00fc\u015f olan semboller. Sonu\u00e7ta hepsi koruyucu semboller.&#8221;<\/p>\n\n\n\n<figure class=\"wp-block-image\"><img decoding=\"async\" src=\"https:\/\/www.aa.com.tr\/uploads\/userFiles\/a54ea27f-6036-4f79-88c6-6bc9ba19a35d\/07%2F09%2F11%2FAA-40161716.jpg\" alt=\"\"\/><\/figure>\n\n\n\n<p>Bu sembollerin mekan\u0131 ya da mekan\u0131 kullananlar\u0131 &#8220;kem g\u00f6z&#8221;den korumak amac\u0131yla tercih edildi\u011fini vurgulayan Ersoy, &#8220;E\u011fer buras\u0131 bir kamusal mekansa kenti ama bir konutsa o konutun sahibini koruyan semboller \u00e7\u00fcnk\u00fc &#8216;kem g\u00f6z&#8217; diyoruz ya bunlar\u0131n o eve, o evin sahibine, o evde ya\u015fayanlara zarar vermemesi i\u00e7in bu sembollerin kullan\u0131ld\u0131\u011f\u0131n\u0131 biliyoruz.&#8221; diye konu\u015ftu.<\/p>\n\n\n\n<figure class=\"wp-block-image\"><img decoding=\"async\" src=\"https:\/\/www.aa.com.tr\/uploads\/userFiles\/a54ea27f-6036-4f79-88c6-6bc9ba19a35d\/07%2F09%2F11%2FAA-40161713.jpg\" alt=\"\"\/><\/figure>\n\n\n\n<h3 class=\"wp-block-heading\">&#8220;Mozaikli oda&#8221; yakla\u015f\u0131k 1500 y\u0131l sonra da kullan\u0131lm\u0131\u015f<\/h3>\n\n\n\n<p>Mozaikli odan\u0131n yakla\u015f\u0131k 1500 y\u0131l sonra, 19. y\u00fczy\u0131lda b\u00f6lgede bulunan gayrim\u00fcslim hastanesi ya da \u00e7evredeki konutlar taraf\u0131ndan yeniden kullan\u0131ld\u0131\u011f\u0131n\u0131 belirten Ersoy, &#8220;Ge\u00e7 Antik D\u00f6nem&#8217;deki mozaik d\u00f6\u015feme a\u00e7\u0131lm\u0131\u015f, be\u011fenilmi\u015f ve bunun \u00fczerine mekanlar in\u015fa etmi\u015fler. Bunu nereden anl\u0131yoruz? \u00c7\u00fcnk\u00fc in\u015fa edilen duvar\u0131n s\u0131vas\u0131n\u0131n harc\u0131, mozai\u011fin \u00fczerine yat\u0131r\u0131lm\u0131\u015f. B\u00f6ylece 1500 y\u0131l sonra o mozaik taban\u0131n bir s\u00fcre daha kullan\u0131ld\u0131\u011f\u0131n\u0131 g\u00f6r\u00fcyoruz.&#8221; dedi.<\/p>\n\n\n\n<p>Kaz\u0131 alan\u0131n\u0131n geni\u015fleyece\u011fini dile getiren Ersoy, &#8220;2026 kaz\u0131lar\u0131nda alan\u0131 b\u00fcy\u00fctt\u00fc\u011f\u00fcm\u00fczde belki ba\u015fka mekanlar da ortaya \u00e7\u0131kabilecek.&#8221; ifadesini kulland\u0131.<\/p>\n\n\n\n<p>Ersoy, kaz\u0131 \u00e7al\u0131\u015fmalar\u0131na destek veren \u0130zmir B\u00fcy\u00fck\u015fehir Belediyesi, Ya\u015far E\u011fitim ve K\u00fclt\u00fcr Vakf\u0131, \u0130zmir Ticaret Odas\u0131 ve G\u00fczelEnerji Akaryak\u0131t A\u015e&#8217;ye te\u015fekk\u00fcr etti.<\/p>\n\n\n\n<p>Kaynak: AA<\/p>\n","protected":false},"excerpt":{"rendered":"<p>\u0130zmir kent merkezindeki Smyrna Antik Kenti&#8217;nde y\u00fcr\u00fct\u00fclen kaz\u0131 \u00e7al\u0131\u015fmalar\u0131nda ortaya \u00e7\u0131kar\u0131lan mozaikli odada yer alan &#8220;S\u00fcleyman d\u00fc\u011f\u00fcm\u00fc&#8221; motifi, kaz\u0131 ekibinin ilgisini \u00e7ekti. Smyrna&#8217;da kaz\u0131 ve restorasyon \u00e7al\u0131\u015fmalar\u0131, K\u00fclt\u00fcr ve Turizm Bakanl\u0131\u011f\u0131n\u0131n &#8220;Gelece\u011fe Miras Projesi&#8221; kapsam\u0131nda y\u0131l boyunca kesintisiz s\u00fcrd\u00fcr\u00fcl\u00fcyor. Smyrna Agoras\u0131 Kuzey Cadde&#8217;de y\u00fcr\u00fct\u00fclen kaz\u0131larda yakla\u015f\u0131k 3&#215;4 metre boyutlar\u0131nda, i\u00e7 i\u00e7e ge\u00e7mi\u015f 12 k\u00f6\u015feli panolarla [&hellip;]<\/p>\n","protected":false},"author":1,"featured_media":8386,"comment_status":"open","ping_status":"open","sticky":false,"template":"","format":"standard","meta":{"footnotes":""},"categories":[2257],"tags":[3279,1132,3280,3277,3278],"class_list":["post-8384","post","type-post","status-publish","format-standard","has-post-thumbnail","hentry","category-kultur-sanat","tag-gelecege-miras-projesi","tag-kultur-ve-turizm-bakanligi","tag-smyrna-agorasi-kuzey-cadde","tag-smyrna-antik-kenti","tag-suleyman-dugumu"],"_links":{"self":[{"href":"https:\/\/www.trabzonmanset.com\/index.php\/wp-json\/wp\/v2\/posts\/8384","targetHints":{"allow":["GET"]}}],"collection":[{"href":"https:\/\/www.trabzonmanset.com\/index.php\/wp-json\/wp\/v2\/posts"}],"about":[{"href":"https:\/\/www.trabzonmanset.com\/index.php\/wp-json\/wp\/v2\/types\/post"}],"author":[{"embeddable":true,"href":"https:\/\/www.trabzonmanset.com\/index.php\/wp-json\/wp\/v2\/users\/1"}],"replies":[{"embeddable":true,"href":"https:\/\/www.trabzonmanset.com\/index.php\/wp-json\/wp\/v2\/comments?post=8384"}],"version-history":[{"count":1,"href":"https:\/\/www.trabzonmanset.com\/index.php\/wp-json\/wp\/v2\/posts\/8384\/revisions"}],"predecessor-version":[{"id":8387,"href":"https:\/\/www.trabzonmanset.com\/index.php\/wp-json\/wp\/v2\/posts\/8384\/revisions\/8387"}],"wp:featuredmedia":[{"embeddable":true,"href":"https:\/\/www.trabzonmanset.com\/index.php\/wp-json\/wp\/v2\/media\/8386"}],"wp:attachment":[{"href":"https:\/\/www.trabzonmanset.com\/index.php\/wp-json\/wp\/v2\/media?parent=8384"}],"wp:term":[{"taxonomy":"category","embeddable":true,"href":"https:\/\/www.trabzonmanset.com\/index.php\/wp-json\/wp\/v2\/categories?post=8384"},{"taxonomy":"post_tag","embeddable":true,"href":"https:\/\/www.trabzonmanset.com\/index.php\/wp-json\/wp\/v2\/tags?post=8384"}],"curies":[{"name":"wp","href":"https:\/\/api.w.org\/{rel}","templated":true}]}}