{"id":8363,"date":"2026-01-05T20:25:00","date_gmt":"2026-01-05T17:25:00","guid":{"rendered":"https:\/\/www.trabzonmanset.com\/?p=8363"},"modified":"2026-01-05T22:28:10","modified_gmt":"2026-01-05T19:28:10","slug":"cumhurbaskani-erdogan-uluslararasi-hukuku-ihlal-eden-hicbir-eylemi-tasvip-etmeyiz","status":"publish","type":"post","link":"https:\/\/www.trabzonmanset.com\/index.php\/2026\/01\/05\/cumhurbaskani-erdogan-uluslararasi-hukuku-ihlal-eden-hicbir-eylemi-tasvip-etmeyiz\/","title":{"rendered":"Cumhurba\u015fkan\u0131 Erdo\u011fan: Uluslararas\u0131 hukuku ihlal eden hi\u00e7bir eylemi tasvip etmeyiz"},"content":{"rendered":"\n<p>Cumhurba\u015fkan\u0131 Erdo\u011fan, &#8220;Uluslararas\u0131 hukuku ihlal eden hi\u00e7bir eylemi tasvip etmeyiz. Hem T\u00fcrkiye hem dost Venezuela halk\u0131 i\u00e7in en iyisi neyse onu yapman\u0131n gayretindeyiz.&#8221; dedi.<\/p>\n\n\n\n<p>Cumhurba\u015fkan\u0131 Recep Tayyip Erdo\u011fan, Cumhurba\u015fkanl\u0131\u011f\u0131 K\u00fclliyesi&#8217;ndeki Kabine Toplant\u0131s\u0131&#8217;n\u0131n ard\u0131ndan millete seslendi.<\/p>\n\n\n\n<p>D\u00fcnyada, b\u00f6lgede, \u00fclkede \u00f6nemli geli\u015fmelerin ya\u015fand\u0131\u011f\u0131 bir seneyi daha geride b\u0131rak\u0131p, b\u00fcy\u00fck umutlarla 2026 y\u0131l\u0131n\u0131 kar\u015f\u0131lad\u0131klar\u0131n\u0131 kaydeden Erdo\u011fan, yeni y\u0131l\u0131n \u00fclkeye ve millete, ba\u015fta mazlumlar olmak \u00fczere t\u00fcm insanl\u0131\u011fa hay\u0131rlar getirmesini diledi.<\/p>\n\n\n\n<p>2025 y\u0131l\u0131 boyunca T\u00fcrkiye&#8217;nin b\u00fcy\u00fcmesi, kalk\u0131nmas\u0131 ve hedeflerine daha da yakla\u015fmas\u0131 i\u00e7in ter d\u00f6ken herkese te\u015fekk\u00fcr eden Erdo\u011fan, &#8220;Devletimizin bekas\u0131n\u0131 ve insan\u0131m\u0131z\u0131n huzurunu temin u\u011frunda can veren kahraman \u015fehitlerimizi rahmetle yad ediyor, gazilerimize minnettarl\u0131\u011f\u0131m\u0131 ifade ediyorum. \u00d6zellikle ge\u00e7en hafta DEA\u015e&#8217;l\u0131 ter\u00f6ristlerin hayattan kopard\u0131\u011f\u0131 3 emniyet mensubumuza bir kez daha y\u00fcce Allah&#8217;tan rahmet niyaz ediyorum. \u015eehitlerimizin her biri metanet abidesi olan muhterem ailelerine, \u00fclkem ve milletim ad\u0131na \u015f\u00fckranlar\u0131m\u0131 sunuyorum.&#8221; diye konu\u015ftu.<\/p>\n\n\n\n<p>Cumhurba\u015fkan\u0131 Erdo\u011fan, T\u00fcrk milleti olarak 86 milyon insan\u0131 ve yurt d\u0131\u015f\u0131ndaki 7 milyonu a\u015fk\u0131n vatanda\u015f\u0131yla b\u00fcy\u00fck bir aile olduklar\u0131n\u0131 belirtti.<\/p>\n\n\n\n<figure class=\"wp-block-image size-full\"><img loading=\"lazy\" decoding=\"async\" width=\"750\" height=\"554\" src=\"https:\/\/www.trabzonmanset.com\/wp-content\/uploads\/2026\/01\/2025_06_20260105_2_72359077_120858994zzz.jpg?wsr\" alt=\"\" class=\"wp-image-8364\" srcset=\"https:\/\/www.trabzonmanset.com\/wp-content\/uploads\/2026\/01\/2025_06_20260105_2_72359077_120858994zzz.jpg 750w, https:\/\/www.trabzonmanset.com\/wp-content\/uploads\/2026\/01\/2025_06_20260105_2_72359077_120858994zzz-300x222.jpg 300w\" sizes=\"auto, (max-width: 750px) 100vw, 750px\" \/><\/figure>\n\n\n\n<p>&#8220;Ankara&#8217;daki, Ad\u0131yaman&#8217;daki, Diyarbak\u0131r, Bursa, Trabzon, Tekirda\u011f&#8217;daki ve di\u011fer t\u00fcm vilayetlerdeki vatanda\u015flar\u0131m neyse, d\u00fcnyan\u0131n farkl\u0131 k\u00f6\u015felerinde hayat, haysiyet, helal r\u0131z\u0131k m\u00fccadelesi veren milyonlarca karde\u015fimiz de can\u0131m\u0131zdan bir par\u00e7ad\u0131r&#8221; diyen Erdo\u011fan, s\u00f6zlerini \u015f\u00f6yle s\u00fcrd\u00fcrd\u00fc:<\/p>\n\n\n\n<p>&#8220;Hangi siyasi g\u00f6r\u00fc\u015ften, k\u00f6kenden mezhep ve me\u015frepten olursak olal\u0131m hepimiz \u015fehit kanlar\u0131yla sulanm\u0131\u015f bu cennet vatan\u0131n sevdal\u0131lar\u0131y\u0131z. 86 milyon olarak karde\u015fiz, kaderda\u015f\u0131z, ezelden ebede biriz ve beraberiz. 27 Aral\u0131k&#8217;ta vefat\u0131n\u0131n 89. seneidevriyesinde bir kez daha rahmetle and\u0131\u011f\u0131m\u0131z \u0130stiklal Mar\u015f\u0131 \u015eairimiz Mehmet Akif&#8217;in Safahat&#8217;\u0131ndan s\u00fcz\u00fclen \u015fu m\u0131sralar bizim pusulam\u0131zd\u0131r. Bak\u0131n\u0131z, ne diyor o b\u00fcy\u00fck \u015fair: &#8216;Girmeden tefrika bir millete d\u00fc\u015fman giremez, toplu vurduk\u00e7a y\u00fcrekler onu top sindiremez&#8217;. \u0130\u015fte bu \u015fuurla tefrikay\u0131, fitneyi, bozgunculu\u011fu kap\u0131m\u0131za yakla\u015ft\u0131rmadan ebedi ve ezeli karde\u015fli\u011fimize hep birlikte s\u0131k\u0131 s\u0131k\u0131ya sar\u0131lmam\u0131z gerekiyor. Elbette bunu s\u00f6ylerken \u015funu da akl\u0131m\u0131zdan \u00e7\u0131karm\u0131yoruz. Bir da\u011f ne kadar uluysa ba\u015f\u0131ndaki duman da o derece koyu olur. Bizi de ay\u0131rmak isteyenler, aram\u0131za nifak sokmak isteyenler, bizi birbirimize d\u00fc\u015f\u00fcrmek isteyenler daima olmu\u015ftur ve olacakt\u0131r. B\u00f6lgemizde kan deryas\u0131na \u00e7evirmek i\u00e7in t\u00fcrl\u00fc tuzaklar kuranlar her \u015feyden \u00f6nce bizi denklem d\u0131\u015f\u0131na itmeye \u00e7al\u0131\u015facakt\u0131r ama biz bu oyunlara in\u015fallah gelmeyece\u011fiz.&#8221;<\/p>\n\n\n\n<h3 class=\"wp-block-heading\">&#8220;Ayr\u0131l\u0131klar\u0131m\u0131z\u0131 bir tarafa b\u0131rak\u0131p birbirimize daha s\u0131k\u0131 kenetlenece\u011fiz&#8221;<\/h3>\n\n\n\n<p>Erdo\u011fan, merhum Akif&#8217;in, &#8220;\u0130ttihat ya\u015fat\u0131r, y\u00fckseltir tefrika yakar \u00f6ld\u00fcr\u00fcr&#8221; ikaz\u0131n\u0131 her zaman zihinlerinin bir k\u00f6\u015fesinde tutacaklar\u0131n\u0131 dile getirdi.<\/p>\n\n\n\n<p>&#8220;S\u00f6z konusu T\u00fcrkiye olunca, T\u00fcrkiye&#8217;nin huzuru, g\u00fcvenli\u011fi, bekas\u0131 olunca ayr\u0131l\u0131klar\u0131m\u0131z\u0131 bir tarafa b\u0131rak\u0131p birbirimize daha s\u0131k\u0131 kenetlenece\u011fiz. 86 milyon hep beraber y\u0131k\u0131lmaz, a\u015f\u0131lmaz, sars\u0131lmaz bir duvar olaca\u011f\u0131z&#8221; ifadesini kullanan Erdo\u011fan, \u015funlar\u0131 kaydetti:<\/p>\n\n\n\n<p>&#8220;Mehmet Akif&#8217;in, Kastamonu&#8217;da Nasrullah Camisi&#8217;nde verdi\u011fi vaaz\u0131n bir b\u00f6l\u00fcm\u00fcn\u00fc, \u00f6zellikle bizleri ekranlar\u0131 ba\u015f\u0131nda izleyen gen\u00e7 arkada\u015flar\u0131m\u0131n dikkatine getirmekte fayda g\u00f6r\u00fcyorum. Milli M\u00fccadele&#8217;nin en sanc\u0131l\u0131 g\u00fcnlerinde merhum Akif, \u015f\u00f6yle sesleniyordu: &#8216;Milletler topla t\u00fcfekle, z\u0131rhl\u0131 ile ordularla, tayyarelerle y\u0131k\u0131lmaz. Milletler ancak aralar\u0131ndaki rab\u0131talar \u00e7\u00f6z\u00fclerek, kendi ba\u015f\u0131n\u0131n derdine, kendi havas\u0131na, kendi menfaatini temin etme kayg\u0131s\u0131na d\u00fc\u015ft\u00fc\u011f\u00fcnde y\u0131k\u0131l\u0131r. D\u00fc\u015fmanlar\u0131m\u0131z\u0131n bug\u00fcn bizden istedikleri ne falan vilayet, ne filan sancakt\u0131r, do\u011frudan do\u011fruya ba\u015f\u0131m\u0131zd\u0131r, devletimizdir&#8217;. Evet, bug\u00fcn de boylar\u0131na poslar\u0131na bakmadan, son derece kibirli bir eda ile T\u00fcrkiye&#8217;ye parmak sallayanlar\u0131n bizden istedi\u011fi, devletimizdir, vatan\u0131m\u0131zd\u0131r, b\u00fcy\u00fck ve g\u00fc\u00e7l\u00fc T\u00fcrkiye idealimizin kuvveden fiile \u00e7\u0131kmas\u0131n\u0131 engellemektir. Bir defa, aziz milletimin \u015funu bilmesini isterim, her kim ne ad\u0131na olursa olsun, milli mutabakat ruhuna zarar verecek bir tav\u0131r i\u00e7indeyse, T\u00fcrkiye&#8217;nin rakiplerine hizmet ediyor demektir. Her kim, ortak de\u011ferlerimizi hedef al\u0131yor, aram\u0131zdaki rab\u0131tay\u0131 zay\u0131flatmaya \u00e7al\u0131\u015f\u0131yorsa, T\u00fcrk milletinin dostu de\u011fil, yeminli bir hasm\u0131d\u0131r. T\u00fcrk ve T\u00fcrkiye d\u00fc\u015fmanlar\u0131n\u0131n i\u015fte bu sinsi tuzaklar\u0131na d\u00fc\u015fmeyece\u011fiz. \u0130\u00e7 cephemizi sa\u011flam tutacak, g\u00fc\u00e7lendirecek, orada gedik a\u00e7mak i\u00e7in f\u0131rsat kollayanlara kar\u015f\u0131 daima uyan\u0131k olaca\u011f\u0131z.&#8221;<\/p>\n\n\n\n<figure class=\"wp-block-image\"><img decoding=\"async\" src=\"https:\/\/www.aa.com.tr\/uploads\/userFiles\/ff7c844b-c626-46a5-aafd-41e9da639227\/2025%2F06%2F20260105_2_72359077_120858995.jpg\" alt=\"\"\/><\/figure>\n\n\n\n<h3 class=\"wp-block-heading\">&#8220;Ter\u00f6r musibetinden kurtulma noktas\u0131nda \u00f6nemli bir f\u0131rsat yakalad\u0131k&#8221;<\/h3>\n\n\n\n<p>Erdo\u011fan, on y\u0131llard\u0131r farkl\u0131 bi\u00e7imleriyle m\u00fccadele edilen ter\u00f6r belas\u0131n\u0131n, T\u00fcrkiye&#8217;nin aya\u011f\u0131na vurulmu\u015f emperyalist bir pranga oldu\u011funa dikkati \u00e7ekerek, &#8220;DEA\u015e&#8217;\u0131ndan FET\u00d6&#8217;s\u00fcne, DHKP-C&#8217;sinden PKK&#8217;s\u0131na gayrime\u015fru yap\u0131lar\u0131n hepsi birer aparat olarak bu ama\u00e7la kullan\u0131lm\u0131\u015ft\u0131r.&#8221; s\u00f6zlerini sarf etti.<\/p>\n\n\n\n<p>Cumhurba\u015fkan\u0131 Erdo\u011fan, \u015f\u00f6yle devam etti:<\/p>\n\n\n\n<p>&#8220;Kahraman g\u00fcvenlik kuvvetlerimizin destans\u0131 m\u00fccadelesi, savunma sanayimizdeki at\u0131l\u0131mlar\u0131m\u0131z\u0131n \u00fclkemize sa\u011flad\u0131\u011f\u0131 yetenekler, hak ve \u00f6zg\u00fcrl\u00fckler alan\u0131nda hayata ge\u00e7irdi\u011fimiz tarihi reformlar ve milletimizin engin basireti sayesinde ter\u00f6r musibetinden ebediyen kurtulma noktas\u0131nda \u00f6nemli bir f\u0131rsat yakalad\u0131k. \u00dclkemizin \u00f6n\u00fcnde aralanan f\u0131rsat penceresini ard\u0131na kadar a\u00e7acak bu imkan\u0131n sabote edilmesine izin vermeyece\u011fiz. &#8216;Ter\u00f6rs\u00fcz T\u00fcrkiye&#8217; s\u00fcrecini kararl\u0131l\u0131kla devam ettirerek, 40 senedir \u00fclkemizin enerjisini ve kaynaklar\u0131n\u0131 s\u00f6m\u00fcren ter\u00f6r sorununu k\u00f6kten \u00e7\u00f6zece\u011fiz. \u0130n\u015fallah bunu da suhuletle, sab\u0131rla, sa\u011fduyuyla yapaca\u011f\u0131z. Ter\u00f6r\u00fcn karanl\u0131k g\u00f6lgesinin olmad\u0131\u011f\u0131 bir \u00fclkede ve b\u00f6lgede ya\u015faman\u0131n getirece\u011fi b\u00fcy\u00fck kazan\u0131mlara odaklanarak bu hedefimize ula\u015faca\u011f\u0131z.&#8221;<\/p>\n\n\n\n<h3 class=\"wp-block-heading\">&#8220;T\u00fcrkiye Cumhuriyeti&#8217;ni t\u00fcm d\u00fcnyada \u015fanla, \u015ferefle, iftiharla temsil etmenin m\u00fccadelesi i\u00e7indeyiz&#8221;<\/h3>\n\n\n\n<p>2026 y\u0131l\u0131n\u0131n ilk kabine toplant\u0131s\u0131n\u0131 biraz \u00f6nce ger\u00e7ekle\u015ftirdiklerini belirten Erdo\u011fan, g\u00fcvenlik, d\u0131\u015f politika, ekonomi ve sosyal politikalar ba\u015fta olmak \u00fczere bir\u00e7ok kritik meseleyi etrafl\u0131ca de\u011ferlendirdiklerini, milletin hayr\u0131na olacak \u00f6nemli kararlar ald\u0131klar\u0131n\u0131 ifade etti.<\/p>\n\n\n\n<p>Son \u00fc\u00e7 haftada millete hizmet yolunda neler yap\u0131ld\u0131\u011f\u0131n\u0131 payla\u015fan Erdo\u011fan, 16 Aral\u0131k&#8217;ta bar\u0131\u015f, istikrar ve refah \u00fcreten d\u0131\u015f politika temas\u0131yla d\u00fczenlenen 16. B\u00fcy\u00fckel\u00e7iler Konferans\u0131&#8217;nda d\u00fcnyan\u0131n d\u00f6rt bir yan\u0131nda devleti ba\u015far\u0131yla temsil eden b\u00fcy\u00fckel\u00e7ilerle bir araya geldiklerini s\u00f6yledi.<\/p>\n\n\n\n<p>Erdo\u011fan, belirsizli\u011fin artt\u0131\u011f\u0131, \u00e7\u0131kar kavgas\u0131n\u0131n k\u0131z\u0131\u015ft\u0131\u011f\u0131 mevcut k\u00fcresel konjonkt\u00fcrde hem diplomatik zeminde hem de di\u011fer alanlarda g\u00fc\u00e7l\u00fc bir varl\u0131k g\u00f6sterdiklerini, hi\u00e7 \u00e7ekinmeden, e\u011filmeden, b\u00fck\u00fclmeden, hi\u00e7 kimseye minnet etmeden \u00fclkenin hak ve hukukunu her platformda cesaretle savunduklar\u0131n\u0131 vurgulad\u0131.<\/p>\n\n\n\n<figure class=\"wp-block-image\"><img decoding=\"async\" src=\"https:\/\/www.aa.com.tr\/uploads\/userFiles\/ff7c844b-c626-46a5-aafd-41e9da639227\/2025%2F06%2F20260105_2_72359077_120858996.jpg\" alt=\"\"\/><\/figure>\n\n\n\n<p>Cumhurba\u015fkan\u0131 Erdo\u011fan, \u015f\u00f6yle devam etti:<\/p>\n\n\n\n<p>&#8220;Ana muhalefetin ba\u015f\u0131ndaki zat gibi yabanc\u0131lardan be\u015f dakikac\u0131k ilgi dilenmiyor, muhataplar\u0131m\u0131za be\u015f dakikal\u0131k bir g\u00f6r\u00fc\u015fme i\u00e7in yalvarm\u0131yoruz. B\u00fcy\u00fck bir milletin ve b\u00fcy\u00fck bir devletin mensubu oldu\u011fumuzun bilinciyle her yerde dik duruyor ama diklenmiyoruz. Biz ne kuru hamaset, ne ucuz polemik pe\u015findeyiz. Ne de rol kapma, rol \u00e7alma derdindeyiz. Biz, T\u00fcrkiye Cumhuriyeti&#8217;ni t\u00fcm d\u00fcnyada \u015fanla, \u015ferefle, iftiharla temsil etmenin m\u00fccadelesi i\u00e7indeyiz. T\u00fcrkiye, her alanda d\u00fcnyan\u0131n dikkatle, takdirle, \u00e7o\u011fu zaman g\u0131ptayla ve hayranl\u0131kla takip etti\u011fi bir at\u0131l\u0131m ger\u00e7ekle\u015ftiriyor. Bunun \u00f6n\u00fcn\u00fc kimse kesemeyecek. Uzak olmayan bir gelecekte in\u015fallah daha g\u00fc\u00e7l\u00fc, daha m\u00fcreffeh, hemen her alanda daha itibarl\u0131 bir \u00fclkede hep beraber ya\u015fayaca\u011f\u0131z.<\/p>\n\n\n\n<p>T\u00fcrkiye, d\u00fcnyan\u0131n her taraf\u0131nda adaleti, me\u015fruiyeti ve uluslararas\u0131 hukuku savunan \u00fclkelerin en ba\u015f\u0131ndad\u0131r. Gazze&#8217;den Suriye&#8217;ye, nerede bir haks\u0131zl\u0131k, hukuksuzluk ve zul\u00fcm varsa tavr\u0131m\u0131z\u0131 \u00e7ok net bi\u00e7imde ortaya koyduk. \u0130lkelerimiz s\u00f6z konusu olunca komplekse kap\u0131lmay\u0131z. Bu hakikati ana muhalefetin ba\u015f\u0131ndaki zat bilmese de Afrika&#8217;dan Latin Amerika&#8217;ya dostlar\u0131m\u0131z ve karde\u015flerimiz gayet iyi bilmektedir. Ana muhalefet partisi genel ba\u015fkan\u0131, i\u00e7 siyasette oldu\u011fu gibi d\u0131\u015f politikada da \u00fc\u00e7\u00fcnc\u00fc s\u0131n\u0131f bir pop\u00fclizm yapmaktad\u0131r. Bu zat\u0131n ne dedi\u011fi, neyi savundu\u011fu bile belli de\u011fildir.&#8221;<\/p>\n\n\n\n<h3 class=\"wp-block-heading\">&#8220;Tek bildikleri h\u00fck\u00fcmetimize kar\u015f\u0131 \u00e7\u0131kmak, bizim ak dedi\u011fimize kara demek&#8221;<\/h3>\n\n\n\n<p>Son y\u0131llarda b\u00f6lgede cereyan eden hadiseleri ve bunlara kar\u015f\u0131 CHP&#8217;nin yakla\u015f\u0131m\u0131n\u0131n g\u00f6zden ge\u00e7irilmesini isteyen Erdo\u011fan, CHP Genel Ba\u015fkan\u0131&#8217;n\u0131n isabetli tek bir \u00f6ng\u00f6r\u00fcs\u00fcn\u00fcn bulunamayaca\u011f\u0131n\u0131 s\u00f6yledi.<\/p>\n\n\n\n<p>Muhalefetin ne Karadeniz&#8217;de ne Do\u011fu Akdeniz&#8217;de ne Gazze soyk\u0131r\u0131m\u0131nda ne Libya ne de Suriye konusunda tutarl\u0131, vicdanl\u0131, omurgal\u0131 hi\u00e7bir duru\u015funun olmad\u0131\u011f\u0131n\u0131 dile getiren Erdo\u011fan, \u015f\u00f6yle konu\u015ftu:<\/p>\n\n\n\n<p>&#8220;Tek bildikleri h\u00fck\u00fcmetimize kar\u015f\u0131 \u00e7\u0131kmak, bizim ak dedi\u011fimize kara, do\u011fru dedi\u011fimize yanl\u0131\u015f demek. Rusya-Ukrayna krizinin ilk g\u00fcnlerinde \u015fimdi kar\u015f\u0131lar\u0131nda s\u00fckl\u00fcm p\u00fckl\u00fcm olduklar\u0131 g\u00fc\u00e7 odaklar\u0131n\u0131n i\u015faretiyle h\u00fck\u00fcmetimizi ele\u015ftirenler bunlard\u0131. Suriye&#8217;nin devrik lideri \u00fclkesinden ka\u00e7arken &#8216;Esad&#8217;la g\u00f6r\u00fc\u015f\u00fclmeli&#8217; diyenler bunlard\u0131. Karaba\u011f&#8217;\u0131n 44 g\u00fcnl\u00fck vatan muharebesinde Ermeni diasporas\u0131yla s\u00f6z birli\u011fi i\u00e7inde can Azerbaycan&#8217;\u0131 desteklememize kar\u015f\u0131 \u00e7\u0131kanlar bunlard\u0131. Gazze soyk\u0131r\u0131m\u0131nda Filistin direni\u015fine ter\u00f6r yaftas\u0131 vuranlar bunlard\u0131. Y\u0131llarca T\u00fcrkiye&#8217;yi DEA\u015e&#8217;a destek vermekle su\u00e7layanlar bunlard\u0131. Avrupa&#8217;ya T\u00fcrkiye&#8217;yi \u015fikayet turlar\u0131 d\u00fczenleyenler bunlard\u0131. Kendi \u00fclkelerine m\u00fcdahaleyi savunanlar\u0131 tebrik s\u0131ras\u0131na girenler bunlard\u0131. D\u0131\u015f politikada omurga nedir, ilke nedir, milli menfaat nedir bilmeyenler yine bunlard\u0131. Bug\u00fcn bize ahkam kesen ana muhalefet y\u00f6neticileriydi. \u015eimdi \u00e7\u0131km\u0131\u015flar ak\u0131llar\u0131nca bizi s\u0131k\u0131\u015ft\u0131rmaya \u00e7al\u0131\u015f\u0131yorlar. Kimse kusura bakmas\u0131n ama bunun ad\u0131 y\u00fczs\u00fczl\u00fckt\u00fcr.&#8221;<\/p>\n\n\n\n<figure class=\"wp-block-image\"><img decoding=\"async\" src=\"https:\/\/www.aa.com.tr\/uploads\/userFiles\/ff7c844b-c626-46a5-aafd-41e9da639227\/2025%2F06%2F20260105_2_72359077_120858999.jpg\" alt=\"\"\/><\/figure>\n\n\n\n<h3 class=\"wp-block-heading\">&#8220;Uluslararas\u0131 hukuku ihlal eden hi\u00e7bir eylemi tasvip etmeyiz&#8221;<\/h3>\n\n\n\n<p>Muhalefetin &#8220;iktidar y\u0131prans\u0131n da T\u00fcrkiye&#8217;ye ne olursa olsun&#8221; mant\u0131\u011f\u0131yla hareket edemeyece\u011finin, b\u00f6yle bir sorumsuzlu\u011fun i\u00e7inde olamayaca\u011f\u0131n\u0131n alt\u0131n\u0131 \u00e7izen Erdo\u011fan, s\u00f6zlerini \u015f\u00f6yle s\u00fcrd\u00fcrd\u00fc:<\/p>\n\n\n\n<p>&#8220;Dahas\u0131 bu kadar basiretsizlikten sonra b\u0131rak\u0131n ana muhalefetin bize laf s\u00f6ylemesini, bu konularda a\u011f\u0131zlar\u0131n\u0131 dahi a\u00e7mamas\u0131 gerekir. \u015euras\u0131 da \u00e7ok enteresan. \u00dclkemizden 11 bin kilometre \u00f6tede T\u00fcrkiye ile yak\u0131n dostluk ili\u015fkisi olan bir \u00fclkede m\u00fcessif bir hadise ya\u015fan\u0131yor. CHP Genel Ba\u015fkan\u0131&#8217;n\u0131n akl\u0131na ilk gelen bize sald\u0131rmak, bize sata\u015fmak oluyor. \u00c7e\u015fitli foto\u011fraflar \u00fczerinden bize mesaj vermek oluyor. Allah a\u015fk\u0131na, bu patolojik bir ruh halinin i\u015fareti de\u011filse nedir? Siyasette kutupla\u015fmay\u0131 bu provokatif \u00fcslupla m\u0131 azaltacaks\u0131n\u0131z? \u0130\u00e7 cephemizin tahkim edilmesine b\u00f6yle mi destek olacaks\u0131n\u0131z? D\u00fcnyan\u0131n i\u00e7inden ge\u00e7ti\u011fi bu zor d\u00f6nemde T\u00fcrkiye&#8217;nin hak ve hukukunu b\u00f6yle mi koruyacaks\u0131n\u0131z?<\/p>\n\n\n\n<p>Biz tabii ki bunlara kulak asmayacak, \u00e7irkin tahriklere gelmeyece\u011fiz. Gerekirse bin d\u00fc\u015f\u00fcn\u00fcp bir s\u00f6yleyecek, T\u00fcrkiye&#8217;nin menfaatlerini her daim koruyacak, kollayacak ve y\u00fcceltece\u011fiz. \u00c7\u00fcnk\u00fc bizim \u00fczerimizde milletin emaneti var. Bizim \u00fczerimizde 86 milyonun hakk\u0131 var, sorumlulu\u011fu var. Bizim omuzlar\u0131m\u0131zda umutlar\u0131n\u0131 b\u00fcy\u00fck ve g\u00fc\u00e7l\u00fc T\u00fcrkiye&#8217;ye ba\u011flam\u0131\u015f y\u00fcz milyonlar\u0131n mesuliyeti var. Hep s\u00f6yl\u00fcyorum, bizim s\u0131rt\u0131m\u0131zda yumurta k\u00fcfesi var. Biz i\u00e7 politikay\u0131 da d\u0131\u015f politikay\u0131 da ilkelerle yapan, ak\u0131lla ve vicdanla yapan bir h\u00fck\u00fcmetiz. B\u00f6yle bir kadroyuz. D\u00fcnyan\u0131n neresinde olursa olsun siyasi me\u015fruiyeti ve uluslararas\u0131 hukuku ihlal eden hi\u00e7bir eylemi tasvip etmeyiz. Venezuela meselesinde de hem T\u00fcrkiye i\u00e7in hem dost Venezuela halk\u0131 i\u00e7in en iyisi, en do\u011frusu neyse onu yapman\u0131n gayretindeyiz.&#8221;<\/p>\n\n\n\n<p>&#8220;Say\u0131n Maduro ve Venezuela halk\u0131 milletin dostu oldu\u011funu pek \u00e7ok kez g\u00f6stermi\u015ftir.&#8221; ifadelerini kullanan Cumhurba\u015fkan\u0131 Erdo\u011fan, iki dost \u00fclke olarak zor g\u00fcnlerde dayan\u0131\u015fma i\u00e7inde olmaya \u00f6nem ve \u00f6ncelik verdiklerini bug\u00fcn de ayn\u0131 anlay\u0131\u015fla hareket ettiklerini kaydetti.<\/p>\n\n\n\n<figure class=\"wp-block-image\"><img decoding=\"async\" src=\"https:\/\/www.aa.com.tr\/uploads\/userFiles\/ff7c844b-c626-46a5-aafd-41e9da639227\/2025%2F06%2F20260105_2_72359077_120858997.jpg\" alt=\"\"\/><\/figure>\n\n\n\n<h3 class=\"wp-block-heading\">&#8220;T\u00fcrkiye olarak ne b\u00f6lgemizde ne ba\u015fka co\u011frafyalarda kaos, karga\u015fa ve gerilim olmas\u0131n\u0131 asla istemeyiz&#8221;<\/h3>\n\n\n\n<p>&#8220;\u015euras\u0131 bir ger\u00e7ek ki \u00fclkelerin egemenlik haklar\u0131n\u0131n ihlal edilmesi ve uluslararas\u0131 hukukun \u00e7i\u011fnenmesi k\u00fcresel d\u00fczeyde ciddi komplikasyonlara yol a\u00e7abilecek riskli ad\u0131mlard\u0131r.&#8221; diyen Erdo\u011fan, konu\u015fmas\u0131n\u0131 \u015f\u00f6yle s\u00fcrd\u00fcrd\u00fc:<\/p>\n\n\n\n<p>&#8220;Hukukun g\u00fcc\u00fc yerine, g\u00fcc\u00fcn hukukunun egemen oldu\u011fu bir d\u00fcnyada istikrars\u0131zl\u0131k, kriz, \u00e7at\u0131\u015fma eksik olmaz. Biz T\u00fcrkiye olarak ne b\u00f6lgemizde ne ba\u015fka co\u011frafyalarda kaos, karga\u015fa ve gerilim olmas\u0131n\u0131 asla istemeyiz. Kurallara dayal\u0131 uluslararas\u0131 sistemin korunmas\u0131 bu bak\u0131mdan \u00f6nemlidir. Bug\u00fcnk\u00fc kabine toplant\u0131m\u0131zda ilgili birimlerimizin derledi\u011fi g\u00fcncel bilgiler \u0131\u015f\u0131\u011f\u0131nda Venezuela vakas\u0131n\u0131 enine boyuna de\u011ferlendirdik. Amerika Ba\u015fkan\u0131 Say\u0131n Trump ile telefon g\u00f6r\u00fc\u015fmemizde de \u00fclkemizin hassasiyetlerini kendisine ilettik. Venezuela&#8217;n\u0131n istikrars\u0131zl\u0131\u011fa s\u00fcr\u00fcklenmemesi gerekti\u011finin alt\u0131n\u0131 \u00e7izdik. T\u00fcrkiye ve T\u00fcrk milleti refah, huzur, kalk\u0131nma m\u00fccadelelerinde dost Venezuela halk\u0131n\u0131n yan\u0131nda olmaya devam edecektir.&#8221;<\/p>\n\n\n\n<h3 class=\"wp-block-heading\">&#8220;Yeni deniz platformlar\u0131m\u0131z hay\u0131rl\u0131 u\u011furlu olsun&#8221;<\/h3>\n\n\n\n<p>Erdo\u011fan, Cumhurba\u015fkanl\u0131\u011f\u0131 K\u00fclt\u00fcr ve Sanat B\u00fcy\u00fck \u00d6d\u00fclleri&#8217;nin 18 Aral\u0131k&#8217;ta Cumhurba\u015fkanl\u0131\u011f\u0131 K\u00fclliyesi&#8217;nde d\u00fczenlenen t\u00f6renle sahiplerine verildi\u011fini an\u0131msatarak, arkeoloji, bilim-k\u00fclt\u00fcr, m\u00fczik, resim ve foto\u011fraf dallar\u0131nda \u00f6d\u00fcle lay\u0131k g\u00f6r\u00fclen ilim ve sanat erbab\u0131n\u0131 tebrik edip ba\u015far\u0131lar diledi.<\/p>\n\n\n\n<p>\u0130stanbul Tersanesi Komutanl\u0131\u011f\u0131&#8217;nda 20 Aral\u0131k&#8217;ta T\u00fcrk donanmas\u0131 ve T\u00fcrk tersanecili\u011finin gurur g\u00fcnlerinden birine daha tan\u0131kl\u0131k ettiklerini belirten Erdo\u011fan, \u015funlar\u0131 s\u00f6yledi:<\/p>\n\n\n\n<p>&#8220;Havadan ba\u011f\u0131ms\u0131z tahrik sistemi ve geli\u015fmi\u015f sonar teknolojisi ile \u00f6ne \u00e7\u0131kan TCG H\u0131z\u0131rreis denizalt\u0131m\u0131z\u0131 ve yeni tip \u00e7\u0131karma gemimiz \u00c7-159&#8217;u donanmam\u0131z\u0131n hizmetine verdik. Kendi m\u00fchendislerimizin geli\u015ftirdi\u011fi y\u00fczde 90 yerlilik oran\u0131na sahip marin motorlu, ULAQ silahl\u0131 insans\u0131z deniz arac\u0131m\u0131z\u0131 Deniz Kuvvetlerimizin filosuna dahil ettik. &#8216;Mavi Vatan&#8217;daki cayd\u0131r\u0131c\u0131l\u0131\u011f\u0131m\u0131za \u00f6nemli katk\u0131lar yapacak a\u00e7\u0131k deniz karakol gemimiz Seferihisar&#8217;\u0131n ise ilk sac kesimini ger\u00e7ekle\u015ftirdik. Ayn\u0131 t\u00f6rende, Pakistan ile olan M\u0130LGEM s\u00f6zle\u015fmeleri kapsam\u0131ndaki ikinci gemi PNS Khaibar&#8217;i Pakistan heyetine teslim ettik. Donanmam\u0131z\u0131n g\u00fcc\u00fcne g\u00fc\u00e7 katacak yeni deniz platformlar\u0131m\u0131z bir kez daha hay\u0131rl\u0131 u\u011furlu olsun diyorum.&#8221;<\/p>\n\n\n\n<h3 class=\"wp-block-heading\">&#8220;T\u00fcrk diasporas\u0131n\u0131n her bir mensubu bu vatan\u0131n, bu milletin g\u00f6zbebe\u011fidir&#8221;<\/h3>\n\n\n\n<p>Cumhurba\u015fkan\u0131 Erdo\u011fan, 20 Aral\u0131k&#8217;ta T\u00dcBA Bilim \u00d6d\u00fclleri&#8217;ni 38 bilim insan\u0131na, T\u00dcB\u0130TAK \u00d6d\u00fclleri&#8217;ni ise 8 farkl\u0131 \u00fcniversiteden 11 akademisyene tevcih ettiklerini hat\u0131rlatt\u0131.<\/p>\n\n\n\n<p>Avrupa&#8217;n\u0131n en b\u00fcy\u00fck sivil toplum kurulu\u015flar\u0131ndan Uluslararas\u0131 Demokratlar Birli\u011finin \u00fcyelerini 25 Aral\u0131k&#8217;ta Cumhurba\u015fkanl\u0131\u011f\u0131 K\u00fclliyesi&#8217;nde a\u011f\u0131rlad\u0131klar\u0131n\u0131 an\u0131msatan Erdo\u011fan, &#8220;Avrupa genelindeki 253 \u015fubesiyle demokratik ve aktif kat\u0131l\u0131mdan sa\u011fl\u0131kl\u0131 entegrasyona, e\u011fitim projelerinden \u0130slam d\u00fc\u015fmanl\u0131\u011f\u0131 ile m\u00fccadeleye bir\u00e7ok alanda \u00e7al\u0131\u015fmalar y\u00fcr\u00fcten birli\u011fimize te\u015fekk\u00fcrlerimi iletiyorum. T\u00fcrk diasporas\u0131n\u0131n her bir mensubu bu vatan\u0131n, bu milletin g\u00f6zbebe\u011fidir. B\u00fcy\u00fckel\u00e7iliklerimizle, konsolosluklar\u0131m\u0131zla, Yurtd\u0131\u015f\u0131 T\u00fcrkler ve Akraba Topluluklar Ba\u015fkanl\u0131\u011f\u0131m\u0131z ve di\u011fer kurumlar\u0131m\u0131zla bu karde\u015flerimize hizmet etmeyi s\u00fcrd\u00fcrece\u011fiz.&#8221; diye konu\u015ftu.<\/p>\n\n\n\n<figure class=\"wp-block-image\"><img decoding=\"async\" src=\"https:\/\/www.aa.com.tr\/uploads\/userFiles\/ff7c844b-c626-46a5-aafd-41e9da639227\/2025%2F06%2F20260105_2_72358622_120858547.jpg\" alt=\"\"\/><\/figure>\n\n\n\n<h3 class=\"wp-block-heading\">&#8220;Hak sahiplerimizin yeni yuvalar\u0131nda a\u011f\u0131z tad\u0131yla oturmalar\u0131n\u0131 diliyorum&#8221;<\/h3>\n\n\n\n<p>Erdo\u011fan, 6 \u015eubat depremlerinin yaralar\u0131n\u0131n sar\u0131lmas\u0131n\u0131n iktidarlar\u0131n\u0131n yakla\u015f\u0131k 3 y\u0131ld\u0131r birinci \u00f6nceli\u011fi oldu\u011funu vurgulayarak, &#8220;H\u00fck\u00fcmet bu enkaz\u0131n alt\u0131nda kal\u0131r.&#8221; diyen istismarc\u0131lara meydan\u0131 terk etmediklerini dile getirdi.<\/p>\n\n\n\n<p>Asr\u0131n felaketinin \u00fcstesinden, asr\u0131n dayan\u0131\u015fmas\u0131 ve seferberli\u011fiyle gelmeyi ba\u015fard\u0131klar\u0131n\u0131 ifade eden Erdo\u011fan, \u015f\u00f6yle devam etti:<\/p>\n\n\n\n<p>&#8220;27 Aral\u0131k&#8217;ta 11 ilimizde yap\u0131m\u0131 tamamlanan 455 bininci deprem konutunun anahtarlar\u0131n\u0131 teslim etmek \u00fczere Hatay&#8217;\u0131n misafiri olduk. Hatay&#8217;\u0131m\u0131zda 55 bin 681, Kahramanmara\u015f&#8217;\u0131m\u0131zda 22 bin 81, Malatya&#8217;m\u0131zda 11 bin 367, Ad\u0131yaman&#8217;\u0131m\u0131zda 4 bin 833, Osmaniye&#8217;mizde 3 bin 357, Elaz\u0131\u011f&#8217;\u0131m\u0131zda 2 bin 568, Gaziantep&#8217;imizde 1620, \u015eanl\u0131urfa&#8217;m\u0131zda 1333, Diyarbak\u0131r&#8217;\u0131m\u0131zda 887, Adana&#8217;m\u0131zda 692, Kilis&#8217;imizde 308, Kayseri&#8217;mizde 224, Tunceli&#8217;mizde 201, Bing\u00f6l&#8217;\u00fcm\u00fczde 27 olmak \u00fczere toplam 105 bin 179 konut, k\u00f6y evi ve i\u015f yerini daha depremzede vatanda\u015flar\u0131m\u0131za teslim ettik. B\u00f6ylece milletimize verdi\u011fimiz s\u00f6zleri tutman\u0131n huzuru i\u00e7inde depremin etkiledi\u011fi 11 ilimizde toplam 455 bin 357 ba\u011f\u0131ms\u0131z b\u00f6l\u00fcm\u00fc afetzede karde\u015flerimizin kullan\u0131m\u0131na sunmu\u015f bulunuyoruz. Bizleri milletimize mahcup etmeyen Rabb&#8217;ime sonsuz hamdediyorum. Konut, k\u00f6y evi ve i\u015f yerlerimiz bir kez daha hay\u0131rl\u0131 u\u011furlu olsun. Hak sahiplerimizin yeni yuvalar\u0131nda a\u011f\u0131z tad\u0131yla oturmalar\u0131n\u0131 diliyorum.&#8221;<\/p>\n\n\n\n<p>Hatay&#8217;da ayn\u0131 zamanda toplam 200 milyar de\u011ferinde 227 yat\u0131r\u0131m\u0131n toplu a\u00e7\u0131l\u0131\u015f\u0131n\u0131 da yapt\u0131klar\u0131n\u0131 belirten Erdo\u011fan, &#8220;\u00c7evre, \u015eehircilik ve \u0130klim De\u011fi\u015fikli\u011fi Bakanl\u0131\u011f\u0131m\u0131zla birlikte t\u00fcm bakanl\u0131klar\u0131m\u0131za, kurum ve kurulu\u015flar\u0131m\u0131za, y\u00fcklenici firmalar\u0131m\u0131za, hay\u0131rseverlerimize, i\u015f\u00e7i, mimar ve m\u00fchendislerimize, herkese te\u015fekk\u00fcr ediyorum.&#8221; diye konu\u015ftu.<\/p>\n\n\n\n<p>Cumhurba\u015fkan\u0131 Erdo\u011fan, 30 Aral\u0131k&#8217;ta Somali Cumhurba\u015fkan\u0131 Hasan \u015eeyh Mahmud ve heyetini misafir ettiklerini an\u0131msatarak, &#8220;Say\u0131n Cumhurba\u015fkan\u0131&#8217;yla g\u00f6r\u00fc\u015fmemizde Somali&#8217;de hayata ge\u00e7irdi\u011fimiz Uzay Liman\u0131 Projemizde gelinen son a\u015famay\u0131 de\u011ferlendirdik. Ayr\u0131ca, filomuza yeni katt\u0131\u011f\u0131m\u0131z \u00c7a\u011fr\u0131 Bey ve Y\u0131ld\u0131r\u0131m derin deniz sondaj gemilerimizin m\u00fcjdesini payla\u015ft\u0131k. Yeni gemilerimizin de \u00fclkemize hay\u0131rl\u0131 u\u011furlu olmas\u0131n\u0131 diliyorum.&#8221; ifadelerini kulland\u0131.<\/p>\n\n\n\n<h3 class=\"wp-block-heading\">&#8220;Her iki hedefimizin de \u00fczerinde bir rakama ula\u015ft\u0131k&#8221;<\/h3>\n\n\n\n<p>Yeni y\u0131l\u0131n, ihracatta k\u0131r\u0131lan rekorlar\u0131n sevinci ile kar\u015f\u0131land\u0131\u011f\u0131n\u0131 belirten Erdo\u011fan, &#8220;Ge\u00e7en y\u0131l i\u00e7in ihracatta hedefimizi 270 milyar dolar a\u00e7\u0131klam\u0131\u015ft\u0131k. Mal ve hizmet ihracat\u0131nda ise 390 milyar dolarl\u0131k bir hedef belirlemi\u015ftik. Her iki hedefimizin de \u00fczerinde bir rakama ula\u015ft\u0131k.&#8221; ifadesini kulland\u0131.<\/p>\n\n\n\n<p>Cumhurba\u015fkan\u0131 Erdo\u011fan, 2025&#8217;in, 273,4 milyar dolarl\u0131k bir ihracat rakam\u0131yla kapat\u0131ld\u0131\u011f\u0131 hat\u0131rlatarak, b\u00f6ylece bir \u00f6nceki y\u0131la g\u00f6re ihracatta y\u00fczde 4,5 oran\u0131nda bir art\u0131\u015f kaydedildi\u011fini s\u00f6yledi.<\/p>\n\n\n\n<p>Aral\u0131k ay\u0131 ihracatta ise kas\u0131m ay\u0131na k\u0131yasla y\u00fczde 12,8 oran\u0131nda bir art\u0131\u015f oldu\u011funu, ihracat\u0131n 26 milyar 411 milyon dolara y\u00fckseldi\u011fini aktaran Erdo\u011fan, bu rakamlarla hem ayl\u0131k bazda hem de y\u0131ll\u0131k olarak Cumhuriyet tarihinin rekoruna imza at\u0131ld\u0131\u011f\u0131n\u0131 vurgulad\u0131.<\/p>\n\n\n\n<p>Erdo\u011fan, bir ba\u015fka \u00e7arp\u0131c\u0131 oran\u0131n ise hizmetler ihracat\u0131 oldu\u011funu dile getirerek, &#8220;Hizmetler ihracat\u0131m\u0131z\u0131n 123,1 milyar dolar\u0131 buldu\u011fu, b\u00f6ylece 2025 y\u0131l\u0131 mal ve hizmet ihracat\u0131m\u0131z\u0131n 396,5 milyar dolara ula\u015ft\u0131\u011f\u0131 g\u00f6r\u00fcl\u00fcyor. \u0130n\u015fallah, bu y\u0131l\u0131n sonunda ihracatta 282 milyar dolar\u0131 hedefliyoruz. Hizmetler ihracat\u0131nda ise 128 milyar dolar\u0131 yakalayarak, toplam 410 milyar dolar mal ve hizmetler ihracat\u0131na ula\u015fmay\u0131 istiyoruz. T\u00fcm ihracat\u00e7\u0131 kurulu\u015flar\u0131m\u0131z\u0131, i\u015f adamlar\u0131m\u0131z\u0131, ilgili sivil toplum \u00f6rg\u00fctlerini, ilgili bakanl\u0131klar\u0131m\u0131z\u0131 ve b\u00fcrokratlar\u0131m\u0131z\u0131 tebrik ediyorum.&#8221; diye konu\u015ftu.<\/p>\n\n\n\n<h3 class=\"wp-block-heading\">&#8220;Enflasyonu daha d\u00fc\u015f\u00fck seviyelere \u00e7ekece\u011fiz&#8221;<\/h3>\n\n\n\n<p>&#8220;2026 y\u0131l\u0131na ekonomi cephesinden gelen umut verici haberlerle giriyoruz&#8221; ifadesini kullanan Erdo\u011fan, makroekonomik istikrar ve reform program\u0131n\u0131n semeresini, ba\u015fta enflasyon olmak \u00fczere bir\u00e7ok alanda yava\u015f yava\u015f toplad\u0131klar\u0131n\u0131 aktard\u0131.<\/p>\n\n\n\n<p>Bug\u00fcn, 2025 y\u0131l\u0131na dair \u00f6nemli bir g\u00f6stergenin daha a\u00e7\u0131kland\u0131\u011f\u0131n\u0131 an\u0131msatan Erdo\u011fan, &#8220;\u0130hracatta oldu\u011fu gibi enflasyonda da son derece g\u00fczel haberler ald\u0131k. Aral\u0131k ay\u0131 t\u00fcketici fiyat endeksi y\u00fczde 0,89 oran\u0131nda ger\u00e7ekle\u015fti ve b\u00f6ylece 2025 y\u0131l\u0131 enflasyon oran\u0131 y\u00fczde 30,89 oldu. B\u00f6ylece y\u0131ll\u0131k enflasyon 49 ay\u0131n en d\u00fc\u015f\u00fck seviyesine indi. Burada da kalmayacak, enflasyonu daha d\u00fc\u015f\u00fck seviyelere \u00e7ekece\u011fiz. Enflasyon verilerinin de ekonomimiz i\u00e7in hay\u0131rlara vesile olmas\u0131n\u0131 temenni ediyorum.&#8221; s\u00f6zlerini sarf etti.<\/p>\n\n\n\n<p>Cumhurba\u015fkan\u0131 Erdo\u011fan, g\u00f6reve geldikleri ilk g\u00fcnden beri titizlikle uygulad\u0131klar\u0131, i\u015f\u00e7iyi, memuru, emekliyi, enflasyona ezdirmeme politikalar\u0131n\u0131 ayn\u0131 hassasiyetle devam ettireceklerinin alt\u0131n\u0131 \u00e7izdi.<\/p>\n\n\n\n<h3 class=\"wp-block-heading\">&#8220;Gen\u00e7 karde\u015flerimizin daima yan\u0131nda olduk&#8221;<\/h3>\n\n\n\n<p>\u00dcniversiteli gen\u00e7ler i\u00e7in bir m\u00fcjdeyi de payla\u015fan Erdo\u011fan, \u015funlar\u0131 kaydetti:<\/p>\n\n\n\n<p>&#8220;2002 y\u0131l\u0131nda 451 bin 550 \u00fcniversite \u00f6\u011frencimize yaln\u0131zca 45 lira burs ve \u00f6\u011frenim kredisi veriliyordu. Biz bu rakam\u0131 her ge\u00e7en y\u0131l katlayarak art\u0131rd\u0131k. E\u011fitim yolculuklar\u0131nda gen\u00e7 karde\u015flerimizin daima yan\u0131nda olduk. 2025 y\u0131l\u0131 i\u00e7erisinde 867 bin ki\u015fiye kredi, 651 bin ki\u015fiye burs olmak \u00fczere toplam 1 milyon 518 bin \u00fcniversite \u00f6\u011frencimize destek sunduk. Sadece ge\u00e7en sene \u00fcniversite \u00f6\u011frencilerimize sa\u011flad\u0131\u011f\u0131m\u0131z burs ve kredi deste\u011finin toplam\u0131 34 milyar 14 milyon lirad\u0131r. 2025 y\u0131l\u0131nda burs ve \u00f6\u011frenim kredisi olarak lisans \u00f6\u011frencilerimize 3 bin lira, y\u00fcksek lisansa 6 bin lira, doktoraya 9 bin lira destek sunuyorduk. 2026 y\u0131l\u0131 itibar\u0131yla, bu rakam\u0131 y\u00fczde 33 oran\u0131nda art\u0131rarak, lisans \u00f6\u011frencilerimizde 4 bin liraya, y\u00fcksek lisans \u00f6\u011frencilerimizde 8 bin liraya, doktora \u00f6\u011frencilerimizde 12 bin liraya y\u00fckseltiyoruz. Gen\u00e7lerimize ve ailelerine hay\u0131rl\u0131, u\u011furlu olsun.&#8221;<\/p>\n\n\n\n<p>Kaynak: AA<\/p>\n\n\n\n<p><\/p>\n","protected":false},"excerpt":{"rendered":"<p>Cumhurba\u015fkan\u0131 Erdo\u011fan, &#8220;Uluslararas\u0131 hukuku ihlal eden hi\u00e7bir eylemi tasvip etmeyiz. Hem T\u00fcrkiye hem dost Venezuela halk\u0131 i\u00e7in en iyisi neyse onu yapman\u0131n gayretindeyiz.&#8221; dedi. Cumhurba\u015fkan\u0131 Recep Tayyip Erdo\u011fan, Cumhurba\u015fkanl\u0131\u011f\u0131 K\u00fclliyesi&#8217;ndeki Kabine Toplant\u0131s\u0131&#8217;n\u0131n ard\u0131ndan millete seslendi. D\u00fcnyada, b\u00f6lgede, \u00fclkede \u00f6nemli geli\u015fmelerin ya\u015fand\u0131\u011f\u0131 bir seneyi daha geride b\u0131rak\u0131p, b\u00fcy\u00fck umutlarla 2026 y\u0131l\u0131n\u0131 kar\u015f\u0131lad\u0131klar\u0131n\u0131 kaydeden Erdo\u011fan, yeni y\u0131l\u0131n [&hellip;]<\/p>\n","protected":false},"author":1,"featured_media":8365,"comment_status":"open","ping_status":"open","sticky":false,"template":"","format":"standard","meta":{"footnotes":""},"categories":[11],"tags":[1321,230,17,846,1074,1933,541,3258],"class_list":["post-8363","post","type-post","status-publish","format-standard","has-post-thumbnail","hentry","category-manset","tag-adiyaman","tag-ankara","tag-bursa","tag-cumhurbaskani-erdogan","tag-diyarbakir","tag-tekirdag","tag-trabzon","tag-uluslararasi-hukuku"],"_links":{"self":[{"href":"https:\/\/www.trabzonmanset.com\/index.php\/wp-json\/wp\/v2\/posts\/8363","targetHints":{"allow":["GET"]}}],"collection":[{"href":"https:\/\/www.trabzonmanset.com\/index.php\/wp-json\/wp\/v2\/posts"}],"about":[{"href":"https:\/\/www.trabzonmanset.com\/index.php\/wp-json\/wp\/v2\/types\/post"}],"author":[{"embeddable":true,"href":"https:\/\/www.trabzonmanset.com\/index.php\/wp-json\/wp\/v2\/users\/1"}],"replies":[{"embeddable":true,"href":"https:\/\/www.trabzonmanset.com\/index.php\/wp-json\/wp\/v2\/comments?post=8363"}],"version-history":[{"count":1,"href":"https:\/\/www.trabzonmanset.com\/index.php\/wp-json\/wp\/v2\/posts\/8363\/revisions"}],"predecessor-version":[{"id":8366,"href":"https:\/\/www.trabzonmanset.com\/index.php\/wp-json\/wp\/v2\/posts\/8363\/revisions\/8366"}],"wp:featuredmedia":[{"embeddable":true,"href":"https:\/\/www.trabzonmanset.com\/index.php\/wp-json\/wp\/v2\/media\/8365"}],"wp:attachment":[{"href":"https:\/\/www.trabzonmanset.com\/index.php\/wp-json\/wp\/v2\/media?parent=8363"}],"wp:term":[{"taxonomy":"category","embeddable":true,"href":"https:\/\/www.trabzonmanset.com\/index.php\/wp-json\/wp\/v2\/categories?post=8363"},{"taxonomy":"post_tag","embeddable":true,"href":"https:\/\/www.trabzonmanset.com\/index.php\/wp-json\/wp\/v2\/tags?post=8363"}],"curies":[{"name":"wp","href":"https:\/\/api.w.org\/{rel}","templated":true}]}}