{"id":8356,"date":"2026-01-04T21:15:00","date_gmt":"2026-01-04T18:15:00","guid":{"rendered":"https:\/\/www.trabzonmanset.com\/?p=8356"},"modified":"2026-01-04T21:51:09","modified_gmt":"2026-01-04T18:51:09","slug":"maduronun-kacirilmasi-sonrasi-bmgkden-son-dakika-karari","status":"publish","type":"post","link":"https:\/\/www.trabzonmanset.com\/index.php\/2026\/01\/04\/maduronun-kacirilmasi-sonrasi-bmgkden-son-dakika-karari\/","title":{"rendered":"Maduro&#8217;nun ka\u00e7\u0131r\u0131lmas\u0131 sonras\u0131 BMGK&#8217;den son dakika karar\u0131"},"content":{"rendered":"\n<p>ABD\u2019nin Venezuela\u2019ya d\u00fczenledi\u011fi sald\u0131r\u0131lar\u0131n ve Venezuela Devlet Ba\u015fkan\u0131 Nicolas Maduro ile e\u015fini ka\u00e7\u0131rmas\u0131n\u0131n ard\u0131ndan Birle\u015fmi\u015f Milletler (BM) G\u00fcvenlik Konseyi\u2019nin Pazartesi g\u00fcn\u00fc acil g\u00fcndemle toplanaca\u011f\u0131 bildirildi.<\/p>\n\n\n\n<p>ABD\u2019nin Venezuela\u2019ya y\u00f6nelik askeri m\u00fcdahalesi, bu ad\u0131ma kar\u015f\u0131 \u00e7\u0131kan BM \u00fcyesi \u00fclkeleri harekete ge\u00e7irdi. ABD bas\u0131n\u0131n\u0131n diplomatik kaynaklara dayand\u0131rd\u0131\u011f\u0131 haberlere g\u00f6re; Kolombiya, daimi \u00fcyeler Rusya ve \u00c7in\u2019in deste\u011fiyle BM G\u00fcvenlik Konseyi\u2019ni toplant\u0131ya \u00e7a\u011f\u0131rd\u0131.<\/p>\n\n\n\n<h3 class=\"wp-block-heading\"><strong>BMGK AC\u0130L TOPLANIYOR<\/strong><\/h3>\n\n\n\n<p>BM G\u00fcvenlik Konseyi\u2019nin ABD\u2019nin Venezuela\u2019ya y\u00f6nelik sald\u0131r\u0131lar\u0131n\u0131 ele almak \u00fczere Pazartesi g\u00fcn\u00fc acil g\u00fcndemle toplanaca\u011f\u0131 bildirildi. Kat\u0131l\u0131mc\u0131lar\u0131n hen\u00fcz kesinle\u015fmedi\u011fi aktar\u0131l\u0131rken, BM Genel Sekreteri Antnio Guterres&#8217;in toplant\u0131ya kat\u0131lmas\u0131n\u0131n beklendi\u011fi ifade edildi.<\/p>\n\n\n\n<figure class=\"wp-block-image\"><img decoding=\"async\" src=\"https:\/\/i12.haber7.net\/\/haber\/haber7\/photos\/2026\/01\/JUD41_1767549885_8856.jpg\" alt=\"\"\/><\/figure>\n\n\n\n<h3 class=\"wp-block-heading\"><strong>NE OLMU\u015eTU?<\/strong><\/h3>\n\n\n\n<p>ABD, Venezuela\u2019ya d\u00fczenledi\u011fi sald\u0131r\u0131lar\u0131n ard\u0131ndan Venezuela Devlet Ba\u015fkan\u0131 Nicolas Maduro ve e\u015finin yakalanarak \u00fclke d\u0131\u015f\u0131na \u00e7\u0131kar\u0131ld\u0131\u011f\u0131n\u0131 duyurmu\u015ftu. Baz\u0131 \u00fclkeler sald\u0131r\u0131lara tepki g\u00f6sterirken, ABD\u2019nin ad\u0131m\u0131n\u0131n me\u015fruiyeti tart\u0131\u015fma konusu olmu\u015ftu.<\/p>\n\n\n\n<p>ABD Ba\u015fkan\u0131 Donald Trump, kendi talimat\u0131yla ger\u00e7ekle\u015ftirilen sald\u0131r\u0131lar\u0131 <strong>&#8220;ola\u011fan\u00fcst\u00fc bir askeri operasyon&#8221;<\/strong> s\u00f6zleriyle savunarak, <strong>&#8220;Bu, Caracas\u2019\u0131n kalbindeki askeri a\u00e7\u0131dan a\u011f\u0131r bir \u015fekilde tahkim edilmi\u015f kale gibi yap\u0131ya kar\u015f\u0131, kanun ka\u00e7a\u011f\u0131 diktat\u00f6r Nicolas Maduro\u2019yu adalet \u00f6n\u00fcne \u00e7\u0131karmak amac\u0131yla uygulanan bir g\u00fc\u00e7t\u00fc&#8221;<\/strong> ifadelerini kullanm\u0131\u015ft\u0131.<\/p>\n\n\n\n<p>ABD askerlerini Venezuela\u2019ya konu\u015fland\u0131rma ihtimalini d\u0131\u015flamayan Trump, <strong>&#8220;Askerlerimizin orada olmas\u0131ndan korkmuyoruz. \u015eu an oraday\u0131z ve gerekirse yeniden harekete ge\u00e7meye haz\u0131r\u0131z&#8221;<\/strong> demi\u015fti.<\/p>\n\n\n\n<p><\/p>\n","protected":false},"excerpt":{"rendered":"<p>ABD\u2019nin Venezuela\u2019ya d\u00fczenledi\u011fi sald\u0131r\u0131lar\u0131n ve Venezuela Devlet Ba\u015fkan\u0131 Nicolas Maduro ile e\u015fini ka\u00e7\u0131rmas\u0131n\u0131n ard\u0131ndan Birle\u015fmi\u015f Milletler (BM) G\u00fcvenlik Konseyi\u2019nin Pazartesi g\u00fcn\u00fc acil g\u00fcndemle toplanaca\u011f\u0131 bildirildi. ABD\u2019nin Venezuela\u2019ya y\u00f6nelik askeri m\u00fcdahalesi, bu ad\u0131ma kar\u015f\u0131 \u00e7\u0131kan BM \u00fcyesi \u00fclkeleri harekete ge\u00e7irdi. ABD bas\u0131n\u0131n\u0131n diplomatik kaynaklara dayand\u0131rd\u0131\u011f\u0131 haberlere g\u00f6re; Kolombiya, daimi \u00fcyeler Rusya ve \u00c7in\u2019in deste\u011fiyle BM G\u00fcvenlik [&hellip;]<\/p>\n","protected":false},"author":1,"featured_media":8357,"comment_status":"open","ping_status":"open","sticky":false,"template":"","format":"standard","meta":{"footnotes":""},"categories":[127],"tags":[816,1218,2048,1143,2049],"class_list":["post-8356","post","type-post","status-publish","format-standard","has-post-thumbnail","hentry","category-dunya","tag-bm","tag-cin-2","tag-nicolas-maduro","tag-rusya","tag-venezuela"],"_links":{"self":[{"href":"https:\/\/www.trabzonmanset.com\/index.php\/wp-json\/wp\/v2\/posts\/8356","targetHints":{"allow":["GET"]}}],"collection":[{"href":"https:\/\/www.trabzonmanset.com\/index.php\/wp-json\/wp\/v2\/posts"}],"about":[{"href":"https:\/\/www.trabzonmanset.com\/index.php\/wp-json\/wp\/v2\/types\/post"}],"author":[{"embeddable":true,"href":"https:\/\/www.trabzonmanset.com\/index.php\/wp-json\/wp\/v2\/users\/1"}],"replies":[{"embeddable":true,"href":"https:\/\/www.trabzonmanset.com\/index.php\/wp-json\/wp\/v2\/comments?post=8356"}],"version-history":[{"count":1,"href":"https:\/\/www.trabzonmanset.com\/index.php\/wp-json\/wp\/v2\/posts\/8356\/revisions"}],"predecessor-version":[{"id":8358,"href":"https:\/\/www.trabzonmanset.com\/index.php\/wp-json\/wp\/v2\/posts\/8356\/revisions\/8358"}],"wp:featuredmedia":[{"embeddable":true,"href":"https:\/\/www.trabzonmanset.com\/index.php\/wp-json\/wp\/v2\/media\/8357"}],"wp:attachment":[{"href":"https:\/\/www.trabzonmanset.com\/index.php\/wp-json\/wp\/v2\/media?parent=8356"}],"wp:term":[{"taxonomy":"category","embeddable":true,"href":"https:\/\/www.trabzonmanset.com\/index.php\/wp-json\/wp\/v2\/categories?post=8356"},{"taxonomy":"post_tag","embeddable":true,"href":"https:\/\/www.trabzonmanset.com\/index.php\/wp-json\/wp\/v2\/tags?post=8356"}],"curies":[{"name":"wp","href":"https:\/\/api.w.org\/{rel}","templated":true}]}}