{"id":8349,"date":"2026-01-04T15:32:00","date_gmt":"2026-01-04T12:32:00","guid":{"rendered":"https:\/\/www.trabzonmanset.com\/?p=8349"},"modified":"2026-01-04T21:34:49","modified_gmt":"2026-01-04T18:34:49","slug":"sivasta-yildiz-goletinin-yuzeyi-buz-tuttu","status":"publish","type":"post","link":"https:\/\/www.trabzonmanset.com\/index.php\/2026\/01\/04\/sivasta-yildiz-goletinin-yuzeyi-buz-tuttu\/","title":{"rendered":"Sivas&#8217;ta Y\u0131ld\u0131z G\u00f6leti&#8217;nin y\u00fczeyi buz tuttu"},"content":{"rendered":"\n<p>Sivas&#8217;ta etkili olan so\u011fuk hava nedeniyle Y\u0131ld\u0131z G\u00f6leti&#8217;nin y\u00fczeyi buzla kapland\u0131. Hava s\u0131cakl\u0131klar\u0131 s\u0131f\u0131r\u0131n alt\u0131nda 14 dereceye kadar d\u00fc\u015ft\u00fc ve ya\u015fam\u0131 olumsuz etkiledi.<\/p>\n\n\n\n<ul class=\"wp-block-list\">\n<li>Sivas&#8217;ta Y\u0131ld\u0131z G\u00f6leti&#8217;nin y\u00fczeyi buzla kapland\u0131.<\/li>\n\n\n\n<li>Sivas&#8217;ta hava s\u0131cakl\u0131\u011f\u0131 s\u0131f\u0131r\u0131n alt\u0131nda 14 dereceye kadar d\u00fc\u015ft\u00fc.<\/li>\n\n\n\n<li>Y\u0131ld\u0131z G\u00f6leti, Sivas kent merkezine yakla\u015f\u0131k 50 kilometre uzakl\u0131kta ve 2 bin 552 rak\u0131ml\u0131 Y\u0131ld\u0131z Da\u011f\u0131&#8217;n\u0131n g\u00fcneyinde yer al\u0131yor.<\/li>\n<\/ul>\n\n\n\n<p><strong>Sivas<\/strong>&#8216;ta so\u011fuk hava nedeniyle Y\u0131ld\u0131z G\u00f6leti&#8217;nin y\u00fczeyi buzla kapland\u0131.<\/p>\n\n\n\n<h3 class=\"wp-block-heading\">YILDIZ G\u00d6L\u00dc BUZLA KAPLANDI<\/h3>\n\n\n\n<p>Kentte \u00f6zellikle gece saatlerinde etkili olan so\u011fuk hava ya\u015fam\u0131 olumsuz etkiliyor. Hava s\u0131cakl\u0131\u011f\u0131n\u0131n s\u0131f\u0131r\u0131n alt\u0131nda 14 dereceye kadar d\u00fc\u015ft\u00fc\u011f\u00fc Sivas&#8217;ta, kent merkezine yakla\u015f\u0131k 50 kilometre uzakl\u0131ktaki 2 bin 552 rak\u0131ml\u0131 Y\u0131ld\u0131z Da\u011f\u0131&#8217;n\u0131n g\u00fcneyinde yer alan Y\u0131ld\u0131z G\u00f6leti&#8217;nin y\u00fczeyi so\u011fuk havan\u0131n etkisiyle buz tuttu.<\/p>\n\n\n\n<figure class=\"wp-block-image\"><img decoding=\"async\" src=\"https:\/\/foto.haberler.com\/crop\/640x360\/haber\/2026\/01\/04\/sivas-ta-yildiz-goleti-nin-yuzeyi-buz-tuttu-19425139_1843_m.jpg\" alt=\"Sivas'ta Y\u0131ld\u0131z G\u00f6leti'nin y\u00fczeyi buz tuttu\"\/><\/figure>\n\n\n\n<p>G\u00f6let, ad\u0131n\u0131 ald\u0131\u011f\u0131 Y\u0131ld\u0131z Da\u011f\u0131 ile \u00f6zellikle k\u0131\u015f mevsiminde do\u011faseverler ve foto\u011fraf tutkunlar\u0131n\u0131n u\u011frak yerleri aras\u0131nda bulunuyor.<\/p>\n\n\n\n<figure class=\"wp-block-image size-full\"><img loading=\"lazy\" decoding=\"async\" width=\"640\" height=\"360\" src=\"https:\/\/www.trabzonmanset.com\/wp-content\/uploads\/2026\/01\/sivas-ta-yildiz-goleti-nin-yuzeyi-buz-tuttu-19425139_3637_m.webp?wsr\" alt=\"\" class=\"wp-image-8350\" srcset=\"https:\/\/www.trabzonmanset.com\/wp-content\/uploads\/2026\/01\/sivas-ta-yildiz-goleti-nin-yuzeyi-buz-tuttu-19425139_3637_m.webp 640w, https:\/\/www.trabzonmanset.com\/wp-content\/uploads\/2026\/01\/sivas-ta-yildiz-goleti-nin-yuzeyi-buz-tuttu-19425139_3637_m-300x169.webp 300w\" sizes=\"auto, (max-width: 640px) 100vw, 640px\" \/><\/figure>\n\n\n\n<p><\/p>\n","protected":false},"excerpt":{"rendered":"<p>Sivas&#8217;ta etkili olan so\u011fuk hava nedeniyle Y\u0131ld\u0131z G\u00f6leti&#8217;nin y\u00fczeyi buzla kapland\u0131. Hava s\u0131cakl\u0131klar\u0131 s\u0131f\u0131r\u0131n alt\u0131nda 14 dereceye kadar d\u00fc\u015ft\u00fc ve ya\u015fam\u0131 olumsuz etkiledi. Sivas&#8216;ta so\u011fuk hava nedeniyle Y\u0131ld\u0131z G\u00f6leti&#8217;nin y\u00fczeyi buzla kapland\u0131. YILDIZ G\u00d6L\u00dc BUZLA KAPLANDI Kentte \u00f6zellikle gece saatlerinde etkili olan so\u011fuk hava ya\u015fam\u0131 olumsuz etkiliyor. Hava s\u0131cakl\u0131\u011f\u0131n\u0131n s\u0131f\u0131r\u0131n alt\u0131nda 14 dereceye kadar d\u00fc\u015ft\u00fc\u011f\u00fc [&hellip;]<\/p>\n","protected":false},"author":1,"featured_media":8351,"comment_status":"open","ping_status":"open","sticky":false,"template":"","format":"standard","meta":{"footnotes":""},"categories":[1],"tags":[3107,3254,3253],"class_list":["post-8349","post","type-post","status-publish","format-standard","has-post-thumbnail","hentry","category-gundem","tag-sivas","tag-yildiz-dagi","tag-yildiz-goleti"],"_links":{"self":[{"href":"https:\/\/www.trabzonmanset.com\/index.php\/wp-json\/wp\/v2\/posts\/8349","targetHints":{"allow":["GET"]}}],"collection":[{"href":"https:\/\/www.trabzonmanset.com\/index.php\/wp-json\/wp\/v2\/posts"}],"about":[{"href":"https:\/\/www.trabzonmanset.com\/index.php\/wp-json\/wp\/v2\/types\/post"}],"author":[{"embeddable":true,"href":"https:\/\/www.trabzonmanset.com\/index.php\/wp-json\/wp\/v2\/users\/1"}],"replies":[{"embeddable":true,"href":"https:\/\/www.trabzonmanset.com\/index.php\/wp-json\/wp\/v2\/comments?post=8349"}],"version-history":[{"count":1,"href":"https:\/\/www.trabzonmanset.com\/index.php\/wp-json\/wp\/v2\/posts\/8349\/revisions"}],"predecessor-version":[{"id":8352,"href":"https:\/\/www.trabzonmanset.com\/index.php\/wp-json\/wp\/v2\/posts\/8349\/revisions\/8352"}],"wp:featuredmedia":[{"embeddable":true,"href":"https:\/\/www.trabzonmanset.com\/index.php\/wp-json\/wp\/v2\/media\/8351"}],"wp:attachment":[{"href":"https:\/\/www.trabzonmanset.com\/index.php\/wp-json\/wp\/v2\/media?parent=8349"}],"wp:term":[{"taxonomy":"category","embeddable":true,"href":"https:\/\/www.trabzonmanset.com\/index.php\/wp-json\/wp\/v2\/categories?post=8349"},{"taxonomy":"post_tag","embeddable":true,"href":"https:\/\/www.trabzonmanset.com\/index.php\/wp-json\/wp\/v2\/tags?post=8349"}],"curies":[{"name":"wp","href":"https:\/\/api.w.org\/{rel}","templated":true}]}}