{"id":8344,"date":"2026-01-04T18:23:00","date_gmt":"2026-01-04T15:23:00","guid":{"rendered":"https:\/\/www.trabzonmanset.com\/?p=8344"},"modified":"2026-01-04T21:30:59","modified_gmt":"2026-01-04T18:30:59","slug":"turkiye-bu-toprakta-izin-var-temasiyla-sarikamista-sehitler-icin-yurudu","status":"publish","type":"post","link":"https:\/\/www.trabzonmanset.com\/index.php\/2026\/01\/04\/turkiye-bu-toprakta-izin-var-temasiyla-sarikamista-sehitler-icin-yurudu\/","title":{"rendered":"T\u00fcrkiye, &#8220;Bu Toprakta \u0130zin Var&#8221; temas\u0131yla Sar\u0131kam\u0131\u015f&#8217;ta \u015fehitler i\u00e7in y\u00fcr\u00fcd\u00fc"},"content":{"rendered":"\n<p>Kars&#8217;\u0131n Sar\u0131kam\u0131\u015f il\u00e7esinde Sar\u0131kam\u0131\u015f Harekat\u0131&#8217;n\u0131n 111. y\u0131l\u0131 anma etkinlikleri kapsam\u0131nda d\u00fczenlenen y\u00fcr\u00fcy\u00fc\u015f sona erdi.<\/p>\n\n\n\n<p>Bir\u00e7ok ilden ve yurt d\u0131\u015f\u0131ndan gen\u00e7, ya\u015fl\u0131 \u00e7ok say\u0131da ki\u015fi, sabah\u0131n erken saatlerinde &#8220;T\u00fcrkiye \u015eehitleriyle Y\u00fcr\u00fcyor&#8221; ve &#8220;Bu toprakta izin var&#8221; temas\u0131yla ger\u00e7ekle\u015ftirilen anma etkinli\u011fine kat\u0131lmak \u00fczere So\u011fanl\u0131 ile Allahuekber Da\u011flar\u0131 aras\u0131ndaki K\u0131z\u0131l\u00e7ubuk Zirvesi&#8217;nde bulu\u015ftu.<\/p>\n\n\n\n<figure class=\"wp-block-video\"><video controls src=\"https:\/\/www.trabzonmanset.com\/wp-content\/uploads\/2026\/01\/e8ad72806772b3fa979f2ac2b7af1dfc.mp4\"><\/video><\/figure>\n\n\n\n<p>Kent merkeziyle Sar\u0131kam\u0131\u015f il\u00e7esinden otob\u00fcslerle zirveye ula\u015fan kat\u0131l\u0131mc\u0131lar, T\u00fcrk bayraklar\u0131yla y\u00fcr\u00fcyerek toplanma alan\u0131na geldi. Vatanda\u015flar, K\u0131z\u0131l\u00e7ubuk b\u00f6lgesinde \u015fehitler an\u0131s\u0131na yap\u0131lan kardan heykellerin \u00f6n\u00fcnde foto\u011fraf \u00e7ektirdi.<\/p>\n\n\n\n<p>Enver Pa\u015fa komutas\u0131ndaki Osmanl\u0131 ordusunun, Birinci D\u00fcnya Sava\u015f\u0131&#8217;nda Rus i\u015fgali alt\u0131ndaki topraklar\u0131 kurtarmak i\u00e7in ba\u015flatt\u0131\u011f\u0131 Sar\u0131kam\u0131\u015f Harekat\u0131&#8217;n\u0131n 111. y\u0131l\u0131 anma etkinlikleri kapsam\u0131nda d\u00fczenlenen \u015fehitleri anma program\u0131na hava s\u0131cakl\u0131\u011f\u0131n\u0131n s\u0131f\u0131r\u0131n alt\u0131nda 17 dereceye inmesine ra\u011fmen \u00e7ok say\u0131da ki\u015fi kat\u0131ld\u0131.<\/p>\n\n\n\n<p>Toplanma alan\u0131nda Aile ve Sosyal Hizmetler Bakan\u0131 Mahinur \u00d6zdemir G\u00f6kta\u015f, Gen\u00e7lik ve Spor Bakan\u0131 Osman A\u015fk\u0131n Bak, Kars Valisi Ziya Polat, AK Parti Kars Milletvekili Adem \u00c7alk\u0131n, Sar\u0131kam\u0131\u015f Kaymakam\u0131 Enis Aslantatar, eski Ula\u015ft\u0131rma, Denizcilik ve Haberle\u015fme Bakan\u0131 Ahmet Arslan, CHP Kars Milletvekili \u0130nan Akg\u00fcn Alp ile \u00e7ok say\u0131da siyaset\u00e7i ve b\u00fcrokrat bir araya geldi.<\/p>\n\n\n\n<p>G\u00fczergahlarda jandarma ve polis ekipleri yo\u011fun g\u00fcvenlik \u00f6nlemi ald\u0131.<\/p>\n\n\n\n<p><img decoding=\"async\" alt=\"\" src=\"https:\/\/cdnuploads.aa.com.tr\/uploads\/userFiles\/6947967c-137a-4de7-835b-b314e2d96ef8\/2026%2FNew%20folder%2F01%2F20260104_2_72338972_120813806.jpg\"><br><em>Foto\u011fraf: Hilmi Tunahan Karakaya\/AA<\/em><\/p>\n\n\n\n<p>Bu arada toplanma alan\u0131nda \u00e7ad\u0131r kuran K\u0131z\u0131lay ekipleri, kat\u0131l\u0131mc\u0131lara \u00e7ay ve \u00e7orba ikram\u0131nda bulundu.<\/p>\n\n\n\n<h3 class=\"wp-block-heading\">Binlerce vatanda\u015f dualar\u0131n ard\u0131ndan y\u00fcr\u00fcy\u00fc\u015fe ge\u00e7ti<\/h3>\n\n\n\n<p>Ellerinde T\u00fcrk bayraklar\u0131 bulunan binlerce ki\u015fi, burada Kur&#8217;an-\u0131 Kerim okuyup tekbir ve salavatlar getirerek \u015fehitler i\u00e7in dua ettikten sonra so\u011fuk havada Ay-Y\u0131ld\u0131zl\u0131 T\u00f6ren Alan\u0131&#8217;na do\u011fru y\u00fcr\u00fcy\u00fc\u015fe ge\u00e7ti.<\/p>\n\n\n\n<p><img decoding=\"async\" alt=\"\" src=\"https:\/\/cdnuploads.aa.com.tr\/uploads\/userFiles\/6947967c-137a-4de7-835b-b314e2d96ef8\/2026%2F01%2F20260104_2_72339095_120814060.jpg\"><br><em>Foto\u011fraf: \u0130dris Karao\u011ful\/AA<\/em><\/p>\n\n\n\n<p>Y\u00fcr\u00fcy\u00fc\u015fte 100 metre uzunlu\u011fundaki T\u00fcrk bayra\u011f\u0131 ta\u015f\u0131nd\u0131.<\/p>\n\n\n\n<p>Bakanlar G\u00f6kta\u015f ve Bak, y\u00fcr\u00fcy\u00fc\u015f boyunca vatanda\u015flarla sohbet ederek foto\u011fraf \u00e7ektirdi.<\/p>\n\n\n\n<p><img decoding=\"async\" alt=\"\" src=\"https:\/\/cdnuploads.aa.com.tr\/uploads\/userFiles\/6947967c-137a-4de7-835b-b314e2d96ef8\/2026%2F01%2F20260104_2_72340243_120817970.jpg\"><br><em>Foto\u011fraf: Faruk K\u00fc\u00e7\u00fck\/AA<\/em><\/p>\n\n\n\n<h3 class=\"wp-block-heading\">Bakanlar G\u00f6kta\u015f ve Bak, y\u00fcr\u00fcy\u00fc\u015fte duygular\u0131n\u0131 aktard\u0131<\/h3>\n\n\n\n<p>Aile ve Sosyal Hizmetler Bakan\u0131 Mahinur \u00d6zdemir G\u00f6kta\u015f, y\u00fcr\u00fcy\u00fc\u015fte gazetecilere yapt\u0131\u011f\u0131 konu\u015fmada, Sar\u0131kam\u0131\u015f Harekat\u0131&#8217;n\u0131n 111. y\u0131l\u0131 dolay\u0131s\u0131yla bir araya geldiklerini ve \u015fehitleri and\u0131klar\u0131n\u0131 s\u00f6yledi.<\/p>\n\n\n\n<p>T\u00fcrkiye&#8217;nin d\u00f6rt bir yan\u0131ndan \u015fehit yak\u0131nlar\u0131 ve gazilerin yan\u0131 s\u0131ra gen\u00e7lerin programa kat\u0131ld\u0131\u011f\u0131n\u0131 belirten G\u00f6kta\u015f, \u015f\u00f6yle konu\u015ftu:<\/p>\n\n\n\n<p>&#8220;Bu programda Kars Valili\u011fi, Yurt D\u0131\u015f\u0131 T\u00fcrkler Ba\u015fkanl\u0131\u011f\u0131, Gen\u00e7lik ve Spor Bakanl\u0131\u011f\u0131 ve Aile ve Sosyal Hizmetler Bakanl\u0131\u011f\u0131 olarak bu bilinci ya\u015fatmak ad\u0131na ger\u00e7ekten var g\u00fcc\u00fcm\u00fczle \u00e7al\u0131\u015f\u0131yoruz. Sar\u0131kam\u0131\u015f bir destan. Bu vatan kolay elde edilmedi. Bayrak i\u00e7in, vatan i\u00e7in can\u0131n\u0131 feda eden aziz \u015fehitlerimizi rahmetle yad ediyorum. Bu bilinci ya\u015fatmak i\u00e7in \u015fehit ve gazilerimizle birlikte \u00f6zellikle &#8216;Kahramanl\u0131k Bulu\u015fmalar\u0131&#8217; d\u00fczenliyoruz. T\u00fcrkiye&#8217;nin d\u00f6rt bir yan\u0131ndan 79 bin gencimize \u015fehit ve gazilerimizle beraber kahramanl\u0131k bulu\u015fmalar\u0131 ger\u00e7ekle\u015ftiriyoruz. Kahramanlar\u0131m\u0131z vatan i\u00e7in canlar\u0131n\u0131 feda ederken, bizler de bu bilinci gen\u00e7 ku\u015faklar\u0131m\u0131za aktarmaya devam ediyoruz.&#8221;<\/p>\n\n\n\n<p>G\u00f6kta\u015f, Sar\u0131kam\u0131\u015f&#8217;ta bulunman\u0131n ayr\u0131 bir duygu ve ruh oldu\u011funu belirterek, dondurucu so\u011fukta on binlerce askerin \u015fehit d\u00fc\u015ft\u00fc\u011f\u00fcn\u00fc hat\u0131rlatt\u0131.<\/p>\n\n\n\n<p><img decoding=\"async\" alt=\"\" src=\"https:\/\/cdnuploads.aa.com.tr\/uploads\/userFiles\/6947967c-137a-4de7-835b-b314e2d96ef8\/2026%2F01%2F20260104_2_72340749_120819552.jpg\"><br><em>Foto\u011fraf: Faruk K\u00fc\u00e7\u00fck\/AA<\/em><\/p>\n\n\n\n<p>Benzer \u015fekilde \u00c7anakkale&#8217;de ve 15 Temmuz&#8217;da vatan i\u00e7in, bayrak i\u00e7in m\u00fccadele eden nice kahramanlar\u0131n oldu\u011funu vurgulayan G\u00f6kta\u015f, \u015funlar\u0131 kaydetti:<\/p>\n\n\n\n<p>&#8220;Onlar\u0131n aziz hat\u0131ralar\u0131n\u0131 ve kahramanl\u0131klar\u0131n\u0131 ya\u015fatmak ad\u0131na var g\u00fcc\u00fcm\u00fczle \u00e7al\u0131\u015f\u0131yoruz. Aile ve Sosyal Hizmetler Bakanl\u0131\u011f\u0131 olarak bizler de \u015fehitlerimizin emanetlerine her daim sahip \u00e7\u0131kmaya, gazilerimizin kahramanl\u0131klar\u0131n\u0131 gen\u00e7 ku\u015faklar\u0131m\u0131za aktarmaya devam edece\u011fiz. Bu milli \u015fuur in\u015fallah bizleri her daim diri tutacak. Allah raz\u0131 olsun Say\u0131n Cumhurba\u015fkan\u0131m\u0131zdan bizlere ger\u00e7ekten bu \u015fuuru ya\u015fatt\u0131rd\u0131\u011f\u0131 i\u00e7in ve bu harekatta &#8216;T\u00fcrkiye Y\u00fczy\u0131l\u0131&#8217; vizyonu do\u011frultusunda bu harekat\u0131m\u0131z\u0131 da ya\u015fatmaya devam edece\u011fiz. Kahramanlar\u0131m\u0131z\u0131 asla unutmayaca\u011f\u0131z. \u015eehitlerimize bir kez daha Allah&#8217;tan rahmet, gazilerimize sa\u011fl\u0131kl\u0131 uzun \u00f6m\u00fcrler diliyorum.&#8221;<\/p>\n\n\n\n<p>Gen\u00e7lik ve Spor Bakan\u0131 Osman A\u015fk\u0131n Bak ise &#8220;Bu Toprakta \u0130zin Var&#8221; slogan\u0131yla anma etkinlikleri d\u00fczenlediklerini belirtti.<\/p>\n\n\n\n<p>Gen\u00e7lik ve Spor Bakanl\u0131\u011f\u0131 olarak gen\u00e7leri Sar\u0131kam\u0131\u015f&#8217;a getirdiklerini ifade eden Bak, &#8220;Aile ve Sosyal Hizmetler Bakanl\u0131\u011f\u0131 \u015fehit ve yak\u0131nlar\u0131n\u0131 bizimle beraber burada organizasyon i\u00e7erisindeyiz. Tabii bu \u00f6zellikle de tarih bilincini, bu vatan\u0131n nas\u0131l kazan\u0131ld\u0131\u011f\u0131n\u0131, nas\u0131l savunuldu\u011funu, ne fedakarl\u0131klar yap\u0131ld\u0131\u011f\u0131n\u0131 anlatmak i\u00e7in gen\u00e7lerimiz i\u00e7in b\u00fcy\u00fck bir ders, b\u00fcy\u00fck bir olay. \u00d6zellikle de biz bunu her y\u0131l yaparak gen\u00e7lerimize anlatmaya devam ediyoruz. Gen\u00e7lerimizi \u00c7anakkale&#8217;ye Malazgirt&#8217;e, Dumlup\u0131nar&#8217;a, Sakarya&#8217;ya g\u00f6t\u00fcr\u00fcyoruz. Pek \u00e7ok organizasyonda bu tarih bilinci, bu topraklar i\u00e7in neler feda edildi\u011fini anlatmaya \u00e7al\u0131\u015f\u0131yoruz. \u00d6zellikle de bu \u00e7ok k\u0131ymetli.&#8221; dedi.<\/p>\n\n\n\n<p>Bak, Sar\u0131kam\u0131\u015f&#8217;ta b\u00fcy\u00fck bir m\u00fccadelenin var oldu\u011funa i\u015faret ederek, \u015funlar\u0131 kaydetti:<\/p>\n\n\n\n<p>&#8220;Beyaz Destan&#8217; diye ge\u00e7iyor ve burada \u015fehit olan binlerce askerimizi unutmayaca\u011f\u0131z. \u015eehitlerimizi asla unutmayaca\u011f\u0131z. Bu vatana can\u0131n\u0131 feda edenleri asla unutmayaca\u011f\u0131z. Gen\u00e7lerin vatan bilincinin ne kadar \u00f6nemli oldu\u011funu, bu co\u011frafyada g\u00fc\u00e7l\u00fc kalmak i\u00e7in neler feda edildi\u011fini, nelerle kar\u015f\u0131la\u015f\u0131ld\u0131\u011f\u0131n\u0131 g\u00f6rmeleri a\u00e7\u0131s\u0131ndan canl\u0131 ya\u015fad\u0131klar\u0131 bir ortam. Biz sava\u015f\u00e7\u0131 bir milletiz. Bu co\u011frafyada g\u00fc\u00e7l\u00fc kalmak i\u00e7in \u00e7ok b\u00fcy\u00fck m\u00fccadeleler verdik.<\/p>\n\n\n\n<p><img decoding=\"async\" alt=\"\" src=\"https:\/\/cdnuploads.aa.com.tr\/uploads\/userFiles\/6947967c-137a-4de7-835b-b314e2d96ef8\/2026%2F01%2F20260104_2_72340243_120817976.jpg\"><br><em>Foto\u011fraf: Faruk K\u00fc\u00e7\u00fck\/AA<\/em><\/p>\n\n\n\n<p>O y\u00fczden tabii bu s\u00fcre\u00e7te de Say\u0131n Cumhurba\u015fkan\u0131m\u0131z\u0131n liderli\u011finde T\u00fcrk Savunma Sanayisinde b\u00fcy\u00fck yat\u0131r\u0131mlar yap\u0131ld\u0131. TCG Anadolu&#8217;suyla Kaan&#8217;\u0131yla bir\u00e7ok yat\u0131r\u0131mlar\u0131yla Altay tank\u0131yla. B\u00f6lgede g\u00fc\u00e7l\u00fc bir T\u00fcrkiye var. Vatan birli\u011fi i\u00e7in bayrak bilinci \u00e7ok \u00f6nemli. \u0130\u015fte hat\u0131rlatmak gerekiyor tarih b\u00f6yle bir s\u00fcre\u00e7. Destans\u0131 bir \u00fclke, destans\u0131 bir m\u00fccadele ve destans\u0131 bir millet T\u00fcrk milleti. Dolay\u0131s\u0131yla bunlar\u0131 unutturmamak laz\u0131m. \u0130\u015fte b\u00f6ylesine \u00f6nemli bir organizasyonu biz Gen\u00e7lik ve Spor Bakanl\u0131\u011f\u0131 \u00f6nderli\u011finde ger\u00e7ekle\u015ftiriyoruz.&#8221;<\/p>\n\n\n\n<p>Birlik ve beraberlik vurgusu da yapan Bak, &#8220;Bu bilinci ger\u00e7ekle\u015ftirmemiz laz\u0131m. \u0130\u015fte &#8216;Mavi Vatan&#8217; diyoruz, &#8216;Ye\u015fil Vatan&#8217; diyoruz. Her \u015feyle bu vatana sahip \u00e7\u0131kmak gerekiyor. Gen\u00e7lerimize bu dava bilincini, bu m\u00fccadele bilincini, bu manevi g\u00fcc\u00fc, bu vatan sevgisini a\u015f\u0131lamak i\u00e7in bu organizasyonlar\u0131 ger\u00e7ekle\u015ftiriyoruz. Bence \u00e7ok k\u0131ymetli. Tarihten al\u0131nan dersler, ya\u015fanan s\u00fcre\u00e7ler, yap\u0131lan s\u00fcre\u00e7ler \u00e7ok \u00f6nemli. O y\u00fczden bilin\u00e7lendirme a\u00e7\u0131s\u0131ndan da t\u00fcm herkese hat\u0131rlatma a\u00e7\u0131s\u0131ndan da \u00f6nemli.&#8221; ifadelerini kulland\u0131.<\/p>\n\n\n\n<p>Jandarman\u0131n geni\u015f g\u00fcvenlik \u00f6nlemleri ald\u0131\u011f\u0131 4,5 kilometrelik y\u00fcr\u00fcy\u00fc\u015f, il\u00e7edeki Ay-y\u0131ld\u0131zl\u0131 T\u00f6ren Alan\u0131&#8217;nda sona erdi.<\/p>\n\n\n\n<p>T\u00fcrk Hava Kurumu g\u00f6revlileri, paramotorlarla T\u00fcrk bayra\u011f\u0131 ve Cumhurba\u015fkan\u0131 Recep Tayyip Erdo\u011fan&#8217;\u0131n posterini ta\u015f\u0131yarak u\u00e7u\u015f ger\u00e7ekle\u015ftirdi. Erzurum B\u00fcy\u00fck\u015fehir Belediyesi Mehteran Tak\u0131m\u0131 da g\u00f6steri yapt\u0131.<\/p>\n\n\n\n<h3 class=\"wp-block-heading\">Sar\u0131kam\u0131\u015f \u015eehitleri Anma T\u00f6reni d\u00fczenlendi<\/h3>\n\n\n\n<p>Y\u00fcr\u00fcy\u00fc\u015f sonras\u0131 Ay-y\u0131ld\u0131zl\u0131 T\u00f6ren Alan\u0131&#8217;nda&nbsp;Sar\u0131kam\u0131\u015f \u015eehitleri Anma T\u00f6reni d\u00fczenlendi.<\/p>\n\n\n\n<p><img decoding=\"async\" alt=\"\" src=\"https:\/\/www.aa.com.tr\/uploads\/userFiles\/6947967c-137a-4de7-835b-b314e2d96ef8\/2025%2F12%2F20260104_2_72341106_120820665.jpg\"><br>Foto\u011fraf: Muhammed Onur Yavrut\u00fcrk\/AA<\/p>\n\n\n\n<p>T\u00f6rende, Atat\u00fcrk An\u0131t\u0131&#8217;na \u00e7elenk sunulup \u015fehitler i\u00e7in sayg\u0131 at\u0131\u015f\u0131 yap\u0131ld\u0131, Kur&#8217;an-\u0131 Kerim tilaveti ger\u00e7ekle\u015ftirildi, dualar edildi.<\/p>\n\n\n\n<p>Cumhurba\u015fkan\u0131 Recep Tayyip Erdo\u011fan&#8217;\u0131n g\u00fcn\u00fcn \u00f6nemini belirten mesaj\u0131n\u0131n okunmas\u0131n\u0131n ard\u0131ndan bir subay taraf\u0131ndan Sar\u0131kam\u0131\u015f Harekat\u0131&#8217;n\u0131n tarihi anlat\u0131ld\u0131.<\/p>\n\n\n\n<p>T\u00f6rende&nbsp;konu\u015fan&nbsp;Bakan G\u00f6kta\u015f, Sar\u0131kam\u0131\u015f \u015eehitleri&#8217;nin aziz hat\u0131ralar\u0131n\u0131 yad etmek i\u00e7in bir araya geldiklerini s\u00f6yledi.<\/p>\n\n\n\n<p><img decoding=\"async\" alt=\"\" src=\"https:\/\/cdnuploads.aa.com.tr\/uploads\/userFiles\/6947967c-137a-4de7-835b-b314e2d96ef8\/2026%2F01%2F20260104_2_72340746_120819544.jpg\"><br><em>Foto\u011fraf: Hilmi Tunahan Karakaya\/AA<\/em><\/p>\n\n\n\n<p>Sar\u0131kam\u0131\u015f Harekat\u0131&#8217;n\u0131n vatan sevgisinin en \u00e7etin imtihanlar\u0131ndan biri oldu\u011funu vurgulayan G\u00f6kta\u015f, &#8220;Ecdad\u0131m\u0131z\u0131n zor zamanlarda nas\u0131l kenetlendi\u011fini ve vatan i\u00e7in hangi bedelleri g\u00f6ze ald\u0131\u011f\u0131n\u0131 g\u00f6steren tarihi bir duru\u015ftur. Ben bu vesileyle, 111 y\u0131l \u00f6nce istiklal ve h\u00fcrriyet u\u011fruna can\u0131n\u0131 feda eden kahraman \u015fehitlerimizi rahmetle ve minnetle yad ediyorum. Bu topraklar, fedakarl\u0131\u011f\u0131n sessiz tan\u0131\u011f\u0131d\u0131r. Anadolu&#8217;nun bin y\u0131l\u0131 a\u015fan bu tan\u0131kl\u0131k, Malazgirt&#8217;te a\u00e7\u0131lan kap\u0131yla ba\u015flad\u0131, \u0130stanbul&#8217;un fethiyle bir medeniyet ufkuna d\u00f6n\u00fc\u015ft\u00fc.&#8221; dedi.<\/p>\n\n\n\n<p>G\u00f6kta\u015f, ecdad\u0131n vatan denildi\u011finde asla geri ad\u0131m atmad\u0131\u011f\u0131na ve her d\u00f6nemi yeni bir destanla ta\u00e7land\u0131rd\u0131\u011f\u0131na dikkati \u00e7ekti.<\/p>\n\n\n\n<p>Bakan G\u00f6kta\u015f, Alparslan&#8217;\u0131n Malazgirt zaferinin, Gazi Osman Pa\u015fa&#8217;n\u0131n Plevne&#8217;de imkans\u0131z\u0131 m\u00fcmk\u00fcn k\u0131lan direni\u015finin \u00c7anakkale&#8217;de &#8220;ge\u00e7ilmez&#8221; h\u00fckm\u00fcn\u00fc tarihe yazd\u0131ran Gazi Mustafa Kemal Atat\u00fcrk ve Mehmet\u00e7i\u011fin azminin tarihe d\u00fc\u015f\u00fclen b\u00fcy\u00fck destanlardan oldu\u011funu hat\u0131rlatarak, \u015f\u00f6yle konu\u015ftu:<\/p>\n\n\n\n<p>&#8220;Yurdun d\u00f6rt bir yan\u0131 ku\u015fat\u0131ld\u0131\u011f\u0131nda verilen Milli M\u00fccadele, bir milletin h\u00fcrriyetini d\u00fcnyaya ilan etti\u011fi dirili\u015f destan\u0131d\u0131r. 15 Temmuz gecesi tanklar\u0131n \u00f6n\u00fcne y\u00fcr\u00fcyen cesaret de. Sar\u0131kam\u0131\u015f, bu destanlar zincirinin bedeli en a\u011f\u0131r halkalar\u0131ndan biridir. So\u011fu\u011fa, yoklu\u011fa ve imkans\u0131za ra\u011fmen vatan i\u00e7in \u015fehadeti g\u00f6ze alanlar\u0131n m\u00fccadelesidir.&#8221;<\/p>\n\n\n\n<h3 class=\"wp-block-heading\">&#8220;Sar\u0131kam\u0131\u015f&#8217;\u0131n emanetine sars\u0131lmaz bir kararl\u0131l\u0131kla sahip \u00e7\u0131k\u0131yoruz&#8221;<\/h3>\n\n\n\n<p>G\u00f6revlerinin \u015fehitlerin, gazilerin emaneti olan vatan\u0131, bayra\u011f\u0131 ve de\u011ferleri ilelebet korumak oldu\u011funu ifade eden G\u00f6kta\u015f, \u015funlar\u0131 kaydetti:<\/p>\n\n\n\n<p>&#8220;Sar\u0131kam\u0131\u015f, bir y\u00fcr\u00fcy\u00fc\u015ft\u00fcr. \u0130nanc\u0131n, sadakatin, \u00f6zg\u00fcrl\u00fc\u011f\u00fcn y\u00fcr\u00fcy\u00fc\u015f\u00fcd\u00fcr. Sar\u0131kam\u0131\u015f, bir sorumluluktur. Zorluk kar\u015f\u0131s\u0131nda y\u0131lmaman\u0131n, birlik duygusunu diri tutman\u0131n sorumlulu\u011fudur. Cumhurba\u015fkan\u0131m\u0131z Say\u0131n Recep Tayyip Erdo\u011fan&#8217;\u0131n ifadeleriyle; &#8216;Sar\u0131kam\u0131\u015f ruhunu anlayamayan, Yeni T\u00fcrkiye&#8217;yi de anlayamaz.&#8217; Bu anlamda Sar\u0131kam\u0131\u015f, bir \u015fuurdur. Bizlere b\u0131rak\u0131lan emaneti nesilden nesile aktarman\u0131n mesuliyetidir. Ne mutlu bizlere ki bu mesuliyeti \u015feref say\u0131yor, Sar\u0131kam\u0131\u015f&#8217;\u0131n emanetine sars\u0131lmaz bir kararl\u0131l\u0131kla sahip \u00e7\u0131k\u0131yoruz. Bu e\u015fsiz vatan\u0131 her t\u00fcrl\u00fc tehdit ve tehlikelerden koruyarak, gelecek nesillere en g\u00fczel haliyle teslim edece\u011fiz. &#8216;T\u00fcrkiye Y\u00fczy\u0131l\u0131&#8217; hedeflerimize ayn\u0131 inan\u00e7, ruh ve heyecanla ilerleyece\u011fiz.&#8221;<\/p>\n\n\n\n<p>G\u00f6kta\u015f, Bakanl\u0131k olarak \u015fehit ailelerinin ve gazilerin her daim yan\u0131nda olduklar\u0131na i\u015faret ederek, &#8220;\u015eehit yak\u0131nlar\u0131m\u0131za ve gazilerimize hizmet etmek, bizler i\u00e7in \u015fereflerin en b\u00fcy\u00fc\u011f\u00fcd\u00fcr. Sar\u0131kam\u0131\u015f&#8217;ta v\u00fccut bulan birlik ve beraberlik ruhunu aileden ba\u015flayarak g\u00fc\u00e7lendirmek ve gen\u00e7lerimize aktarmak i\u00e7in \u00e7al\u0131\u015f\u0131yoruz. Derdinizi derdimiz, sevincinizi sevincimiz bilerek yan\u0131n\u0131zda olmaya devam edece\u011fiz. Bu duygularla Sar\u0131kam\u0131\u015f ba\u015fta olmak \u00fczere, vatan u\u011fruna can veren t\u00fcm \u015fehitlerimizi, ebediyete irtihal eden gazilerimizi bir kez daha rahmetle yad ediyorum. Hayatta olan gazilerimize \u015f\u00fckranlar\u0131m\u0131 sunuyorum. Ruhlar\u0131 \u015fad, mekanlar\u0131 cennet olsun.&#8221; diye konu\u015ftu.<\/p>\n\n\n\n<p><img decoding=\"async\" alt=\"\" src=\"https:\/\/cdnuploads.aa.com.tr\/uploads\/userFiles\/6947967c-137a-4de7-835b-b314e2d96ef8\/2025%2F12%2F20260104_2_72338972_120813791.jpg\"><br><em>Foto\u011fraf: Hilmi Tunahan Karakaya\/AA<\/em><\/p>\n\n\n\n<p>Bakan Bak t\u00f6rende yapt\u0131\u011f\u0131 konu\u015fmada, gen\u00e7lerle, kahraman orduyla, gazilerle ve T\u00fcrkiye&#8217;nin d\u00f6rt bir yan\u0131ndan gelen vatanda\u015flarla birlikte &#8220;Gen\u00e7lik \u015e\u00fchedan\u0131n \u0130zinde&#8221; program\u0131 \u00e7er\u00e7evesinde y\u00fcr\u00fcy\u00fc\u015f ger\u00e7ekle\u015ftirdiklerini s\u00f6yledi.<\/p>\n\n\n\n<p>Burada bir anma t\u00f6reninin d\u0131\u015f\u0131nda bir duru\u015fun, m\u00fccadelenin ve milletin vatan\u0131 i\u00e7in neleri yapt\u0131\u011f\u0131n\u0131 g\u00f6sterdikleri \u00f6nemli bir program oldu\u011funu bildiren Bak, &#8220;Sar\u0131kam\u0131\u015f Harekat\u0131&#8217;n\u0131n 111. y\u0131l d\u00f6n\u00fcm\u00fcnde vatan i\u00e7in g\u00f6z\u00fcn\u00fc k\u0131pmadan \u015fehadete y\u00fcr\u00fcyen kahraman ecdad\u0131m\u0131z\u0131 anmak \u00fczere mukaddes topraklarda beraberiz. Kahraman ordumuzla beraber o komandolar\u0131n co\u015fkulu y\u00fcr\u00fcy\u00fc\u015f\u00fcyle, komando t\u00fcrk\u00fcs\u00fcyle T\u00fcrk ordusunun heybetiyle beraber y\u00fcr\u00fcy\u00fc\u015f\u00fc ger\u00e7ekle\u015ftirdik.&#8221; diye konu\u015ftu.<\/p>\n\n\n\n<p><img decoding=\"async\" alt=\"\" src=\"https:\/\/cdnuploads.aa.com.tr\/uploads\/userFiles\/6947967c-137a-4de7-835b-b314e2d96ef8\/2026%2F01%2F20260104_2_72340746_120819534.jpg\"><br><em>Foto\u011fraf: Hilmi Tunahan Karakaya\/AA<\/em><\/p>\n\n\n\n<h3 class=\"wp-block-heading\">&#8220;Gen\u00e7lerimize bu milletin vatan i\u00e7in neler feda etti\u011fini g\u00f6stermeye devam ediyoruz&#8221;<\/h3>\n\n\n\n<p>Bak, gen\u00e7lerle beraber buraya Ankara&#8217;dan kald\u0131rd\u0131klar\u0131 Sar\u0131kam\u0131\u015f Treni ile geldiklerini hat\u0131rlatarak, \u015funlar\u0131 dile getirdi:<\/p>\n\n\n\n<p>&#8220;Sar\u0131kam\u0131\u015f ayn\u0131 zamanda turizm potansiyeliyle \u00f6zel bir yer ama bizim amac\u0131m\u0131z gen\u00e7lerimize buradaki beyaz destan\u0131 anlatmak. Say\u0131n Cumhurba\u015fkan\u0131m\u0131z\u0131n talimat\u0131yla Gen\u00e7lik ve Spor Bakanl\u0131\u011f\u0131 olarak biz ba\u015fta \u00c7anakkale ve Malazgirt olmak \u00fczere Milli M\u00fccadele&#8217;nin ger\u00e7ekle\u015fti\u011fi Dumlup\u0131nar, K\u00fctahya olmak \u00fczere pek \u00e7ok organizasyonla beraber, gen\u00e7lerimize bu milletin vatan i\u00e7in neler feda etti\u011fini g\u00f6stermeye devam ediyoruz. Gen\u00e7ler i\u00e7in \u00e7ok \u00f6nemli. Gen\u00e7ler \u015funu bilmeli ki bu vatan i\u00e7in o zamanlar hangi \u015fartlarda neler feda edilmi\u015fti. Bizzat buraya gelerek onlar\u0131 g\u00f6rmeleri \u00e7ok \u00f6nemli. Buradaki an\u0131lar\u0131 gittiklerinde anlatt\u0131klar\u0131, burada ya\u015fad\u0131klar\u0131n\u0131 ve hissettiklerini anlatmalar\u0131 \u00e7ok \u00f6nemli.&#8221;<\/p>\n\n\n\n<p>Bakanl\u0131k olarak ge\u00e7en y\u0131l \u00c7anakkale&#8217;ye T\u00fcrkiye&#8217;nin d\u00f6rt bir yan\u0131ndan 110 bin genci g\u00f6t\u00fcrd\u00fcklerini anlatan Bak, &#8220;Bir \u00fclkenin de\u011ferlerini gen\u00e7lere nas\u0131l kazand\u0131r\u0131rs\u0131n\u0131z diye s\u00f6yl\u00fcyorlar. \u0130\u015fte bu millet taraf\u0131ndan verilmi\u015f destans\u0131 m\u00fccadeleyi anlatmak gerekiyor. \u0130\u015fte bunlar\u0131n en b\u00fcy\u00fck \u00f6rneklerinden bir tanesi Sar\u0131kam\u0131\u015f. \u00c7etin hava \u015fartlar\u0131nda, zor \u015fartlarda ger\u00e7ekle\u015ftirilen bir harekat ve bu harekatta kar\u015f\u0131la\u015f\u0131lan do\u011fa \u00fcst\u00fc g\u00fc\u00e7ler, so\u011fuk, buz, mermi gibi kar ya\u011f\u0131\u015f\u0131 ve b\u00fct\u00fcn bunlara g\u00f6\u011f\u00fcs geren bir millet ve ordu. O y\u00fczden bu heyecan\u0131, azmi ve co\u015fkuyu g\u00f6rmek gerekiyor.&#8221; ifadelerini kulland\u0131.<\/p>\n\n\n\n<p><img decoding=\"async\" alt=\"\" src=\"https:\/\/cdnuploads.aa.com.tr\/uploads\/userFiles\/6947967c-137a-4de7-835b-b314e2d96ef8\/2026%2F01%2F20260104_2_72340746_120819535.jpg\"><br><em>Foto\u011fraf: Hilmi Tunahan Karakaya\/AA<\/em><\/p>\n\n\n\n<h3 class=\"wp-block-heading\">&#8220;Bu \u00fclkenin her k\u00f6\u015fesinde destanlar yazan T\u00fcrk ordusu var&#8221;<\/h3>\n\n\n\n<p>Bak, T\u00fcrkiye&#8217;nin ordusuyla her zaman gitti\u011fi yerlerde destan yazan bir ordu oldu\u011funa dikkati \u00e7ekerek, \u015f\u00f6yle devam etti:<\/p>\n\n\n\n<p>&#8220;Bu \u00fclkenin her k\u00f6\u015fesinde destanlar yazan T\u00fcrk ordusu var. \u0130\u015fte o nedenle bu ordumuzu da Say\u0131n Cumhurba\u015fkan\u0131m\u0131z\u0131n \u00f6nderli\u011finde g\u00fc\u00e7lendirmeye devam ediyoruz. Altay tank\u0131yla, TCG Anadolu&#8217;yla, Kaan&#8217;la, \u0130HA&#8217;larla, S\u0130HA&#8217;larla ve teknoloji \u00fcreten milli teknoloji hamlesiyle b\u00fcy\u00fcyen, geli\u015fen g\u00fc\u00e7l\u00fc bir T\u00fcrkiye var. T\u00fcrkiye Y\u00fczy\u0131l\u0131&#8217;nda gen\u00e7ler ve g\u00fc\u00e7l\u00fc T\u00fcrk ordusu var. \u0130\u015fte biz de gen\u00e7lerimize burada asla bu \u015fehitlerimizi unutturmayaca\u011f\u0131z, Sar\u0131kam\u0131\u015f&#8217;\u0131, \u00c7anakkale Destan\u0131&#8217;n\u0131, Dumlup\u0131nar&#8217;\u0131, B\u00fcy\u00fck Taarruzu, Malazgirt&#8217;i unutturmayaca\u011f\u0131z. Bizim g\u00f6revimiz Gen\u00e7lik ve Spor Bakanl\u0131\u011f\u0131 olarak bunlar\u0131 ger\u00e7ekle\u015ftirmek.&#8221;<\/p>\n\n\n\n<p>Milli Savunma Bakanl\u0131\u011f\u0131na da te\u015fekk\u00fcr eden Bak, s\u00f6zlerini \u015f\u00f6yle tamamlad\u0131:<\/p>\n\n\n\n<p>&#8220;Onlar da bu organizasyonlarda \u00e7elik y\u00fcrekleriyle, aslan y\u00fcrekli askerlerimizle bizlere destek veriyorlar. \u0130\u015fte bu nedenle bu vatan i\u00e7in can\u0131n\u0131 feda eden \u015fehitlerimizi rahmetle an\u0131yoruz ve her seferinde gen\u00e7lerimize bunu anlatmaya devam edece\u011fiz. &#8216;Mavi Vatan&#8217;\u0131, &#8216;Ye\u015fil Vatan&#8217;\u0131, \u015fehitlerimizi, gazilerimizin kahramanl\u0131klar\u0131n\u0131 anlataca\u011f\u0131z ve onlara milli \u015fuuru, \u00fclkeyi ve vatan\u0131 sevmeyi, \u00f6zg\u00fcveni, g\u00fc\u00e7l\u00fc T\u00fcrkiye&#8217;yi anlataca\u011f\u0131z. Bu nedenle Aile ve Sosyal Hizmetler Bakanl\u0131\u011f\u0131 ile beraber burada yapt\u0131\u011f\u0131m\u0131z organizasyonlar i\u00e7in onlar\u0131n i\u015fbirliklerine te\u015fekk\u00fcr ediyoruz. Birlikte g\u00fc\u00e7l\u00fc T\u00fcrkiye i\u00e7in \u00e7al\u0131\u015fmaya devam edece\u011fiz. Ordumuzla, milletimizle, gen\u00e7lerimizle, Sar\u0131kam\u0131\u015f \u015fehitleriyle ve \u00fclkemizle gurur duyuyoruz. Her \u015fey g\u00fc\u00e7l\u00fc T\u00fcrkiye i\u00e7in diyoruz ve hep beraber \u015fehitlerimizi rahmetle an\u0131yoruz. Yine burada olaca\u011f\u0131z, Sar\u0131kam\u0131\u015f&#8217;ta olaca\u011f\u0131z, \u00c7anakkale&#8217;de olaca\u011f\u0131z, vatan i\u00e7in \u00e7al\u0131\u015fmaya devam edece\u011fiz.&#8221;<\/p>\n\n\n\n<p><img decoding=\"async\" alt=\"\" src=\"https:\/\/www.aa.com.tr\/uploads\/userFiles\/6947967c-137a-4de7-835b-b314e2d96ef8\/2025%2F12%2F20260104_2_72340136_120817500.jpg\"><br><em>Foto\u011fraf: Hilmi Tunahan Karakaya\/AA<\/em><\/p>\n\n\n\n<p>Kars Valisi Ziya Polat ise konu\u015fmas\u0131nda, 111 y\u0131l \u00f6nce kutsal vatan topraklar\u0131n\u0131 m\u00fcdafaa etmek u\u011fruna \u015fehadet \u015ferbeti i\u00e7en aziz \u015fehitleri anmak i\u00e7in vatanda\u015flarla bir arada olduklar\u0131n\u0131 s\u00f6yledi.<\/p>\n\n\n\n<p>Vatan ve milletin b\u00f6l\u00fcnmez b\u00fct\u00fcnl\u00fc\u011f\u00fc u\u011fruna \u015fehadet \u015ferbeti i\u00e7en \u015fehit ve gazileri bir kez daha rahmet, minnet ve \u015f\u00fckranla and\u0131klar\u0131n\u0131 dile getiren Polat, \u015funlar\u0131 s\u00f6yledi:<\/p>\n\n\n\n<p>&#8220;\u015e\u00fcphesiz ki aziz milletimizin tarihi, kahramanl\u0131k destanlar\u0131 ve zaferlerle doludur. Anadolu&#8217;ya ilk giri\u015f zaferimiz olan Ani&#8217;nin fethi, Malazgirt zaferi, \u0130stanbul&#8217;un fethi, \u00c7anakkale ve \u0130stiklal Sava\u015f\u0131 bunlardan sadece birka\u00e7\u0131d\u0131r. Ancak Sar\u0131kam\u0131\u015f bunlardan apayr\u0131 bir destand\u0131r.<\/p>\n\n\n\n<p>Sar\u0131kam\u0131\u015f bu milletin beyaz destan\u0131d\u0131r. Bu vatan\u0131n evlatlar\u0131, vatan\u0131na kast edenlere kar\u015f\u0131 \u00e7elikten sinesini siper eden, vatan\u0131 i\u00e7in can vermi\u015f y\u00fcrekler Allahuekber Da\u011flar\u0131nda \u015fehadet izinde sonsuzlu\u011fa y\u00fcr\u00fcd\u00fcler. 111 y\u0131l \u00f6nce so\u011fu\u011fa, zorluklara inat vatan ve bayrak sevdas\u0131yla destan yazd\u0131lar.&#8221;<\/p>\n\n\n\n<p>Polat, Sar\u0131kam\u0131\u015f Harekat\u0131, vatan a\u015fk\u0131n\u0131n ate\u015fiyle yanan sinesini keskin ayaza siper eden, g\u00f6kten kur\u015fun gibi ya\u011fan kar\u0131 kendisine kefen edinen ve b\u00f6ylece vatana adanm\u0131\u015fl\u0131k abidesi olan Mehmet\u00e7i\u011fin tarihe ge\u00e7en \u00f6l\u00fcms\u00fczl\u00fck destan\u0131 oldu\u011funu vurgulad\u0131.<\/p>\n\n\n\n<p>Polat, programlar\u0131na destek veren ba\u015fta Cumhurba\u015fkan\u0131 Recep Tayyip Erdo\u011fan olmak \u00fczere eme\u011fi ge\u00e7en herkese te\u015fekk\u00fcr etti.<\/p>\n\n\n\n<h3 class=\"wp-block-heading\">Muharip u\u00e7aklar ve &#8220;\u00c7elik Kanatlar&#8221;\u0131n g\u00f6sterisi<\/h3>\n\n\n\n<p>Konu\u015fmalar\u0131n ard\u0131ndan etkinlik, muharip u\u00e7aklar ve &#8220;\u00c7elik Kanatlar&#8221;\u0131n t\u00f6ren alan\u0131 \u00fczerinde yapt\u0131\u011f\u0131 g\u00f6steriyle sona erdi.<\/p>\n\n\n\n<p><img decoding=\"async\" alt=\"\" src=\"https:\/\/cdnuploads.aa.com.tr\/uploads\/userFiles\/6947967c-137a-4de7-835b-b314e2d96ef8\/2026%2F01%2F20260104_2_72340746_120819531.jpg\"><br><em>Foto\u011fraf: Hilmi Tunahan Karakaya\/AA<\/em><\/p>\n\n\n\n<p>Alanda, T\u00fcrk K\u0131z\u0131lay taraf\u0131ndan kat\u0131l\u0131mc\u0131lara \u00e7orba ikram\u0131nda bulunuldu.<\/p>\n\n\n\n<p>Burada vatanda\u015flar Mehmet\u00e7iklerle hat\u0131ra foto\u011fraf\u0131 \u00e7ektirdi.<\/p>\n\n\n\n<h3 class=\"wp-block-heading\">Vatanda\u015flar yo\u011fun ilgi g\u00f6sterdi<\/h3>\n\n\n\n<p>Her y\u0131l k\u0131sa kol ti\u015f\u00f6rt\u00fc ile dev T\u00fcrk bayra\u011f\u0131 ta\u015f\u0131yarak t\u00f6renlere kat\u0131lan Rizeli Ramazan \u00c7epni, AA muhabirine, 16 y\u0131ld\u0131r Sar\u0131kam\u0131\u015f \u015fehitlerini anma t\u00f6renlerine kat\u0131ld\u0131\u011f\u0131n\u0131 ve sa\u011f olduk\u00e7a bu g\u00f6revi s\u00fcrd\u00fcrece\u011fini s\u00f6yledi.<\/p>\n\n\n\n<p>\u00c7epni, &#8220;Dedelerimizin \u015fehit oldu\u011fu yerdeyiz. \u00c7ok farkl\u0131 duygularday\u0131z. \u015eu an g\u00fcne\u015f var onlar tipi alt\u0131nda \u015fehit oldular. Her zaman o duygularla geliyorum.&#8221; diye konu\u015ftu.<\/p>\n\n\n\n<p>Vatanda\u015flardan Osman K\u00f6seo\u011flu da harekata 100 ki\u015filik \u00fcniversite ekibiyle kat\u0131ld\u0131klar\u0131n\u0131 belirterek, &#8220;\u0130ki dedesini burada \u015fehit vermi\u015f ve eski bir komando olarak yakla\u015f\u0131k 15 y\u0131ld\u0131r bu etkinliklere gelmekteyim. Burada \u015fehit olanlar geri d\u00f6nmeyi d\u00fc\u015f\u00fcnmediler. Vatan\u0131m\u0131z i\u00e7in birlik beraberli\u011fimizi muhafaza ederek B\u00fcy\u00fck T\u00fcrkiye i\u00e7in \u00e7al\u0131\u015fmal\u0131y\u0131z.&#8221; ifadelerini kulland\u0131.<\/p>\n\n\n\n<h3 class=\"wp-block-heading\">Kars&#8217;ta, Sar\u0131kam\u0131\u015f \u015fehitleri an\u0131s\u0131na yap\u0131lan kardan heykeller \u0131\u015f\u0131kland\u0131r\u0131ld\u0131<\/h3>\n\n\n\n<p>Kars&#8217;ta, Sar\u0131kam\u0131\u015f Harekat\u0131&#8217;nda \u015fehit d\u00fc\u015fen askerler an\u0131s\u0131na temsili olarak yap\u0131lan kardan heykeller \u0131\u015f\u0131kland\u0131r\u0131ld\u0131.<\/p>\n\n\n\n<p>Sar\u0131kam\u0131\u015f il\u00e7esinde 3-4 Ocak tarihlerinde Sar\u0131kam\u0131\u015f Harekat\u0131&#8217;n\u0131n 111. y\u0131l\u0131 an\u0131s\u0131na d\u00fczenlenen anma etkinlikleri kapsam\u0131nda yap\u0131lan kardan heykeller, bu y\u0131l da K\u0131z\u0131l\u00e7ubuk mevkisi ile Sar\u0131kam\u0131\u015f Kayak Merkezi oteller b\u00f6lgesi olmak \u00fczere iki noktada sergilendi.<\/p>\n\n\n\n<p>Kayak merkezinde yap\u0131lan kardan heykellerin \u0131\u015f\u0131kland\u0131r\u0131lmas\u0131 g\u00fczel g\u00f6r\u00fcnt\u00fc olu\u015fturdu.<\/p>\n\n\n\n<p>Vatanda\u015flardan T\u00fcrk\u00fc Do\u011fa Demirci, AA muhabirine, kardan \u015fehit heykellerinin \u0131\u015f\u0131kland\u0131r\u0131lmayla dikkati \u00e7ekti\u011fini belirterek &#8220;Ak\u015fam \u00fczeri bu kardan \u015fehit heykellerinin \u0131\u015f\u0131kland\u0131rmas\u0131 vard\u0131. Ger\u00e7ekten g\u00fczel g\u00f6r\u00fcn\u00fcyor. Bu vesileyle bir kez daha \u015fehitlerimizin ruhlar\u0131 \u015fad olsun.&#8221; dedi.<\/p>\n\n\n\n<p>Kaynak: AA<\/p>\n\n\n\n<p><\/p>\n","protected":false},"excerpt":{"rendered":"<p>Kars&#8217;\u0131n Sar\u0131kam\u0131\u015f il\u00e7esinde Sar\u0131kam\u0131\u015f Harekat\u0131&#8217;n\u0131n 111. y\u0131l\u0131 anma etkinlikleri kapsam\u0131nda d\u00fczenlenen y\u00fcr\u00fcy\u00fc\u015f sona erdi. Bir\u00e7ok ilden ve yurt d\u0131\u015f\u0131ndan gen\u00e7, ya\u015fl\u0131 \u00e7ok say\u0131da ki\u015fi, sabah\u0131n erken saatlerinde &#8220;T\u00fcrkiye \u015eehitleriyle Y\u00fcr\u00fcyor&#8221; ve &#8220;Bu toprakta izin var&#8221; temas\u0131yla ger\u00e7ekle\u015ftirilen anma etkinli\u011fine kat\u0131lmak \u00fczere So\u011fanl\u0131 ile Allahuekber Da\u011flar\u0131 aras\u0131ndaki K\u0131z\u0131l\u00e7ubuk Zirvesi&#8217;nde bulu\u015ftu. Kent merkeziyle Sar\u0131kam\u0131\u015f il\u00e7esinden otob\u00fcslerle zirveye [&hellip;]<\/p>\n","protected":false},"author":1,"featured_media":8345,"comment_status":"open","ping_status":"open","sticky":false,"template":"","format":"standard","meta":{"footnotes":""},"categories":[1,9],"tags":[3251,3250,3252,1613,3249,3247,3248,584,3246],"class_list":["post-8344","post","type-post","status-publish","format-standard","has-post-thumbnail","hentry","category-gundem","category-video-galeri","tag-ahmet-arslan","tag-ak-parti-kars-milletvekili-adem-calkin","tag-chp-kars-milletvekili-inan-akgun-alp","tag-kars","tag-kars-valisi-ziya-polat","tag-kizilcubuk-zirvesi","tag-mahinur-ozdemir-goktas","tag-osman-askin-bak","tag-sarikamis"],"_links":{"self":[{"href":"https:\/\/www.trabzonmanset.com\/index.php\/wp-json\/wp\/v2\/posts\/8344","targetHints":{"allow":["GET"]}}],"collection":[{"href":"https:\/\/www.trabzonmanset.com\/index.php\/wp-json\/wp\/v2\/posts"}],"about":[{"href":"https:\/\/www.trabzonmanset.com\/index.php\/wp-json\/wp\/v2\/types\/post"}],"author":[{"embeddable":true,"href":"https:\/\/www.trabzonmanset.com\/index.php\/wp-json\/wp\/v2\/users\/1"}],"replies":[{"embeddable":true,"href":"https:\/\/www.trabzonmanset.com\/index.php\/wp-json\/wp\/v2\/comments?post=8344"}],"version-history":[{"count":2,"href":"https:\/\/www.trabzonmanset.com\/index.php\/wp-json\/wp\/v2\/posts\/8344\/revisions"}],"predecessor-version":[{"id":8348,"href":"https:\/\/www.trabzonmanset.com\/index.php\/wp-json\/wp\/v2\/posts\/8344\/revisions\/8348"}],"wp:featuredmedia":[{"embeddable":true,"href":"https:\/\/www.trabzonmanset.com\/index.php\/wp-json\/wp\/v2\/media\/8345"}],"wp:attachment":[{"href":"https:\/\/www.trabzonmanset.com\/index.php\/wp-json\/wp\/v2\/media?parent=8344"}],"wp:term":[{"taxonomy":"category","embeddable":true,"href":"https:\/\/www.trabzonmanset.com\/index.php\/wp-json\/wp\/v2\/categories?post=8344"},{"taxonomy":"post_tag","embeddable":true,"href":"https:\/\/www.trabzonmanset.com\/index.php\/wp-json\/wp\/v2\/tags?post=8344"}],"curies":[{"name":"wp","href":"https:\/\/api.w.org\/{rel}","templated":true}]}}