{"id":8326,"date":"2026-01-04T21:03:21","date_gmt":"2026-01-04T18:03:21","guid":{"rendered":"https:\/\/www.trabzonmanset.com\/?p=8326"},"modified":"2026-01-04T21:03:22","modified_gmt":"2026-01-04T18:03:22","slug":"celikkubbeye-bir-siper-sistemi-daha-eklendi","status":"publish","type":"post","link":"https:\/\/www.trabzonmanset.com\/index.php\/2026\/01\/04\/celikkubbeye-bir-siper-sistemi-daha-eklendi\/","title":{"rendered":"\u00c7EL\u0130KKUBBE&#8217;ye bir S\u0130PER Sistemi daha eklendi"},"content":{"rendered":"\n<p>Entegre Hava Savunma Sistemi \u00c7EL\u0130KKUBBE&#8217;ye bir S\u0130PER Uzun Menzilli Hava Savunma Sistemi daha eklendi.<\/p>\n\n\n\n<p>Cumhurba\u015fkanl\u0131\u011f\u0131 Savunma Sanayii Ba\u015fkan\u0131 Haluk G\u00f6rg\u00fcn, NSosyal hesab\u0131ndan yapt\u0131\u011f\u0131 payla\u015f\u0131mda, \u00c7EL\u0130KKUBBE\u2019de teslimatlar\u0131n kesintisiz devam etti\u011fini, bir S\u0130PER Sistemi&#8217;nin daha envantere kazand\u0131r\u0131ld\u0131\u011f\u0131n\u0131 bildirdi.<\/p>\n\n\n\n<p>Seri \u00fcretim s\u00fcrecinin h\u0131z kesmeden devam etti\u011fini aktaran G\u00f6rg\u00fcn, Uzun Menzilli B\u00f6lge Hava Savunma Sistemi S\u0130PER-1&#8217;in, otonom batarya kabul\u00fcne y\u00f6nelik at\u0131\u015fl\u0131 test faaliyetini ba\u015far\u0131yla tamamlad\u0131\u011f\u0131n\u0131 ifade etti.<\/p>\n\n\n\n<figure class=\"wp-block-embed is-type-rich is-provider-twitter wp-block-embed-twitter\"><div class=\"wp-block-embed__wrapper\">\n<blockquote class=\"twitter-tweet\" data-width=\"550\" data-dnt=\"true\"><p lang=\"tr\" dir=\"ltr\">\ud83d\udee1\ufe0f \u00c7EL\u0130KKUBBE\u2019ye bir S\u0130PER daha eklendi<br><br>\u27a1\ufe0f Uzun Menzilli B\u00f6lge Hava Savunma Sistemi S\u0130PER-1\u2019in bir bataryas\u0131 daha envantere al\u0131nd\u0131<br><br>\u27a1\ufe0f Otonom batarya kabul\u00fcne y\u00f6nelik at\u0131\u015fl\u0131 test, zorlu senaryoda hedefin ba\u015far\u0131yla imha edilmesiyle tamamland\u0131<br><br>\u27a1\ufe0f Test, S\u0130PER-1\u2019in uzun menzilli\u2026 <a href=\"https:\/\/t.co\/yDWz2SKB50\">pic.twitter.com\/yDWz2SKB50<\/a><\/p>&mdash; Anadolu Ajans\u0131 (@anadoluajansi) <a href=\"https:\/\/twitter.com\/anadoluajansi\/status\/2007759299490025538?ref_src=twsrc%5Etfw\">January 4, 2026<\/a><\/blockquote><script async src=\"https:\/\/platform.twitter.com\/widgets.js\" charset=\"utf-8\"><\/script>\n<\/div><\/figure>\n\n\n\n<p>G\u00f6rg\u00fcn, \u015funlar\u0131 kaydetti:<\/p>\n\n\n\n<p>&#8220;Zorlu bir senaryo alt\u0131nda manevra yapan dost ve d\u00fc\u015fman hava unsurlar\u0131n\u0131n e\u015f zamanl\u0131 olarak bulundu\u011fu ortamda icra edilen testte hedef ba\u015far\u0131yla imha edilmi\u015f, S\u0130PER-1&#8217;in uzun menzilli \u00f6nleme kabiliyeti ve operasyonel olgunlu\u011fu bir kez daha sahada teyit edilmi\u015ftir.<\/p>\n\n\n\n<p>\u00dcrettik\u00e7e g\u00fc\u00e7lenen kahraman ordumuz i\u00e7in milli imkanlarla geli\u015ftirilen ve seri imalat s\u00fcreci kararl\u0131l\u0131kla s\u00fcrd\u00fcr\u00fclen bu stratejik sistemleri birer birer envantere kazand\u0131r\u0131yor, \u00c7EL\u0130KKUBBE\u2019nin sahadaki cayd\u0131r\u0131c\u0131l\u0131\u011f\u0131n\u0131 her teslimatla daha da ileri ta\u015f\u0131yoruz.<\/p>\n\n\n\n<p>Projede eme\u011fi ge\u00e7en ASELSAN ve Roketsan ekiplerini, Milli Savunma Bakanl\u0131\u011f\u0131m\u0131z\u0131, T\u00fcrk Silahl\u0131 Kuvvetlerimizin k\u0131ymetli personelini ve Ba\u015fkanl\u0131\u011f\u0131m\u0131z personelini g\u00f6n\u00fclden tebrik ediyorum.&#8221;<\/p>\n\n\n\n<figure class=\"wp-block-image size-full\"><img loading=\"lazy\" decoding=\"async\" width=\"750\" height=\"422\" src=\"https:\/\/www.trabzonmanset.com\/wp-content\/uploads\/2026\/01\/Ocak_3_AA-savunma1.jpg?wsr\" alt=\"\" class=\"wp-image-8327\" srcset=\"https:\/\/www.trabzonmanset.com\/wp-content\/uploads\/2026\/01\/Ocak_3_AA-savunma1.jpg 750w, https:\/\/www.trabzonmanset.com\/wp-content\/uploads\/2026\/01\/Ocak_3_AA-savunma1-300x169.jpg 300w\" sizes=\"auto, (max-width: 750px) 100vw, 750px\" \/><\/figure>\n\n\n\n<p>ASELSAN hesab\u0131ndan yap\u0131lan payla\u015f\u0131mda da &#8220;S\u0130PER-1 seri \u00fcretim batarya teslimat\u0131 kabul at\u0131\u015f\u0131. \u00c7EL\u0130KKUBBE&#8217;nin uzun menzil ve y\u00fcksek irtifadaki stratejik g\u00fcc\u00fc S\u0130PER-1, manevra yapan dost ve d\u00fc\u015fman u\u00e7aklar\u0131n havada oldu\u011fu zorlay\u0131c\u0131 bir senaryoda hedefi ba\u015far\u0131yla imha etti.&#8221; bilgisi payla\u015f\u0131ld\u0131.<\/p>\n\n\n\n<figure class=\"wp-block-image size-full\"><img loading=\"lazy\" decoding=\"async\" width=\"750\" height=\"422\" src=\"https:\/\/www.trabzonmanset.com\/wp-content\/uploads\/2026\/01\/Ocak_3_AA-savunma3.jpg?wsr\" alt=\"\" class=\"wp-image-8329\" srcset=\"https:\/\/www.trabzonmanset.com\/wp-content\/uploads\/2026\/01\/Ocak_3_AA-savunma3.jpg 750w, https:\/\/www.trabzonmanset.com\/wp-content\/uploads\/2026\/01\/Ocak_3_AA-savunma3-300x169.jpg 300w\" sizes=\"auto, (max-width: 750px) 100vw, 750px\" \/><\/figure>\n\n\n\n<p>Roketsan&#8217;\u0131n payla\u015f\u0131m\u0131nda da &#8220;G\u00f6k Vatan\u2019\u0131m\u0131z\u0131n sars\u0131lmaz muhaf\u0131z\u0131 S\u0130PER, g\u00f6rev ba\u015f\u0131nda. Hava savunma sistemimiz S\u0130PER, ger\u00e7ekle\u015ftirilen at\u0131\u015fl\u0131 test faaliyetinde hedefini tam isabetle vurdu. \u00c7EL\u0130KKUBBE&#8217;mizin cayd\u0131r\u0131c\u0131l\u0131\u011f\u0131n\u0131 zirveye ta\u015f\u0131yan y\u00fcksek teknoloji sistemlerimizle, \u00fclkemizin uzun menzilli hava savunma kabiliyetini g\u00fc\u00e7lendirmeye devam ediyoruz.&#8221; ifadelerine yer verildi.<\/p>\n\n\n\n<p>Kaynak: AA<\/p>\n","protected":false},"excerpt":{"rendered":"<p>Entegre Hava Savunma Sistemi \u00c7EL\u0130KKUBBE&#8217;ye bir S\u0130PER Uzun Menzilli Hava Savunma Sistemi daha eklendi. Cumhurba\u015fkanl\u0131\u011f\u0131 Savunma Sanayii Ba\u015fkan\u0131 Haluk G\u00f6rg\u00fcn, NSosyal hesab\u0131ndan yapt\u0131\u011f\u0131 payla\u015f\u0131mda, \u00c7EL\u0130KKUBBE\u2019de teslimatlar\u0131n kesintisiz devam etti\u011fini, bir S\u0130PER Sistemi&#8217;nin daha envantere kazand\u0131r\u0131ld\u0131\u011f\u0131n\u0131 bildirdi. Seri \u00fcretim s\u00fcrecinin h\u0131z kesmeden devam etti\u011fini aktaran G\u00f6rg\u00fcn, Uzun Menzilli B\u00f6lge Hava Savunma Sistemi S\u0130PER-1&#8217;in, otonom batarya kabul\u00fcne [&hellip;]<\/p>\n","protected":false},"author":1,"featured_media":8330,"comment_status":"open","ping_status":"open","sticky":false,"template":"","format":"standard","meta":{"footnotes":""},"categories":[15],"tags":[2125,2129,2697,1440,3235,3237,3236],"class_list":["post-8326","post","type-post","status-publish","format-standard","has-post-thumbnail","hentry","category-teknoloji","tag-aselsan","tag-celikkubbe","tag-nsosyal","tag-roketsan","tag-siper","tag-siper-1","tag-uzun-menzilli-hava-savunma-sistemi"],"_links":{"self":[{"href":"https:\/\/www.trabzonmanset.com\/index.php\/wp-json\/wp\/v2\/posts\/8326","targetHints":{"allow":["GET"]}}],"collection":[{"href":"https:\/\/www.trabzonmanset.com\/index.php\/wp-json\/wp\/v2\/posts"}],"about":[{"href":"https:\/\/www.trabzonmanset.com\/index.php\/wp-json\/wp\/v2\/types\/post"}],"author":[{"embeddable":true,"href":"https:\/\/www.trabzonmanset.com\/index.php\/wp-json\/wp\/v2\/users\/1"}],"replies":[{"embeddable":true,"href":"https:\/\/www.trabzonmanset.com\/index.php\/wp-json\/wp\/v2\/comments?post=8326"}],"version-history":[{"count":1,"href":"https:\/\/www.trabzonmanset.com\/index.php\/wp-json\/wp\/v2\/posts\/8326\/revisions"}],"predecessor-version":[{"id":8331,"href":"https:\/\/www.trabzonmanset.com\/index.php\/wp-json\/wp\/v2\/posts\/8326\/revisions\/8331"}],"wp:featuredmedia":[{"embeddable":true,"href":"https:\/\/www.trabzonmanset.com\/index.php\/wp-json\/wp\/v2\/media\/8330"}],"wp:attachment":[{"href":"https:\/\/www.trabzonmanset.com\/index.php\/wp-json\/wp\/v2\/media?parent=8326"}],"wp:term":[{"taxonomy":"category","embeddable":true,"href":"https:\/\/www.trabzonmanset.com\/index.php\/wp-json\/wp\/v2\/categories?post=8326"},{"taxonomy":"post_tag","embeddable":true,"href":"https:\/\/www.trabzonmanset.com\/index.php\/wp-json\/wp\/v2\/tags?post=8326"}],"curies":[{"name":"wp","href":"https:\/\/api.w.org\/{rel}","templated":true}]}}