{"id":8316,"date":"2026-01-04T18:45:00","date_gmt":"2026-01-04T15:45:00","guid":{"rendered":"https:\/\/www.trabzonmanset.com\/?p=8316"},"modified":"2026-01-04T20:47:04","modified_gmt":"2026-01-04T17:47:04","slug":"cumhurbaskani-erdogan-suudi-arabistan-veliaht-prensi-muhammed-bin-selmanla-telefonda-gorustu","status":"publish","type":"post","link":"https:\/\/www.trabzonmanset.com\/index.php\/2026\/01\/04\/cumhurbaskani-erdogan-suudi-arabistan-veliaht-prensi-muhammed-bin-selmanla-telefonda-gorustu\/","title":{"rendered":"Cumhurba\u015fkan\u0131 Erdo\u011fan, Suudi Arabistan Veliaht Prensi Muhammed bin Selman&#8217;la telefonda g\u00f6r\u00fc\u015ft\u00fc"},"content":{"rendered":"\n<p>G\u00f6r\u00fc\u015fmede, b\u00f6lgesel ve k\u00fcresel konular ele al\u0131nd\u0131.&nbsp;<\/p>\n\n\n\n<p>Cumhurba\u015fkan\u0131 Erdo\u011fan, T\u00fcrkiye&#8217;nin Yemen&#8217;de taraflar\u0131n bir araya getirilmesine ili\u015fkin gayretlere katk\u0131 sunmaya haz\u0131r oldu\u011funu ifade etti.<\/p>\n\n\n\n<p>Erdo\u011fan, T\u00fcrkiye&#8217;nin Somali ve Yemen&#8217;deki geli\u015fmeleri takip etti\u011fini, her iki \u00fclkenin toprak b\u00fct\u00fcnl\u00fc\u011f\u00fcn\u00fcn korunmas\u0131n\u0131n b\u00f6lgesel istikrar i\u00e7in \u00f6nemli oldu\u011funu belirtti.<\/p>\n\n\n\n<p>Kaynak: AA<\/p>\n","protected":false},"excerpt":{"rendered":"<p>G\u00f6r\u00fc\u015fmede, b\u00f6lgesel ve k\u00fcresel konular ele al\u0131nd\u0131.&nbsp; Cumhurba\u015fkan\u0131 Erdo\u011fan, T\u00fcrkiye&#8217;nin Yemen&#8217;de taraflar\u0131n bir araya getirilmesine ili\u015fkin gayretlere katk\u0131 sunmaya haz\u0131r oldu\u011funu ifade etti. Erdo\u011fan, T\u00fcrkiye&#8217;nin Somali ve Yemen&#8217;deki geli\u015fmeleri takip etti\u011fini, her iki \u00fclkenin toprak b\u00fct\u00fcnl\u00fc\u011f\u00fcn\u00fcn korunmas\u0131n\u0131n b\u00f6lgesel istikrar i\u00e7in \u00f6nemli oldu\u011funu belirtti. Kaynak: AA<\/p>\n","protected":false},"author":1,"featured_media":8317,"comment_status":"open","ping_status":"open","sticky":false,"template":"","format":"standard","meta":{"footnotes":""},"categories":[11],"tags":[846,3226],"class_list":["post-8316","post","type-post","status-publish","format-standard","has-post-thumbnail","hentry","category-manset","tag-cumhurbaskani-erdogan","tag-muhammed-bin-selman"],"_links":{"self":[{"href":"https:\/\/www.trabzonmanset.com\/index.php\/wp-json\/wp\/v2\/posts\/8316","targetHints":{"allow":["GET"]}}],"collection":[{"href":"https:\/\/www.trabzonmanset.com\/index.php\/wp-json\/wp\/v2\/posts"}],"about":[{"href":"https:\/\/www.trabzonmanset.com\/index.php\/wp-json\/wp\/v2\/types\/post"}],"author":[{"embeddable":true,"href":"https:\/\/www.trabzonmanset.com\/index.php\/wp-json\/wp\/v2\/users\/1"}],"replies":[{"embeddable":true,"href":"https:\/\/www.trabzonmanset.com\/index.php\/wp-json\/wp\/v2\/comments?post=8316"}],"version-history":[{"count":1,"href":"https:\/\/www.trabzonmanset.com\/index.php\/wp-json\/wp\/v2\/posts\/8316\/revisions"}],"predecessor-version":[{"id":8318,"href":"https:\/\/www.trabzonmanset.com\/index.php\/wp-json\/wp\/v2\/posts\/8316\/revisions\/8318"}],"wp:featuredmedia":[{"embeddable":true,"href":"https:\/\/www.trabzonmanset.com\/index.php\/wp-json\/wp\/v2\/media\/8317"}],"wp:attachment":[{"href":"https:\/\/www.trabzonmanset.com\/index.php\/wp-json\/wp\/v2\/media?parent=8316"}],"wp:term":[{"taxonomy":"category","embeddable":true,"href":"https:\/\/www.trabzonmanset.com\/index.php\/wp-json\/wp\/v2\/categories?post=8316"},{"taxonomy":"post_tag","embeddable":true,"href":"https:\/\/www.trabzonmanset.com\/index.php\/wp-json\/wp\/v2\/tags?post=8316"}],"curies":[{"name":"wp","href":"https:\/\/api.w.org\/{rel}","templated":true}]}}