{"id":8291,"date":"2026-01-03T18:58:00","date_gmt":"2026-01-03T15:58:00","guid":{"rendered":"https:\/\/www.trabzonmanset.com\/?p=8291"},"modified":"2026-01-03T20:03:18","modified_gmt":"2026-01-03T17:03:18","slug":"abd-venezuelanin-baskenti-caracasi-bombaladi","status":"publish","type":"post","link":"https:\/\/www.trabzonmanset.com\/index.php\/2026\/01\/03\/abd-venezuelanin-baskenti-caracasi-bombaladi\/","title":{"rendered":"ABD Venezuela&#8217;n\u0131n ba\u015fkenti Caracas&#8217;\u0131 bombalad\u0131"},"content":{"rendered":"\n<p>Venezuela&#8217;n\u0131n ba\u015fkenti Caracas&#8217;ta en az 7 patlama sesi duyuldu. Trump, &#8220;ABD, Venezuela ve lideri Ba\u015fkan Nicolas Maduro&#8217;ya kar\u015f\u0131 b\u00fcy\u00fck \u00e7apl\u0131 bir sald\u0131r\u0131 d\u00fczenlemi\u015f ve Maduro ile e\u015fi yakalanarak \u00fclke d\u0131\u015f\u0131na \u00e7\u0131kar\u0131lm\u0131\u015ft\u0131r.&#8221; a\u00e7\u0131klamas\u0131nda bulundu.<\/p>\n\n\n\n<p>G\u00f6rg\u00fc tan\u0131klar\u0131na g\u00f6re, ba\u015fkentte yerel saatle 02.00 s\u0131ralar\u0131nda en az 7 patlama sesi geldi.<\/p>\n\n\n\n<p>Patlamalar\u0131n ard\u0131ndan bir\u00e7ok mahallede halk\u0131n evlerinden \u00e7\u0131karak sokaklara y\u00f6neldi\u011fi, baz\u0131 b\u00f6lgelerde patlama seslerinin uzaktan da net duyuldu\u011fu aktar\u0131ld\u0131.<\/p>\n\n\n\n<p>Al\u00e7aktan u\u00e7tu\u011fu g\u00f6zlemlenen u\u00e7aklar da kent genelinde pani\u011fe yol a\u00e7t\u0131.<\/p>\n\n\n\n<p>Venezuela&#8217;daki olaya ait oldu\u011fu iddia edilen sosyal medya payla\u015f\u0131mlar\u0131nda ise kentin farkl\u0131 noktalar\u0131ndaki patlama g\u00f6r\u00fcnt\u00fcleri yer ald\u0131.<\/p>\n\n\n\n<p>Dola\u015f\u0131ma giren bir ba\u015fka g\u00f6r\u00fcnt\u00fcde de Venezuela ordusuna ait z\u0131rhl\u0131 ara\u00e7lar, ba\u015fkentteki Miraflores Ba\u015fkanl\u0131k Saray\u0131 yak\u0131nlar\u0131nda sokaklarda g\u00f6r\u00fcld\u00fc.<\/p>\n\n\n\n<h3 class=\"wp-block-heading\">Venezuela Devlet Ba\u015fkan Yard\u0131mc\u0131s\u0131, ABD&#8217;den Maduro ile e\u015finin hayatta olduklar\u0131na dair kan\u0131t talep etti<\/h3>\n\n\n\n<p>Venezuela Devlet Ba\u015fkan Yard\u0131mc\u0131s\u0131 Delcy Rodriguez, Devlet Ba\u015fkan\u0131 Nicolas Maduro ile e\u015finin nerede oldu\u011funun bilinmedi\u011fini ve ABD&#8217;den hayatta olduklar\u0131na dair kan\u0131t talep ettiklerini s\u00f6yledi.<\/p>\n\n\n\n<p>CNN&#8217;in haberine g\u00f6re Rodriguez, devlet televizyonu VTV Venezuela&#8217;ya yapt\u0131\u011f\u0131 a\u00e7\u0131klamada, ABD sald\u0131r\u0131s\u0131n\u0131n \u00fclke genelinde yetkililerin, askeri personelin ve sivillerin hayat\u0131na mal oldu\u011funu s\u00f6yledi.<\/p>\n\n\n\n<p>Rodriguez, &#8220;Donald Trump h\u00fck\u00fcmetinden, Ba\u015fkan Maduro ve e\u015finin hayatta olduklar\u0131na dair acil kan\u0131t talep ediyoruz.&#8221; dedi.<\/p>\n\n\n\n<h3 class=\"wp-block-heading\">Maduro, son g\u00f6r\u00fc\u015fmesini \u00c7in heyeti ile yapt\u0131<\/h3>\n\n\n\n<p>Yerel bas\u0131ndaki haberlere g\u00f6re, Maduro, Venezuela&#8217;n\u0131n ba\u015fkenti Caracas&#8217;a d\u00fczenlenen sald\u0131r\u0131lardan yakla\u015f\u0131k 12 saat \u00f6nce \u00c7in heyetiyle g\u00f6r\u00fc\u015ft\u00fc.<\/p>\n\n\n\n<p>Ba\u015fkentteki Miraflores Saray\u0131&#8217;nda \u00c7in&#8217;in \u00f6zel temsilcisi \u00c7iu \u015eiao\u00e7i ba\u015fkanl\u0131\u011f\u0131ndaki \u00c7in heyetiyle yap\u0131lan g\u00f6r\u00fc\u015fmede iki \u00fclke aras\u0131ndaki i\u015fbirli\u011fi ele al\u0131nd\u0131.<\/p>\n\n\n\n<p>G\u00f6r\u00fc\u015fmeye, Venezuela Devlet Ba\u015fkan Yard\u0131mc\u0131s\u0131 Delcy Rodriguez, D\u0131\u015fi\u015fleri Bakan\u0131 Yvan Gil ve \u00c7in&#8217;in Caracas B\u00fcy\u00fckel\u00e7isi Lan Hu da kat\u0131ld\u0131.<\/p>\n\n\n\n<figure class=\"wp-block-image\"><img decoding=\"async\" src=\"https:\/\/www.aa.com.tr\/uploads\/userFiles\/c9f1ae26-3cf3-4ab4-9d72-230dedd01a4c\/AA-40148808.jpg\" alt=\"\"\/><\/figure>\n\n\n\n<p>Toplant\u0131da, Venezuela ve \u00c7in aras\u0131nda imzalanan 600&#8217;den fazla ikili anla\u015fma g\u00f6zden ge\u00e7irildi, enerji, ticaret ve altyap\u0131 gibi alanlarda iki \u00fclke aras\u0131nda devam eden yak\u0131n i\u015fbirli\u011fi de\u011ferlendirildi.<\/p>\n\n\n\n<p>G\u00f6r\u00fc\u015fme, \u00fclkeye d\u00fczenlenen ABD sald\u0131r\u0131lar\u0131 \u00f6ncesi Maduro&#8217;nun son resmi diplomatik g\u00f6r\u00fc\u015fmesi oldu.<\/p>\n\n\n\n<p>Caracas h\u00fck\u00fcmetinden yap\u0131lan yaz\u0131l\u0131 a\u00e7\u0131klamada, ABD y\u00f6netiminin ba\u015fkent ile Miranda, Aragua ve La Guaira eyaletlerinde sivil ve askeri noktalara y\u00f6nelik ger\u00e7ekle\u015ftirdi\u011fi sald\u0131r\u0131lar\u0131n &#8220;\u015fiddetle reddedildi\u011fi\u201d ve \u201ck\u0131nand\u0131\u011f\u0131&#8221; bildirildi.<\/p>\n\n\n\n<p>S\u00f6z konusu eylemlerin Birle\u015fmi\u015f Milletler \u015eart\u0131&#8217;n\u0131n \u00f6zellikle devletlerin egemenli\u011fine sayg\u0131, hukuksal e\u015fitlik ve g\u00fc\u00e7 kullanma yasa\u011f\u0131n\u0131 d\u00fczenleyen 1. ve 2. maddelerinin a\u00e7\u0131k ihlali oldu\u011fu kaydedildi.<\/p>\n\n\n\n<p>Sald\u0131r\u0131lar\u0131n Latin Amerika ve Karayipler ba\u015fta olmak \u00fczere, uluslararas\u0131 bar\u0131\u015f ve istikrar\u0131 tehdit etti\u011fi, milyonlarca insan\u0131n hayat\u0131n\u0131 ciddi bi\u00e7imde tehlikeye att\u0131\u011f\u0131 ifade edilen a\u00e7\u0131klamada, sald\u0131r\u0131lar\u0131n amac\u0131n\u0131n, ba\u015fta petrol ve madenler olmak \u00fczere \u00fclkenin stratejik kaynaklar\u0131n\u0131 ele ge\u00e7irmek ve \u00fclkenin siyasi ba\u011f\u0131ms\u0131zl\u0131\u011f\u0131n\u0131 zorla ortadan kald\u0131rmak oldu\u011fu savunuldu.<\/p>\n\n\n\n<p>A\u00e7\u0131klamada, Devlet Ba\u015fkan\u0131 Nicolas Maduro&#8217;nun Anayasa, Ola\u011fan\u00fcst\u00fc Hal Yasas\u0131 ve Ulusal G\u00fcvenlik Yasas\u0131 \u00e7er\u00e7evesinde t\u00fcm ulusal savunma planlar\u0131n\u0131n uygun zamanda ve ko\u015fullarda devreye sokulmas\u0131 talimat\u0131n\u0131 verdi\u011fi belirtildi.&nbsp;<\/p>\n\n\n\n<p>Bu kapsamda Maduro&#8217;nun, \u00fclke genelinde &#8220;d\u0131\u015f m\u00fcdahaleden kaynaklanan bir ola\u011fan\u00fcst\u00fc durum&#8221; ilan eden kararnameyi imzalad\u0131\u011f\u0131 kaydedildi.<\/p>\n\n\n\n<p>A\u00e7\u0131klamada ayr\u0131ca, \u00fclke genelinde askeri birlikler ile eyalet ve belediyelerdeki savunma birimlerinin derhal konu\u015fland\u0131r\u0131lmas\u0131 talimat\u0131n\u0131n verildi\u011fi aktar\u0131ld\u0131.<\/p>\n\n\n\n<p>Birle\u015fmi\u015f Milletler \u015eart\u0131&#8217;n\u0131n 51. maddesi uyar\u0131nca halk\u0131n\u0131, topraklar\u0131n\u0131 ve ba\u011f\u0131ms\u0131zl\u0131\u011f\u0131n\u0131 korumak amac\u0131yla me\u015fru m\u00fcdafaa hakk\u0131n\u0131n sakl\u0131 tutuldu\u011fu da vurguland\u0131.&nbsp;<\/p>\n\n\n\n<figure class=\"wp-block-image\"><a href=\"https:\/\/www.aa.com.tr\/tr\/info\/infografik\/49529\" target=\"_blank\" rel=\"noreferrer noopener\"><img decoding=\"async\" src=\"https:\/\/www.aa.com.tr\/uploads\/userFiles\/7fc6ad83-e801-4dd2-b1c1-974abd5a6af0\/2025%2F9%2FAA-40147952.jpg\" alt=\"\"\/><\/a><\/figure>\n\n\n\n<h3 class=\"wp-block-heading\">Venezuela Savunma Bakan\u0131, uluslararas\u0131 topluma ABD&#8217;nin k\u0131nanmas\u0131 \u00e7a\u011fr\u0131s\u0131nda bulundu<\/h3>\n\n\n\n<p>Venezuela Savunma Bakan\u0131 Vladimir Padrino Lopez, sosyal medya hesab\u0131ndan payla\u015ft\u0131\u011f\u0131 videoda, \u00fclkesine y\u00f6nelik sald\u0131r\u0131lara ili\u015fkin konu\u015ftu.<\/p>\n\n\n\n<p>Venezuela Savunma Bakan\u0131 Lopez, &#8220;Venezuela halk\u0131, ABD h\u00fck\u00fcmeti taraf\u0131ndan ger\u00e7ekle\u015ftirilen en ac\u0131mas\u0131z askeri sald\u0131r\u0131lar\u0131n hedefi olmu\u015ftur.&#8221; dedi.<\/p>\n\n\n\n<p>Sald\u0131r\u0131lar\u0131n ba\u015fkent Caracas&#8217;taki Fuerte Tiuna Askeri \u00dcss\u00fc ile Miranda, Aragua ve La Guaira eyaletlerini hedef ald\u0131\u011f\u0131n\u0131 s\u00f6yleyen Lopez, sivil yerle\u015fim yerlerinin bombaland\u0131\u011f\u0131na, \u00f6l\u00fc ve yaral\u0131 bilgisine ili\u015fkin \u00e7al\u0131\u015fmalar\u0131n s\u00fcrd\u00fc\u011f\u00fcn\u00fc ifade etti.<\/p>\n\n\n\n<p>Lopez, sald\u0131r\u0131lar\u0131n b\u00f6lgede bar\u0131\u015f ve istikrar\u0131 tehdit etti\u011fine dikkati \u00e7ekerek uluslararas\u0131 topluma ve t\u00fcm \u00e7ok tarafl\u0131 kurulu\u015flara &#8220;Birle\u015fmi\u015f Milletler \u015eart\u0131 ve uluslararas\u0131 hukuku a\u00e7\u0131k\u00e7a ihlal eden ABD&#8217;nin k\u0131nanmas\u0131&#8221; \u00e7a\u011fr\u0131s\u0131nda bulundu.<\/p>\n\n\n\n<p>ABD&#8217;nin Venezuela&#8217;n\u0131n stratejik kaynaklar\u0131na y\u00f6nelik &#8220;a\u00e7 g\u00f6zl\u00fcl\u00fc\u011f\u00fc&#8221; nedeniyle sald\u0131r\u0131lar d\u00fczenledi\u011fini belirten Lopez, &#8220;uyu\u015fturucu ka\u00e7ak\u00e7\u0131l\u0131\u011f\u0131 bahanesiyle&#8221; d\u00fczenlenen sald\u0131r\u0131lar\u0131n &#8220;Venezuela&#8217;da bir y\u00f6netim de\u011fi\u015fikli\u011fini zorlamay\u0131 ve ABD emperyalizminin sahte planlar\u0131na boyun e\u011fdirmeyi ama\u00e7lad\u0131\u011f\u0131n\u0131&#8221; vurgulad\u0131.<\/p>\n\n\n\n<p>&#8220;Bize sald\u0131rd\u0131lar ama bizi yenemeyecekler.&#8221; diyen Lopez, halk\u0131 birlik, direni\u015f ve s\u00fckuneti koruma \u00e7a\u011fr\u0131s\u0131nda bulundu.<\/p>\n\n\n\n<p>Lopez, &#8220;D\u00fcnyaya ne kadar g\u00fc\u00e7l\u00fc oldu\u011fumuzu g\u00f6sterelim. Zorluklara kar\u015f\u0131 diren\u00e7li olal\u0131m ve haz\u0131rl\u0131klar\u0131n\u0131 yapt\u0131\u011f\u0131m\u0131z t\u00fcm ulusal savunma planlar\u0131n\u0131 uygulayal\u0131m. Bu nedenle, Bolivarc\u0131 Venezuela Cumhuriyeti Anayasas\u0131, Ola\u011fan\u00fcst\u00fc Hal Kanunu ve Ulusal G\u00fcvenlik Kanunu&#8217;na uygun olarak, \u00fclke genelinde d\u0131\u015f acil durum ilan eden karar\u0131 tamamen destekliyoruz.&#8221; ifadelerini kulland\u0131.<\/p>\n\n\n\n<p>H\u00fck\u00fcmetin &#8220;d\u0131\u015f m\u00fcdahaleden kaynaklanan ola\u011fan\u00fcst\u00fc durum ilan etti\u011fi&#8221; kararnameye uygun hareket edeceklerini s\u00f6yleyen Lopez, Devlet Ba\u015fkan\u0131 Nicolas Moduro&#8217;nun talimatlar\u0131n\u0131 uygulayacaklar\u0131n\u0131 kaydetti.<\/p>\n\n\n\n<p>Lopez, halk, asker ve polis i\u015fbirli\u011fi i\u00e7inde &#8220;kapsaml\u0131 savunma i\u00e7in ellerindeki t\u00fcm silah sistemlerini kullanacaklar\u0131n\u0131n&#8221; alt\u0131n\u0131 \u00e7izdi.&nbsp;<\/p>\n\n\n\n<figure class=\"wp-block-image\"><img decoding=\"async\" src=\"https:\/\/www.aa.com.tr\/uploads\/userFiles\/c9f1ae26-3cf3-4ab4-9d72-230dedd01a4c\/AA-40148017.jpg\" alt=\"\"\/><\/figure>\n\n\n\n<h3 class=\"wp-block-heading\">Patlamalar elektrik kesintilerine neden oldu<\/h3>\n\n\n\n<p>Venezuela bas\u0131n\u0131ndaki haberlerde, patlama seslerinin ba\u015fkentin kuzeyindeki La Guaira eyaletinde, \u00fclkenin k\u0131y\u0131 kesimlerinde ve Miranda eyaletine ba\u011fl\u0131 sahil kenti Higuerote&#8217;de de duyuldu\u011fu aktar\u0131ld\u0131.<\/p>\n\n\n\n<p>Higuerote Havaliman\u0131&#8217;n\u0131n yo\u011fun bombard\u0131mana maruz kald\u0131\u011f\u0131 kaydedildi.<\/p>\n\n\n\n<p>Patlamalar\u0131n ard\u0131ndan b\u00fcy\u00fck bir askeri \u00fcss\u00fcn bulundu\u011fu g\u00fcney kesimler de dahil olmak \u00fczere kentin \u00e7e\u015fitli b\u00f6lgelerinde elektrik kesintileri ya\u015fand\u0131\u011f\u0131 belirtildi.<\/p>\n\n\n\n<h3 class=\"wp-block-heading\">Halktan uluslararas\u0131 kurumlara ve ABD&#8217;ye tepki<\/h3>\n\n\n\n<p>Venezuela&#8217;da ABD sald\u0131r\u0131lar\u0131n\u0131n ve Ba\u015fkan Nicolas Maduro&#8217;nun ABD taraf\u0131ndan \u00fclkeden \u00e7\u0131kar\u0131lmas\u0131n\u0131n ard\u0131ndan Maduro destek\u00e7ileri de soka\u011fa \u00e7\u0131kt\u0131.<\/p>\n\n\n\n<p>&#8220;\u00d6zg\u00fcr ve egemen Venezuela&#8221; slogan\u0131 atan bir kad\u0131n, &#8220;Adalet, ev ve \u00e7ocuklar\u0131 i\u00e7in g\u0131da ararken halk\u0131m\u0131za sald\u0131r\u0131l\u0131rken sessiz kalan uluslararas\u0131 kurumlar\u0131 k\u0131n\u0131yoruz.&#8221; ifadesini kulland\u0131.<\/p>\n\n\n\n<p>ABD&#8217;ye de tepki g\u00f6steren kad\u0131n, &#8220;ABD, d\u00fcnyan\u0131n polisi de\u011fildir, Venezuela bunu kan\u0131tlayacak. Bu m\u00fccadele tek bir ba\u015fkan i\u00e7in de\u011fil, bir arada duran onurlu insanlar i\u00e7indir. Bolivar&#8217;\u0131n memleketi \u00e7ok ya\u015fas\u0131n.&#8221; dedi.<\/p>\n\n\n\n<h3 class=\"wp-block-heading\">Trump: Maduro ile e\u015fi yakalanarak \u00fclke d\u0131\u015f\u0131na \u00e7\u0131kar\u0131lm\u0131\u015ft\u0131r<\/h3>\n\n\n\n<p>ABD Ba\u015fkan\u0131 Donald Trump, Truth Social hesab\u0131ndan yapt\u0131\u011f\u0131 payla\u015f\u0131mda, <strong><a href=\"https:\/\/www.aa.com.tr\/\/tr\/dunya\/abd-baskani-trump-maduro-ile-esi-yakalanarak-ulke-disina-cikarilmistir\/3788423?preview=1&amp;r=1b3fc88c-5ec5-4abd-b212-a1b2b795c2f6\">Venezuela&#8217;ya d\u00fczenlenen sald\u0131r\u0131lar\u0131n ABD taraf\u0131ndan yap\u0131ld\u0131\u011f\u0131n\u0131 a\u00e7\u0131klad\u0131.<\/a><\/strong><\/p>\n\n\n\n<p>Bu operasyonun, ABD kolluk kuvvetleriyle i\u015fbirli\u011fi i\u00e7inde d\u00fczenlendi\u011fini belirten Trump, \u015funlar\u0131 kaydetti:<\/p>\n\n\n\n<p>&#8220;ABD, Venezuela ve lideri Ba\u015fkan Nicolas Maduro&#8217;ya kar\u015f\u0131 b\u00fcy\u00fck \u00e7apl\u0131 bir sald\u0131r\u0131 d\u00fczenlemi\u015f ve Maduro ile e\u015fi yakalanarak \u00fclke d\u0131\u015f\u0131na \u00e7\u0131kar\u0131lm\u0131\u015ft\u0131r.&#8221;<\/p>\n\n\n\n<p>ABD&#8217;de yay\u0131n yapan CBS News de Trump&#8217;\u0131n, Venezuela&#8217;da bulunan askeri tesisler dahil olmak \u00fczere baz\u0131 hedeflere sald\u0131r\u0131 emri verdi\u011fini belirtti.<\/p>\n\n\n\n<p>CBS News&#8217;a konu\u015fan ve g\u00fcvenlik gerek\u00e7eleriyle isimlerinin a\u00e7\u0131klanmas\u0131n\u0131 istemeyen iki ABD&#8217;li yetkili, Venezuela&#8217;da askeri tesislere y\u00f6nelik sald\u0131r\u0131lar\u0131n Trump&#8217;\u0131n emri \u00fczerine d\u00fczenlendi\u011fini iddia etti.<\/p>\n\n\n\n<p>Sald\u0131r\u0131lar\u0131n Noel g\u00fcn\u00fc ger\u00e7ekle\u015ftirilmesinin de\u011ferlendirildi\u011fini belirten yetkililer, Nijerya&#8217;da ter\u00f6r \u00f6rg\u00fct\u00fc DEA\u015e hedeflerine y\u00f6nelik ABD hava sald\u0131r\u0131lar\u0131n\u0131n \u00f6ncelik kazanmas\u0131 nedeniyle bu plan\u0131n ertelendi\u011fini ileri s\u00fcrd\u00fc.<\/p>\n\n\n\n<p>Yetkililer ayr\u0131ca, Noel sonras\u0131ndaki g\u00fcnlerde olumsuz hava ko\u015fullar\u0131 nedeniyle harekat\u0131n bir s\u00fcre bekletildi\u011fini savundu.&nbsp;<\/p>\n\n\n\n<h3 class=\"wp-block-heading\">Trump, Maduro ve e\u015finin bir gemiyle New York&#8217;a getirilece\u011fini a\u00e7\u0131klad\u0131<\/h3>\n\n\n\n<p>Trump, Fox televizyonunda operasyona ili\u015fkin a\u00e7\u0131klamalarda bulundu.<\/p>\n\n\n\n<p>S\u00f6z konusu operasyonun 4 g\u00fcn \u00f6nce yap\u0131laca\u011f\u0131n\u0131 ancak hava \u015fartlar\u0131n\u0131n el vermedi\u011fini s\u00f6yleyen Trump, hava d\u00fczelir d\u00fczelmez operasyonun ba\u015flad\u0131\u011f\u0131n\u0131 kaydetti.<\/p>\n\n\n\n<p>ABD taraf\u0131nda birka\u00e7 ki\u015finin yaraland\u0131\u011f\u0131n\u0131 ancak can kayb\u0131 olmad\u0131\u011f\u0131 bilgisini payla\u015fan Trump, operasyonda bir helikopterin hasar ald\u0131\u011f\u0131n\u0131 ancak t\u00fcm helikopterler ve u\u00e7aklar\u0131n geri d\u00f6nd\u00fc\u011f\u00fcn\u00fc ifade etti.<\/p>\n\n\n\n<p>Maduro&#8217;nun evinden al\u0131nd\u0131\u011f\u0131n\u0131 belirten Trump, &#8220;Evden \u00e7ok bir kale gibiydi. \u00c7elik kap\u0131lar\u0131 olan g\u00fcvenli bir yer vard\u0131, her yerde dayan\u0131kl\u0131 \u00e7elikler vard\u0131. Ama buraya giremedi. Buraya girmeye \u00e7al\u0131\u015f\u0131yordu ama onlar\u0131 yakalad\u0131k.&#8221; ifadesini kulland\u0131.<\/p>\n\n\n\n<p>Venezuela&#8217;y\u0131 bundan sonra neyin bekledi\u011fine ili\u015fkin ise Trump,&#8221;Bu konuda karar veriyoruz. Ba\u015fka birinin y\u00f6netimi devral\u0131p i\u015fi kald\u0131\u011f\u0131 yerden devam ettirmesine izin veremeyiz. Bu s\u00fcrece \u00e7ok m\u00fcdahil olaca\u011f\u0131z. Venezuela halk\u0131 i\u00e7in \u00f6zg\u00fcrl\u00fck istiyoruz.&#8221; de\u011ferlendirmesinde bulundu.<\/p>\n\n\n\n<p>Trump, Maduro ve e\u015fi hakk\u0131nda New York&#8217;ta su\u00e7 duyurusunda bulunuldu\u011funu belirterek, &#8220;\u015eu anda bir gemideler, New York&#8217;a getiriliyorlar, gemiye de helikopterle g\u00f6t\u00fcr\u00fcld\u00fcler.&#8221; ifadesini kulland\u0131.<\/p>\n\n\n\n<h3 class=\"wp-block-heading\">ABD Federal Havac\u0131l\u0131k \u0130daresi, Venezuela hava sahas\u0131nda ABD ticari u\u00e7u\u015flar\u0131n\u0131 durdurdu<\/h3>\n\n\n\n<p>ABD Federal Havac\u0131l\u0131k \u0130daresi (FAA), Venezuela&#8217;n\u0131n ba\u015fkenti Caracas&#8217;ta meydana gelen patlamalar sonras\u0131 &#8220;devam eden askeri faaliyetler&#8221; nedeniyle Venezuela hava sahas\u0131nda ABD ticari u\u00e7u\u015flar\u0131n\u0131 yasaklad\u0131.<\/p>\n\n\n\n<p>FAA, Caracas&#8217;ta meydana gelen patlamalar ve Venezuela h\u00fck\u00fcmetinin bu konuda ABD&#8217;yi \u00fclkenin \u00e7e\u015fitli b\u00f6lgelerinde sivil ve askeri tesislere sald\u0131r\u0131 d\u00fczenlemekle su\u00e7lamas\u0131n\u0131n ard\u0131ndan, Venezuela hava sahas\u0131 konusunda a\u00e7\u0131klamada bulundu.<\/p>\n\n\n\n<p>Venezuela hava sahas\u0131nda ABD ticari u\u00e7u\u015flar\u0131n\u0131 yasaklad\u0131\u011f\u0131n\u0131 a\u00e7\u0131klayan FAA, bu karar i\u00e7in &#8220;devam eden askeri faaliyetleri&#8221; neden g\u00f6sterdi.<\/p>\n\n\n\n<p>ABD&#8217;nin Bogota B\u00fcy\u00fckel\u00e7ili\u011fi ise Venezuela&#8217;y\u0131 hedef alan sald\u0131r\u0131lar\u0131n ard\u0131ndan vatanda\u015flar\u0131n\u0131 bu \u00fclkeye seyahat etmemeleri konusunda uyard\u0131.<\/p>\n\n\n\n<p>B\u00fcy\u00fckel\u00e7ilikten yap\u0131lan a\u00e7\u0131klamada,&nbsp;Venezuela&#8217;n\u0131n ABD&#8217;nin seyahat uyar\u0131 sisteminde en y\u00fcksek seviye olan &#8220;Seviye 4: Seyahat Etmeyin&#8221; kategorisinde yer almaya devam etti\u011fi, \u00fclkede vatanda\u015flar\u0131 i\u00e7in ciddi g\u00fcvenlik risklerinin bulundu\u011fu bildirildi.<\/p>\n\n\n\n<p>ABD vatanda\u015flar\u0131na&nbsp;Venezuela&#8217;ya seyahat etmemeleri uyar\u0131s\u0131 yap\u0131lan a\u00e7\u0131klamada, \u00fclkedekilere de g\u00fcvenlik gerek\u00e7esiyle bulunduklar\u0131 yerde kalmalar\u0131 tavsiye edildi.&nbsp;<\/p>\n\n\n\n<figure class=\"wp-block-image\"><a href=\"https:\/\/www.aa.com.tr\/tr\/info\/infografik\/49457\" target=\"_blank\" rel=\"noreferrer noopener\"><img decoding=\"async\" src=\"https:\/\/www.aa.com.tr\/uploads\/userFiles\/7fc6ad83-e801-4dd2-b1c1-974abd5a6af0\/2025%2F9%2FAA-40113232.jpg\" alt=\"\"\/><\/a><\/figure>\n\n\n\n<h3 class=\"wp-block-heading\">Sald\u0131r\u0131 \u00f6ncesinde Pentagon \u00e7evresinde pizza sipari\u015flerinin artt\u0131\u011f\u0131 iddia edildi<\/h3>\n\n\n\n<p>ABD&#8217;nin Venezuela&#8217;ya d\u00fczenledi\u011fi sald\u0131r\u0131 \u00f6ncesinde ABD Savunma Bakanl\u0131\u011f\u0131 (Pentagon) binas\u0131n\u0131n \u00e7evresindeki pizza restoranlar\u0131n\u0131n gece saatlerinde normalden daha yo\u011fun oldu\u011fu \u00f6ne s\u00fcr\u00fcld\u00fc.<\/p>\n\n\n\n<p>Sosyal medya kullan\u0131c\u0131lar\u0131 uzun s\u00fcredir Pentagon \u00e7evresindeki pizza restoranlar\u0131n\u0131n sipari\u015flerindeki yo\u011funlu\u011fun artmas\u0131n\u0131, ABD&#8217;nin ba\u015fka \u00fclkelere d\u00fczenledi\u011fi operasyonlar ile ili\u015fkilendiriyor.<\/p>\n\n\n\n<p>ABD merkezli X \u015firketinin sosyal medya platformu \u00fczerinden bu restoranlar\u0131n yo\u011funlu\u011funu takip eden &#8220;Pentagon Pizza Report&#8221; hesab\u0131, ABD&#8217;nin sabah saatlerinde Venezuela&#8217;ya d\u00fczenledi\u011fi sald\u0131r\u0131lar esnas\u0131nda Pentagon \u00e7evresindeki birden \u00e7ok pizza restoran\u0131nda yo\u011funluk g\u00f6zlemlendi\u011fini iddia etti.<\/p>\n\n\n\n<p>Hesap, ABD&#8217;nin 22 Haziran&#8217;da ve \u0130srail&#8217;in 13 Haziran&#8217;daki \u0130ran&#8217;a sald\u0131r\u0131lar\u0131 s\u0131ras\u0131nda da Pentagon \u00e7evresinde benzeri bir yo\u011funluk g\u00f6r\u00fcld\u00fc\u011f\u00fcn\u00fc \u00f6ne s\u00fcrm\u00fc\u015ft\u00fc.<\/p>\n\n\n\n<h3 class=\"wp-block-heading\">BM Genel Sekreterli\u011finden Venezuela&#8217;ya ili\u015fkin &#8220;endi\u015fe&#8221; a\u00e7\u0131klamas\u0131<\/h3>\n\n\n\n<p>Birle\u015fmi\u015f Milletler Genel Sekreterli\u011fi, Venezuela&#8217;daki geli\u015fmelerin b\u00f6lgede endi\u015fe verici sonu\u00e7lar\u0131 olabilece\u011fini belirtti.<\/p>\n\n\n\n<p>BM Genel Sekreter S\u00f6zc\u00fcl\u00fc\u011f\u00fcnden Venezuela&#8217;daki son geli\u015fmelere ili\u015fkin a\u00e7\u0131klama yap\u0131ld\u0131.<\/p>\n\n\n\n<p>A\u00e7\u0131klamada, &#8220;Genel Sekreter, bug\u00fcn ABD&#8217;nin askeri eylemi ile Venezuela&#8217;da gerginli\u011fin t\u0131rmanmas\u0131ndan derin endi\u015fe duymaktad\u0131r, bu eylemin b\u00f6lgede endi\u015fe verici sonu\u00e7lar\u0131 olabilir.&#8221; ifadesi kullan\u0131ld\u0131.<\/p>\n\n\n\n<p>Antonio Guterres&#8217;in uluslararas\u0131 hukuk ve BM \u015eart\u0131na ba\u011fl\u0131 kalman\u0131n \u00f6nemini bir kez daha vurgulad\u0131\u011f\u0131n\u0131n belirtildi\u011fi a\u00e7\u0131klamada, &#8220;Genel Sekreter, uluslararas\u0131 hukukun kurallar\u0131na uyulmamas\u0131ndan endi\u015fe duyuyor.&#8221; denildi.<\/p>\n\n\n\n<p>A\u00e7\u0131klamada, Guterres&#8217;in Venezuela&#8217;daki t\u00fcm akt\u00f6rleri kapsay\u0131c\u0131 bir diyalo\u011fa davet etti\u011fi de aktar\u0131ld\u0131.<\/p>\n\n\n\n<h3 class=\"wp-block-heading\">Avrupa \u00fclkelerinden Venezuela konusunda farkl\u0131 tonlarda a\u00e7\u0131klamalar yap\u0131ld\u0131<\/h3>\n\n\n\n<p>Avrupa \u00fclkeleri ABD&#8217;nin Venezuela&#8217;ya sald\u0131r\u0131s\u0131 hakk\u0131nda farkl\u0131 g\u00f6r\u00fc\u015fleri yans\u0131tan a\u00e7\u0131klamalar yaparken, Avrupa Birli\u011fi (AB) kurumlar\u0131ndan Wa\u015fington y\u00f6netimine d\u00fc\u015f\u00fck tonda da olsa &#8220;uluslararas\u0131 hukuka ve BM \u015fart\u0131na uyulmas\u0131&#8221; mesajlar\u0131 verildi.<\/p>\n\n\n\n<p>AB Konseyi Ba\u015fkan\u0131 Antonio Costa, &#8220;Venezuela\u2019daki durumu b\u00fcy\u00fck bir endi\u015feyle takip ediyorum. Avrupa Birli\u011fi, uluslararas\u0131 hukuka ve Birle\u015fmi\u015f Milletler (BM) \u015eart\u0131\u2019nda yer alan ilkelere tam sayg\u0131 \u00e7er\u00e7evesinde gerilimin d\u00fc\u015f\u00fcr\u00fclmesi ve bir \u00e7\u00f6z\u00fcme ula\u015f\u0131lmas\u0131 \u00e7a\u011fr\u0131s\u0131nda bulunmaktad\u0131r.&#8221; ifadelerini kulland\u0131.<\/p>\n\n\n\n<p>AB&#8217;nin Venezuela\u2019da bar\u0131\u015f\u00e7\u0131l, demokratik ve kapsay\u0131c\u0131 bir \u00e7\u00f6z\u00fcm\u00fc desteklemeyi s\u00fcrd\u00fcrece\u011finin alt\u0131n\u0131 \u00e7izen Costa, \u00fclkedeki Avrupa vatanda\u015flar\u0131n\u0131n g\u00fcvenli\u011finin sa\u011flanmas\u0131 amac\u0131yla \u00fcye devletlerle e\u015fg\u00fcd\u00fcm i\u00e7inde \u00e7al\u0131\u015fan AB D\u0131\u015f \u0130li\u015fkiler ve G\u00fcvenlik Politikas\u0131 Y\u00fcksek Temsilcisi Kaja Kallas&#8217;\u0131n \u00f6nc\u00fcl\u00fc\u011f\u00fcnde y\u00fcr\u00fct\u00fclen \u00e7abalar\u0131 desteklediklerinin alt\u0131n\u0131 \u00e7izdi.<\/p>\n\n\n\n<p>AB Komisyonu Ba\u015fkan\u0131 Ursula von der Leyen, Venezuela&#8217;daki durumu \u00e7ok yak\u0131ndan takip etti\u011fini belirterek, Kallas&#8217;a deste\u011fini yineledi.<\/p>\n\n\n\n<p>Her t\u00fcrl\u00fc \u00e7\u00f6z\u00fcm\u00fcn uluslararas\u0131 hukuka ve BM \u015eart\u0131&#8217;na sayg\u0131 temelinde olmas\u0131 gerekti\u011fini vurgulayan von der Leyen, &#8220;Venezuela halk\u0131n\u0131n yan\u0131nday\u0131z ve bar\u0131\u015f\u00e7\u0131l, demokratik bir ge\u00e7i\u015fi destekliyoruz.&#8221; dedi.<\/p>\n\n\n\n<p>AB D\u0131\u015f \u0130li\u015fkiler ve G\u00fcvenlik Politikas\u0131 Y\u00fcksek Temsilcisi Kallas da Venezuela&#8217;daki AB vatanda\u015flar\u0131n\u0131n g\u00fcvenli\u011finin en b\u00fcy\u00fck \u00f6ncelikleri oldu\u011funun alt\u0131n\u0131 \u00e7izdi.<\/p>\n\n\n\n<p>AB&#8217;nin Karakas&#8217;taki b\u00fcy\u00fckel\u00e7isi ve ABD D\u0131\u015fi\u015fleri Bakan\u0131 Marco Rubio&#8217;yla telefon g\u00f6r\u00fc\u015fmesi ger\u00e7ekle\u015ftirdiklerini bildiren Kallas, &#8220;AB, Venezuela&#8217;daki geli\u015fmeleri yak\u0131ndan takip ediyor.&#8221; bilgisini verdi.<\/p>\n\n\n\n<p>Kallas, &#8220;AB, Say\u0131n (Venezuela Devlet Ba\u015fkan\u0131 Nicolas) Maduro\u2019nun me\u015fruiyetten yoksun oldu\u011funu defalarca dile getirmi\u015f ve bar\u0131\u015f\u00e7\u0131l bir ge\u00e7i\u015fi savunmu\u015ftur. Her ko\u015fulda uluslararas\u0131 hukuk ve BM \u015eart\u0131&#8217;na sayg\u0131 g\u00f6sterilmelidir. T\u00fcm taraflar\u0131 itidale davet ediyoruz.&#8221; vurgusunu yapt\u0131.<\/p>\n\n\n\n<h3 class=\"wp-block-heading\">AP, Genel Kurul g\u00f6r\u00fc\u015fmesi talep etti<\/h3>\n\n\n\n<p>Avrupa Parlamentosu&#8217;nun (AP) en b\u00fcy\u00fck ikinci siyasi grubu Sosyalistler ve Demokratlar\u0131n (S&amp;D) grup ba\u015fkan\u0131 Iratxe Garcia-Perez ise Venezuela\u2019daki durumun son derece endi\u015fe verici oldu\u011funu kaydetti.<\/p>\n\n\n\n<p>&#8220;Demokrasi, bombalarla ya da g\u00fc\u00e7 kullan\u0131m\u0131yla elde edilemez. Hele ki (ABD Ba\u015fkan\u0131 Donald) Trump\u2019\u0131n \u00e7\u0131karlar\u0131na hizmet edecek \u015fekilde hi\u00e7 in\u015fa edilemez. Uluslararas\u0131 hukuka ve BM \u015eart\u0131\u2019na sayg\u0131 g\u00f6sterilmelidir.&#8221; ifadelerini kullanan Garcia-Perez, Venezuela halk\u0131n\u0131n bar\u0131\u015f\u00e7\u0131l ve demokratik bir ge\u00e7i\u015fi hak etti\u011fini dile getirdi.<\/p>\n\n\n\n<p>Garcia-Perez, AB&#8217;nin diyalog ve arabuluculuk yoluyla \u00f6nc\u00fcl\u00fck etmesi gerekti\u011fini belirtti.<\/p>\n\n\n\n<p>Di\u011fer taraftan S&amp;D Grubu, Venezuela\u2019daki durumla demokrasinin ve kurallara dayal\u0131 uluslararas\u0131 d\u00fczenin savunulmas\u0131nda AB\u2019nin rol\u00fcne ili\u015fkin olarak AP&#8217;de bir genel kurul g\u00f6r\u00fc\u015fmesi d\u00fczenlenmesini istedi.<\/p>\n\n\n\n<h3 class=\"wp-block-heading\">\u0130ngiltere&#8217;den &#8220;Venezuela&#8217;daki operasyona dahil olmad\u0131k&#8221; a\u00e7\u0131klamas\u0131<\/h3>\n\n\n\n<p>\u0130ngiltere Ba\u015fbakan\u0131 Keir Starmer, ABD&#8217;nin Venezuela&#8217;ya yapt\u0131\u011f\u0131 sald\u0131r\u0131ya ili\u015fkin yapt\u0131\u011f\u0131 a\u00e7\u0131klamada, &#8220;\u015eunu s\u00f6yleyebilirim ki \u0130ngiltere bu operasyona hi\u00e7bir \u015fekilde dahil olmad\u0131.&#8221; ifadesini kulland\u0131.<\/p>\n\n\n\n<p>&#8220;H\u0131zla geli\u015fen bir durum&#8221; hakk\u0131nda Trump ile konu\u015fmad\u0131\u011f\u0131n\u0131 belirten Starmer, &#8220;Ba\u015fkan (Trump) ile konu\u015fmak istiyorum, m\u00fcttefiklerle de konu\u015fmak istiyorum.&#8221; dedi.<\/p>\n\n\n\n<p>Ba\u015fbakan Starmer, Trump&#8217;\u0131n Venezuela Devlet Ba\u015fkan\u0131 Maduro&#8217;nun yakaland\u0131\u011f\u0131na y\u00f6nelik a\u00e7\u0131klamas\u0131na ili\u015fkin, &#8220;Her zaman s\u00f6yledi\u011fim ve inand\u0131\u011f\u0131m \u00fczere hepimizin uluslararas\u0131 hukuka uymas\u0131 gerekir ancak bu a\u015famada durum \u00e7ok h\u0131zl\u0131 geli\u015fiyor. \u00d6nce ger\u00e7ekleri tespit edelim ve sonras\u0131nda buna g\u00f6re hareket edelim.&#8221; de\u011ferlendirmesini yapt\u0131.<\/p>\n\n\n\n<p>Starmer ayr\u0131ca, Venezuela&#8217;da yakla\u015f\u0131k 500 \u0130ngiliz vatanda\u015f\u0131 oldu\u011funa de\u011finerek, &#8220;B\u00fcy\u00fckel\u00e7ilikle birlikte onlar\u0131n iyi \u015fekilde g\u00f6zetildi\u011finden, g\u00fcvenliklerinin sa\u011fland\u0131\u011f\u0131ndan ve uygun tavsiyeler ald\u0131klar\u0131ndan emin olmak i\u00e7in \u00e7al\u0131\u015f\u0131yoruz. Bu nedenle b\u00fcy\u00fckel\u00e7ilikle bu konuda h\u0131zl\u0131 \u015fekilde \u00e7al\u0131\u015f\u0131yoruz.&#8221; \u015feklinde konu\u015ftu.<\/p>\n\n\n\n<h3 class=\"wp-block-heading\">Danimarka &#8220;uluslararas\u0131 hukuka sayg\u0131&#8221; istedi<\/h3>\n\n\n\n<p>Danimarka D\u0131\u015fi\u015fleri Bakan\u0131 Lars Lokke Rasmussen ise &#8220;Venezuela\u2019da yak\u0131ndan takip etti\u011fimiz dramatik bir geli\u015fme ya\u015fan\u0131yor. Gerilimin d\u00fc\u015f\u00fcr\u00fclmesi ve diyalo\u011fa yeniden d\u00f6n\u00fclmesi gerekiyor. Uluslararas\u0131 hukuka sayg\u0131 g\u00f6sterilmelidir.&#8221; vurgusunu yapt\u0131.<\/p>\n\n\n\n<p>Bel\u00e7ika D\u0131\u015fi\u015fleri Bakan\u0131 ve Ba\u015fbakan Yard\u0131mc\u0131s\u0131 Maxime Prevot da Venezuela&#8217;daki vatanda\u015flar\u0131n g\u00fcvenli\u011finin en b\u00fcy\u00fck \u00f6ncelikleri oldu\u011funu kaydetti.<\/p>\n\n\n\n<p>Durumu yak\u0131ndan takip ettiklerini bildiren Prevot, Avrupal\u0131 m\u00fcttefiklerle koordinasyon halinde olduklar\u0131n\u0131 ifade etti.<\/p>\n\n\n\n<p>\u0130talya D\u0131\u015fi\u015fleri Bakan\u0131 Antonio Tajani de geli\u015fmeleri ve \u00fclkedeki \u0130talyan vatanda\u015flar\u0131n durumunu yak\u0131ndan takip ettiklerini dile getirerek, Ba\u015fbakan Giorgia Meloni&#8217;nin durum hakk\u0131nda s\u00fcrekli olarak bilgilendirildi\u011fini aktard\u0131.<\/p>\n\n\n\n<p>Slovenya D\u0131\u015fi\u015fleri Bakanl\u0131\u011f\u0131, \u00fclkenin devlet radyo ve televizyonuna yapt\u0131\u011f\u0131 a\u00e7\u0131klamada, Venezuela\u2019daki durumu b\u00fcy\u00fck endi\u015feyle takip ettiklerini belirtti.<\/p>\n\n\n\n<p>Slovenya&#8217;n\u0131n gerginli\u011fin azalt\u0131lmas\u0131 ve uluslararas\u0131 hukuka sayg\u0131 g\u00f6sterilmesi \u00e7a\u011fr\u0131s\u0131nda bulundu\u011funa i\u015faret edilen a\u00e7\u0131klamada, Slovenya&#8217;n\u0131n Venezuela&#8217;daki son se\u00e7imlerin sonu\u00e7lar\u0131n\u0131 da tan\u0131mad\u0131\u011f\u0131 an\u0131msat\u0131ld\u0131.<\/p>\n\n\n\n<h3 class=\"wp-block-heading\">\u0130spanya, arabuluculuk yapmak istiyor<\/h3>\n\n\n\n<p>\u0130spanya, ABD&#8217;nin Venezuela&#8217;ya askeri sald\u0131r\u0131s\u0131n\u0131n ard\u0131ndan iki \u00fclke aras\u0131ndaki krizi sona erdirmek i\u00e7in arabuluculuk yapmaya haz\u0131r oldu\u011funu duyurdu.<\/p>\n\n\n\n<p>\u0130spanya D\u0131\u015fi\u015fleri Bakanl\u0131\u011f\u0131ndan yap\u0131lan yaz\u0131l\u0131 a\u00e7\u0131klamada, &#8220;\u0130spanya, gerilimin azalt\u0131lmas\u0131, \u0131l\u0131ml\u0131l\u0131\u011f\u0131n sa\u011flanmas\u0131 ve her zaman uluslararas\u0131 hukuka ve Birle\u015fmi\u015f Milletler (BM) \u015eart\u0131&#8217;n\u0131n ilkelerine sayg\u0131 g\u00f6sterilmesi \u00e7a\u011fr\u0131s\u0131nda bulunuyor. Bu ba\u011flamda \u0130spanya, mevcut krize bar\u0131\u015f\u00e7\u0131l ve m\u00fczakere yoluyla bir \u00e7\u00f6z\u00fcm bulunmas\u0131 i\u00e7in arabuluculuk yapmaya haz\u0131rd\u0131r.&#8221; ifadeleri kullan\u0131ld\u0131.<\/p>\n\n\n\n<p>\u0130spanya&#8217;n\u0131n Venezuela&#8217;daki 28 Temmuz 2024 se\u00e7imlerinin sonu\u00e7lar\u0131n\u0131 tan\u0131mad\u0131\u011f\u0131 ve Venezuela i\u00e7in demokratik bir \u00e7\u00f6z\u00fcm elde etme giri\u015fimlerini her zaman destekledi\u011fi belirtilen a\u00e7\u0131klamada, &#8220;\u0130spanya, siyasi nedenlerle \u00fclkelerini terk etmek zorunda kalan on binlerce Venezuelal\u0131y\u0131 memnuniyetle kar\u015f\u0131lad\u0131\u011f\u0131n\u0131, kar\u015f\u0131lamaya devam edece\u011fini ve \u00fclke i\u00e7in demokratik, m\u00fczakere edilmi\u015f ve bar\u0131\u015f\u00e7\u0131l bir \u00e7\u00f6z\u00fcm aray\u0131\u015f\u0131na yard\u0131mc\u0131 olmaya haz\u0131r oldu\u011funu yinelemektedir.&#8221; denildi.<\/p>\n\n\n\n<p>Di\u011fer yandan \u0130spanya Ba\u015fbakan\u0131 Pedro Sanchez de ABD&#8217;nin Venezuela&#8217;ya d\u00fczenledi\u011fi askeri hava sald\u0131r\u0131s\u0131n\u0131n ard\u0131ndan &#8220;gerginli\u011fin azalt\u0131lmas\u0131, uluslararas\u0131 hukuka ve BM \u015eart\u0131&#8217;n\u0131n ilkelerine sayg\u0131 g\u00f6sterilmesi&#8221; \u00e7a\u011fr\u0131s\u0131nda bulundu.<\/p>\n\n\n\n<p>Sanchez, ABD merkezli sosyal payla\u015f\u0131m \u015firketi X&#8217;ten yapt\u0131\u011f\u0131 payla\u015f\u0131mda, &#8220;\u0130spanya h\u00fck\u00fcmeti, Venezuela&#8217;daki durumu yak\u0131ndan takip etmektedir. B\u00fcy\u00fckel\u00e7ili\u011fimiz ve konsolosluklar\u0131m\u0131z a\u00e7\u0131k kalmaya devam etmektedir. Herkesi gerginli\u011fi azaltmaya ve sorumlu davranmaya \u00e7a\u011f\u0131r\u0131yoruz. Uluslararas\u0131 hukuka ve BM \u015eart\u0131&#8217;n\u0131n ilkelerine sayg\u0131 g\u00f6sterilmelidir.&#8221; ifadelerini kulland\u0131.<\/p>\n\n\n\n<h3 class=\"wp-block-heading\">\u0130rlanda: BM \u015eart\u0131&#8217;n\u0131n ilkelerine tam sayg\u0131 mutlak gereklilik<\/h3>\n\n\n\n<p>\u0130rlanda D\u0131\u015fi\u015fleri, Savunma ve Ticaret Bakan\u0131 Helen McEntee de Venezuela&#8217;da h\u0131zla geli\u015fen duruma yan\u0131t olarak bu sabah AB D\u0131\u015f \u0130li\u015fkiler ve G\u00fcvenlik Politikas\u0131 Y\u00fcksek Temsilcisi Kallas ile temas halinde oldu\u011funu belirterek, b\u00f6lgedeki durum geli\u015ftik\u00e7e AB\u2019li meslekta\u015flar\u0131yla yak\u0131n temas\u0131n\u0131 s\u00fcrd\u00fcrece\u011fini bildirdi.<\/p>\n\n\n\n<p>Bakan McEntee, \u015funlar\u0131 kaydetti:<\/p>\n\n\n\n<p>&#8220;\u0130rlanda, AB&#8217;den ortaklar\u0131m\u0131zla birlikte uluslararas\u0131 hukuka ve Birle\u015fmi\u015f Milletler (BM) \u015eart\u0131&#8217;n\u0131n ilkelerine tam sayg\u0131n\u0131n mutlak gereklilik oldu\u011funu vurguluyor. Ba\u015fkan Maduro&#8217;nun herhangi bir demokratik me\u015fruiyete sahip olmad\u0131\u011f\u0131 konusunda net olmam\u0131za ra\u011fmen Venezuela&#8217;da bar\u0131\u015f\u00e7\u0131l ve m\u00fczakere edilmi\u015f ge\u00e7i\u015f \u00e7a\u011fr\u0131s\u0131nda tutarl\u0131 \u015fekilde bulunduk ve bu do\u011frultudaki t\u00fcm uluslararas\u0131 \u00e7abalar\u0131 destekledik.&#8221;<\/p>\n\n\n\n<p>McEntee, bakanl\u0131\u011f\u0131n sahadaki AB ortaklar\u0131yla koordinasyon i\u00e7inde konsolosluk durumunu izledi\u011fini bildirdi.<\/p>\n\n\n\n<h3 class=\"wp-block-heading\">Hollanda: Geli\u015fmeleri yak\u0131ndan takip ediyoruz<\/h3>\n\n\n\n<p>Hollanda&#8217;da ge\u00e7ici h\u00fck\u00fcmetin Ba\u015fbakan\u0131 Dick Schoof, \u00fclke h\u00fck\u00fcmetinin ABD\u2019nin Maduro operasyonu ve Venezuela&#8217;ya yapt\u0131\u011f\u0131 sald\u0131r\u0131lar\u0131n\u0131n ard\u0131ndan Karayipler b\u00f6lgesindeki geli\u015fmeleri ve Venezuela\u2019daki durumu yak\u0131ndan takip ettiklerini s\u00f6yledi.<\/p>\n\n\n\n<p>Schoof, Amerikan X \u015firketinin sosyal medya platformundan, &#8220;B\u00f6lgedeki g\u00fcvenlik, Aruba, Cura\u00e7ao ve Bonaire i\u00e7in b\u00fcy\u00fck \u00f6nem ta\u015f\u0131yor.&#8221; payla\u015f\u0131m\u0131nda bulundu.<\/p>\n\n\n\n<p>Hollanda Krall\u0131\u011f\u0131&#8217;na ba\u011fl\u0131 olan s\u00f6z konusu \u00fclkelerin ba\u015fbakanlar\u0131yla yak\u0131n temas halinde olduklar\u0131n\u0131 payla\u015fan Schoof, \u201cBu belirsiz d\u00f6nemde kendilerinin ve adalardaki insanlar\u0131n deste\u011fimize g\u00fcvenebilece\u011fini ilettim.\u201d ifadelerini kulland\u0131.<\/p>\n\n\n\n<p>Hollanda D\u0131\u015fi\u015fleri Bakanl\u0131\u011f\u0131ndan yap\u0131lan yaz\u0131l\u0131 a\u00e7\u0131klamada ise Venezuela\u2019daki Hollanda vatanda\u015flar\u0131n\u0131n durumlar\u0131n\u0131n iyi olup olmad\u0131\u011f\u0131n\u0131 aileleri ve arkada\u015flar\u0131yla payla\u015fmalar\u0131 \u00e7a\u011fr\u0131s\u0131nda bulunuldu.<\/p>\n\n\n\n<p>A\u00e7\u0131klamada, yard\u0131ma ihtiya\u00e7 duyan Hollanda vatanda\u015flar\u0131n\u0131n seyahat organizasyonlar\u0131yla ya da bakanl\u0131kla ileti\u015fime ge\u00e7meleri tavsiye edilirken, 18 Temmuz&#8217;dan bu yana \u00fclkenin tamam\u0131 i\u00e7in k\u0131rm\u0131z\u0131 seyahat uyar\u0131s\u0131n\u0131n ge\u00e7erli oldu\u011fu kaydedildi.<\/p>\n\n\n\n<p>Hollanda&#8217;da ge\u00e7ici h\u00fck\u00fcmetin D\u0131\u015fi\u015fleri Bakan\u0131 David van Weel de &#8220;Caracas\u2019taki durum hen\u00fcz net de\u011fil. Geli\u015fmeleri yak\u0131ndan takip ediyoruz ve Venezuela\u2019daki b\u00fcy\u00fckel\u00e7ili\u011fimiz, Savunma Bakanl\u0131\u011f\u0131 ve \u00fclke yetkilileriyle temas halindeyiz. \u00d6nceli\u011fimiz, Venezuela\u2019daki Hollandal\u0131lar\u0131n ve Hollanda Krall\u0131\u011f\u0131\u2019n\u0131n g\u00fcvenli\u011fidir.&#8221; payla\u015f\u0131m\u0131nda bulundu.<\/p>\n\n\n\n<h3 class=\"wp-block-heading\">Kosova&#8217;dan ABD&#8217;ye destek a\u00e7\u0131klamas\u0131<\/h3>\n\n\n\n<p>Kosova Cumhurba\u015fkan\u0131 Vjosa Osmani de ABD merkezli X \u015firketinin sosyal medya platformundan yapt\u0131\u011f\u0131 a\u00e7\u0131klamada, ABD Ba\u015fkan\u0131 Trump&#8217;a desteklerini iletti.<\/p>\n\n\n\n<p>Trump&#8217;\u0131n Venezuela halk\u0131n\u0131n yan\u0131nda oldu\u011funu aktaran Osmani, \u00fclkesinin ABD&#8217;nin &#8220;kararl\u0131l\u0131\u011f\u0131n\u0131n&#8221; etkisini anlad\u0131\u011f\u0131n\u0131 kaydetti.<\/p>\n\n\n\n<h3 class=\"wp-block-heading\">\u0130svi\u00e7re<\/h3>\n\n\n\n<p>\u0130svi\u00e7re D\u0131\u015fi\u015fleri Bakanl\u0131\u011f\u0131, konuya ili\u015fkin ABD merkezli X platformundaki hesab\u0131ndan payla\u015f\u0131mda bulundu.<\/p>\n\n\n\n<p>Payla\u015f\u0131mda, &#8220;(Venezuela ile ABD aras\u0131nda) \u0130svi\u00e7re, gerilimin azalt\u0131lmas\u0131, itidal ve uluslararas\u0131 hukuka sayg\u0131 g\u00f6sterilmesi \u00e7a\u011fr\u0131s\u0131nda bulunuyor. Bu kapsamda g\u00fc\u00e7 kullan\u0131m\u0131n\u0131n yasaklanmas\u0131 ve toprak b\u00fct\u00fcnl\u00fc\u011f\u00fcne sayg\u0131 ilkesine uyulmas\u0131 gerekiyor.&#8221; ifadesi yer ald\u0131.<\/p>\n\n\n\n<p>Ya\u015fanan durumun sahadaki b\u00fcy\u00fckel\u00e7ilik personelleri taraf\u0131ndan yak\u0131ndan takip edildi\u011fine i\u015faret eden payla\u015f\u0131mda, ya\u015fananlardan \u015fu ana kadar hi\u00e7bir \u0130svi\u00e7re vatanda\u015f\u0131n\u0131n etkilenmedi\u011fine de\u011finildi.<\/p>\n\n\n\n<h3 class=\"wp-block-heading\">\u00c7ekya<\/h3>\n\n\n\n<p>\u00c7ekya D\u0131\u015fi\u015fleri Bakan\u0131 Petr Macinka, yapt\u0131\u011f\u0131 yaz\u0131l\u0131 a\u00e7\u0131klamada, Venezuela&#8217;daki durumu yak\u0131ndan takip ettiklerini bildirdi.<\/p>\n\n\n\n<p>Macinka, &#8220;ABD, Ba\u015fkan Trump arac\u0131l\u0131\u011f\u0131yla Maduro&#8217;nun gayrime\u015fru rejiminin eylemleri nedeniyle gerginli\u011fin t\u0131rmanabilece\u011fi konusunda defalarca uyar\u0131da bulunmu\u015ftur. \u015eu anda durumu sakinle\u015ftirmek ve Venezuela muhalefetinin de kat\u0131l\u0131m\u0131yla diplomatik m\u00fczakereler ba\u015flatman\u0131n \u00f6nemli oldu\u011funu d\u00fc\u015f\u00fcn\u00fcyoruz.&#8221; ifadelerini kulland\u0131.<\/p>\n\n\n\n<h3 class=\"wp-block-heading\">Avusturya<\/h3>\n\n\n\n<p>Avusturya D\u0131\u015fi\u015fleri Bakan\u0131 Beate Meinl-Reisinger, X&#8217;teki hesab\u0131ndan yapt\u0131\u011f\u0131 a\u00e7\u0131klamada, gerilimin artmas\u0131n\u0131 \u00f6nlemek ve uluslararas\u0131 hukuku korumak gerekti\u011fini belirterek, t\u00fcm taraflar\u0131 itidal g\u00f6stermeye \u00e7a\u011f\u0131rd\u0131.<\/p>\n\n\n\n<p>Meinl-Reisinger, Avusturya&#8217;n\u0131n AB ortaklar\u0131yla BM \u015eart\u0131 temelinde Venezuela&#8217;da bar\u0131\u015f\u00e7\u0131l ve demokratik bir \u00e7\u00f6z\u00fcm i\u00e7in \u00e7al\u0131\u015fmaya devam edece\u011fini kaydetti.<\/p>\n\n\n\n<h3 class=\"wp-block-heading\">Fransa: Operasyon uluslararas\u0131 hukukun ihlalidir<\/h3>\n\n\n\n<p>Fransa D\u0131\u015fi\u015fleri Bakan\u0131 Jean-Noel Barrot, ABD merkezli X hesab\u0131ndan yapt\u0131\u011f\u0131 payla\u015f\u0131mda, Maduro&#8217;nun &#8220;Venezuela halk\u0131n\u0131n g\u00fcc\u00fcn\u00fc elinden alarak ve (halk\u0131) temel \u00f6zg\u00fcrl\u00fcklerinden mahrum b\u0131rakarak&#8221; halk\u0131n kendi kaderini tayin hakk\u0131n\u0131 zedeledi\u011fini belirtti.<\/p>\n\n\n\n<p>Fransa&#8217;n\u0131n &#8220;Venezuela halk\u0131n\u0131n egemenli\u011fini s\u00fcrekli olarak savundu\u011funu&#8221; kaydeden Barrot, ABD&#8217;nin Maduro&#8217;ya y\u00f6nelik m\u00fcdahaleye ili\u015fkin, &#8220;Nicolas Maduro&#8217;nun yakalanmas\u0131na yol a\u00e7an askeri operasyon, uluslararas\u0131 hukukun temelini olu\u015fturan g\u00fc\u00e7 kullanmama ilkesini ihlal etmektedir. Fransa kal\u0131c\u0131 siyasi \u00e7\u00f6z\u00fcm\u00fcn d\u0131\u015far\u0131dan dayat\u0131lamayaca\u011f\u0131n\u0131 ve egemen halklar\u0131n kendi geleceklerine kendilerinin karar verdi\u011fini hat\u0131rlat\u0131r.&#8221; ifadelerini kulland\u0131.<\/p>\n\n\n\n<p>Barrot, ABD&#8217;yi i\u015faret ederek &#8220;Birle\u015fmi\u015f Milletler G\u00fcvenlik Konseyi&#8217;nin (BMGK) daimi \u00fcyesi olarak \u00f6nc\u00fcl sorumlulu\u011fu olanlar\u0131n (g\u00fc\u00e7 kulanmama) ilkesini s\u00fcrekli ihlalinin, d\u00fcnya g\u00fcvenli\u011fi a\u00e7\u0131s\u0131ndan, hi\u00e7kimseyi d\u0131\u015flamayacak \u015fekilde a\u011f\u0131r sonu\u00e7lar\u0131 olaca\u011f\u0131n\u0131&#8221; vurgulad\u0131.<\/p>\n\n\n\n<p>&#8220;Tarihten ders \u00e7\u0131karan bir \u00fclke olarak Fransa\u2019n\u0131n buna haz\u0131rland\u0131\u011f\u0131n\u0131&#8221; belirten Barrot, &#8220;Fransa, devletlerin her zaman ve her yerde uluslararas\u0131 eylemlerine rehberlik etmesi gereken Birle\u015fmi\u015f Milletler S\u00f6zle\u015fmesi&#8217;ne ba\u011fl\u0131l\u0131\u011f\u0131n\u0131 vurguluyor.&#8221; dedi.<\/p>\n\n\n\n<p>BFMTV&#8217;nin Elysee&#8217;ye yak\u0131n kaynaklara dayand\u0131rd\u0131\u011f\u0131 haberde, Fransa Cumhurba\u015fkan\u0131 Emmanuel Macron&#8217;un Venezuela&#8217;daki geli\u015fmeleri &#8220;sabah saatlerinden bu yana yak\u0131ndan&#8221; takip etti\u011fi ve ortaklar\u0131 ile g\u00f6r\u00fc\u015fmelerde bulundu\u011fu aktar\u0131ld\u0131.<\/p>\n\n\n\n<p>\u00d6te yandan yetkililer, Venezuela&#8217;n\u0131n ba\u015fkenti Caracas&#8217;ta Frans\u0131z vatanda\u015flar\u0131na evlerinde kalmalar\u0131 ve temkinli olmalar\u0131 \u00e7a\u011fr\u0131s\u0131 yapt\u0131.<\/p>\n\n\n\n<h3 class=\"wp-block-heading\">Venezuela halk\u0131na destek g\u00f6sterisi<\/h3>\n\n\n\n<p>Venezuela Devlet Ba\u015fkan\u0131 Maduro&#8217;nun ABD&#8217;nin askeri operasyonu ile yakalanmas\u0131n\u0131n ard\u0131ndan Frans\u0131z siyasilerinden bu operasyona tepki ve Venezuela halk\u0131na destek mesajlar\u0131 geldi.<\/p>\n\n\n\n<p>Meclisin en b\u00fcy\u00fck siyasi partisi a\u015f\u0131r\u0131 sa\u011fc\u0131 Ulusal Birlik (RN) partisinin Grup Ba\u015fkanvekili Marine le Pen, ABD&#8217;nin askeri operasyonunu ele\u015ftirdi. Le Pen, &#8220;ABD&#8217;nin Venezuela&#8217;da dayatt\u0131\u011f\u0131 rejim de\u011fi\u015fikli\u011fine kar\u015f\u0131 \u00e7\u0131kmak i\u00e7in temel bir sebep oldu\u011funu&#8221; ve &#8220;devletlerin egemenli\u011finin pazarl\u0131k edilemez oldu\u011funu&#8221; vurgulad\u0131.<\/p>\n\n\n\n<p>RN lideri Jordan Bardella ise ABD merkezli X \u015firketinin sosyal medya hesab\u0131ndan yapt\u0131\u011f\u0131 payla\u015f\u0131mda, &#8220;uluslararas\u0131 hukuka ve devletlerin egemenli\u011fine sayg\u0131n\u0131n uygulanmas\u0131n\u0131n de\u011fi\u015fiklik g\u00f6stermeyece\u011fini&#8221; ve &#8220;bir h\u00fck\u00fcmetin d\u0131\u015far\u0131dan zorla devrilmesinin kabul edilebilir bir yan\u0131t olu\u015fturamayaca\u011f\u0131n\u0131n&#8221; alt\u0131n\u0131 \u00e7izdi.<\/p>\n\n\n\n<p>\u00d6te yandan a\u015f\u0131r\u0131 solcu Boyun E\u011fmeyen Fransa (LFI) partisi Meclis Grup Ba\u015fkanvekili Mathilde Panot da payla\u015f\u0131m\u0131nda, &#8220;Trump&#8217;\u0131n sald\u0131r\u0131s\u0131na kar\u015f\u0131 Venezuela halk\u0131na destek&#8221; i\u00e7in Paris&#8217;teki Cumhuriyet Meydan\u0131&#8217;nda toplanma \u00e7a\u011fr\u0131s\u0131 yapt\u0131.<\/p>\n\n\n\n<h3 class=\"wp-block-heading\">Kolombiya Cumhurba\u015fkan\u0131 Petro, sald\u0131r\u0131lar\u0131 reddettiklerini a\u00e7\u0131klad\u0131&nbsp;<\/h3>\n\n\n\n<p>Kolombiya Cumhurba\u015fkan\u0131 Gustavo Petro, ABD merkezli X \u015firketinin sosyal medya platformundaki hesab\u0131ndan yapt\u0131\u011f\u0131 payla\u015f\u0131mda, Caracas&#8217;\u0131n bombaland\u0131\u011f\u0131n\u0131 duyurdu.<\/p>\n\n\n\n<p>Cumhurba\u015fkan\u0131 Petro, &#8220;\u015eu anda Caracas bombalan\u0131yor. Venezuela&#8217;ya f\u00fcze sald\u0131r\u0131s\u0131 d\u00fczenleniyor. Amerikan Devletleri \u00d6rg\u00fct\u00fc (OAS) ve Birle\u015fmi\u015f Milletler (BM) derhal toplanmal\u0131d\u0131r.&#8221; ifadelerini kulland\u0131.<\/p>\n\n\n\n<p>Ulusal G\u00fcvenlik Konseyi toplant\u0131s\u0131n\u0131n ard\u0131ndan da sosyal medya hesab\u0131ndan payla\u015f\u0131mda bulunan Petro, Venezuela&#8217;n\u0131n ve Latin Amerika&#8217;n\u0131n egemenli\u011fine y\u00f6nelik her t\u00fcrl\u00fc sald\u0131r\u0131ya kar\u015f\u0131 olduklar\u0131n\u0131 vurgulad\u0131.<\/p>\n\n\n\n<p>Venezuela&#8217;ya sald\u0131r\u0131lar sonras\u0131 al\u0131nan g\u00fcvenlik \u00f6nlemlerine de de\u011finen Petro, Venezuela&#8217;dan kitlesel m\u00fclteci ak\u0131n\u0131 ihtimaline kar\u015f\u0131 s\u0131n\u0131r b\u00f6lgelerine g\u00fcvenlik g\u00fc\u00e7lerinin sevk edildi\u011fini, t\u00fcm imkanlar\u0131n seferber edildi\u011fini kaydetti.<\/p>\n\n\n\n<p>Petro, Birle\u015fmi\u015f Milletler G\u00fcvenlik Konseyi \u00fcyesi olarak Konseyin acil toplant\u0131ya \u00e7a\u011fr\u0131lmas\u0131 i\u00e7in giri\u015fimlerde bulunduklar\u0131n\u0131 da aktard\u0131.<\/p>\n\n\n\n<h3 class=\"wp-block-heading\">K\u00fcba, ABD&#8217;yi k\u0131nad\u0131<\/h3>\n\n\n\n<p>K\u00fcba Devlet Ba\u015fkan\u0131 Miguel Diaz-Canel de Amerikan X \u015firketinin sosyal medya platformundan yapt\u0131\u011f\u0131 a\u00e7\u0131klamada, hava sald\u0131r\u0131lar\u0131na maruz kalan Venezuela&#8217;ya destek \u00e7\u0131kt\u0131.<\/p>\n\n\n\n<p>K\u00fcba Devlet Ba\u015fkan\u0131 Diaz-Canel &#8220;K\u00fcba, ABD&#8217;nin Venezuela&#8217;ya kar\u015f\u0131 su\u00e7 te\u015fkil eden sald\u0131r\u0131s\u0131n\u0131 k\u0131n\u0131yor ve uluslararas\u0131 toplumdan acil bir tepki talep ediyor.&#8221; ifadesini kulland\u0131.<\/p>\n\n\n\n<p>Bar\u0131\u015f\u00e7\u0131l bir b\u00f6lgenin vah\u015fi sald\u0131r\u0131lara u\u011frad\u0131\u011f\u0131na dikkati \u00e7eken Diaz-Canel, ABD&#8217;yi &#8220;Venezuela halk\u0131na ve Amerika k\u0131tas\u0131na kar\u015f\u0131 devlet ter\u00f6r\u00fc uygulamakla&#8221; su\u00e7lad\u0131.<\/p>\n\n\n\n<h3 class=\"wp-block-heading\">\u0130ran&#8217;dan k\u0131nama<\/h3>\n\n\n\n<p>\u0130ranl\u0131 \u00d6\u011frenciler Haber Ajans\u0131&#8217;na (ISNA) g\u00f6re, \u0130ran D\u0131\u015fi\u015fleri Bakanl\u0131\u011f\u0131 yapt\u0131\u011f\u0131 yaz\u0131l\u0131 a\u00e7\u0131klamayla, ABD\u2019nin Venezuela\u2019n\u0131n \u201ctoprak b\u00fct\u00fcnl\u00fc\u011f\u00fc ve egemenli\u011fine\u201d y\u00f6nelik askeri sald\u0131r\u0131s\u0131n\u0131 k\u0131nad\u0131\u011f\u0131n\u0131 bildirdi.<\/p>\n\n\n\n<p>A\u00e7\u0131klamada, ABD\u2019nin Venezuela\u2019ya y\u00f6nelik silahl\u0131 sald\u0131r\u0131s\u0131n\u0131n Birle\u015fmi\u015f Milletler (BM) \u015eart\u0131ndaki ama\u00e7 ve ilkelere ayk\u0131r\u0131 oldu\u011fu vurgusu yap\u0131l\u0131rken, BM\u2019den sald\u0131r\u0131y\u0131 k\u0131namas\u0131 istendi.<\/p>\n\n\n\n<p>Bakanl\u0131k, ABD\u2019nin BM \u00fcyesi ba\u011f\u0131ms\u0131z bir devlete askeri m\u00fcdahale bulundu\u011funu ve bunun istikrars\u0131zl\u0131\u011fa neden olaca\u011f\u0131n\u0131 vurgulayarak, \u201cBu giri\u015fim b\u00f6lgesel ve uluslararas\u0131 bar\u0131\u015f ve g\u00fcvenli\u011fin ihlalidir.\u201d dedi.<\/p>\n\n\n\n<p>Venezuela\u2019ya y\u00f6nelik askeri sald\u0131r\u0131 s\u0131ras\u0131nda i\u015flenen su\u00e7lar\u0131n planlay\u0131c\u0131lar\u0131 ile faillerinin hesap vermesi gerekti\u011fini belirten Bakanl\u0131k, BM ve G\u00fcvenlik Konseyi\u2019ne ABD\u2019nin \u201cyasa d\u0131\u015f\u0131 sald\u0131r\u0131s\u0131n\u0131\u201d durdurma \u00e7a\u011fr\u0131s\u0131 yapt\u0131.<\/p>\n\n\n\n<h3 class=\"wp-block-heading\">Rusya&#8217;dan k\u0131nama<\/h3>\n\n\n\n<p>Rusya D\u0131\u015fi\u015fleri Bakanl\u0131\u011f\u0131ndan yap\u0131lan a\u00e7\u0131klamada, ABD&#8217;nin bu sabah Venezuela&#8217;ya kar\u015f\u0131 silahl\u0131 sald\u0131r\u0131 eyleminde bulundu\u011fu hat\u0131rlat\u0131larak, &#8220;Bu, son derece endi\u015fe verici ve k\u0131nanmas\u0131 gereken bir durum.&#8221; ifadesi kullan\u0131ld\u0131.<\/p>\n\n\n\n<p>Bu t\u00fcr eylemleri hakl\u0131 \u00e7\u0131karmak i\u00e7in kullan\u0131lan bahanelerin temelsiz oldu\u011funun alt\u0131 \u00e7izilen a\u00e7\u0131klamada, ideolojik d\u00fc\u015fmanl\u0131\u011f\u0131n i\u015f odakl\u0131 pragmatizm ve g\u00fcvene dayal\u0131, \u00f6ng\u00f6r\u00fclebilir ili\u015fkiler kurma iste\u011finin \u00f6n\u00fcne ge\u00e7ti\u011fine i\u015faret edildi.<\/p>\n\n\n\n<p>Mevcut durumda, her \u015feyden \u00f6nce daha fazla gerilimin t\u0131rmanmas\u0131n\u0131 \u00f6nlemek gerekti\u011fi ve diyalog yoluyla bir \u00e7\u0131k\u0131\u015f yolu bulmaya odaklanman\u0131n \u00e7ok \u00f6nemli oldu\u011fu vurgulanan a\u00e7\u0131klamada, &#8220;Birbirlerine kar\u015f\u0131 su\u00e7lamalar\u0131 olan t\u00fcm ortaklar\u0131n, sorunlara diyalog yoluyla \u00e7\u00f6z\u00fcm aramalar\u0131 gerekti\u011fine inan\u0131yoruz. Bu konuda onlar\u0131 desteklemeye haz\u0131r\u0131z.&#8221; ifadelerine yer verildi.<\/p>\n\n\n\n<p>Latin Amerika&#8217;n\u0131n bir bar\u0131\u015f b\u00f6lgesi olarak kalmaya devam etmesi gerekti\u011fi belirtilen a\u00e7\u0131klamada, &#8220;Venezuela&#8217;ya, y\u0131k\u0131c\u0131 olmayan, hele ki askeri, d\u0131\u015f m\u00fcdahale olmaks\u0131z\u0131n kendi kaderini belirleme hakk\u0131 garanti edilmelidir. Venezuela halk\u0131yla dayan\u0131\u015fmam\u0131z\u0131 ve \u00fclkenin ulusal \u00e7\u0131karlar\u0131n\u0131 ve egemenli\u011fini korumay\u0131 ama\u00e7layan Bolivarc\u0131 y\u00f6netimin izledi\u011fi yolu destekledi\u011fimizi yeniden teyit ediyoruz.&#8221; de\u011ferlendirmesi yer ald\u0131.<\/p>\n\n\n\n<p>Rusya&#8217;n\u0131n, Venezuela yetkililerinin ve Latin Amerika \u00fclkelerinin liderlerinin Birle\u015fmi\u015f Milletler G\u00fcvenlik Konseyinin (BMGK) acil olarak toplanmas\u0131 \u00e7a\u011fr\u0131s\u0131na destek verdi\u011fi bildirilen a\u00e7\u0131klamada, Venezuela&#8217;daki Rus B\u00fcy\u00fckel\u00e7ili\u011finin normal \u015fekilde faaliyet g\u00f6sterdi\u011fi aktar\u0131ld\u0131.<\/p>\n\n\n\n<h3 class=\"wp-block-heading\">ABD&#8217;den Maduro ve e\u015fini serbest b\u0131rakmas\u0131 istendi<\/h3>\n\n\n\n<p>\u00d6te yandan Rusya D\u0131\u015fi\u015fleri Bakanl\u0131\u011f\u0131ndan ABD&#8217;nin Venezuela sald\u0131r\u0131s\u0131yla ilgili yap\u0131lan yeni a\u00e7\u0131klamada, Maduro ve e\u015finin ABD&#8217;de tutuldu\u011funa dair haberlerin teyit edildi\u011fi hat\u0131rlat\u0131ld\u0131.<\/p>\n\n\n\n<p>ABD ile Venezuela aras\u0131nda mevcut sorunlar\u0131n diyalog yoluyla \u00e7\u00f6z\u00fclmesi i\u00e7in ko\u015fullar yarat\u0131lmas\u0131 gerekti\u011finin alt\u0131 \u00e7izilen a\u00e7\u0131klamada, &#8220;\u015eiddetle Amerikan y\u00f6netimini halihaz\u0131rdaki tutumunu yeniden g\u00f6zden ge\u00e7irmeye ve egemen bir \u00fclkenin me\u015fru olarak se\u00e7ilmi\u015f devlet ba\u015fkan\u0131n\u0131 ve e\u015fini serbest b\u0131rakmaya \u00e7a\u011f\u0131r\u0131yoruz.&#8221; ifadeleri kullan\u0131ld\u0131.<\/p>\n\n\n\n<h3 class=\"wp-block-heading\">Meksika&#8217;dan k\u0131nama<\/h3>\n\n\n\n<p>Meksika D\u0131\u015fi\u015fleri Bakanl\u0131\u011f\u0131ndan ABD&#8217;nin Venezuela&#8217;ya m\u00fcdahalesine ili\u015fkin a\u00e7\u0131klama yap\u0131ld\u0131.<\/p>\n\n\n\n<p>A\u00e7\u0131klamada, &#8220;Meksika h\u00fck\u00fcmeti, ABD silahl\u0131 kuvvetlerinin Venezuela topraklar\u0131na kar\u015f\u0131 tek tarafl\u0131 ger\u00e7ekle\u015ftirdi\u011fi ve BM \u015eart\u0131&#8217;n\u0131n 2. maddesini a\u00e7\u0131k\u00e7a ihlal eden askeri eylemleri \u015fiddetle k\u0131namakta ve reddetmektedir.&#8221; ifadesi kullan\u0131ld\u0131.<\/p>\n\n\n\n<p>Uluslararas\u0131 hukuka sayg\u0131 g\u00f6sterilmesi ve BM \u015eart\u0131&#8217;n\u0131n ilke ve ama\u00e7lar\u0131na uyulmas\u0131 talep edilen a\u00e7\u0131klamada, Venezuela h\u00fck\u00fcmeti ve halk\u0131na kar\u015f\u0131 sald\u0131rgan eylemlerin durdurulmas\u0131 i\u00e7in acil \u00e7a\u011fr\u0131 yap\u0131ld\u0131.<\/p>\n\n\n\n<p>Latin Amerika ve Karayipler&#8217;in kar\u015f\u0131l\u0131kl\u0131 sayg\u0131 ve anla\u015fmazl\u0131klar\u0131n bar\u0131\u015f\u00e7\u0131l \u00e7\u00f6z\u00fcm\u00fc temelinde bir &#8220;bar\u0131\u015f b\u00f6lgesi&#8221; oldu\u011fu kaydedilen a\u00e7\u0131klamada, &#8220;herhangi bir askeri eylemin b\u00f6lgedeki istikrar\u0131 ciddi \u015fekilde tehlikeye ataca\u011f\u0131&#8221; uyar\u0131s\u0131 yap\u0131ld\u0131.<\/p>\n\n\n\n<p>B\u00f6lgesel bar\u0131\u015f\u0131n korunmas\u0131 ve \u00e7at\u0131\u015fmadan ka\u00e7\u0131nmas\u0131 gereklili\u011fine dikkati \u00e7ekilen a\u00e7\u0131klamada, t\u00fcm arabuluculuk ve diyalog \u00e7abalar\u0131n\u0131 Meksika&#8217;n\u0131n destekledi\u011fi aktar\u0131ld\u0131.<\/p>\n\n\n\n<p>BM&#8217;ye seslenilen a\u00e7\u0131klamada, gerilimleri azaltmak, diyalo\u011fu kolayla\u015ft\u0131rmak ve uluslararas\u0131 hukuk uyar\u0131nca bar\u0131\u015f\u00e7\u0131l ve s\u00fcrd\u00fcr\u00fclebilir bir \u00e7\u00f6z\u00fcme olanak sa\u011flayacak ko\u015fullar olu\u015fturmak i\u00e7in harekete ge\u00e7me \u00e7a\u011fr\u0131s\u0131 yap\u0131ld\u0131.<\/p>\n\n\n\n<p>Venezuela Devlet Ba\u015fkan\u0131 Claudia Sheinbaum da ABD merkezli X \u015firketinin sosyal medya platformundan, D\u0131\u015fi\u015fleri Bakanl\u0131\u011f\u0131n\u0131n a\u00e7\u0131klamas\u0131n\u0131, BM \u015eart\u0131&#8217;n\u0131n 2. maddesini al\u0131nt\u0131layarak payla\u015ft\u0131.<\/p>\n\n\n\n<h3 class=\"wp-block-heading\">Brezilya Devlet Ba\u015fkan\u0131 Lula da Silva&#8217;dan tepki<\/h3>\n\n\n\n<p>Brezilya Devlet Ba\u015fkan\u0131 Luiz Inacio Lula da Silva, Amerikan X \u015firketinin sosyal medya hesab\u0131ndan yapt\u0131\u011f\u0131 a\u00e7\u0131klamada, &#8220;Venezuela topraklar\u0131n\u0131n bombalanmas\u0131 ve devlet ba\u015fkan\u0131n\u0131n al\u0131konulmas\u0131 kabul edilemez \u00e7izgiyi a\u015fm\u0131\u015ft\u0131r. Bu eylemler, Venezuela&#8217;n\u0131n egemenli\u011fine y\u00f6nelik ciddi bir sald\u0131r\u0131 ve uluslararas\u0131 toplum i\u00e7in son derece tehlikeli bir emsal te\u015fkil etmektedir.&#8221; ifadelerini kulland\u0131.<\/p>\n\n\n\n<p>Brezilya Devlet Ba\u015fkan\u0131, &#8220;Uluslararas\u0131 hukuku a\u00e7\u0131k bir \u015fekilde ihlal ederek \u00fclkelere sald\u0131r\u0131da bulunmak, \u00e7ok tarafl\u0131l\u0131\u011f\u0131n yerine en g\u00fc\u00e7l\u00fc olan\u0131n hukukunun ge\u00e7erli oldu\u011fu, \u015fiddet, kaos ve istikrars\u0131zl\u0131kla dolu bir d\u00fcnyaya do\u011fru at\u0131lan ilk ad\u0131md\u0131r.&#8221; de\u011ferlendirmesinde bulundu.<\/p>\n\n\n\n<p>Brezilya&#8217;n\u0131n &#8220;g\u00fc\u00e7 kullan\u0131m\u0131n\u0131 k\u0131nad\u0131\u011f\u0131n\u0131&#8221; vurgulayan Lula da Silva, ABD&#8217;nin Venezuela&#8217;ya m\u00fcdahalesinin b\u00f6lgedeki &#8220;k\u00f6t\u00fc askeri m\u00fcdahale an\u0131lar\u0131n\u0131 ak\u0131llara getirdi\u011fini ve b\u00f6lgesel bar\u0131\u015f\u0131 tehdit etti\u011fini&#8221; kaydetti.<\/p>\n\n\n\n<p>Lula, uluslararas\u0131 toplumun Birle\u015fmi\u015f Milletler arac\u0131l\u0131\u011f\u0131yla duruma m\u00fcdahale etmesi gerekti\u011fini ve \u00fclkesinin diyalog ile i\u015fbirli\u011fini destekledi\u011fini ifade etti.<\/p>\n\n\n\n<h3 class=\"wp-block-heading\">Ukrayna&#8217;dan &#8220;Venezuellal\u0131lar\u0131n \u00e7\u0131karlar\u0131na \u00f6ncelik veren geli\u015fmelerden&#8221; yana olduklar\u0131 mesaj\u0131<\/h3>\n\n\n\n<p>Ukrayna D\u0131\u015fi\u015fleri Bakan\u0131 Andrii Sybiha, ABD merkezli X \u015firketinin sosyal medya platformundaki payla\u015f\u0131m\u0131nda, Venezuela&#8217;da meydana gelen geli\u015fmeleri de\u011ferlendirdi.<\/p>\n\n\n\n<p>Ukrayna&#8217;n\u0131n, &#8220;uluslar\u0131n diktat\u00f6rl\u00fckten, bask\u0131dan ve insan haklar\u0131 ihlallerinden uzak ve \u00f6zg\u00fcr ya\u015fama&#8221; hakk\u0131n\u0131 her zaman savundu\u011funu kaydeden Sybiha, Maduro y\u00f6netiminin bu ilkeleri her y\u00f6n\u00fcyle ihlal etti\u011fini iddia etti.<\/p>\n\n\n\n<p>Sybiha, \u00fclkesinin Maduro y\u00f6netimini &#8220;me\u015fru&#8221; olarak g\u00f6rmedi\u011fini vurgulayarak, &#8220;Venezuela halk\u0131, normal bir ya\u015fam, g\u00fcvenlik, refah ve insan onuruna yak\u0131\u015f\u0131r hayat i\u00e7in bir \u015fansa sahip olmal\u0131. Biz de onlar\u0131n bu normal ya\u015fama, sayg\u0131ya ve \u00f6zg\u00fcrl\u00fc\u011fe y\u00f6nelik haklar\u0131n\u0131 desteklemeye devam edece\u011fiz.&#8221; ifadesini kulland\u0131.<\/p>\n\n\n\n<p>Bakan Sybiha ayr\u0131ca, uluslararas\u0131 hukuk ilkeleri do\u011frultusunda demokrasi, insan haklar\u0131 ve &#8220;Venezuellal\u0131lar\u0131n \u00e7\u0131karlar\u0131na \u00f6ncelik veren geli\u015fmelerden&#8221; yana olduklar\u0131 mesaj\u0131n\u0131 verdi.<\/p>\n\n\n\n<h3 class=\"wp-block-heading\">Belarus, ABD\u2019nin sald\u0131r\u0131s\u0131n\u0131 k\u0131nad\u0131<\/h3>\n\n\n\n<p>Belarus D\u0131\u015fi\u015fleri Bakanl\u0131\u011f\u0131, ABD\u2019nin Venezuela\u2019ya silahl\u0131 sald\u0131r\u0131s\u0131n\u0131n uluslararas\u0131 bar\u0131\u015f ve g\u00fcvenli\u011fe do\u011frudan tehdit oldu\u011funu belirtti.<\/p>\n\n\n\n<p>Bakanl\u0131ktan yap\u0131lan yaz\u0131l\u0131 a\u00e7\u0131klamada, Minsk\u2019in, egemen Venezuela devletine kar\u015f\u0131 ger\u00e7ekle\u015ftirilen silahl\u0131 sald\u0131r\u0131y\u0131 kesin bir dille k\u0131nad\u0131\u011f\u0131 bildirildi.<\/p>\n\n\n\n<p>Bu sald\u0131r\u0131n\u0131n uluslararas\u0131 bar\u0131\u015f ve g\u00fcvenli\u011fe tehdit oldu\u011fu kaydedilen a\u00e7\u0131klamada, &#8220;Belarus taraf\u0131, Venezuela&#8217;n\u0131n me\u015fru h\u00fck\u00fcmetine sars\u0131lmaz deste\u011fini ifade etmekte ve bar\u0131\u015f\u0131n korunmas\u0131nda birincil sorumlulu\u011fu ta\u015f\u0131yan Birle\u015fmi\u015f Milletler G\u00fcvenlik Konseyi&#8217;nin (BMGK) acil toplant\u0131s\u0131 \u00e7a\u011fr\u0131s\u0131na kat\u0131lmaktad\u0131r.&#8221; ifadelerine yer verildi.<\/p>\n\n\n\n<p>Venezuela halk\u0131n\u0131n kendi kaderini ba\u011f\u0131ms\u0131z olarak belirleme hakk\u0131n\u0131n dokunulmaz oldu\u011fu vurgulanan a\u00e7\u0131klamada, hi\u00e7bir d\u0131\u015f m\u00fcdahalenin, \u00f6zellikle de g\u00fc\u00e7 kullan\u0131m\u0131n\u0131n hakl\u0131 g\u00f6sterilemeyece\u011fi ifade edildi.<\/p>\n\n\n\n<p>A\u00e7\u0131klamada, Venezuela\u2019da Belarus B\u00fcy\u00fckel\u00e7ili\u011finin normal \u015fekilde faaliyet g\u00f6sterdi\u011fi de aktar\u0131ld\u0131.<\/p>\n\n\n\n<h3 class=\"wp-block-heading\">\u00c7in&#8217;den k\u0131nama<\/h3>\n\n\n\n<p>\u00c7in D\u0131\u015fi\u015fleri Bakanl\u0131\u011f\u0131ndan yap\u0131lan a\u00e7\u0131klamada, ABD&#8217;nin &#8220;hegemonik&#8221; olarak nitelendirilen eylemlerinin, uluslararas\u0131 hukuku ve Venezuela&#8217;n\u0131n egemenli\u011fini ihlal etti\u011fi, Latin Amerika ve Karayipler b\u00f6lgesinde bar\u0131\u015f\u0131 ve g\u00fcvenli\u011fi tehdit etti\u011fi belirtildi.<\/p>\n\n\n\n<p>A\u00e7\u0131klamada, &#8220;\u00c7in, ABD&#8217;nin egemen bir \u00fclkeye ve onun devlet ba\u015fkan\u0131na g\u00fc\u00e7 kullan\u0131m\u0131ndan derin \u015fok i\u00e7indedir ve bunu g\u00fc\u00e7l\u00fc \u015fekilde k\u0131namaktad\u0131r.&#8221; ifadesi kullan\u0131ld\u0131.<\/p>\n\n\n\n<p>\u00c7in&#8217;in ABD&#8217;nin eylemlerine kar\u015f\u0131 oldu\u011fu vurgulanan a\u00e7\u0131klamada, Washington y\u00f6netimine uluslararas\u0131 hukuka ve Birle\u015fmi\u015f Milletler (BM) \u015eart\u0131&#8217;n\u0131n ama\u00e7 ve ilkelerine ba\u011fl\u0131 kalma, ba\u015fka \u00fclkelerin egemenli\u011fini ve g\u00fcvenli\u011fini ihlal etmeye son verme \u00e7a\u011fr\u0131s\u0131 yap\u0131ld\u0131.<\/p>\n\n\n\n<h3 class=\"wp-block-heading\">G\u00fcney Afrika&#8217;dan BM G\u00fcvenlik Konseyi&#8217;ne acil toplant\u0131 \u00e7a\u011fr\u0131s\u0131<\/h3>\n\n\n\n<p>G\u00fcney Afrika Cumhuriyeti, ABD&#8217;nin Venezuela&#8217;ya askeri m\u00fcdahalesiyle Birle\u015fmi\u015f Milletler (BM) \u015eart\u0131&#8217;n\u0131n 2. maddesini ihlal etti\u011fini belirterek, BM G\u00fcvenlik Konseyi&#8217;ne acil toplant\u0131 \u00e7a\u011fr\u0131s\u0131 yapt\u0131.<\/p>\n\n\n\n<p>Uluslararas\u0131 \u0130li\u015fkiler ve \u0130\u015fbirli\u011fi Bakanl\u0131\u011f\u0131ndan yap\u0131lan yaz\u0131l\u0131 a\u00e7\u0131klamada, G\u00fcney Afrika h\u00fck\u00fcmetinin, ABD&#8217;nin Venezuela&#8217;ya d\u00fczenledi\u011fi geni\u015f \u00e7apl\u0131 askeri m\u00fcdahaleyi ve Devlet Ba\u015fkan\u0131 Nicolas Maduro&#8217;nun e\u015fiyle birlikte yakalanarak \u00fclkeden \u00e7\u0131kar\u0131lmas\u0131n\u0131 b\u00fcy\u00fck endi\u015feyle kar\u015f\u0131lad\u0131\u011f\u0131 belirtildi.<\/p>\n\n\n\n<p>A\u00e7\u0131klamada, ABD&#8217;nin bu eyleminin, BM \u00fcyesi devletlerin herhangi bir \u00fcye devletin toprak b\u00fct\u00fcnl\u00fc\u011f\u00fcne veya siyasi ba\u011f\u0131ms\u0131zl\u0131\u011f\u0131na kar\u015f\u0131 g\u00fc\u00e7 tehdidinde bulunmaktan ya da g\u00fc\u00e7 kullanmaktan ka\u00e7\u0131nmas\u0131n\u0131 \u00f6ng\u00f6ren BM \u015eart\u0131&#8217;n\u0131n 2. maddesini a\u00e7\u0131k\u00e7a ihlal etti\u011fi vurguland\u0131.<\/p>\n\n\n\n<p>Egemen devletlere kar\u015f\u0131 askeri m\u00fcdahalelerin yaln\u0131zca istikrars\u0131zl\u0131\u011fa ve derinle\u015fen krizlere yol a\u00e7t\u0131\u011f\u0131 aktar\u0131lan a\u00e7\u0131klamada, &#8220;ABD&#8217;nin yasa d\u0131\u015f\u0131 ve tek tarafl\u0131 g\u00fc\u00e7 kullan\u0131m\u0131n\u0131n&#8221; uluslararas\u0131 d\u00fczenin istikrar\u0131n\u0131 ve uluslararas\u0131 e\u015fitlik ilkesini baltalad\u0131\u011f\u0131 kaydedildi.<\/p>\n\n\n\n<p>A\u00e7\u0131klamada, &#8220;G\u00fcney Afrika, uluslararas\u0131 bar\u0131\u015f ve g\u00fcvenli\u011fi korumakla g\u00f6revli organ olan BM G\u00fcvenlik Konseyi&#8217;ni bu durumu ele almak \u00fczere acilen toplanmaya \u00e7a\u011f\u0131r\u0131yor.&#8221; ifadesi kullan\u0131ld\u0131.<\/p>\n\n\n\n<p>Kaynak: AA<\/p>\n","protected":false},"excerpt":{"rendered":"<p>Venezuela&#8217;n\u0131n ba\u015fkenti Caracas&#8217;ta en az 7 patlama sesi duyuldu. Trump, &#8220;ABD, Venezuela ve lideri Ba\u015fkan Nicolas Maduro&#8217;ya kar\u015f\u0131 b\u00fcy\u00fck \u00e7apl\u0131 bir sald\u0131r\u0131 d\u00fczenlemi\u015f ve Maduro ile e\u015fi yakalanarak \u00fclke d\u0131\u015f\u0131na \u00e7\u0131kar\u0131lm\u0131\u015ft\u0131r.&#8221; a\u00e7\u0131klamas\u0131nda bulundu. G\u00f6rg\u00fc tan\u0131klar\u0131na g\u00f6re, ba\u015fkentte yerel saatle 02.00 s\u0131ralar\u0131nda en az 7 patlama sesi geldi. Patlamalar\u0131n ard\u0131ndan bir\u00e7ok mahallede halk\u0131n evlerinden \u00e7\u0131karak sokaklara [&hellip;]<\/p>\n","protected":false},"author":1,"featured_media":8292,"comment_status":"open","ping_status":"open","sticky":false,"template":"","format":"standard","meta":{"footnotes":""},"categories":[127],"tags":[160,3207,2264,3208,3209,924,2692,2048,2049,3210],"class_list":["post-8291","post","type-post","status-publish","format-standard","has-post-thumbnail","hentry","category-dunya","tag-abd","tag-caracas","tag-cnn","tag-delcy-rodriguez","tag-devlet-baskani-nicolas-maduro","tag-donald-trump","tag-maduro","tag-nicolas-maduro","tag-venezuela","tag-vtv-venezuela"],"_links":{"self":[{"href":"https:\/\/www.trabzonmanset.com\/index.php\/wp-json\/wp\/v2\/posts\/8291","targetHints":{"allow":["GET"]}}],"collection":[{"href":"https:\/\/www.trabzonmanset.com\/index.php\/wp-json\/wp\/v2\/posts"}],"about":[{"href":"https:\/\/www.trabzonmanset.com\/index.php\/wp-json\/wp\/v2\/types\/post"}],"author":[{"embeddable":true,"href":"https:\/\/www.trabzonmanset.com\/index.php\/wp-json\/wp\/v2\/users\/1"}],"replies":[{"embeddable":true,"href":"https:\/\/www.trabzonmanset.com\/index.php\/wp-json\/wp\/v2\/comments?post=8291"}],"version-history":[{"count":1,"href":"https:\/\/www.trabzonmanset.com\/index.php\/wp-json\/wp\/v2\/posts\/8291\/revisions"}],"predecessor-version":[{"id":8293,"href":"https:\/\/www.trabzonmanset.com\/index.php\/wp-json\/wp\/v2\/posts\/8291\/revisions\/8293"}],"wp:featuredmedia":[{"embeddable":true,"href":"https:\/\/www.trabzonmanset.com\/index.php\/wp-json\/wp\/v2\/media\/8292"}],"wp:attachment":[{"href":"https:\/\/www.trabzonmanset.com\/index.php\/wp-json\/wp\/v2\/media?parent=8291"}],"wp:term":[{"taxonomy":"category","embeddable":true,"href":"https:\/\/www.trabzonmanset.com\/index.php\/wp-json\/wp\/v2\/categories?post=8291"},{"taxonomy":"post_tag","embeddable":true,"href":"https:\/\/www.trabzonmanset.com\/index.php\/wp-json\/wp\/v2\/tags?post=8291"}],"curies":[{"name":"wp","href":"https:\/\/api.w.org\/{rel}","templated":true}]}}