{"id":8277,"date":"2026-01-02T19:20:00","date_gmt":"2026-01-02T16:20:00","guid":{"rendered":"https:\/\/www.trabzonmanset.com\/?p=8277"},"modified":"2026-01-02T21:01:06","modified_gmt":"2026-01-02T18:01:06","slug":"kulisleri-sallayan-iddia-hasan-ufuk-cakir-ak-partiye-geciyor","status":"publish","type":"post","link":"https:\/\/www.trabzonmanset.com\/index.php\/2026\/01\/02\/kulisleri-sallayan-iddia-hasan-ufuk-cakir-ak-partiye-geciyor\/","title":{"rendered":"Kulisleri sallayan iddia: Hasan Ufuk \u00c7ak\u0131r, AK Parti&#8217;ye ge\u00e7iyor"},"content":{"rendered":"\n<p>Kemal K\u0131l\u0131\u00e7daro\u011flu&#8217;na verdi\u011fi destekle bilinen ve ihra\u00e7 talebiyle disipline sevk edilmesinin ard\u0131ndan CHP&#8217;den istifa eden Mersin Milletvekili Hasan Ufuk \u00c7ak\u0131r&#8217;la ilgili kulislerde dikkat \u00e7eken bir iddia ortaya at\u0131ld\u0131. \u00c7ak\u0131r&#8217;\u0131n AK Parti&#8217;ye ge\u00e7meye karar verdi\u011fi \u00f6ne s\u00fcr\u00fcld\u00fc.<\/p>\n\n\n\n<ul class=\"wp-block-list\">\n<li>Mersin Milletvekili Hasan Ufuk \u00c7ak\u0131r, CHP&#8217;den istifa etti.<\/li>\n\n\n\n<li>Gazeteci Bar\u0131\u015f Yarkada\u015f, Hasan Ufuk \u00c7ak\u0131r&#8217;\u0131n AK Parti&#8217;ye ge\u00e7ece\u011fini iddia etti.<\/li>\n\n\n\n<li>Hasan Ufuk \u00c7ak\u0131r, hafta i\u00e7i AK Parti&#8217;ye kat\u0131lacak.<\/li>\n<\/ul>\n\n\n\n<p>Eski CHP Genel Ba\u015fkan\u0131 Kemal K\u0131l\u0131\u00e7daro\u011flu&#8217;nu destekledi\u011fini s\u00f6yleyen ve partisine y\u00f6nelik sert ele\u015ftirilerinin ard\u0131ndan kesin ihra\u00e7 talebiyle disipline sevk edilen Mersin Milletvekili Hasan Ufuk \u00c7ak\u0131r, CHP&#8217;den istifa etmi\u015fti. \u00c7ak\u0131r&#8217;\u0131n bundan sonra ba\u015fka bir partiye kat\u0131l\u0131p kat\u0131lmayaca\u011f\u0131 merak edilirken, \u00e7arp\u0131c\u0131 bir iddia g\u00fcndeme geldi.<\/p>\n\n\n\n<h3 class=\"wp-block-heading\">&#8220;HASAN UFUK \u00c7AKIR AK PART\u0130&#8217;YE GE\u00c7\u0130YOR&#8221; \u0130DD\u0130ASI<\/h3>\n\n\n\n<p>Gazeteci Bar\u0131\u015f Yarkada\u015f, \u00c7ak\u0131r&#8217;\u0131n AK Parti&#8217;ye ge\u00e7ece\u011fini iddia etti. \u00c7ak\u0131r&#8217;la konu\u015ftu\u011funu s\u00f6yleyen Yarkada\u015f, sosyal medya hesab\u0131ndan yapt\u0131\u011f\u0131 payla\u015f\u0131mda \u015fu ifadeleri kulland\u0131: &#8220;Bir s\u00fcre \u00f6nce CHP&#8217;den istifa eden Mersin Milletvekili Hasan Ufuk \u00c7ak\u0131r, AK Parti&#8217;ye ge\u00e7ece\u011fini do\u011frulad\u0131.<\/p>\n\n\n\n<h3 class=\"wp-block-heading\">&#8220;M\u0130LLET\u0130M\u0130Z\u0130N KARARI BU Y\u00d6NDE&#8221;<\/h3>\n\n\n\n<p>Az \u00f6nce \u00c7ak\u0131r&#8217;\u0131 arad\u0131m ve iddialar\u0131 sordum. \u00c7ak\u0131r, &#8220;Haberler do\u011fru. Milletimin karar\u0131 bu y\u00f6nde. T\u00fcm k\u00f6yleri tek tek gezdim. &#8216;Bu oylar\u0131 senin i\u00e7in CHP&#8217;ye biz verdik. Sana iftira atanlarla de\u011fil bizle beraber olacaks\u0131n hizmet etmeye devam edeceksin&#8217; denildi. Ben de milletimin dedi\u011fini yap\u0131yorum&#8221; ifadesini kulland\u0131. \u00c7ak\u0131r, hafta i\u00e7i AK Parti&#8217;ye kat\u0131lacak.&#8221;<\/p>\n\n\n\n<figure class=\"wp-block-image size-full\"><img loading=\"lazy\" decoding=\"async\" width=\"530\" height=\"333\" src=\"https:\/\/www.trabzonmanset.com\/wp-content\/uploads\/2026\/01\/kulisleri-sallayan-iddia-hasan-ufuk-cakir-ak-19420182_4250_m.webp?wsr\" alt=\"\" class=\"wp-image-8278\" srcset=\"https:\/\/www.trabzonmanset.com\/wp-content\/uploads\/2026\/01\/kulisleri-sallayan-iddia-hasan-ufuk-cakir-ak-19420182_4250_m.webp 530w, https:\/\/www.trabzonmanset.com\/wp-content\/uploads\/2026\/01\/kulisleri-sallayan-iddia-hasan-ufuk-cakir-ak-19420182_4250_m-300x188.webp 300w\" sizes=\"auto, (max-width: 530px) 100vw, 530px\" \/><\/figure>\n\n\n\n<h3 class=\"wp-block-heading\">HASAN UFUK \u00c7AKIR K\u0130MD\u0130R?<\/h3>\n\n\n\n<p>\u0130\u015f insan\u0131 ve siyaset\u00e7i. TBMM 28. d\u00f6nem Ba\u011f\u0131ms\u0131z Mersin milletvekilidir. 9 Aral\u0131k 2025 tarihinde kesin ihra\u00e7 istemiyle disiplin kuruluna sevk edildikten sonra CHP&#8217;den istifa etmi\u015ftir.<\/p>\n\n\n\n<p>Tar\u0131m, Orman ve K\u00f6yi\u015fleri Komisyonu \u00dcyesi olan Hasan Ufuk \u00c7ak\u0131r, 1997-2004 y\u0131llar\u0131 aras\u0131nda Hazine ve D\u0131\u015f Ticaret M\u00fcste\u015farl\u0131\u011f\u0131&#8217;na ba\u011fl\u0131 Akdeniz \u0130hracat\u00e7\u0131 Birliklerinde \u015eube M\u00fcd\u00fcr\u00fc olarak g\u00f6rev yapm\u0131\u015ft\u0131r. Evli ve 2 \u00e7ocuk babas\u0131d\u0131r.<\/p>\n\n\n\n<p><\/p>\n","protected":false},"excerpt":{"rendered":"<p>Kemal K\u0131l\u0131\u00e7daro\u011flu&#8217;na verdi\u011fi destekle bilinen ve ihra\u00e7 talebiyle disipline sevk edilmesinin ard\u0131ndan CHP&#8217;den istifa eden Mersin Milletvekili Hasan Ufuk \u00c7ak\u0131r&#8217;la ilgili kulislerde dikkat \u00e7eken bir iddia ortaya at\u0131ld\u0131. \u00c7ak\u0131r&#8217;\u0131n AK Parti&#8217;ye ge\u00e7meye karar verdi\u011fi \u00f6ne s\u00fcr\u00fcld\u00fc. Eski CHP Genel Ba\u015fkan\u0131 Kemal K\u0131l\u0131\u00e7daro\u011flu&#8217;nu destekledi\u011fini s\u00f6yleyen ve partisine y\u00f6nelik sert ele\u015ftirilerinin ard\u0131ndan kesin ihra\u00e7 talebiyle disipline sevk [&hellip;]<\/p>\n","protected":false},"author":1,"featured_media":8279,"comment_status":"open","ping_status":"open","sticky":false,"template":"","format":"standard","meta":{"footnotes":""},"categories":[1,632],"tags":[562,283,3195,3196],"class_list":["post-8277","post","type-post","status-publish","format-standard","has-post-thumbnail","hentry","category-gundem","category-siyaset","tag-ak-parti","tag-chp","tag-hasan-ufuk-cakir","tag-mersin-milletvekili"],"_links":{"self":[{"href":"https:\/\/www.trabzonmanset.com\/index.php\/wp-json\/wp\/v2\/posts\/8277","targetHints":{"allow":["GET"]}}],"collection":[{"href":"https:\/\/www.trabzonmanset.com\/index.php\/wp-json\/wp\/v2\/posts"}],"about":[{"href":"https:\/\/www.trabzonmanset.com\/index.php\/wp-json\/wp\/v2\/types\/post"}],"author":[{"embeddable":true,"href":"https:\/\/www.trabzonmanset.com\/index.php\/wp-json\/wp\/v2\/users\/1"}],"replies":[{"embeddable":true,"href":"https:\/\/www.trabzonmanset.com\/index.php\/wp-json\/wp\/v2\/comments?post=8277"}],"version-history":[{"count":1,"href":"https:\/\/www.trabzonmanset.com\/index.php\/wp-json\/wp\/v2\/posts\/8277\/revisions"}],"predecessor-version":[{"id":8280,"href":"https:\/\/www.trabzonmanset.com\/index.php\/wp-json\/wp\/v2\/posts\/8277\/revisions\/8280"}],"wp:featuredmedia":[{"embeddable":true,"href":"https:\/\/www.trabzonmanset.com\/index.php\/wp-json\/wp\/v2\/media\/8279"}],"wp:attachment":[{"href":"https:\/\/www.trabzonmanset.com\/index.php\/wp-json\/wp\/v2\/media?parent=8277"}],"wp:term":[{"taxonomy":"category","embeddable":true,"href":"https:\/\/www.trabzonmanset.com\/index.php\/wp-json\/wp\/v2\/categories?post=8277"},{"taxonomy":"post_tag","embeddable":true,"href":"https:\/\/www.trabzonmanset.com\/index.php\/wp-json\/wp\/v2\/tags?post=8277"}],"curies":[{"name":"wp","href":"https:\/\/api.w.org\/{rel}","templated":true}]}}