{"id":8271,"date":"2026-01-02T17:48:00","date_gmt":"2026-01-02T14:48:00","guid":{"rendered":"https:\/\/www.trabzonmanset.com\/?p=8271"},"modified":"2026-01-02T20:51:19","modified_gmt":"2026-01-02T17:51:19","slug":"irandan-ates-etmeye-haziriz-diyen-abdye-rest-uslerini-vururuz","status":"publish","type":"post","link":"https:\/\/www.trabzonmanset.com\/index.php\/2026\/01\/02\/irandan-ates-etmeye-haziriz-diyen-abdye-rest-uslerini-vururuz\/","title":{"rendered":"\u0130ran&#8217;dan &#8220;Ate\u015f etmeye haz\u0131r\u0131z&#8221; diyen ABD&#8217;ye rest: \u00dcslerini vururuz"},"content":{"rendered":"\n<p>\u0130ran&#8217;\u0131n para birimi riyaldeki de\u011fer kayb\u0131n\u0131n neden oldu\u011fu protestolar uluslararas\u0131 boyuta ta\u015f\u0131nd\u0131. ABD&#8217;nin protestoculara destek \u00e7\u0131karak &#8220;Ate\u015f etmeye haz\u0131r\u0131z&#8221; a\u00e7\u0131klamas\u0131na \u0130ran&#8217;dan \u00e7ok sert yan\u0131t geldi. \u0130ran, &#8220;Olas\u0131 provokasyonlarda ABD \u00fcsleri me\u015fru hedeftir&#8221; restini \u00e7ekti.<\/p>\n\n\n\n<ul class=\"wp-block-list\">\n<li>\u0130ran&#8217;da 28 Aral\u0131k&#8217;ta ba\u015flayan protestolar alt\u0131nc\u0131 g\u00fcn\u00fcne girdi.<\/li>\n\n\n\n<li>\u0130ran&#8217;\u0131n Lordegan, Azna ve Kouhdasht kentlerinde protestolarda toplam 6 ki\u015fi hayat\u0131n\u0131 kaybetti.<\/li>\n\n\n\n<li>ABD Ba\u015fkan\u0131 Donald Trump, \u0130ran&#8217;\u0131n protestocular\u0131 \u00f6ld\u00fcrmesi durumunda ABD&#8217;nin m\u00fcdahale edece\u011fini s\u00f6yledi.<\/li>\n<\/ul>\n\n\n\n<p><strong>\u0130ran<\/strong>&#8216;da artan hayat pahal\u0131l\u0131\u011f\u0131na kar\u015f\u0131 28 Aral\u0131k&#8217;ta ba\u015flayan protestolar alt\u0131nc\u0131 g\u00fcn\u00fcne girdi. ABD Ba\u015fkan\u0131 Donald Trump, <strong>\u0130ran<\/strong>&#8216;\u0131n protestocular\u0131 \u00f6ld\u00fcrmesi durumunda \u00fclkesinin m\u00fcdahale edece\u011fini s\u00f6yledi. Trump&#8217;\u0131n bu s\u00f6zlerine <strong>\u0130ran<\/strong>&#8216;dan rest geldi.<\/p>\n\n\n\n<h3 class=\"wp-block-heading\">G\u00dcNLERD\u0130R OLAYLAR S\u00dcR\u00dcYOR<\/h3>\n\n\n\n<p><strong>\u0130ran<\/strong>&#8216;da 28 Aral\u0131k&#8217;tan bu yana sokaklara \u00e7\u0131kan halk, riyalin sert de\u011fer kayb\u0131na tepki g\u00f6steriyor. Ba\u015fkent Tahran&#8217;da geni\u015f \u00e7apl\u0131 protestolar ya\u015fan\u0131rken, ekonomik krizin derinle\u015fmesi ve Merkez Bankas\u0131 Ba\u015fkan\u0131 Muhammed Reza Farzin&#8217;in istifa etti\u011fi iddialar\u0131, \u00fclkedeki belirsizli\u011fi art\u0131r\u0131yor.<\/p>\n\n\n\n<h3 class=\"wp-block-heading\">\u0130\u015e YERLER\u0130 KEPENK \u0130ND\u0130RD\u0130<\/h3>\n\n\n\n<p>Ba\u015fkentte y\u00fczlerce i\u015f yeri kepenk kapatt\u0131. Kent merkezinde toplanan g\u00f6stericiler, riyaldeki h\u0131zl\u0131 de\u011fer kayb\u0131na tepki g\u00f6sterirken baz\u0131 gruplar, h\u00fck\u00fcmet ve rejim kar\u015f\u0131t\u0131 sloganlar att\u0131. Protestocular, fiyat istikrar\u0131n\u0131n sa\u011flanmas\u0131 ve al\u0131m g\u00fcc\u00fcn\u00fc eriten kur krizine kar\u015f\u0131 acil \u00f6nlemler al\u0131nmas\u0131 \u00e7a\u011fr\u0131s\u0131nda bulundu.<\/p>\n\n\n\n<h3 class=\"wp-block-heading\">CAN KAYIPLARI VAR<\/h3>\n\n\n\n<p><strong>\u0130ran<\/strong> merkezli yar\u0131 resmi Fars <strong>Haber<\/strong> Ajans\u0131&#8217;na g\u00f6re <strong>\u0130ran<\/strong>&#8216;\u0131n g\u00fcneybat\u0131s\u0131ndaki Lordegan kentinde \u00e7\u0131kan \u00e7at\u0131\u015fmalarda 2 ki\u015fi hayat\u0131n\u0131 kaybetti. Ajans ayr\u0131ca, <strong>\u0130ran<\/strong>&#8216;\u0131n bat\u0131s\u0131ndaki Azna kentinde 3, Kouhdasht kentinde de 1 ki\u015finin \u00f6ld\u00fc\u011f\u00fcn\u00fc bildirdi. Norve\u00e7 merkezli insan haklar\u0131 \u00f6rg\u00fct\u00fc Hengaw ise Marvdasht kentinde Khodadad Shirvani isimli bir gencin g\u00fcvenlik g\u00fc\u00e7leri taraf\u0131ndan \u00f6ld\u00fcr\u00fcld\u00fc\u011f\u00fcn\u00fc duyurdu.<\/p>\n\n\n\n<p>Hengaw ayr\u0131ca Lordegan&#8217;da hayat\u0131n\u0131 kaybedenlerin Ahmed Celil ile Seccad Velamane\u015f isimli protestocular oldu\u011funu a\u00e7\u0131klad\u0131. \u0130nsan haklar\u0131 \u00f6rg\u00fct\u00fc, protesto eylemleri s\u0131ras\u0131nda farkl\u0131 kentlerde g\u00fcvenlik g\u00fc\u00e7lerinin aralar\u0131nda kad\u0131n ve \u00e7ocuklar\u0131n da oldu\u011fu 29 ki\u015fiyi g\u00f6zalt\u0131na ald\u0131\u011f\u0131n\u0131 belirtti.<\/p>\n\n\n\n<h3 class=\"wp-block-heading\">G\u00d6STER\u0130C\u0130LER D\u0130N\u0130 Y\u00d6NET\u0130M\u0130 HEDEF ALIYOR<\/h3>\n\n\n\n<p>Devlet medyas\u0131na g\u00f6re, ta\u015fl\u0131 sald\u0131r\u0131lar sonucunda 13 polis ve Besic \u00fcyesi (milis-polis) yaraland\u0131. Sosyal medyada payla\u015f\u0131lan g\u00f6r\u00fcnt\u00fclerde, protestocular ile g\u00fcvenlik g\u00fc\u00e7leri aras\u0131nda ya\u015fanan \u00e7at\u0131\u015fma s\u0131ras\u0131nda ara\u00e7lar\u0131n ate\u015fe verildi\u011fi, g\u00f6stericilerin \u00fclkenin dini y\u00f6netimini hedef alan sloganlar att\u0131\u011f\u0131 g\u00f6r\u00fcl\u00fcyor.<\/p>\n\n\n\n<p>\u00dclke genelinde &#8216;so\u011fuk hava nedeniyle&#8217; okullar, \u00fcniversiteler ve kamu kurumlar\u0131nda tatil ilan edildi.<\/p>\n\n\n\n<h3 class=\"wp-block-heading\">TRUMP: HAREKETE GE\u00c7MEYE HAZIRIZ<\/h3>\n\n\n\n<p>ABD Ba\u015fkan\u0131 Donald Trump, sosyal medya hesab\u0131ndan yapt\u0131\u011f\u0131 a\u00e7\u0131klamada, &#8220;E\u011fer <a href=\"https:\/\/www.haberler.com\/iran\/\"><strong>\u0130ran<\/strong><\/a>, her zaman gibi bar\u0131\u015f\u00e7\u0131l protestocular\u0131 vurur ve \u00f6ld\u00fcr\u00fcrse, ABD onlar\u0131n yard\u0131m\u0131na ko\u015facakt\u0131r. Harekete ge\u00e7meye haz\u0131r\u0131z&#8221; ifadelerini kulland\u0131.<\/p>\n\n\n\n<h3 class=\"wp-block-heading\">&#8220;ABD&#8217;N\u0130N M\u00dcDAHALES\u0130 T\u00dcM B\u00d6LGEY\u0130 \u0130ST\u0130KRARSIZLA\u015eTIRIR&#8221;<\/h3>\n\n\n\n<p>Trump&#8217;\u0131n s\u00f6zlerine \u0130ran cephesinden yan\u0131t gecikmedi. \u0130ran Dini Lideri Ali Hamaney&#8217;in Ba\u015fdan\u0131\u015fman\u0131 Ali Larijani, protestolar\u0131n niteli\u011fine dikkat \u00e7ekerek \u015fu a\u00e7\u0131klamay\u0131 yapt\u0131: &#8220;Protesto eden giri\u015fimcilerin konumunun, provokatif unsurlardan ayr\u0131 oldu\u011funu biliyoruz ve Trump, bu i\u00e7 meseleye Amerikan m\u00fcdahalesinin t\u00fcm b\u00f6lgeyi istikrars\u0131zla\u015ft\u0131rmak ve ABD \u00e7\u0131karlar\u0131n\u0131 yok etmekle e\u015fde\u011fer oldu\u011funu bilmelidir.&#8221;<\/p>\n\n\n\n<h3 class=\"wp-block-heading\">TRUMP&#8217;A REST: \u00dcSLER\u0130N\u0130 VURURUZ<\/h3>\n\n\n\n<p>\u0130ran Meclis Ba\u015fkan\u0131 Muhammed Bak\u0131r Kalibaf, &#8220;Ate\u015f etmeye haz\u0131r\u0131z&#8221; ifadesini kullanan ABD Ba\u015fkan\u0131 Donald Trump&#8217;a rest \u00e7ekti. Kalibaf, \u0130ran h\u00fck\u00fcmetinin protestoculara sald\u0131rmas\u0131 halinde m\u00fcdahale edece\u011fini belirten Trump&#8217;a y\u00f6nelik &#8220;\u00dcslerinizi vururuz&#8221; tehdidinde bulundu.<\/p>\n\n\n\n<p>Kalibaf, yapt\u0131\u011f\u0131 a\u00e7\u0131klamada \u015fu ifadeleri kulland\u0131:<\/p>\n\n\n\n<p>&#8220;Trump, bu resmi itirafla birlikte, b\u00f6lgedeki t\u00fcm Amerikan merkezlerinin ve g\u00fc\u00e7lerinin, olas\u0131 her t\u00fcrl\u00fc macerac\u0131l\u0131\u011fa kar\u015f\u0131 koymak i\u00e7in bizim a\u00e7\u0131m\u0131zdan me\u015fru hedefler olarak g\u00f6r\u00fclece\u011fini bilmelidir.&#8221;<\/p>\n","protected":false},"excerpt":{"rendered":"<p>\u0130ran&#8217;\u0131n para birimi riyaldeki de\u011fer kayb\u0131n\u0131n neden oldu\u011fu protestolar uluslararas\u0131 boyuta ta\u015f\u0131nd\u0131. ABD&#8217;nin protestoculara destek \u00e7\u0131karak &#8220;Ate\u015f etmeye haz\u0131r\u0131z&#8221; a\u00e7\u0131klamas\u0131na \u0130ran&#8217;dan \u00e7ok sert yan\u0131t geldi. \u0130ran, &#8220;Olas\u0131 provokasyonlarda ABD \u00fcsleri me\u015fru hedeftir&#8221; restini \u00e7ekti. \u0130ran&#8216;da artan hayat pahal\u0131l\u0131\u011f\u0131na kar\u015f\u0131 28 Aral\u0131k&#8217;ta ba\u015flayan protestolar alt\u0131nc\u0131 g\u00fcn\u00fcne girdi. ABD Ba\u015fkan\u0131 Donald Trump, \u0130ran&#8216;\u0131n protestocular\u0131 \u00f6ld\u00fcrmesi durumunda \u00fclkesinin [&hellip;]<\/p>\n","protected":false},"author":1,"featured_media":8272,"comment_status":"open","ping_status":"open","sticky":false,"template":"","format":"standard","meta":{"footnotes":""},"categories":[127],"tags":[160,924,181,3193],"class_list":["post-8271","post","type-post","status-publish","format-standard","has-post-thumbnail","hentry","category-dunya","tag-abd","tag-donald-trump","tag-iran","tag-tahran"],"_links":{"self":[{"href":"https:\/\/www.trabzonmanset.com\/index.php\/wp-json\/wp\/v2\/posts\/8271","targetHints":{"allow":["GET"]}}],"collection":[{"href":"https:\/\/www.trabzonmanset.com\/index.php\/wp-json\/wp\/v2\/posts"}],"about":[{"href":"https:\/\/www.trabzonmanset.com\/index.php\/wp-json\/wp\/v2\/types\/post"}],"author":[{"embeddable":true,"href":"https:\/\/www.trabzonmanset.com\/index.php\/wp-json\/wp\/v2\/users\/1"}],"replies":[{"embeddable":true,"href":"https:\/\/www.trabzonmanset.com\/index.php\/wp-json\/wp\/v2\/comments?post=8271"}],"version-history":[{"count":1,"href":"https:\/\/www.trabzonmanset.com\/index.php\/wp-json\/wp\/v2\/posts\/8271\/revisions"}],"predecessor-version":[{"id":8273,"href":"https:\/\/www.trabzonmanset.com\/index.php\/wp-json\/wp\/v2\/posts\/8271\/revisions\/8273"}],"wp:featuredmedia":[{"embeddable":true,"href":"https:\/\/www.trabzonmanset.com\/index.php\/wp-json\/wp\/v2\/media\/8272"}],"wp:attachment":[{"href":"https:\/\/www.trabzonmanset.com\/index.php\/wp-json\/wp\/v2\/media?parent=8271"}],"wp:term":[{"taxonomy":"category","embeddable":true,"href":"https:\/\/www.trabzonmanset.com\/index.php\/wp-json\/wp\/v2\/categories?post=8271"},{"taxonomy":"post_tag","embeddable":true,"href":"https:\/\/www.trabzonmanset.com\/index.php\/wp-json\/wp\/v2\/tags?post=8271"}],"curies":[{"name":"wp","href":"https:\/\/api.w.org\/{rel}","templated":true}]}}