{"id":8252,"date":"2026-01-01T19:55:00","date_gmt":"2026-01-01T16:55:00","guid":{"rendered":"https:\/\/www.trabzonmanset.com\/?p=8252"},"modified":"2026-01-01T22:30:18","modified_gmt":"2026-01-01T19:30:18","slug":"turkiyenin-en-soguk-noktasi-belli-oldu","status":"publish","type":"post","link":"https:\/\/www.trabzonmanset.com\/index.php\/2026\/01\/01\/turkiyenin-en-soguk-noktasi-belli-oldu\/","title":{"rendered":"T\u00fcrkiye&#8217;nin en so\u011fuk noktas\u0131 belli oldu"},"content":{"rendered":"\n<p>T\u00fcrkiye genelinde etkisini art\u0131ran so\u011fuk hava dalgas\u0131, gece saatlerinde termometreleri rekor seviyelere \u00e7ekti. Meteoroloji verilerine g\u00f6re, \u00fclkenin en d\u00fc\u015f\u00fck s\u0131cakl\u0131\u011f\u0131 Bolu&#8217;da \u00f6l\u00e7\u00fcld\u00fc. \u00d6zellikle kar ya\u011f\u0131\u015f\u0131n\u0131n ard\u0131ndan havan\u0131n a\u00e7\u0131lmas\u0131yla birlikte ayaz\u0131n etkisini art\u0131rd\u0131\u011f\u0131 kentte, Abant G\u00f6l\u00fc Milli Park\u0131&#8217;nda s\u0131cakl\u0131k eksi 21,3 dereceye kadar d\u00fc\u015ft\u00fc ve Bolu, T\u00fcrkiye&#8217;nin en so\u011fuk ili olarak kay\u0131tlara ge\u00e7ti.<\/p>\n\n\n\n<p>Yurt genelinde etkili olan so\u011fuk hava dalgas\u0131, gece saatlerinde rekor d\u00fczeyde s\u0131cakl\u0131k d\u00fc\u015f\u00fc\u015flerine neden oldu. Meteoroloji Genel M\u00fcd\u00fcrl\u00fc\u011f\u00fc verilerine g\u00f6re, T\u00fcrkiye&#8217;de gece \u00f6l\u00e7\u00fclen en d\u00fc\u015f\u00fck s\u0131cakl\u0131k Bolu&#8217;da kaydedildi. \u00d6zellikle Bolu&#8217;nun il\u00e7eleri, \u00fclkenin en so\u011fuk noktalar\u0131 listesinde ilk s\u0131ralar\u0131 ald\u0131.<\/p>\n\n\n\n<h3 class=\"wp-block-heading\">&#8220;TAB\u0130ATIN KALB\u0130&#8221; AYAZA TESL\u0130M OLDU<\/h3>\n\n\n\n<p>K\u0131\u015f turizminin \u00f6nemli merkezleri aras\u0131nda yer alan ve &#8220;Tabiat\u0131n Kalbi&#8221; olarak an\u0131lan Bolu, kar ya\u011f\u0131\u015f\u0131n\u0131n ard\u0131ndan havan\u0131n a\u00e7\u0131lmas\u0131yla birlikte \u015fiddetli ayaz\u0131n etkisi alt\u0131na girdi. Gece boyunca s\u0131cakl\u0131klar\u0131n s\u0131f\u0131r\u0131n alt\u0131na d\u00fc\u015ft\u00fc\u011f\u00fc kentte, dondurucu so\u011fuk g\u00fcnl\u00fck ya\u015fam\u0131 olumsuz etkiledi.<\/p>\n\n\n\n<p>Ara\u00e7lar\u0131n camlar\u0131 buzla kapland\u0131, binalar\u0131n \u00e7at\u0131lar\u0131nda uzun buz sark\u0131tlar\u0131 olu\u015ftu. Kent genelindeki g\u00f6l ve g\u00f6letlerin y\u00fczeyi tamamen buz tuttu.<\/p>\n\n\n\n<h3 class=\"wp-block-heading\">EN SO\u011eUK \u0130LK 3 NOKTA BOLU&#8217;DAN<\/h3>\n\n\n\n<p>Meteoroloji&#8217;nin Otomatik Meteoroloji G\u00f6zlem \u0130stasyonlar\u0131ndan elde edilen verilere g\u00f6re, T\u00fcrkiye&#8217;nin en so\u011fuk ilk \u00fc\u00e7 yerle\u015fim yerinin tamam\u0131 Bolu s\u0131n\u0131rlar\u0131 i\u00e7inde yer ald\u0131.<\/p>\n\n\n\n<p>Abant G\u00f6l\u00fc Milli Park\u0131, eksi 21,3 derece ile listenin zirvesinde yer ald\u0131.<\/p>\n\n\n\n<p>Gerede il\u00e7esine ba\u011fl\u0131 Samat k\u00f6y\u00fc, eksi 19,4 derece ile ikinci s\u0131rada \u00f6l\u00e7\u00fcld\u00fc.<\/p>\n\n\n\n<p>D\u00f6rtdivan il\u00e7esi ise eksi 18,3 derece ile \u00fc\u00e7\u00fcnc\u00fc oldu.<\/p>\n\n\n\n<h3 class=\"wp-block-heading\">VATANDA\u015eLAR ZOR ANLAR YA\u015eADI<\/h3>\n\n\n\n<p>Dondurucu so\u011fuklar\u0131n sabah saatlerine kadar etkisini s\u00fcrd\u00fcrd\u00fc\u011f\u00fc Bolu&#8217;da, bir\u00e7ok vatanda\u015f ara\u00e7lar\u0131n\u0131 \u00e7al\u0131\u015ft\u0131rmakta g\u00fc\u00e7l\u00fck \u00e7ekti. Yetkililer, \u00f6zellikle gece ve sabah saatlerinde don ve buzlanmaya kar\u015f\u0131 dikkatli olunmas\u0131 uyar\u0131s\u0131nda bulundu.<\/p>\n","protected":false},"excerpt":{"rendered":"<p>T\u00fcrkiye genelinde etkisini art\u0131ran so\u011fuk hava dalgas\u0131, gece saatlerinde termometreleri rekor seviyelere \u00e7ekti. Meteoroloji verilerine g\u00f6re, \u00fclkenin en d\u00fc\u015f\u00fck s\u0131cakl\u0131\u011f\u0131 Bolu&#8217;da \u00f6l\u00e7\u00fcld\u00fc. \u00d6zellikle kar ya\u011f\u0131\u015f\u0131n\u0131n ard\u0131ndan havan\u0131n a\u00e7\u0131lmas\u0131yla birlikte ayaz\u0131n etkisini art\u0131rd\u0131\u011f\u0131 kentte, Abant G\u00f6l\u00fc Milli Park\u0131&#8217;nda s\u0131cakl\u0131k eksi 21,3 dereceye kadar d\u00fc\u015ft\u00fc ve Bolu, T\u00fcrkiye&#8217;nin en so\u011fuk ili olarak kay\u0131tlara ge\u00e7ti. Yurt genelinde etkili [&hellip;]<\/p>\n","protected":false},"author":1,"featured_media":8253,"comment_status":"open","ping_status":"open","sticky":false,"template":"","format":"standard","meta":{"footnotes":""},"categories":[1,1349],"tags":[3174,3176,622,3175,3173],"class_list":["post-8252","post","type-post","status-publish","format-standard","has-post-thumbnail","hentry","category-gundem","category-yasam","tag-abant-golu-milli-parki","tag-dortdivan","tag-meteoroloji","tag-samat-koyu","tag-turkiyenin-en-soguk-ili"],"_links":{"self":[{"href":"https:\/\/www.trabzonmanset.com\/index.php\/wp-json\/wp\/v2\/posts\/8252","targetHints":{"allow":["GET"]}}],"collection":[{"href":"https:\/\/www.trabzonmanset.com\/index.php\/wp-json\/wp\/v2\/posts"}],"about":[{"href":"https:\/\/www.trabzonmanset.com\/index.php\/wp-json\/wp\/v2\/types\/post"}],"author":[{"embeddable":true,"href":"https:\/\/www.trabzonmanset.com\/index.php\/wp-json\/wp\/v2\/users\/1"}],"replies":[{"embeddable":true,"href":"https:\/\/www.trabzonmanset.com\/index.php\/wp-json\/wp\/v2\/comments?post=8252"}],"version-history":[{"count":1,"href":"https:\/\/www.trabzonmanset.com\/index.php\/wp-json\/wp\/v2\/posts\/8252\/revisions"}],"predecessor-version":[{"id":8254,"href":"https:\/\/www.trabzonmanset.com\/index.php\/wp-json\/wp\/v2\/posts\/8252\/revisions\/8254"}],"wp:featuredmedia":[{"embeddable":true,"href":"https:\/\/www.trabzonmanset.com\/index.php\/wp-json\/wp\/v2\/media\/8253"}],"wp:attachment":[{"href":"https:\/\/www.trabzonmanset.com\/index.php\/wp-json\/wp\/v2\/media?parent=8252"}],"wp:term":[{"taxonomy":"category","embeddable":true,"href":"https:\/\/www.trabzonmanset.com\/index.php\/wp-json\/wp\/v2\/categories?post=8252"},{"taxonomy":"post_tag","embeddable":true,"href":"https:\/\/www.trabzonmanset.com\/index.php\/wp-json\/wp\/v2\/tags?post=8252"}],"curies":[{"name":"wp","href":"https:\/\/api.w.org\/{rel}","templated":true}]}}