{"id":8217,"date":"2025-12-31T16:10:00","date_gmt":"2025-12-31T13:10:00","guid":{"rendered":"https:\/\/www.trabzonmanset.com\/?p=8217"},"modified":"2025-12-31T16:58:45","modified_gmt":"2025-12-31T13:58:45","slug":"ekonomi-yeni-yila-guven-endeksleri-ve-enflasyon-beklentilerindeki-iyimserlikle-giriyor","status":"publish","type":"post","link":"https:\/\/www.trabzonmanset.com\/index.php\/2025\/12\/31\/ekonomi-yeni-yila-guven-endeksleri-ve-enflasyon-beklentilerindeki-iyimserlikle-giriyor\/","title":{"rendered":"Ekonomi yeni y\u0131la &#8220;g\u00fcven endeksleri&#8221; ve &#8220;enflasyon beklentileri&#8221;ndeki iyimserlikle giriyor"},"content":{"rendered":"\n<p>G\u00fcven endekslerinde y\u0131l\u0131n sonuna do\u011fru g\u00f6r\u00fclen art\u0131\u015f\u0131n yan\u0131 s\u0131ra piyasa kat\u0131l\u0131mc\u0131lar\u0131, reel sekt\u00f6r ve hane halk\u0131n\u0131n 12 ay sonras\u0131na y\u00f6nelik y\u0131ll\u0131k enflasyon beklentilerindeki gerileme, ekonomide gelece\u011fe d\u00f6n\u00fck olumlu beklentileri art\u0131rd\u0131.<\/p>\n\n\n\n<p>T\u00fcketici ve reel sekt\u00f6r gibi kesimlerin genel ekonomik duruma ili\u015fkin beklentisini ortaya koyan endeksler, y\u0131l\u0131n son aylar\u0131nda pozitif seyrederken bu d\u00f6nemde enflasyon beklentilerinde de gerileme oldu.<\/p>\n\n\n\n<p>Martta e\u015fik de\u011fer olan 100 seviyesini g\u00f6ren ekonomik g\u00fcven endeksi, takip eden aylarda d\u00fc\u015f\u00fc\u015f g\u00f6sterirken temmuzda 96,3&#8217;e kadar geriledi. Temmuzdan sonra toparlanan endeks, kas\u0131m ve aral\u0131k aylar\u0131nda 99,5 seviyesine \u00e7\u0131kt\u0131. B\u00f6ylece endeks 8 ay\u0131n en y\u00fcksek seviyesini g\u00f6rm\u00fc\u015f oldu.<\/p>\n\n\n\n<p>T\u00fcketici g\u00fcven endeksi ise 2025&#8217;e y\u0131l\u0131n en d\u00fc\u015f\u00fck seviyesi olan 81 ile ba\u015flamas\u0131n\u0131n ard\u0131ndan y\u00fckseli\u015f g\u00f6sterdi. Takip eden aylarda dalgal\u0131 seyir kaydeden t\u00fcketici g\u00fcven endeksi, y\u0131l\u0131 83,5 seviyesinde kapatt\u0131.<\/p>\n\n\n\n<p>Bu y\u0131la 102,6 seviyesinden ba\u015flayan reel kesim g\u00fcven endeksi de haziranda 98,4&#8217;e kadar geriledi. Takip eden aylarda tekrar y\u00fckseli\u015fe ge\u00e7en endeks, aral\u0131kta 103,7&#8217;ye ula\u015farak son 2 y\u0131l\u0131n en y\u00fcksek seviyesine ula\u015ft\u0131.<\/p>\n\n\n\n<p>Hizmet sekt\u00f6r\u00fc g\u00fcven endeksi de bu y\u0131l dalgal\u0131 bir seyir izledi. Endeks y\u0131l\u0131, son 9 ay\u0131n en y\u00fcksek seviyesi olan 112,3 ile kapatt\u0131.<\/p>\n\n\n\n<h3 class=\"wp-block-heading\">Enflasyon beklentileri de geriliyor<\/h3>\n\n\n\n<p>TCMB, reel ve finansal sekt\u00f6r temsilcileriyle profesyonellerden olu\u015fan 65 kat\u0131l\u0131mc\u0131yla ger\u00e7ekle\u015ftirdi\u011fi aral\u0131k ay\u0131 Piyasa Kat\u0131l\u0131mc\u0131lar\u0131 Anketi&#8217;ni yay\u0131mlad\u0131.<\/p>\n\n\n\n<p>Buna g\u00f6re, ge\u00e7en ay y\u00fczde 1,16 olan aral\u0131k ay\u0131 T\u00dcFE art\u0131\u015f\u0131 beklentisi, bu anket d\u00f6neminde y\u00fczde 1,08&#8217;e d\u00fc\u015ft\u00fc. Cari y\u0131l sonu T\u00dcFE art\u0131\u015f\u0131 beklentisi ise y\u00fczde 32,20&#8217;den y\u00fczde 31,17&#8217;ye geriledi.<\/p>\n\n\n\n<p>T\u00dcFE&#8217;de art\u0131\u015f beklentisi 12 ay sonras\u0131 i\u00e7in y\u00fczde 23,49&#8217;dan y\u00fczde 23,35&#8217;e, 24 ay sonras\u0131 i\u00e7in de y\u00fczde 17,69&#8217;dan y\u00fczde 17,45&#8217;e d\u00fc\u015ft\u00fc.<\/p>\n\n\n\n<h3 class=\"wp-block-heading\">&#8220;Enflasyondaki gerileme g\u00fcven endeklerini yukar\u0131 y\u00f6nl\u00fc hareket ettirdi&#8221;<\/h3>\n\n\n\n<p>Pariterium Dan\u0131\u015fmanl\u0131k \u015firketinin kurucusu Dr. \u0130smet Demirkol, g\u00fcven endeksleri ve enflasyon beklentilerine ili\u015fkin de\u011ferlendirmede bulundu.<\/p>\n\n\n\n<p>T\u00fcrkiye&#8217;nin 5 y\u0131ll\u0131k kredi risk primindeki (CDS) gerilemenin ekonomik g\u00fcven endekslerine de olumlu yans\u0131d\u0131\u011f\u0131n\u0131 belirten Demirkol, &#8220;TCMB&#8217;nin s\u0131k\u0131 para politikas\u0131na devam\u0131 sonras\u0131 enflasyondaki gerilemenin g\u00f6z\u00fckmesi de g\u00fcven endekslerindeki yukar\u0131 y\u00f6nl\u00fc harekette etkili oldu.&#8221; dedi.<\/p>\n\n\n\n<p>TCMB&#8217;nin tekrar faiz indirimlerine ba\u015flamas\u0131n\u0131n, tahvillerde bir miktar daha al\u0131m gelmesinin g\u00fcven endekslerindeki y\u00fckseli\u015fte etkili oldu\u011funu vurgulayan Demirkol, T\u00fcrkiye&#8217;nin \u00f6zellikle d\u00f6viz kur riskinin \u015fu an i\u00e7in ortadan kalkmas\u0131n\u0131n da olumlu bir g\u00f6sterge oldu\u011funu s\u00f6yledi.<\/p>\n\n\n\n<p>Demirkol, avro\/dolar paritesinin 1,17&#8217;ler civar\u0131nda seyretti\u011fini, bu durumun T\u00fcrkiye&#8217;deki sanayicinin ihracat\u0131n\u0131 avro taraf\u0131nda g\u00fc\u00e7l\u00fc k\u0131ld\u0131\u011f\u0131n\u0131 bildirdi.<\/p>\n\n\n\n<p>Dolar\u0131n ucuz kalmas\u0131n\u0131n ve petrol fiyatlar\u0131ndaki gerilemenin s\u00fcrmesinin de ticari tarafta olumlu yans\u0131malar\u0131n\u0131n oldu\u011funa dikkati \u00e7eken Demirkol, &#8220;TCMB&#8217;nin 2026 senesinde enflasyonu d\u00fc\u015f\u00fcrme politikas\u0131 olarak s\u0131k\u0131 para politikas\u0131na devam edece\u011fi beklentisi hem d\u00f6viz kuru riskini ortadan kald\u0131rmakta hem de beklentilerin olumlu y\u00f6nde seyrini devam ettirmektedir. Bu durum da g\u00fcven endekslerine olumlu yans\u0131maktad\u0131r.&#8221; diye konu\u015ftu.<\/p>\n\n\n\n<p>Kaynak: AA<\/p>\n","protected":false},"excerpt":{"rendered":"<p>G\u00fcven endekslerinde y\u0131l\u0131n sonuna do\u011fru g\u00f6r\u00fclen art\u0131\u015f\u0131n yan\u0131 s\u0131ra piyasa kat\u0131l\u0131mc\u0131lar\u0131, reel sekt\u00f6r ve hane halk\u0131n\u0131n 12 ay sonras\u0131na y\u00f6nelik y\u0131ll\u0131k enflasyon beklentilerindeki gerileme, ekonomide gelece\u011fe d\u00f6n\u00fck olumlu beklentileri art\u0131rd\u0131. T\u00fcketici ve reel sekt\u00f6r gibi kesimlerin genel ekonomik duruma ili\u015fkin beklentisini ortaya koyan endeksler, y\u0131l\u0131n son aylar\u0131nda pozitif seyrederken bu d\u00f6nemde enflasyon beklentilerinde de gerileme [&hellip;]<\/p>\n","protected":false},"author":1,"featured_media":8218,"comment_status":"open","ping_status":"open","sticky":false,"template":"","format":"standard","meta":{"footnotes":""},"categories":[7],"tags":[566,111,3146,596,3147,301],"class_list":["post-8217","post","type-post","status-publish","format-standard","has-post-thumbnail","hentry","category-ekonomi","tag-ekonomi","tag-enflasyon","tag-reel-sektor","tag-tcmb","tag-tufe","tag-tuketici"],"_links":{"self":[{"href":"https:\/\/www.trabzonmanset.com\/index.php\/wp-json\/wp\/v2\/posts\/8217","targetHints":{"allow":["GET"]}}],"collection":[{"href":"https:\/\/www.trabzonmanset.com\/index.php\/wp-json\/wp\/v2\/posts"}],"about":[{"href":"https:\/\/www.trabzonmanset.com\/index.php\/wp-json\/wp\/v2\/types\/post"}],"author":[{"embeddable":true,"href":"https:\/\/www.trabzonmanset.com\/index.php\/wp-json\/wp\/v2\/users\/1"}],"replies":[{"embeddable":true,"href":"https:\/\/www.trabzonmanset.com\/index.php\/wp-json\/wp\/v2\/comments?post=8217"}],"version-history":[{"count":1,"href":"https:\/\/www.trabzonmanset.com\/index.php\/wp-json\/wp\/v2\/posts\/8217\/revisions"}],"predecessor-version":[{"id":8219,"href":"https:\/\/www.trabzonmanset.com\/index.php\/wp-json\/wp\/v2\/posts\/8217\/revisions\/8219"}],"wp:featuredmedia":[{"embeddable":true,"href":"https:\/\/www.trabzonmanset.com\/index.php\/wp-json\/wp\/v2\/media\/8218"}],"wp:attachment":[{"href":"https:\/\/www.trabzonmanset.com\/index.php\/wp-json\/wp\/v2\/media?parent=8217"}],"wp:term":[{"taxonomy":"category","embeddable":true,"href":"https:\/\/www.trabzonmanset.com\/index.php\/wp-json\/wp\/v2\/categories?post=8217"},{"taxonomy":"post_tag","embeddable":true,"href":"https:\/\/www.trabzonmanset.com\/index.php\/wp-json\/wp\/v2\/tags?post=8217"}],"curies":[{"name":"wp","href":"https:\/\/api.w.org\/{rel}","templated":true}]}}