{"id":8214,"date":"2025-12-31T16:33:22","date_gmt":"2025-12-31T13:33:22","guid":{"rendered":"https:\/\/www.trabzonmanset.com\/?p=8214"},"modified":"2025-12-31T16:33:23","modified_gmt":"2025-12-31T13:33:23","slug":"cumhurbaskani-erdogan-uretim-yatirim-istihdam-ve-ihracatta-vites-yukseltiyoruz","status":"publish","type":"post","link":"https:\/\/www.trabzonmanset.com\/index.php\/2025\/12\/31\/cumhurbaskani-erdogan-uretim-yatirim-istihdam-ve-ihracatta-vites-yukseltiyoruz\/","title":{"rendered":"Cumhurba\u015fkan\u0131 Erdo\u011fan: \u00dcretim, yat\u0131r\u0131m, istihdam ve ihracatta vites y\u00fckseltiyoruz"},"content":{"rendered":"\n<p>Cumhurba\u015fkan\u0131 Recep Tayyip Erdo\u011fan, yeni y\u0131l dolay\u0131s\u0131yla yay\u0131nlad\u0131\u011f\u0131 video mesajda, &#8220;Dezenflasyon s\u00fcreci devam ederken, Merkez Bankam\u0131z\u0131n rezervleri g\u00fc\u00e7leniyor. \u00dcretim, yat\u0131r\u0131m, istihdam ve ihracatta vites y\u00fckseltiyoruz.&#8221; dedi<\/p>\n\n\n\n<p>Cumhurba\u015fkan\u0131 Erdo\u011fan, yeni y\u0131l dolay\u0131s\u0131yla yay\u0131nlanan video mesaj\u0131nda, bug\u00fcn 2025 ile vedala\u015f\u0131ld\u0131\u011f\u0131n\u0131, yepyeni bir heyecanla yeni \u00fcmit ve hedeflerle 2026&#8217;ya &#8220;merhaba&#8221; demeye haz\u0131rlan\u0131ld\u0131\u011f\u0131n\u0131 ifade etti.<\/p>\n\n\n\n<p>Yeni takvim y\u0131l\u0131n\u0131n \u00fclke, millet, g\u00f6n\u00fcl co\u011frafyas\u0131 ve t\u00fcm insanl\u0131k i\u00e7in hay\u0131rlara vesile olmas\u0131n\u0131 dileyen Erdo\u011fan, gerek ter\u00f6r \u00f6rg\u00fctleri, zehir tacirleri ve \u015fehir e\u015fk\u0131yalar\u0131yla m\u00fccadelelerinde gerekse devletin g\u00fcvenli\u011fi ve bekas\u0131n\u0131 temin u\u011frunda \u015fehit d\u00fc\u015fen t\u00fcm kahramanlar\u0131 rahmetle yad ederek, 86 milyonun huzur ve esenli\u011fi i\u00e7in b\u00fcy\u00fck bedeller \u00f6deyen gazilere \u015fahs\u0131 ve milleti ad\u0131na te\u015fekk\u00fcr etti.<\/p>\n\n\n\n<p>Erdo\u011fan, geride b\u0131rak\u0131lan senede hem \u00fclkede hem de d\u00fcnyada \u00f6nemli geli\u015fmelerin ya\u015fand\u0131\u011f\u0131na i\u015faret ederek, \u015f\u00f6yle konu\u015ftu:<\/p>\n\n\n\n<p>&#8220;B\u00f6lgemizde etkisi artan sava\u015f, kriz ve gerilim ortam\u0131na ra\u011fmen emin ve ehil kadrolar\u0131n y\u00f6netiminde T\u00fcrkiye kutlu yolculu\u011funu g\u00fcvenle s\u00fcrd\u00fcr\u00fcyor. Kararl\u0131l\u0131kla uygulad\u0131\u011f\u0131m\u0131z ekonomi program\u0131n\u0131n olumlu sonu\u00e7lar\u0131na geni\u015f bir yelpazede \u015fahitlik ediyoruz. Dezenflasyon s\u00fcreci devam ederken, Merkez Bankam\u0131z\u0131n rezervleri g\u00fc\u00e7leniyor. \u00dcretim, yat\u0131r\u0131m, istihdam ve ihracatta vites y\u00fckseltiyoruz. Turizmden savunma sanayiine bir\u00e7ok alanda rekordan rekora ko\u015fuyoruz. \u0130lk kuralar\u0131 iki g\u00fcn \u00f6nce \u00e7ekilen 500 bin sosyal konut projemizin dar gelirli vatanda\u015flar\u0131m\u0131z\u0131 \u00e7ok uygun \u015fartlarla ev sahibi yapma yan\u0131nda konut ve kira fiyatlar\u0131ndaki k\u00f6p\u00fc\u011f\u00fcn inmesine de katk\u0131 verece\u011fine inan\u0131yorum. Ekonomide elde etti\u011fimiz kazan\u0131mlar\u0131 bu sene reformlarla ta\u00e7land\u0131rmak niyetindeyiz. B\u00fcy\u00fck kongremizde a\u00e7\u0131klad\u0131\u011f\u0131m\u0131z T\u00fcrkiye Y\u00fczy\u0131l\u0131 Reform Program\u0131m\u0131z\u0131, Meclis&#8217;imizin de deste\u011fiyle in\u015fallah ad\u0131m ad\u0131m hayata ge\u00e7irece\u011fiz.&#8221;<\/p>\n\n\n\n<p>H\u00fck\u00fcmetlerinin 2025 y\u0131l\u0131 boyunca birinci \u00f6nceli\u011finin 6 \u015eubat asr\u0131n felaketinin yaralar\u0131n\u0131n sar\u0131lmas\u0131 oldu\u011funu belirten Erdo\u011fan, &#8220;Kaybetti\u011fimiz canlar\u0131 geri getiremesek de altyap\u0131s\u0131yla, meydanlar\u0131yla, ye\u015fil alanlar\u0131, sosyal donat\u0131lar\u0131yla, tarihi ve k\u00fclt\u00fcrel dokusuyla \u015fehirlerimizi yeniden aya\u011fa kald\u0131rmay\u0131 ba\u015fard\u0131k.&#8221; dedi.<\/p>\n\n\n\n<p>Cumhurba\u015fkan\u0131 Erdo\u011fan, s\u00f6z verdikleri \u00fczere 27 Aral\u0131k&#8217;ta Hatay&#8217;da yakla\u015f\u0131k 100 bin ki\u015finin kat\u0131l\u0131m\u0131yla 455 bininci deprem konutunun anahtar\u0131n\u0131 hak sahiplerine b\u00fcy\u00fck bir gururla takdim ettiklerini dile getirerek, yeni ev ve i\u015f yerlerinin depremzedelere hay\u0131rl\u0131 u\u011furlu olmas\u0131n\u0131 diledi.<\/p>\n\n\n\n<p>6 \u015eubat&#8217;tan bu yana k\u0131\u015f\u0131n so\u011fu\u011funa, yaz\u0131n s\u0131ca\u011f\u0131na ald\u0131rmadan 7 g\u00fcn 24 saat esas\u0131yla \u015fantiyelerde \u00e7al\u0131\u015fanlara, konutlar\u0131n in\u015fas\u0131nda eme\u011fi ge\u00e7en t\u00fcm kurumlara ve hay\u0131rseverlere te\u015fekk\u00fcr eden Erdo\u011fan, &#8220;\u0130n\u015fa \u00e7al\u0131\u015fmalar\u0131na omuz vermek yerine yap\u0131lan her i\u015fi k\u00f6t\u00fcleyenleri ise devletimizin neleri ba\u015fard\u0131\u011f\u0131n\u0131 bizzat yerinde g\u00f6rebilmeleri i\u00e7in Hatay&#8217;a ve di\u011fer afetzede \u015fehirlerimize davet ediyorum. \u0130ktidar ve ittifak olarak bundan sonra da verdi\u011fimiz s\u00f6zleri tutacak, milletimize mahcup olmayaca\u011f\u0131z.&#8221; ifadelerini kulland\u0131.<\/p>\n\n\n\n<h3 class=\"wp-block-heading\">&#8220;Hakk\u0131, adaleti ve vicdan\u0131 merkeze alan siyasetimizin yans\u0131malar\u0131 b\u00f6lgemizin her yan\u0131nda g\u00f6r\u00fclmektedir&#8221;<\/h3>\n\n\n\n<p>Cumhurba\u015fkan\u0131 Erdo\u011fan, sadece kendi insanlar\u0131n\u0131 de\u011fil, y\u00fcz\u00fc \u00fclkeye d\u00f6n\u00fck hi\u00e7bir karde\u015flerini yaln\u0131z b\u0131rakmayacaklar\u0131n\u0131 vurgulayarak, \u015funlar\u0131 kaydetti:<\/p>\n\n\n\n<p>&#8220;Hakk\u0131, adaleti ve vicdan\u0131 merkeze alan siyasetimizin yans\u0131malar\u0131, Suriye ve Gazze ba\u015fta olmak \u00fczere b\u00f6lgemizin her yan\u0131nda g\u00f6r\u00fclmektedir. 8 Aral\u0131k devrimiyle h\u00fcrriyetine kavu\u015fan kom\u015fumuz Suriye&#8217;de toparlanma h\u0131zlanm\u0131\u015f, siyasi istikrar yolunda k\u0131sa s\u00fcrede \u00f6nemli mesafe al\u0131nm\u0131\u015ft\u0131r. Suriye&#8217;de huzur ortam\u0131 k\u00f6kle\u015ftik\u00e7e g\u00f6n\u00fcll\u00fc geri d\u00f6n\u00fc\u015fler de artm\u0131\u015f, son bir y\u0131lda 600 bin Suriyeli misafirimiz vatanlar\u0131na geri d\u00f6nm\u00fc\u015ft\u00fcr. Siyasi birli\u011fini ve toprak b\u00fct\u00fcnl\u00fc\u011f\u00fcn\u00fc sa\u011flam\u0131\u015f g\u00fc\u00e7l\u00fc bir Suriye inan\u0131yoruz ki hem \u00e7evresine hem de d\u00fcnyaya m\u00fcstesna katk\u0131lar yapacakt\u0131r. T\u00fcrkiye olarak Arap, K\u00fcrt, T\u00fcrkmen, S\u00fcnni, \u015eii, Nusayri demeden Suriye halk\u0131n\u0131n huzur ve g\u00fcvenli\u011fi i\u00e7in yeni y\u00f6netime gereken deste\u011fi verece\u011fiz.&#8221;<\/p>\n\n\n\n<p>Cumhurba\u015fkan\u0131 Erdo\u011fan, &#8220;Gazze&#8217;de bizim de katk\u0131m\u0131zla sa\u011flanan ate\u015fkes, \u0130srail&#8217;in t\u00fcm ihlallerine ra\u011fmen Gazzeli karde\u015flerimizin sa\u011fduyusu sayesinde halen s\u00fcrmektedir. \u0130srail&#8217;in sald\u0131r\u0131lar\u0131n\u0131n durmas\u0131, Gazze&#8217;ye insani yard\u0131m giri\u015finin h\u0131zlanmas\u0131 ve yeniden in\u015fa \u00e7al\u0131\u015fmalar\u0131n\u0131n ba\u015flayabilmesi i\u00e7in yo\u011fun \u00e7aba i\u00e7indeyiz. \u00c7o\u011fu \u00e7ocuk ve kad\u0131n 71 bin karde\u015fimizi \u015fehit edenler adalete hesap verene kadar sinmeyecek, susmayacak, soyk\u0131r\u0131m\u0131 asla unutturmayaca\u011f\u0131z. 5&#8217;inci y\u0131l\u0131na girecek Rusya-Ukrayna sava\u015f\u0131n\u0131n bir an evvel adil ve kal\u0131c\u0131 bir bar\u0131\u015fla noktalanmas\u0131 i\u00e7in de giri\u015fimlerimizi s\u00fcrd\u00fcr\u00fcyoruz. Do\u011fu Akdeniz&#8217;de \u00fclkemizin ve K\u0131br\u0131s T\u00fcrk halk\u0131n\u0131n \u00e7\u0131karlar\u0131na y\u00f6nelik artan tahrik ve tehditleri yak\u0131ndan takip ediyoruz. &#8216;Mavi vatan&#8217;da ne emrivakiye ne yan kesicili\u011fe ne de korsanl\u0131\u011fa asla g\u00f6z yummayaca\u011f\u0131m\u0131z\u0131n bilinmesini istiyorum.&#8221; diye konu\u015ftu.<\/p>\n\n\n\n<h3 class=\"wp-block-heading\">&#8220;2026 y\u0131l\u0131nda da eserlerimizle, yat\u0131r\u0131mlar\u0131m\u0131zla konu\u015fmaya devam edece\u011fiz&#8221;<\/h3>\n\n\n\n<p>Yaln\u0131zca \u00fclkenin de\u011fil, b\u00f6lgenin de \u00f6n\u00fcnde yepyeni bir sayfa a\u00e7acak &#8220;ter\u00f6rs\u00fcz T\u00fcrkiye&#8221; s\u00fcrecinde baz\u0131 \u00f6nemli e\u015fikleri geride b\u0131rakt\u0131klar\u0131na dikkati \u00e7eken Erdo\u011fan, s\u00f6zlerini \u015f\u00f6yle s\u00fcrd\u00fcrd\u00fc:<\/p>\n\n\n\n<p>&#8220;Cumhur \u0130ttifak\u0131 olarak bu s\u00fcre\u00e7te her zaman yap\u0131c\u0131 davrand\u0131k. \u00c7\u00f6z\u00fcme konsantre olarak elimizle birlikte t\u00fcm g\u00f6vdemizi ta\u015f\u0131n alt\u0131na koyduk. \u0130lgili taraflar\u0131 dikkatle dinleyen Milli Dayan\u0131\u015fma Karde\u015flik ve Demokrasi Komisyonumuz, s\u00fcrece yeni bir soluk kazand\u0131raca\u011f\u0131n\u0131 d\u00fc\u015f\u00fcnd\u00fc\u011f\u00fcm\u00fcz nihai raporunu in\u015fallah yak\u0131nda tekemm\u00fcl ettirecek. Komisyonun son d\u00fczl\u00fckte uzla\u015f\u0131 ruhuyla hareket etmesi arzumuzdur. \u00dclkemizi 40 y\u0131ll\u0131k bir musibetten kurtarmay\u0131 hedefleyen bu s\u00fcre\u00e7, g\u00fcndelik siyasetin \u00e7\u0131kar hesaplar\u0131na kurban edilmemelidir. Biz de s\u00fcrecin bir yol kazas\u0131 ya\u015fanmadan menzili maksuduna varmas\u0131 i\u00e7in \u00fczerimize ne d\u00fc\u015f\u00fcyorsa yapmaktan geri durmayaca\u011f\u0131z.&#8221;<\/p>\n\n\n\n<p>Cumhurba\u015fkan\u0131 Erdo\u011fan, 23 senedir oldu\u011fu gibi kalplerinde sadece millet ve memleket sevdas\u0131yla 86 milyonun tamam\u0131na hizmet edeceklerini, t\u00fcm T\u00fcrkiye&#8217;nin refah\u0131, huzuru ve esenli\u011fi i\u00e7in fedakarca \u00e7al\u0131\u015fmay\u0131 s\u00fcrd\u00fcreceklerini belirterek, &#8220;2026 y\u0131l\u0131nda da laf yerine i\u015f \u00fcretecek, polemik yerine icraat yapacak, eserlerimizle, yat\u0131r\u0131mlar\u0131m\u0131zla konu\u015fmaya devam edece\u011fiz. Rabbim yar ve yard\u0131mc\u0131m\u0131z olsun diyorum. T\u00fcrkiye Y\u00fczy\u0131l\u0131 \u00fclk\u00fcm\u00fcze destek olan herkese te\u015fekk\u00fcr ediyorum. Bu d\u00fc\u015f\u00fcncelerle yeni miladi y\u0131l\u0131n\u0131z\u0131 tebrik ediyor, 2026 y\u0131l\u0131n\u0131n \u00fclkemiz, milletimiz, b\u00f6lgemiz ve t\u00fcm insanl\u0131k i\u00e7in hay\u0131rlara vesile olmas\u0131n\u0131 diliyorum.&#8221; ifadelerini kulland\u0131.<\/p>\n\n\n\n<p>Kaynak: AA<\/p>\n","protected":false},"excerpt":{"rendered":"<p>Cumhurba\u015fkan\u0131 Recep Tayyip Erdo\u011fan, yeni y\u0131l dolay\u0131s\u0131yla yay\u0131nlad\u0131\u011f\u0131 video mesajda, &#8220;Dezenflasyon s\u00fcreci devam ederken, Merkez Bankam\u0131z\u0131n rezervleri g\u00fc\u00e7leniyor. \u00dcretim, yat\u0131r\u0131m, istihdam ve ihracatta vites y\u00fckseltiyoruz.&#8221; dedi Cumhurba\u015fkan\u0131 Erdo\u011fan, yeni y\u0131l dolay\u0131s\u0131yla yay\u0131nlanan video mesaj\u0131nda, bug\u00fcn 2025 ile vedala\u015f\u0131ld\u0131\u011f\u0131n\u0131, yepyeni bir heyecanla yeni \u00fcmit ve hedeflerle 2026&#8217;ya &#8220;merhaba&#8221; demeye haz\u0131rlan\u0131ld\u0131\u011f\u0131n\u0131 ifade etti. Yeni takvim y\u0131l\u0131n\u0131n \u00fclke, [&hellip;]<\/p>\n","protected":false},"author":1,"featured_media":8215,"comment_status":"open","ping_status":"open","sticky":false,"template":"","format":"standard","meta":{"footnotes":""},"categories":[11],"tags":[846,3145],"class_list":["post-8214","post","type-post","status-publish","format-standard","has-post-thumbnail","hentry","category-manset","tag-cumhurbaskani-erdogan","tag-yeni-yil-mesaj"],"_links":{"self":[{"href":"https:\/\/www.trabzonmanset.com\/index.php\/wp-json\/wp\/v2\/posts\/8214","targetHints":{"allow":["GET"]}}],"collection":[{"href":"https:\/\/www.trabzonmanset.com\/index.php\/wp-json\/wp\/v2\/posts"}],"about":[{"href":"https:\/\/www.trabzonmanset.com\/index.php\/wp-json\/wp\/v2\/types\/post"}],"author":[{"embeddable":true,"href":"https:\/\/www.trabzonmanset.com\/index.php\/wp-json\/wp\/v2\/users\/1"}],"replies":[{"embeddable":true,"href":"https:\/\/www.trabzonmanset.com\/index.php\/wp-json\/wp\/v2\/comments?post=8214"}],"version-history":[{"count":1,"href":"https:\/\/www.trabzonmanset.com\/index.php\/wp-json\/wp\/v2\/posts\/8214\/revisions"}],"predecessor-version":[{"id":8216,"href":"https:\/\/www.trabzonmanset.com\/index.php\/wp-json\/wp\/v2\/posts\/8214\/revisions\/8216"}],"wp:featuredmedia":[{"embeddable":true,"href":"https:\/\/www.trabzonmanset.com\/index.php\/wp-json\/wp\/v2\/media\/8215"}],"wp:attachment":[{"href":"https:\/\/www.trabzonmanset.com\/index.php\/wp-json\/wp\/v2\/media?parent=8214"}],"wp:term":[{"taxonomy":"category","embeddable":true,"href":"https:\/\/www.trabzonmanset.com\/index.php\/wp-json\/wp\/v2\/categories?post=8214"},{"taxonomy":"post_tag","embeddable":true,"href":"https:\/\/www.trabzonmanset.com\/index.php\/wp-json\/wp\/v2\/tags?post=8214"}],"curies":[{"name":"wp","href":"https:\/\/api.w.org\/{rel}","templated":true}]}}