{"id":8162,"date":"2025-12-28T22:16:00","date_gmt":"2025-12-28T19:16:00","guid":{"rendered":"https:\/\/www.trabzonmanset.com\/?p=8162"},"modified":"2025-12-29T00:18:45","modified_gmt":"2025-12-28T21:18:45","slug":"sahnede-korku-dolu-anlar-asli-bekiroglunun-kafasina-kapi-dustu","status":"publish","type":"post","link":"https:\/\/www.trabzonmanset.com\/index.php\/2025\/12\/28\/sahnede-korku-dolu-anlar-asli-bekiroglunun-kafasina-kapi-dustu\/","title":{"rendered":"Sahnede korku dolu anlar! Asl\u0131 Bekiro\u011flu&#8217;nun kafas\u0131na kap\u0131 d\u00fc\u015ft\u00fc"},"content":{"rendered":"\n<p>\u00dcnl\u00fc oyuncu Asl\u0131 Bekiro\u011flu, ba\u015frol\u00fcnde yer ald\u0131\u011f\u0131 &#8216;Sil Ba\u015ftan&#8217; adl\u0131 tiyatro oyunu s\u0131ras\u0131nda talihsiz bir kaza ya\u015fad\u0131. Oyun esnas\u0131nda dekor kap\u0131n\u0131n kafas\u0131na d\u00fc\u015fmesiyle b\u00fcy\u00fck bir \u015fok ya\u015fayan Bekiro\u011flu, ya\u015fananlar\u0131n ard\u0131ndan seyircileri endi\u015felendirdi.<\/p>\n\n\n\n<p>\u00dcnl\u00fc oyuncu Asl\u0131 Bekiro\u011flu, ba\u015frol\u00fcnde yer ald\u0131\u011f\u0131 &#8220;Sil Ba\u015ftan&#8221; adl\u0131 tiyatro oyunu s\u0131ras\u0131nda sahnede talihsiz bir kaza ge\u00e7irdi.<\/p>\n\n\n\n<h3 class=\"wp-block-heading\">KAFASINA KAPI D\u00dc\u015eT\u00dc<\/h3>\n\n\n\n<p>Temsil esnas\u0131nda dekor par\u00e7as\u0131 olarak kullan\u0131lan bir kap\u0131, aniden devrilerek \u00fcnl\u00fc oyuncunun ba\u015f\u0131na d\u00fc\u015ft\u00fc. Salonda k\u0131sa s\u00fcreli endi\u015feye neden olan kazaya ra\u011fmen Bekiro\u011flu, oyunu yar\u0131da b\u0131rakmad\u0131 ve rol\u00fcn\u00fc tamamlamay\u0131 tercih etti.<\/p>\n\n\n\n<figure class=\"wp-block-image size-full\"><img loading=\"lazy\" decoding=\"async\" width=\"640\" height=\"360\" src=\"https:\/\/www.trabzonmanset.com\/wp-content\/uploads\/2025\/12\/sahnede-korku-dolu-anlar-asli-bekiroglu-nun-19401442_9404_m.webp?wsr\" alt=\"\" class=\"wp-image-8163\" srcset=\"https:\/\/www.trabzonmanset.com\/wp-content\/uploads\/2025\/12\/sahnede-korku-dolu-anlar-asli-bekiroglu-nun-19401442_9404_m.webp 640w, https:\/\/www.trabzonmanset.com\/wp-content\/uploads\/2025\/12\/sahnede-korku-dolu-anlar-asli-bekiroglu-nun-19401442_9404_m-300x169.webp 300w\" sizes=\"auto, (max-width: 640px) 100vw, 640px\" \/><\/figure>\n\n\n\n<h3 class=\"wp-block-heading\">HASTANEYE G\u00d6T\u00dcR\u00dcLD\u00dc<\/h3>\n\n\n\n<p>Olay\u0131n ard\u0131ndan sa\u011fl\u0131k ekipleri taraf\u0131ndan ilk m\u00fcdahalesi yap\u0131lan oyuncu, daha sonra tedbir ama\u00e7l\u0131 hastaneye g\u00f6t\u00fcr\u00fcld\u00fc. Oyuncunun MR \u00e7ekimi i\u00e7in kontrole al\u0131nd\u0131\u011f\u0131, genel sa\u011fl\u0131k durumunun ise iyi oldu\u011fu \u00f6\u011frenildi.<\/p>\n\n\n\n<h3 class=\"wp-block-heading\">&#8220;\u0130Y\u0130Y\u0130M, \u0130Y\u0130 OLACA\u011eIM&#8221;<\/h3>\n\n\n\n<p>Bekiro\u011flu, sosyal medya hesab\u0131ndan yapt\u0131\u011f\u0131 payla\u015f\u0131mda moralinin yerinde oldu\u011funu belirterek, &#8220;\u0130yiyim, iyi olaca\u011f\u0131m&#8221; ifadelerini kulland\u0131.<\/p>\n","protected":false},"excerpt":{"rendered":"<p>\u00dcnl\u00fc oyuncu Asl\u0131 Bekiro\u011flu, ba\u015frol\u00fcnde yer ald\u0131\u011f\u0131 &#8216;Sil Ba\u015ftan&#8217; adl\u0131 tiyatro oyunu s\u0131ras\u0131nda talihsiz bir kaza ya\u015fad\u0131. Oyun esnas\u0131nda dekor kap\u0131n\u0131n kafas\u0131na d\u00fc\u015fmesiyle b\u00fcy\u00fck bir \u015fok ya\u015fayan Bekiro\u011flu, ya\u015fananlar\u0131n ard\u0131ndan seyircileri endi\u015felendirdi. \u00dcnl\u00fc oyuncu Asl\u0131 Bekiro\u011flu, ba\u015frol\u00fcnde yer ald\u0131\u011f\u0131 &#8220;Sil Ba\u015ftan&#8221; adl\u0131 tiyatro oyunu s\u0131ras\u0131nda sahnede talihsiz bir kaza ge\u00e7irdi. KAFASINA KAPI D\u00dc\u015eT\u00dc Temsil esnas\u0131nda [&hellip;]<\/p>\n","protected":false},"author":1,"featured_media":8164,"comment_status":"open","ping_status":"open","sticky":false,"template":"","format":"standard","meta":{"footnotes":""},"categories":[1405],"tags":[3114,495,810,549,491],"class_list":["post-8162","post","type-post","status-publish","format-standard","has-post-thumbnail","hentry","category-magazin","tag-asli-bekiroglu","tag-kaza","tag-magazin","tag-sanat","tag-yasam"],"_links":{"self":[{"href":"https:\/\/www.trabzonmanset.com\/index.php\/wp-json\/wp\/v2\/posts\/8162","targetHints":{"allow":["GET"]}}],"collection":[{"href":"https:\/\/www.trabzonmanset.com\/index.php\/wp-json\/wp\/v2\/posts"}],"about":[{"href":"https:\/\/www.trabzonmanset.com\/index.php\/wp-json\/wp\/v2\/types\/post"}],"author":[{"embeddable":true,"href":"https:\/\/www.trabzonmanset.com\/index.php\/wp-json\/wp\/v2\/users\/1"}],"replies":[{"embeddable":true,"href":"https:\/\/www.trabzonmanset.com\/index.php\/wp-json\/wp\/v2\/comments?post=8162"}],"version-history":[{"count":1,"href":"https:\/\/www.trabzonmanset.com\/index.php\/wp-json\/wp\/v2\/posts\/8162\/revisions"}],"predecessor-version":[{"id":8165,"href":"https:\/\/www.trabzonmanset.com\/index.php\/wp-json\/wp\/v2\/posts\/8162\/revisions\/8165"}],"wp:featuredmedia":[{"embeddable":true,"href":"https:\/\/www.trabzonmanset.com\/index.php\/wp-json\/wp\/v2\/media\/8164"}],"wp:attachment":[{"href":"https:\/\/www.trabzonmanset.com\/index.php\/wp-json\/wp\/v2\/media?parent=8162"}],"wp:term":[{"taxonomy":"category","embeddable":true,"href":"https:\/\/www.trabzonmanset.com\/index.php\/wp-json\/wp\/v2\/categories?post=8162"},{"taxonomy":"post_tag","embeddable":true,"href":"https:\/\/www.trabzonmanset.com\/index.php\/wp-json\/wp\/v2\/tags?post=8162"}],"curies":[{"name":"wp","href":"https:\/\/api.w.org\/{rel}","templated":true}]}}