{"id":8147,"date":"2025-12-28T19:15:00","date_gmt":"2025-12-28T16:15:00","guid":{"rendered":"https:\/\/www.trabzonmanset.com\/?p=8147"},"modified":"2025-12-28T22:17:44","modified_gmt":"2025-12-28T19:17:44","slug":"bayraktar-kizilelma-kol-ucusu-ile-yeni-bir-ilke-imza-atti","status":"publish","type":"post","link":"https:\/\/www.trabzonmanset.com\/index.php\/2025\/12\/28\/bayraktar-kizilelma-kol-ucusu-ile-yeni-bir-ilke-imza-atti\/","title":{"rendered":"Bayraktar KIZILELMA &#8220;kol u\u00e7u\u015fu&#8221; ile yeni bir ilke imza att\u0131"},"content":{"rendered":"\n<p>Bayraktar KIZILELMA&#8217;n\u0131n ak\u0131ll\u0131 filo otonomisi kabiliyetine y\u00f6nelik test u\u00e7u\u015funda, d\u00fcnya havac\u0131l\u0131k tarihinde ilk kez iki insans\u0131z sava\u015f u\u00e7a\u011f\u0131 otonom olarak yak\u0131n kol u\u00e7u\u015fu yapt\u0131.<\/p>\n\n\n\n<p>Baykar&#8217;dan yap\u0131lan a\u00e7\u0131klamaya g\u00f6re, T\u00fcrkiye\u2019nin ilk insans\u0131z sava\u015f u\u00e7a\u011f\u0131 Bayraktar KIZILELMA&#8217;n\u0131n geli\u015ftirme s\u00fcreci yeni kabiliyetlerin entegrasyonu ile devam ediyor. \u00c7orlu&#8217;daki AKINCI U\u00e7u\u015f E\u011fitim ve Test Merkezi&#8217;nde y\u00fcr\u00fct\u00fclen \u00e7al\u0131\u015fmalar kapsam\u0131nda iki farkl\u0131 Bayraktar KIZILELMA prototipi ayn\u0131 anda g\u00f6ky\u00fcz\u00fcnde g\u00f6rev icra etti.<\/p>\n\n\n\n<p>Ger\u00e7ekle\u015ftirilen testte Bayraktar KIZILELMA&#8217;n\u0131n \u00fc\u00e7\u00fcnc\u00fc prototipi PT3 ve be\u015finci prototipi PT5 arka arkaya havaland\u0131. G\u00f6ky\u00fcz\u00fcne \u00e7\u0131kan iki insans\u0131z sava\u015f u\u00e7a\u011f\u0131, Baykar ekibi taraf\u0131ndan geli\u015ftirilen ak\u0131ll\u0131 filo otonomisi algoritmalar\u0131 sayesinde birbiriyle e\u015f g\u00fcd\u00fcml\u00fc hareket ederek otonom muharebe pilotuyla formasyon u\u00e7u\u015fu (kol u\u00e7u\u015fu) yapt\u0131. B\u00f6ylece d\u00fcnya havac\u0131l\u0131k tarihinde ilk kez iki insans\u0131z sava\u015f u\u00e7a\u011f\u0131 otonom olarak yak\u0131n kol u\u00e7u\u015fu ger\u00e7ekle\u015ftirdi.<\/p>\n\n\n\n<p>Bu teknolojik ilerlemeyle insanl\u0131 sava\u015f u\u00e7aklar\u0131n\u0131n ger\u00e7ekle\u015ftirdi\u011fi karma\u015f\u0131k hava g\u00f6revleri otonom sistemlere aktar\u0131l\u0131yor. Bu kabiliyet birden fazla insans\u0131z platformun bir lider komutas\u0131nda, birbirlerine g\u00f6re konumlar\u0131n\u0131 otonom olarak ayarlayarak ortak g\u00f6rev icra etmesine olanak tan\u0131yor.<\/p>\n\n\n\n<h3 class=\"wp-block-heading\">Hava devriyesi g\u00f6revi<\/h3>\n\n\n\n<p>U\u00e7u\u015f testinde modern hava muharebesinin temel unsurlar\u0131ndan biri olan CAP (Combat Air Patrol &#8211; Hava Devriyesi) g\u00f6revi de denendi. Bayraktar KIZILELMA prototipleri, filo otonomisi yaz\u0131l\u0131mlar\u0131 e\u015fli\u011finde belirlenen rotada devriye u\u00e7u\u015fu ger\u00e7ekle\u015ftirdi. B\u00f6ylece hava savunma g\u00f6revlerinin milli insans\u0131z sava\u015f u\u00e7a\u011f\u0131 taraf\u0131ndan filo halinde yap\u0131labilirli\u011fi do\u011fruland\u0131. Sava\u015f u\u00e7aklar\u0131n\u0131n belirli b\u00f6lgeleri korumak amac\u0131yla icra etti\u011fi devriye ve \u00f6nleme g\u00f6revleri, gelecekte Bayraktar KIZILELMA filolar\u0131 taraf\u0131ndan otonom olarak ger\u00e7ekle\u015ftirilebilecek.<\/p>\n\n\n\n<p>Test s\u00fcreci boyunca insans\u0131z sava\u015f u\u00e7aklar\u0131n\u0131n otonom sistemleri ve birlikte harekat s\u00fcre\u00e7leri yak\u0131ndan takip edildi. Baykar\u2019\u0131n tamamen \u00f6z kaynaklar\u0131yla geli\u015ftirdi\u011fi Bayraktar KIZILELMA, sahip oldu\u011fu ak\u0131ll\u0131 filo otonomisi altyap\u0131s\u0131 sayesinde gelecekte \u00e7oklu platformlarla koordineli harekat yapabilme kabiliyetini geli\u015ftirmeye devam edecek.<\/p>\n\n\n\n<p>Bayraktar KIZILELMA, 29 Kas\u0131m&#8217;da ger\u00e7ekle\u015ftirilen testte d\u00fcnya havac\u0131l\u0131k tarihine ge\u00e7mi\u015fti. Sinop a\u00e7\u0131klar\u0131nda yap\u0131lan tarihi testte, ASELSAN imzal\u0131 MURAD AESA radar\u0131n\u0131n i\u015faretledi\u011fi hedef u\u00e7a\u011f\u0131 T\u00dcB\u0130TAK SAGE taraf\u0131ndan geli\u015ftirilen G\u00d6KDO\u011eAN f\u00fczesiyle tam isabetle vuran Bayraktar KIZILELMA, d\u00fcnyada g\u00f6r\u00fc\u015f \u00f6tesi hava-hava f\u00fczesi kullanarak jet motorlu bir hava hedefini imha eden ilk insans\u0131z sava\u015f u\u00e7a\u011f\u0131 olmu\u015ftu.<\/p>\n\n\n\n<p>D\u00fcnyan\u0131n en b\u00fcy\u00fck insans\u0131z hava arac\u0131 \u015firketi olan Baykar, Bayraktar TB2 S\u0130HA i\u00e7in 36 \u00fclkeyle, Bayraktar AKINCI T\u0130HA i\u00e7in ise \u015fimdiye kadar 16 \u00fclke ile olmak \u00fczere toplam 37 \u00fclkeyle ihracat anla\u015fmas\u0131 imzalad\u0131.<\/p>\n\n\n\n<h3 class=\"wp-block-heading\">&#8220;Kopyalayan de\u011fil icat eden, taklit eden de\u011fil takip edilen&#8230;&#8221;<\/h3>\n\n\n\n<p>Baykar Y\u00f6netim Kurulu Ba\u015fkan\u0131 Sel\u00e7uk Bayraktar, teste ili\u015fkin payla\u015f\u0131m\u0131nda, &#8220;D\u00fcnyada ilk defa! \u0130ki insans\u0131z sava\u015f u\u00e7a\u011f\u0131 otonom yak\u0131n kol u\u00e7u\u015funu ba\u015far\u0131yla ger\u00e7ekle\u015ftirdi!&#8221; ifadesini kulland\u0131.<\/p>\n\n\n\n<p>Baykar Genel M\u00fcd\u00fcr\u00fc Haluk Bayraktar da &#8220;D\u00fcnya havac\u0131l\u0131k tarihinde ilk kez iki insans\u0131z sava\u015f u\u00e7a\u011f\u0131 otonom olarak yak\u0131n kol u\u00e7u\u015fu ger\u00e7ekle\u015ftirdi. Kopyalayan de\u011fil icat eden, taklit eden de\u011fil takip edilen&#8230;&#8221; de\u011ferlendirmesinde bulundu.<\/p>\n\n\n\n<h3 class=\"wp-block-heading\">Bakan Kac\u0131r:&nbsp;Dengeler de\u011fi\u015fecek, her \u015fey yeniden ba\u015flayacak<\/h3>\n\n\n\n<p>Sanayi ve Teknoloji Bakan\u0131 Mehmet Fatih Kac\u0131r, insanl\u0131 sava\u015f u\u00e7aklar\u0131ndan \u00e7ok daha kabiliyetli ve maliyet etkin olan insans\u0131z sava\u015f u\u00e7aklar\u0131n\u0131n, otonom ve s\u00fcr\u00fc halinde yapt\u0131klar\u0131 g\u00f6revlerle sava\u015f sahas\u0131nda &#8220;oyun de\u011fi\u015ftirici&#8221; olaca\u011f\u0131n\u0131 belirtti.<\/p>\n\n\n\n<p>Bayraktar KIZILELMA&#8217;n\u0131n ak\u0131ll\u0131 filo otonomisi kabiliyetine y\u00f6nelik test u\u00e7u\u015funda, &#8220;d\u00fcnya havac\u0131l\u0131k tarihinde ilk kez&#8221;, iki insans\u0131z sava\u015f u\u00e7a\u011f\u0131 otonom olarak yak\u0131n kol u\u00e7u\u015fu yapt\u0131.<\/p>\n\n\n\n<p>Kac\u0131r, ABD merkezli X \u015firketinin sosyal medya platformundaki hesab\u0131ndan, Baykar Y\u00f6netim Kurulu Ba\u015fkan\u0131 Sel\u00e7uk Bayraktar&#8217;\u0131n payla\u015f\u0131m\u0131n\u0131 da al\u0131nt\u0131layarak, konuyla ilgili de\u011ferlendirmelerde bulundu.<\/p>\n\n\n\n<p>Havac\u0131l\u0131kta yeni \u00e7a\u011f\u0131n kap\u0131lar\u0131n\u0131 T\u00fcrklerin a\u00e7t\u0131\u011f\u0131n\u0131n alt\u0131n\u0131 \u00e7izen Kac\u0131r, \u015funlar\u0131 kaydetti:<\/p>\n\n\n\n<p>&#8220;\u0130nsanl\u0131 sava\u015f u\u00e7aklar\u0131ndan \u00e7ok daha kabiliyetli ve maliyet etkin olan insans\u0131z sava\u015f u\u00e7aklar\u0131, otonom ve s\u00fcr\u00fc halinde yapt\u0131klar\u0131 g\u00f6revlerle sava\u015f sahas\u0131nda oyun de\u011fi\u015ftirici olacak. Dengeler de\u011fi\u015fecek, her \u015fey yeniden ba\u015flayacak.&#8221;<\/p>\n\n\n\n<h3 class=\"wp-block-heading\">\u0130leti\u015fim Ba\u015fkan\u0131 Duran: Stratejik vizyonumuzun somut bir g\u00f6stergesi<\/h3>\n\n\n\n<p>Cumhurba\u015fkanl\u0131\u011f\u0131 \u0130leti\u015fim Ba\u015fkan\u0131 Burhanettin Duran, Bayraktar KIZILELMA&#8217;n\u0131n ak\u0131ll\u0131 filo otonomisine y\u00f6nelik test u\u00e7u\u015funda d\u00fcnya havac\u0131l\u0131k tarihinde ilk kez iki insans\u0131z sava\u015f u\u00e7a\u011f\u0131n\u0131n otonom olarak yak\u0131n kol u\u00e7u\u015fu ger\u00e7ekle\u015ftirmesi dolay\u0131s\u0131yla eme\u011fi ge\u00e7enleri tebrik etti.<\/p>\n\n\n\n<p>Duran, NSosyal hesab\u0131ndan yapt\u0131\u011f\u0131 payla\u015f\u0131mda, T\u00fcrkiye&#8217;nin savunma sanayisinde y\u0131ld\u0131z\u0131n\u0131n parlamaya devam etti\u011fini belirtti.<\/p>\n\n\n\n<p>Cumhurba\u015fkan\u0131 Recep Tayyip Erdo\u011fan liderli\u011finde y\u00fcr\u00fct\u00fclen Milli Teknoloji Hamlesinin, savunma sanayisinde T\u00fcrkiye&#8217;yi takip eden de\u011fil y\u00f6n veren bir \u00fclke konumuna ta\u015f\u0131d\u0131\u011f\u0131n\u0131 vurgulayan Duran, \u015funlar\u0131 kaydetti:<\/p>\n\n\n\n<p>&#8220;\u0130ki insans\u0131z sava\u015f u\u00e7a\u011f\u0131n\u0131n otonom yak\u0131n kol u\u00e7u\u015funu ba\u015far\u0131yla ger\u00e7ekle\u015ftirmesi, m\u00fchendislik g\u00fcc\u00fcm\u00fcz\u00fcn, yapay zeka kabiliyetimizin ve stratejik vizyonumuzun somut bir g\u00f6stergesidir. Eme\u011fi ge\u00e7en herkesi g\u00f6n\u00fclden tebrik ediyorum.&#8221;&nbsp;<\/p>\n\n\n\n<h3 class=\"wp-block-heading\">AK Parti S\u00f6zc\u00fcs\u00fc \u00c7elik&#8217;ten tebrik mesaj\u0131<\/h3>\n\n\n\n<p>AK Parti Genel Ba\u015fkan Yard\u0131mc\u0131s\u0131 ve Parti S\u00f6zc\u00fcs\u00fc \u00d6mer \u00c7elik, Bayraktar KIZILELMA&#8217;n\u0131n ak\u0131ll\u0131 filo otonomisine y\u00f6nelik test u\u00e7u\u015funda, d\u00fcnya havac\u0131l\u0131k tarihinde ilk kez iki insans\u0131z sava\u015f u\u00e7a\u011f\u0131n\u0131n otonom olarak yak\u0131n kol u\u00e7u\u015fu ger\u00e7ekle\u015ftirmesi dolay\u0131s\u0131yla eme\u011fi ge\u00e7enleri tebrik etti.<\/p>\n\n\n\n<p>\u00c7elik, NSosyal hesab\u0131ndan yapt\u0131\u011f\u0131 payla\u015f\u0131mda, \u015funlar\u0131 kaydetti:<\/p>\n\n\n\n<p>&#8220;T\u00fcm d\u00fcnyan\u0131n zorluklarla ve belirsizliklerle dolu oldu\u011fu bir d\u00f6nemde, T\u00fcrkiye kendi rotas\u0131n\u0131 \u00e7izen nadir \u00fclkelerden biri. Her bir &#8216;ilk&#8217; d\u00fcnyadaki k\u00f6t\u00fcl\u00fc\u011fe \u00fclkemizden verilmi\u015f bir cevapt\u0131r. \u0130radeyi milim \u015fa\u015fmadan takip edenlere, eme\u011fi ge\u00e7enlere tebrikler.&#8221;<\/p>\n\n\n\n<h3 class=\"wp-block-heading\">Cumhurba\u015fkanl\u0131\u011f\u0131 Savunma Sanayii Ba\u015fkan\u0131 G\u00f6rg\u00fcn, Bayraktar KIZILELMA&#8217;n\u0131n &#8220;kol u\u00e7u\u015fu&#8221;nu de\u011ferlendirdi<\/h3>\n\n\n\n<p>Cumhurba\u015fkanl\u0131\u011f\u0131 Savunma Sanayii Ba\u015fkan\u0131 Haluk G\u00f6rg\u00fcn, Bayraktar KIZILELMA&#8217;n\u0131n ak\u0131ll\u0131 filo otonomisi kabiliyetine y\u00f6nelik test u\u00e7u\u015funa ili\u015fkin, &#8220;Bu g\u00f6rev s\u0131ras\u0131nda, birbirlerine yakla\u015f\u0131k 15 metre mesafeye kadar yakla\u015fan iki KIZILELMA ile d\u00fcnyada ilk defa insans\u0131z sava\u015f u\u00e7aklar\u0131 aras\u0131nda yak\u0131n otonom kol u\u00e7u\u015fu ba\u015far\u0131yla ger\u00e7ekle\u015ftirildi.&#8221; de\u011ferlendirmesinde bulundu.<\/p>\n\n\n\n<p>G\u00f6rg\u00fcn, NSosyal hesab\u0131ndan Bayraktar KIZILELMA&#8217;n\u0131n ak\u0131ll\u0131 filo otonomisi kabiliyetine y\u00f6nelik test u\u00e7u\u015fuyla ilgili payla\u015f\u0131mda bulundu.<\/p>\n\n\n\n<p>Haluk G\u00f6rg\u00fcn, &#8220;G\u00f6k Vatan&#8221;da d\u00fcnyada ilk kez ger\u00e7ekle\u015ftirilen bir kabiliyetin daha ba\u015far\u0131yla hayata ge\u00e7irildi\u011fini vurgulayarak, &#8220;\u0130nsans\u0131z Sava\u015f U\u00e7a\u011f\u0131 Bayraktar KIZILELMA Projesi kapsam\u0131nda, KIZILELMA insans\u0131z sava\u015f u\u00e7aklar\u0131m\u0131z, Azra Milli Data Linki (MDL) \u00fczerinden birbirleriyle haberle\u015ferek s\u00fcr\u00fc \u0130HA komutu alt\u0131nda devriye g\u00f6revini tamamen otonom \u015fekilde icra etti. Bu g\u00f6rev s\u0131ras\u0131nda, birbirlerine yakla\u015f\u0131k 15 metre mesafeye kadar yakla\u015fan iki KIZILELMA ile d\u00fcnyada ilk defa insans\u0131z sava\u015f u\u00e7aklar\u0131 aras\u0131nda yak\u0131n otonom kol u\u00e7u\u015fu ba\u015far\u0131yla ger\u00e7ekle\u015ftirildi.&#8221; ifadelerini kulland\u0131.<\/p>\n\n\n\n<p>Ortaya konan bu yetene\u011fin otonomi, g\u00fcvenli veri payla\u015f\u0131m\u0131, g\u00f6rev koordinasyonu ve yapay zeka destekli s\u00fcr\u00fc kabiliyetleri alanlar\u0131nda ula\u015ft\u0131klar\u0131 ileri m\u00fchendislik seviyesinin a\u00e7\u0131k bir g\u00f6stergesi oldu\u011funu aktaran G\u00f6rg\u00fcn, \u015funlar\u0131 kaydetti:<\/p>\n\n\n\n<p>&#8220;Ayn\u0131 zamanda bu ad\u0131m, insans\u0131z sava\u015f u\u00e7aklar\u0131n\u0131n birlikte hareket edebilen, g\u00f6rev payla\u015f\u0131m\u0131 yapabilen ve gelece\u011fin hava muharebe konseptlerini \u015fekillendirecek bir yap\u0131ya evrilmesinde kritik bir e\u015fik niteli\u011fi ta\u015f\u0131maktad\u0131r. Milli teknolojiyle geli\u015ftirilen bu kabiliyet, T\u00fcrkiye\u2019nin savunma havac\u0131l\u0131\u011f\u0131nda takip eden de\u011fil; \u00f6nc\u00fc, y\u00f6n veren ve standart belirleyen bir konuma ula\u015ft\u0131\u011f\u0131n\u0131 bir kez daha ortaya koymu\u015ftur. Bu tarihi ba\u015far\u0131da eme\u011fi ge\u00e7en Baykar ailesini, m\u00fchendislerimizi ve t\u00fcm savunma sanayii ekosistemimizi g\u00f6n\u00fclden tebrik ediyorum. G\u00f6k Vatan\u2019da yapay zeka ile g\u00fc\u00e7lenen otonomi, gelece\u011fin hava g\u00fcc\u00fcn\u00fc bug\u00fcnden in\u015fa ediyor.&#8221;<\/p>\n\n\n\n<p>kaynak: aa<\/p>\n","protected":false},"excerpt":{"rendered":"<p>Bayraktar KIZILELMA&#8217;n\u0131n ak\u0131ll\u0131 filo otonomisi kabiliyetine y\u00f6nelik test u\u00e7u\u015funda, d\u00fcnya havac\u0131l\u0131k tarihinde ilk kez iki insans\u0131z sava\u015f u\u00e7a\u011f\u0131 otonom olarak yak\u0131n kol u\u00e7u\u015fu yapt\u0131. Baykar&#8217;dan yap\u0131lan a\u00e7\u0131klamaya g\u00f6re, T\u00fcrkiye\u2019nin ilk insans\u0131z sava\u015f u\u00e7a\u011f\u0131 Bayraktar KIZILELMA&#8217;n\u0131n geli\u015ftirme s\u00fcreci yeni kabiliyetlerin entegrasyonu ile devam ediyor. \u00c7orlu&#8217;daki AKINCI U\u00e7u\u015f E\u011fitim ve Test Merkezi&#8217;nde y\u00fcr\u00fct\u00fclen \u00e7al\u0131\u015fmalar kapsam\u0131nda iki farkl\u0131 [&hellip;]<\/p>\n","protected":false},"author":1,"featured_media":8148,"comment_status":"open","ping_status":"open","sticky":false,"template":"","format":"standard","meta":{"footnotes":""},"categories":[1,15],"tags":[1439,1435,3105,2357,3103,3104],"class_list":["post-8147","post","type-post","status-publish","format-standard","has-post-thumbnail","hentry","category-gundem","category-teknoloji","tag-akinci-ucus-egitim","tag-bayraktar-kizilelma","tag-combat-air-patrol","tag-kizilelma-2","tag-pt3","tag-pt5"],"_links":{"self":[{"href":"https:\/\/www.trabzonmanset.com\/index.php\/wp-json\/wp\/v2\/posts\/8147","targetHints":{"allow":["GET"]}}],"collection":[{"href":"https:\/\/www.trabzonmanset.com\/index.php\/wp-json\/wp\/v2\/posts"}],"about":[{"href":"https:\/\/www.trabzonmanset.com\/index.php\/wp-json\/wp\/v2\/types\/post"}],"author":[{"embeddable":true,"href":"https:\/\/www.trabzonmanset.com\/index.php\/wp-json\/wp\/v2\/users\/1"}],"replies":[{"embeddable":true,"href":"https:\/\/www.trabzonmanset.com\/index.php\/wp-json\/wp\/v2\/comments?post=8147"}],"version-history":[{"count":1,"href":"https:\/\/www.trabzonmanset.com\/index.php\/wp-json\/wp\/v2\/posts\/8147\/revisions"}],"predecessor-version":[{"id":8149,"href":"https:\/\/www.trabzonmanset.com\/index.php\/wp-json\/wp\/v2\/posts\/8147\/revisions\/8149"}],"wp:featuredmedia":[{"embeddable":true,"href":"https:\/\/www.trabzonmanset.com\/index.php\/wp-json\/wp\/v2\/media\/8148"}],"wp:attachment":[{"href":"https:\/\/www.trabzonmanset.com\/index.php\/wp-json\/wp\/v2\/media?parent=8147"}],"wp:term":[{"taxonomy":"category","embeddable":true,"href":"https:\/\/www.trabzonmanset.com\/index.php\/wp-json\/wp\/v2\/categories?post=8147"},{"taxonomy":"post_tag","embeddable":true,"href":"https:\/\/www.trabzonmanset.com\/index.php\/wp-json\/wp\/v2\/tags?post=8147"}],"curies":[{"name":"wp","href":"https:\/\/api.w.org\/{rel}","templated":true}]}}