{"id":8144,"date":"2025-12-28T20:09:00","date_gmt":"2025-12-28T17:09:00","guid":{"rendered":"https:\/\/www.trabzonmanset.com\/?p=8144"},"modified":"2025-12-28T22:12:47","modified_gmt":"2025-12-28T19:12:47","slug":"yuzyilin-konut-projesinde-ilk-kuralar-yarin-cekiliyor","status":"publish","type":"post","link":"https:\/\/www.trabzonmanset.com\/index.php\/2025\/12\/28\/yuzyilin-konut-projesinde-ilk-kuralar-yarin-cekiliyor\/","title":{"rendered":"Y\u00fczy\u0131l\u0131n Konut Projesi&#8217;nde ilk kuralar yar\u0131n \u00e7ekiliyor"},"content":{"rendered":"\n<p>Cumhuriyet tarihinin en b\u00fcy\u00fck sosyal konut hamlesi olan Y\u00fczy\u0131l\u0131n Konut Projesi kapsam\u0131nda 81 ilde in\u015fa edilecek 500 bin konut i\u00e7in hak sahiplerini belirleyecek ilk kuralar yar\u0131n \u00e7ekilecek.<\/p>\n\n\n\n<p>\u00c7evre, \u015eehircilik ve \u0130klim De\u011fi\u015fikli\u011fi Bakanl\u0131\u011f\u0131 koordinasyonunda, Toplu Konut \u0130daresi Ba\u015fkanl\u0131\u011f\u0131 (TOK\u0130) taraf\u0131ndan y\u00fcr\u00fct\u00fclen Y\u00fczy\u0131l\u0131n Konut Projesi ile dar gelirli vatanda\u015flar\u0131n uygun ko\u015fullarda ev sahibi olmas\u0131 ama\u00e7lan\u0131yor.<\/p>\n\n\n\n<p>&#8220;Ev Sahibi T\u00fcrkiye&#8221; slogan\u0131yla hayata ge\u00e7irilen projeyle 81 ilde 500 bin sosyal konut in\u015fa edilecek.<\/p>\n\n\n\n<p>\u015eehirlerin bar\u0131nma ihtiyac\u0131, n\u00fcfus yo\u011funlu\u011fu ve ekonomik yap\u0131s\u0131 dikkate al\u0131narak planlanan sosyal konutlar i\u00e7in 10 Kas\u0131m&#8217;da ba\u015flayan ba\u015fvurular 19 Aral\u0131k&#8217;ta sona erdi.<\/p>\n\n\n\n<figure class=\"wp-block-embed is-type-rich is-provider-twitter wp-block-embed-twitter\"><div class=\"wp-block-embed__wrapper\">\n<blockquote class=\"twitter-tweet\" data-width=\"550\" data-dnt=\"true\"><p lang=\"tr\" dir=\"ltr\">Y\u00fczy\u0131l\u0131n Konut Projesi&#39;nde ilk kuralar yar\u0131n \u00e7ekiliyor<br><br>\ud83d\udce2 81 ilde in\u015fa edilecek 500 bin konut i\u00e7in hak sahipleri belirlenecek<br><br>\u27a1\ufe0f Projeye toplam 8 milyon 800 bin ki\u015fi ba\u015fvururken, ge\u00e7erli ba\u015fvuru say\u0131s\u0131 yakla\u015f\u0131k 5 milyon 300 bin olarak kay\u0131tlara ge\u00e7ti<br><br>\ud83d\udcca Proje kapsam\u0131nda deprem\u2026 <a href=\"https:\/\/t.co\/iXlnoYp6Ky\">pic.twitter.com\/iXlnoYp6Ky<\/a><\/p>&mdash; Anadolu Ajans\u0131 (@anadoluajansi) <a href=\"https:\/\/twitter.com\/anadoluajansi\/status\/2005307757654868348?ref_src=twsrc%5Etfw\">December 28, 2025<\/a><\/blockquote><script async src=\"https:\/\/platform.twitter.com\/widgets.js\" charset=\"utf-8\"><\/script>\n<\/div><\/figure>\n\n\n\n<p>Projeye toplam 8 milyon 800 bin ki\u015fi ba\u015fvururken, ge\u00e7erli ba\u015fvuru say\u0131s\u0131 yakla\u015f\u0131k 5 milyon 300 bin olarak kay\u0131tlara ge\u00e7ti. En fazla ba\u015fvuru yap\u0131lan iller ise \u0130stanbul, Ankara ve \u0130zmir oldu.<\/p>\n\n\n\n<p>\u00d6te yandan proje kapsam\u0131nda deprem b\u00f6lgesi i\u00e7in ek kontenjan da ayr\u0131ld\u0131.<\/p>\n\n\n\n<h3 class=\"wp-block-heading\">\u0130lk kura \u00e7ekimi Ad\u0131yaman i\u00e7in<\/h3>\n\n\n\n<p>Ba\u015fvuru s\u00fcrecinin tamamlanmas\u0131n\u0131n ard\u0131ndan hak sahipli\u011fini belirleyecek kuralar yar\u0131n ba\u015flayacak ve TOK\u0130&#8217;nin duyuraca\u011f\u0131 takvimle kura \u00e7ekimleri s\u00fcrecek.<\/p>\n\n\n\n<p>Projenin ilk kura \u00e7ekimi, Ad\u0131yaman&#8217;daki konutlar i\u00e7in ger\u00e7ekle\u015ftirilecek. Kura \u00e7ekimi, 30 Aral\u0131k&#8217;ta \u015e\u0131rnak ve Hakkari, 5 Ocak&#8217;ta Siirt ve Van, 6 Ocak&#8217;ta Mardin ve A\u011fr\u0131, 7 Ocak&#8217;ta ise Batman ile devam edecek. Ocak ay\u0131 i\u00e7inde ise bir ilde kura \u00e7ekim t\u00f6reni d\u00fczenlenmesi planlan\u0131yor.<\/p>\n\n\n\n<p>Proje kapsam\u0131nda Hatay&#8217;da 13 bin 289, Kahramanmara\u015f&#8217;ta 8 bin 195, Malatya&#8217;da 9 bin 609, Ad\u0131yaman&#8217;da 6 bin 620, Gaziantep&#8217;te 13 bin 890, \u015eanl\u0131urfa&#8217;da 13 bin 690, Diyarbak\u0131r&#8217;da 12 bin 165, Adana&#8217;da 12 bin 400, Elaz\u0131\u011f&#8217;da 3 bin 825, Osmaniye&#8217;de 2 bin 990, Kilis&#8217;te 1170 sosyal konut in\u015fa edilecek.<\/p>\n\n\n\n<p>Konutlar\u0131n ilk teslimat\u0131n\u0131n deprem b\u00f6lgesinde 2026 y\u0131l\u0131 i\u00e7erisinde di\u011fer \u015fehirlerde ise Mart 2027&#8217;de yap\u0131lmas\u0131 \u00f6ng\u00f6r\u00fcl\u00fcyor.<\/p>\n\n\n\n<p>Kampanya kapsam\u0131nda konutlar, y\u00fczde 10 pe\u015finat ve 240 aya varan vade imkanlar\u0131yla sat\u0131\u015fa sunulacak. Projede yer alan konutlar\u0131n 200 bini 80 metrekarelik 2+1, 150 bini 65 metrekarelik 2+1, kalan 150 bini ise 55 metrekarelik 1+1 dairelerden olu\u015facak.<\/p>\n\n\n\n<p>S\u00f6z konusu projeyle en az 2 milyon ki\u015fi sa\u011flam, afetlere diren\u00e7li, g\u00fcvenli, modern konutlara uygun fiyatlarla kavu\u015facak. Bu sayede hem vatanda\u015flar ev sahibi olacak hem de konut-kira fiyatlar\u0131 dengelenecek. 1,5 trilyonluk projeyle 300 sekt\u00f6r\u00fcn \u00e7ark\u0131 daha h\u0131zl\u0131 d\u00f6necek.<\/p>\n\n\n\n<p>Ayn\u0131 proje kapsam\u0131nda \u0130stanbul&#8217;da TOK\u0130 eliyle ilk kez kiral\u0131k sosyal konut uygulamas\u0131 da hayata ge\u00e7irilecek.<\/p>\n\n\n\n<p>Kaynak: AA<\/p>\n","protected":false},"excerpt":{"rendered":"<p>Cumhuriyet tarihinin en b\u00fcy\u00fck sosyal konut hamlesi olan Y\u00fczy\u0131l\u0131n Konut Projesi kapsam\u0131nda 81 ilde in\u015fa edilecek 500 bin konut i\u00e7in hak sahiplerini belirleyecek ilk kuralar yar\u0131n \u00e7ekilecek. \u00c7evre, \u015eehircilik ve \u0130klim De\u011fi\u015fikli\u011fi Bakanl\u0131\u011f\u0131 koordinasyonunda, Toplu Konut \u0130daresi Ba\u015fkanl\u0131\u011f\u0131 (TOK\u0130) taraf\u0131ndan y\u00fcr\u00fct\u00fclen Y\u00fczy\u0131l\u0131n Konut Projesi ile dar gelirli vatanda\u015flar\u0131n uygun ko\u015fullarda ev sahibi olmas\u0131 ama\u00e7lan\u0131yor. &#8220;Ev [&hellip;]<\/p>\n","protected":false},"author":1,"featured_media":8145,"comment_status":"open","ping_status":"open","sticky":false,"template":"","format":"standard","meta":{"footnotes":""},"categories":[1,11],"tags":[2929,3102,2198,2527],"class_list":["post-8144","post","type-post","status-publish","format-standard","has-post-thumbnail","hentry","category-gundem","category-manset","tag-ev-sahibi-turkiye","tag-kura-cekimi","tag-toki-2","tag-yuzyilin-konut-projesi"],"_links":{"self":[{"href":"https:\/\/www.trabzonmanset.com\/index.php\/wp-json\/wp\/v2\/posts\/8144","targetHints":{"allow":["GET"]}}],"collection":[{"href":"https:\/\/www.trabzonmanset.com\/index.php\/wp-json\/wp\/v2\/posts"}],"about":[{"href":"https:\/\/www.trabzonmanset.com\/index.php\/wp-json\/wp\/v2\/types\/post"}],"author":[{"embeddable":true,"href":"https:\/\/www.trabzonmanset.com\/index.php\/wp-json\/wp\/v2\/users\/1"}],"replies":[{"embeddable":true,"href":"https:\/\/www.trabzonmanset.com\/index.php\/wp-json\/wp\/v2\/comments?post=8144"}],"version-history":[{"count":1,"href":"https:\/\/www.trabzonmanset.com\/index.php\/wp-json\/wp\/v2\/posts\/8144\/revisions"}],"predecessor-version":[{"id":8146,"href":"https:\/\/www.trabzonmanset.com\/index.php\/wp-json\/wp\/v2\/posts\/8144\/revisions\/8146"}],"wp:featuredmedia":[{"embeddable":true,"href":"https:\/\/www.trabzonmanset.com\/index.php\/wp-json\/wp\/v2\/media\/8145"}],"wp:attachment":[{"href":"https:\/\/www.trabzonmanset.com\/index.php\/wp-json\/wp\/v2\/media?parent=8144"}],"wp:term":[{"taxonomy":"category","embeddable":true,"href":"https:\/\/www.trabzonmanset.com\/index.php\/wp-json\/wp\/v2\/categories?post=8144"},{"taxonomy":"post_tag","embeddable":true,"href":"https:\/\/www.trabzonmanset.com\/index.php\/wp-json\/wp\/v2\/tags?post=8144"}],"curies":[{"name":"wp","href":"https:\/\/api.w.org\/{rel}","templated":true}]}}