{"id":8139,"date":"2025-12-27T16:33:00","date_gmt":"2025-12-27T13:33:00","guid":{"rendered":"https:\/\/www.trabzonmanset.com\/?p=8139"},"modified":"2025-12-27T22:38:26","modified_gmt":"2025-12-27T19:38:26","slug":"final-yapan-dizinin-setindeki-vahsette-yeni-gelisme","status":"publish","type":"post","link":"https:\/\/www.trabzonmanset.com\/index.php\/2025\/12\/27\/final-yapan-dizinin-setindeki-vahsette-yeni-gelisme\/","title":{"rendered":"Final yapan dizinin setindeki vah\u015fette yeni geli\u015fme"},"content":{"rendered":"\n<p>\u00c7ekimleri Rize&#8217;de ger\u00e7ekle\u015ftirilen ve bir s\u00fcre \u00f6nce final yapan &#8216;G\u00f6zleri Karadeniz&#8217; adl\u0131 dizinin set \u00e7al\u0131\u015fanlar\u0131 aras\u0131nda otelde \u00e7\u0131kan kavgada a\u011f\u0131r yaralanan Ahmet Emin Yavuk, tedavi g\u00f6rd\u00fc\u011f\u00fc hastanede hayat\u0131n\u0131 kaybetti. Kavgaya ili\u015fkin g\u00f6zalt\u0131na al\u0131nan 3 ki\u015fiden 1&#8217;i tutukland\u0131, 1 ki\u015finin ise arand\u0131\u011f\u0131 bildirildi.<\/p>\n\n\n\n<p>\u00c7ekimleri Rize&#8217;de ger\u00e7ekle\u015ftirilen ve bir s\u00fcre \u00f6nce final yapan &#8216;G\u00f6zleri Karadeniz&#8217; adl\u0131 dizinin setinde \u00e7al\u0131\u015fan 5 ki\u015fi aras\u0131nda 16 Aral\u0131k&#8217;ta bilinmeyen nedenle tart\u0131\u015fma \u00e7\u0131kt\u0131.<\/p>\n\n\n\n<h3 class=\"wp-block-heading\">SET \u00c7ALI\u015eANLARI ARASINDA OTELDE KAVGA<\/h3>\n\n\n\n<p>Otel odas\u0131ndaki tart\u0131\u015fma, k\u0131sa s\u00fcrede b\u00fcy\u00fcyerek kavgaya d\u00f6n\u00fc\u015ft\u00fc. Sette karavan \u015fof\u00f6r\u00fc oldu\u011fu belirtilen Ahmet Emin Yavuk, kavgada ba\u015f\u0131na ald\u0131\u011f\u0131 darbeyle a\u011f\u0131r yaraland\u0131. Yavuk, kald\u0131r\u0131ld\u0131\u011f\u0131 Rize E\u011fitim ve Ara\u015ft\u0131rma Hastanesi&#8217;nde tedaviye al\u0131nd\u0131. Olay\u0131n ard\u0131ndan 4 ki\u015fi g\u00f6zalt\u0131na al\u0131nd\u0131. \u015e\u00fcpheliler ifade i\u015flemleri sonras\u0131 serbest b\u0131rak\u0131ld\u0131.<\/p>\n\n\n\n<figure class=\"wp-block-image size-full\"><img loading=\"lazy\" decoding=\"async\" width=\"640\" height=\"640\" src=\"https:\/\/www.trabzonmanset.com\/wp-content\/uploads\/2025\/12\/dizi-seti-calisani-kavgada-oldu-19398007_4226_m.webp?wsr\" alt=\"\" class=\"wp-image-8140\" srcset=\"https:\/\/www.trabzonmanset.com\/wp-content\/uploads\/2025\/12\/dizi-seti-calisani-kavgada-oldu-19398007_4226_m.webp 640w, https:\/\/www.trabzonmanset.com\/wp-content\/uploads\/2025\/12\/dizi-seti-calisani-kavgada-oldu-19398007_4226_m-300x300.webp 300w, https:\/\/www.trabzonmanset.com\/wp-content\/uploads\/2025\/12\/dizi-seti-calisani-kavgada-oldu-19398007_4226_m-150x150.webp 150w\" sizes=\"auto, (max-width: 640px) 100vw, 640px\" \/><\/figure>\n\n\n\n<h3 class=\"wp-block-heading\">YA\u015eAM M\u00dcCADELES\u0130N\u0130 KAYBETT\u0130<\/h3>\n\n\n\n<p>Kafa travmas\u0131 ge\u00e7irdi\u011fi i\u00e7in ent\u00fcbe edilen Ahmet Emin Yavuk, tedavi g\u00f6rd\u00fc\u011f\u00fc yo\u011fun bak\u0131m \u00fcnitesinde \u00f6nceki g\u00fcn hayat\u0131n\u0131 kaybetti. Ahmet Emin Yavuk, \u0130stanbul&#8217;da Re\u015fitpa\u015fa Mihri\u015fah Sultan Camii&#8217;nde k\u0131l\u0131nan cenaze namaz\u0131n\u0131n ard\u0131ndan, Bah\u00e7ek\u00f6y Mezarl\u0131\u011f\u0131&#8217;nda topra\u011fa verildi.<\/p>\n\n\n\n<h3 class=\"wp-block-heading\">3 \u015e\u00dcPHEL\u0130DEN 1&#8217;\u0130 TUTUKLANDI, 1 K\u0130\u015e\u0130 ARANIYOR<\/h3>\n\n\n\n<p>Yavuk&#8217;un \u00f6l\u00fcm\u00fc sonras\u0131, savc\u0131l\u0131k taraf\u0131ndan 4 \u015f\u00fcpheli i\u00e7in yeniden g\u00f6zalt\u0131 karar\u0131 verildi. Bunun \u00fczerine \u015f\u00fcphelilerden M.G., T.\u015e. ve M.Y. yeniden g\u00f6zalt\u0131na al\u0131nd\u0131, di\u011fer \u015f\u00fcphelinin yakalanmas\u0131 i\u00e7in de \u00e7al\u0131\u015fmalar\u0131n s\u00fcrd\u00fc\u011f\u00fc bildirildi. \u0130fade i\u015flemleri sonras\u0131 sevk edildikleri adliyede hakimli\u011fe \u00e7\u0131kar\u0131lan \u015f\u00fcphelilerden M.G. tutuklan\u0131rken, di\u011fer 2 ki\u015fi ise adli kontrol \u015fart\u0131yla serbest b\u0131rak\u0131ld\u0131.<\/p>\n\n\n\n<figure class=\"wp-block-image size-full\"><img loading=\"lazy\" decoding=\"async\" width=\"640\" height=\"639\" src=\"https:\/\/www.trabzonmanset.com\/wp-content\/uploads\/2025\/12\/dizi-seti-calisani-kavgada-oldu-19398007_2248_m.webp?wsr\" alt=\"\" class=\"wp-image-8141\" srcset=\"https:\/\/www.trabzonmanset.com\/wp-content\/uploads\/2025\/12\/dizi-seti-calisani-kavgada-oldu-19398007_2248_m.webp 640w, https:\/\/www.trabzonmanset.com\/wp-content\/uploads\/2025\/12\/dizi-seti-calisani-kavgada-oldu-19398007_2248_m-300x300.webp 300w, https:\/\/www.trabzonmanset.com\/wp-content\/uploads\/2025\/12\/dizi-seti-calisani-kavgada-oldu-19398007_2248_m-150x150.webp 150w\" sizes=\"auto, (max-width: 640px) 100vw, 640px\" \/><\/figure>\n\n\n\n<h3 class=\"wp-block-heading\">&#8220;KAFATASI KIRILANA KADAR DARP ED\u0130LD\u0130&#8221;<\/h3>\n\n\n\n<p>\u00d6te yandan oyuncu Kerem Arslano\u011flu, sanal medya hesab\u0131ndan yapt\u0131\u011f\u0131 g\u00f6r\u00fcnt\u00fcl\u00fc a\u00e7\u0131klamada, arkada\u015f\u0131 Ahmet Emin Yavuk&#8217;un darbedilerek \u00f6ld\u00fcr\u00fcld\u00fc\u011f\u00fcn\u00fc s\u00f6yledi. Arslano\u011flu, &#8220;Sette d\u00fc\u015ft\u00fc, kafas\u0131n\u0131 vurdu deniliyor ama kafatas\u0131 k\u0131r\u0131lana kadar darp edildi. Orada ne oldu ne bitti onu da bilmiyorum, a\u00e7\u0131k\u00e7as\u0131 ne olursa olsun kimse bir otel odas\u0131nda d\u00f6v\u00fclerek \u00f6ld\u00fcr\u00fclemez. Bu g\u00fcn\u00fcm\u00fcz \u015fartlar\u0131nda faili me\u00e7hule bir arkada\u015f\u0131m\u0131 g\u00f6nderemem. Arkada\u015f\u0131m\u0131 bir faili me\u00e7hule yedirecek kadar kolay de\u011fil baz\u0131 \u015feyler. Emin bir haftad\u0131r komadayd\u0131, gece vefat etti&#8221; ifadelerini kulland\u0131.<\/p>\n\n\n\n<p>Kaynak: DHA<\/p>\n","protected":false},"excerpt":{"rendered":"<p>\u00c7ekimleri Rize&#8217;de ger\u00e7ekle\u015ftirilen ve bir s\u00fcre \u00f6nce final yapan &#8216;G\u00f6zleri Karadeniz&#8217; adl\u0131 dizinin set \u00e7al\u0131\u015fanlar\u0131 aras\u0131nda otelde \u00e7\u0131kan kavgada a\u011f\u0131r yaralanan Ahmet Emin Yavuk, tedavi g\u00f6rd\u00fc\u011f\u00fc hastanede hayat\u0131n\u0131 kaybetti. Kavgaya ili\u015fkin g\u00f6zalt\u0131na al\u0131nan 3 ki\u015fiden 1&#8217;i tutukland\u0131, 1 ki\u015finin ise arand\u0131\u011f\u0131 bildirildi. \u00c7ekimleri Rize&#8217;de ger\u00e7ekle\u015ftirilen ve bir s\u00fcre \u00f6nce final yapan &#8216;G\u00f6zleri Karadeniz&#8217; adl\u0131 dizinin [&hellip;]<\/p>\n","protected":false},"author":1,"featured_media":8142,"comment_status":"open","ping_status":"open","sticky":false,"template":"","format":"standard","meta":{"footnotes":""},"categories":[1],"tags":[3100,3101,535],"class_list":["post-8139","post","type-post","status-publish","format-standard","has-post-thumbnail","hentry","category-gundem","tag-ahmet-emin-yavuk","tag-gozleri-karadeniz","tag-rize"],"_links":{"self":[{"href":"https:\/\/www.trabzonmanset.com\/index.php\/wp-json\/wp\/v2\/posts\/8139","targetHints":{"allow":["GET"]}}],"collection":[{"href":"https:\/\/www.trabzonmanset.com\/index.php\/wp-json\/wp\/v2\/posts"}],"about":[{"href":"https:\/\/www.trabzonmanset.com\/index.php\/wp-json\/wp\/v2\/types\/post"}],"author":[{"embeddable":true,"href":"https:\/\/www.trabzonmanset.com\/index.php\/wp-json\/wp\/v2\/users\/1"}],"replies":[{"embeddable":true,"href":"https:\/\/www.trabzonmanset.com\/index.php\/wp-json\/wp\/v2\/comments?post=8139"}],"version-history":[{"count":1,"href":"https:\/\/www.trabzonmanset.com\/index.php\/wp-json\/wp\/v2\/posts\/8139\/revisions"}],"predecessor-version":[{"id":8143,"href":"https:\/\/www.trabzonmanset.com\/index.php\/wp-json\/wp\/v2\/posts\/8139\/revisions\/8143"}],"wp:featuredmedia":[{"embeddable":true,"href":"https:\/\/www.trabzonmanset.com\/index.php\/wp-json\/wp\/v2\/media\/8142"}],"wp:attachment":[{"href":"https:\/\/www.trabzonmanset.com\/index.php\/wp-json\/wp\/v2\/media?parent=8139"}],"wp:term":[{"taxonomy":"category","embeddable":true,"href":"https:\/\/www.trabzonmanset.com\/index.php\/wp-json\/wp\/v2\/categories?post=8139"},{"taxonomy":"post_tag","embeddable":true,"href":"https:\/\/www.trabzonmanset.com\/index.php\/wp-json\/wp\/v2\/tags?post=8139"}],"curies":[{"name":"wp","href":"https:\/\/api.w.org\/{rel}","templated":true}]}}