{"id":8075,"date":"2025-12-25T19:10:00","date_gmt":"2025-12-25T16:10:00","guid":{"rendered":"https:\/\/www.trabzonmanset.com\/?p=8075"},"modified":"2025-12-25T20:37:28","modified_gmt":"2025-12-25T17:37:28","slug":"yurt-genelinde-sicakliklar-4-ila-10-derece-dusecek","status":"publish","type":"post","link":"https:\/\/www.trabzonmanset.com\/index.php\/2025\/12\/25\/yurt-genelinde-sicakliklar-4-ila-10-derece-dusecek\/","title":{"rendered":"Yurt genelinde s\u0131cakl\u0131klar 4 ila 10 derece d\u00fc\u015fecek"},"content":{"rendered":"\n<p>Sibirya kaynakl\u0131 Karadeniz \u00fczerinden gelen so\u011fuk hava dalgas\u0131, yurtta s\u0131cakl\u0131klar\u0131\u200b\u200b\u200b\u200b\u200b\u200b\u200b 4 ila 10 derece d\u00fc\u015f\u00fcrecek.<\/p>\n\n\n\n<p>\u00c7evre, \u015eehircilik ve \u0130klim De\u011fi\u015fikli\u011fi Bakanl\u0131\u011f\u0131 Meteoroloji Genel M\u00fcd\u00fcrl\u00fc\u011f\u00fc Hava Tahmin Uzman\u0131 Cengiz \u00c7elik, AA muhabirine, hava durumuna ili\u015fkin de\u011ferlendirmede bulundu.<\/p>\n\n\n\n<h3 class=\"wp-block-heading\">\u0130stanbul&#8217;da kar beklenmiyor<\/h3>\n\n\n\n<p>\u0130stanbul&#8217;da kar beklenmedi\u011fini, ya\u011f\u0131\u015flar\u0131n ya\u011fmur \u015feklinde olaca\u011f\u0131n\u0131 belirten \u00c7elik, kente y\u0131lba\u015f\u0131nda da kar ya\u011fmayaca\u011f\u0131n\u0131 s\u00f6yledi.<\/p>\n\n\n\n<p>Ankara&#8217;da yar\u0131n ya\u011fmur, hafta sonu ise yo\u011fun olmasa da kar beklediklerini dile getiren \u00c7elik, kar\u0131n, Ankara&#8217;n\u0131n kuzey il\u00e7elerinde, K\u0131z\u0131lcahamam \u00e7evrelerinde yer yer biraz daha kuvvetli olabilece\u011fine i\u015faret etti.<\/p>\n\n\n\n<figure class=\"wp-block-image size-full\"><img loading=\"lazy\" decoding=\"async\" width=\"864\" height=\"576\" src=\"https:\/\/www.trabzonmanset.com\/wp-content\/uploads\/2025\/12\/2025_9_AA-40075075.jpg?wsr\" alt=\"\" class=\"wp-image-8076\" srcset=\"https:\/\/www.trabzonmanset.com\/wp-content\/uploads\/2025\/12\/2025_9_AA-40075075.jpg 864w, https:\/\/www.trabzonmanset.com\/wp-content\/uploads\/2025\/12\/2025_9_AA-40075075-300x200.jpg 300w, https:\/\/www.trabzonmanset.com\/wp-content\/uploads\/2025\/12\/2025_9_AA-40075075-768x512.jpg 768w\" sizes=\"auto, (max-width: 864px) 100vw, 864px\" \/><\/figure>\n\n\n\n<p>\u00c7elik, \u0130zmir&#8217;de ise yar\u0131ndan itibaren 3-4 g\u00fcn boyunca ya\u011f\u0131\u015f beklenmedi\u011fini, par\u00e7al\u0131 \u00e7ok bulutlu bir havan\u0131n hakim olaca\u011f\u0131n\u0131 kaydetti.<\/p>\n\n\n\n<p>Yurdun yar\u0131ndan itibaren Sibirya kaynakl\u0131, Karadeniz \u00fczerinden gelen so\u011fuk ve ya\u011f\u0131\u015fl\u0131 sistemin etkisi alt\u0131na girece\u011fini belirten \u00c7elik, s\u0131cakl\u0131klar\u0131n kademeli olarak 4 ila 10 derece d\u00fc\u015fece\u011fini ifade etti.<\/p>\n\n\n\n<p>\u00c7elik, so\u011fuk hava sisteminin Karadeniz B\u00f6lgesi, \u0130\u00e7 Anadolu&#8217;nun do\u011fusu ve Do\u011fu Anadolu&#8217;da yer yer yo\u011fun olmak \u00fczere kara sebep olaca\u011f\u0131n\u0131 s\u00f6yledi.<\/p>\n\n\n\n<p>Kaynak: AA<\/p>\n","protected":false},"excerpt":{"rendered":"<p>Sibirya kaynakl\u0131 Karadeniz \u00fczerinden gelen so\u011fuk hava dalgas\u0131, yurtta s\u0131cakl\u0131klar\u0131\u200b\u200b\u200b\u200b\u200b\u200b\u200b 4 ila 10 derece d\u00fc\u015f\u00fcrecek. \u00c7evre, \u015eehircilik ve \u0130klim De\u011fi\u015fikli\u011fi Bakanl\u0131\u011f\u0131 Meteoroloji Genel M\u00fcd\u00fcrl\u00fc\u011f\u00fc Hava Tahmin Uzman\u0131 Cengiz \u00c7elik, AA muhabirine, hava durumuna ili\u015fkin de\u011ferlendirmede bulundu. \u0130stanbul&#8217;da kar beklenmiyor \u0130stanbul&#8217;da kar beklenmedi\u011fini, ya\u011f\u0131\u015flar\u0131n ya\u011fmur \u015feklinde olaca\u011f\u0131n\u0131 belirten \u00c7elik, kente y\u0131lba\u015f\u0131nda da kar ya\u011fmayaca\u011f\u0131n\u0131 s\u00f6yledi. Ankara&#8217;da [&hellip;]<\/p>\n","protected":false},"author":1,"featured_media":8077,"comment_status":"open","ping_status":"open","sticky":false,"template":"","format":"standard","meta":{"footnotes":""},"categories":[1,1349],"tags":[3065,623,2917],"class_list":["post-8075","post","type-post","status-publish","format-standard","has-post-thumbnail","hentry","category-gundem","category-yasam","tag-cengiz-celik","tag-hava-durumu","tag-soguk-hava-dalgasi"],"_links":{"self":[{"href":"https:\/\/www.trabzonmanset.com\/index.php\/wp-json\/wp\/v2\/posts\/8075","targetHints":{"allow":["GET"]}}],"collection":[{"href":"https:\/\/www.trabzonmanset.com\/index.php\/wp-json\/wp\/v2\/posts"}],"about":[{"href":"https:\/\/www.trabzonmanset.com\/index.php\/wp-json\/wp\/v2\/types\/post"}],"author":[{"embeddable":true,"href":"https:\/\/www.trabzonmanset.com\/index.php\/wp-json\/wp\/v2\/users\/1"}],"replies":[{"embeddable":true,"href":"https:\/\/www.trabzonmanset.com\/index.php\/wp-json\/wp\/v2\/comments?post=8075"}],"version-history":[{"count":1,"href":"https:\/\/www.trabzonmanset.com\/index.php\/wp-json\/wp\/v2\/posts\/8075\/revisions"}],"predecessor-version":[{"id":8078,"href":"https:\/\/www.trabzonmanset.com\/index.php\/wp-json\/wp\/v2\/posts\/8075\/revisions\/8078"}],"wp:featuredmedia":[{"embeddable":true,"href":"https:\/\/www.trabzonmanset.com\/index.php\/wp-json\/wp\/v2\/media\/8077"}],"wp:attachment":[{"href":"https:\/\/www.trabzonmanset.com\/index.php\/wp-json\/wp\/v2\/media?parent=8075"}],"wp:term":[{"taxonomy":"category","embeddable":true,"href":"https:\/\/www.trabzonmanset.com\/index.php\/wp-json\/wp\/v2\/categories?post=8075"},{"taxonomy":"post_tag","embeddable":true,"href":"https:\/\/www.trabzonmanset.com\/index.php\/wp-json\/wp\/v2\/tags?post=8075"}],"curies":[{"name":"wp","href":"https:\/\/api.w.org\/{rel}","templated":true}]}}