{"id":8005,"date":"2025-12-23T19:20:00","date_gmt":"2025-12-23T16:20:00","guid":{"rendered":"https:\/\/www.trabzonmanset.com\/?p=8005"},"modified":"2025-12-23T19:59:43","modified_gmt":"2025-12-23T16:59:43","slug":"cumhurbaskani-erdogan-uretmeye-gelistirmeye-yeni-buluslara-imza-atmaya-devam-edecegiz","status":"publish","type":"post","link":"https:\/\/www.trabzonmanset.com\/index.php\/2025\/12\/23\/cumhurbaskani-erdogan-uretmeye-gelistirmeye-yeni-buluslara-imza-atmaya-devam-edecegiz\/","title":{"rendered":"Cumhurba\u015fkan\u0131 Erdo\u011fan: \u00dcretmeye, geli\u015ftirmeye, yeni bulu\u015flara imza atmaya devam edece\u011fiz"},"content":{"rendered":"\n<p>Cumhurba\u015fkan\u0131 Recep Tayyip Erdo\u011fan, &#8220;&#8216;Bal\u0131klar \u00fcrk\u00fcyor&#8217; tarz\u0131 abs\u00fcrt arg\u00fcmanlarla \u00f6n\u00fcm\u00fcz\u00fc kesmek isteyenlere ald\u0131rmadan \u00fcretmeye, geli\u015ftirmeye, yeni bulu\u015flara imza atmaya devam edece\u011fiz.&#8221; dedi.<\/p>\n\n\n\n<p>Cumhurba\u015fkan\u0131 Recep Tayyip Erdo\u011fan, Be\u015ftepe Millet Kongre ve K\u00fclt\u00fcr Merkezi&#8217;nde d\u00fczenlenen &#8220;2025 T\u00dcBA ve T\u00dcB\u0130TAK Bilim \u00d6d\u00fclleri T\u00f6reni&#8221;nde yapt\u0131\u011f\u0131 konu\u015fmada, ba\u015far\u0131lar\u0131yla temay\u00fcz etmi\u015f ilim erbab\u0131na \u00f6d\u00fcllerini takdim edecekleri k\u0131ymetli program\u0131n, \u00fclke, millet ve bilim camias\u0131 i\u00e7in hay\u0131rlara vesile olmas\u0131n\u0131 temenni etti.<\/p>\n\n\n\n<p>Cumhurba\u015fkan\u0131 Erdo\u011fan, 11 Haziran&#8217;da ebediyete u\u011furlad\u0131klar\u0131 Prof. Dr. Gazi Ya\u015fargil&#8217;i ve T\u00fcrkiye Bilimler Akademisi&#8217;ne emek vermi\u015f fakat bug\u00fcn aralar\u0131nda olmayan t\u00fcm bilim insanlar\u0131n\u0131 rahmetle yad etti.<\/p>\n\n\n\n<p>Aday g\u00f6sterilen \u00e7al\u0131\u015fmalar\u0131n incelenmesi, de\u011ferlendirilmesi ve \u00f6d\u00fcl sahiplerinin belirlenmesinde yo\u011fun emek harcayan hakemlere, komitelere ve akademi konseyine te\u015fekk\u00fcr eden Erdo\u011fan, T\u00dcBA \u00d6d\u00fclleri kapsam\u0131nda bu sene, birbirinden k\u0131ymetli 38 bilim insan\u0131na \u00f6d\u00fcl ve beratlar\u0131n\u0131 tevcih edeceklerini s\u00f6yledi.<\/p>\n\n\n\n<p>T\u00dcB\u0130TAK Bilim ve Te\u015fvik \u00d6d\u00fclleri&#8217;ni ise 8 farkl\u0131 \u00fcniversiteden 11 hocaya takdim ettiklerini an\u0131msatan Erdo\u011fan, s\u00f6zlerini \u015f\u00f6yle s\u00fcrd\u00fcrd\u00fc:<\/p>\n\n\n\n<p>&#8220;Elektro-kimyadan kat\u0131 cisimler mekani\u011fine, deneysel psikolojiden RNA biyolojisine, di\u015f hekimli\u011finden n\u00f6roloji, tarih ve felsefeye, \u00e7ok geni\u015f bir yelpazede eser veren hocalar\u0131m\u0131z\u0131 ba\u015far\u0131lar\u0131ndan \u00f6t\u00fcr\u00fc tebrik ediyorum. Uluslararas\u0131 Akademi \u00d6d\u00fcllerimizi, Sa\u011fl\u0131k ve Ya\u015fam Bilimleri kategorisinde iki \u00f6nemli isme veriyoruz. \u00dcst\u00fcn Ba\u015far\u0131l\u0131 Gen\u00e7 Bilim \u0130nsan\u0131 \u00d6d\u00fcllerimizi, Eczac\u0131l\u0131k \u00d6zel \u00d6d\u00fcl\u00fc de dahil olmak \u00fczere, 28 gen\u00e7 akademisyenimize takdim ediyoruz. 4&#8217;\u00fc telif eser, 3\u2019\u00fc j\u00fcri \u00f6zel \u00f6d\u00fcl\u00fc, 1&#8217;i Halil \u0130nalc\u0131k \u00d6zel \u00d6d\u00fcl\u00fc olmak \u00fczere, 8 hocam\u0131z\u0131 da Bilimsel Telif Eser \u00d6d\u00fcl\u00fc ile bulu\u015fturuyoruz. B\u00f6ylece, bug\u00fcne kadar T\u00dcBA-GEB\u0130P \u00f6d\u00fcl\u00fc kazanan bilim insanlar\u0131m\u0131z\u0131n say\u0131s\u0131 697&#8217;ye, TESEP kapsam\u0131nda \u00f6d\u00fcllendirilen eser say\u0131s\u0131 da 254&#8217;e y\u00fckselmi\u015f oluyor. \u015eunu da belirtmek isterim. \u00d6d\u00fcl alan hocalar\u0131m\u0131z\u0131n g\u00f6rev yapt\u0131klar\u0131 y\u00fcksek\u00f6\u011fretim kurumlar\u0131na bakt\u0131\u011f\u0131m\u0131zda, hemen her b\u00f6lgemizin listede yer ald\u0131\u011f\u0131n\u0131 g\u00f6r\u00fcyoruz. Karadeniz&#8217;den Marmara&#8217;ya, Ege&#8217;den Do\u011fu Anadolu ve \u0130\u00e7 Anadolu&#8217;ya&#8230; Bu tablo, farkl\u0131 \u015fehirlerimizdeki \u00fcniversitelerin bilim havuzuna yeni ve yenilik\u00e7i katk\u0131lar yapt\u0131klar\u0131n\u0131n a\u00e7\u0131k bir g\u00f6stergesidir.<\/p>\n\n\n\n<p>Bundan da b\u00fcy\u00fck memnuniyet duydu\u011fumu \u00f6zellikle ifade etmek istiyorum. \u00d6d\u00fcle lay\u0131k g\u00f6r\u00fclen t\u00fcm bilim insanlar\u0131m\u0131z\u0131 \u015fahs\u0131m ve milletim ad\u0131na can\u0131g\u00f6n\u00fclden tebrik ediyor, her bir hocam\u0131za gelecekteki \u00e7al\u0131\u015fmalar\u0131nda Rabb&#8217;imden muvaffakiyetler niyaz ediyorum. Bilim d\u00fcnyam\u0131za kazand\u0131rd\u0131klar\u0131 bu eserlerin, \u00e7ok daha \u00f6zg\u00fcn ve nitelikli \u00e7al\u0131\u015fmalar\u0131n da \u00f6n\u00fcn\u00fc a\u00e7mas\u0131n\u0131 temenni ediyorum.&#8221;<\/p>\n\n\n\n<h3 class=\"wp-block-heading\">&#8220;Bilimin en temel \u00f6zelli\u011fi, birikim ve evrenselli\u011fe dayal\u0131 olmas\u0131d\u0131r&#8221;<\/h3>\n\n\n\n<p>Erdo\u011fan, insan\u0131n, f\u0131trat\u0131 icab\u0131 soran ve sorgulayan bir varl\u0131k oldu\u011funu, bilmek, anlamak, b\u00fcy\u00fcklerin ifadesiyle fehmetmek istedi\u011fini bildirdi.<\/p>\n\n\n\n<p>Do\u011fan\u0131n, tarihin, e\u015fyan\u0131n, kainat\u0131n, k\u0131sacas\u0131 eskilerin &#8216;tekevv\u00fcnat&#8217; dedi\u011fi olu\u015flar\u0131n anlam\u0131n\u0131 kavraman\u0131n, esbab-\u0131 mucibelerin pe\u015fine d\u00fc\u015fmenin, insan olman\u0131n ay\u0131r\u0131c\u0131 vasf\u0131 oldu\u011funu vurgulayan Erdo\u011fan, \u015fu de\u011ferlendirmelerde bulundu:<\/p>\n\n\n\n<p>&#8220;Bilimin en temel \u00f6zelli\u011fi ise birikim ve evrenselli\u011fe dayal\u0131 olmas\u0131d\u0131r. D\u00fcnyan\u0131n farkl\u0131 yerlerinde \u00fcretilen bilimsel bilgi, hem mukayeseli hem de etkile\u015fimli bir \u015fekilde s\u00fcrekli geli\u015fir ve g\u00fcncellenir. Astronomiden t\u0131bba, matematikten mimariye, d\u00fcnyaya say\u0131s\u0131z de\u011ferler kazand\u0131rm\u0131\u015f bir medeniyetin devam\u0131 ve mensubu olarak bu alanda hamdolsun, \u00f6nde gelen \u00fclkeler aras\u0131nday\u0131z. Mesela astronomiye ili\u015fkin \u00e7al\u0131\u015fmalar; kendi zaman\u0131n\u0131n \u00e7ok \u00f6tesinde bir tasar\u0131m ve i\u015fleve sahip olan usturlaplarla, takvimlerle, su saatleri ve daha pek \u00e7ok ara\u00e7la, bizde bin y\u0131l \u00f6ncesine uzanmaktad\u0131r. Bat\u0131&#8217;da kurulan ilk \u00fcniversiteler, bizim e\u011fitim metotlar\u0131m\u0131z\u0131n ve m\u00fcfredat\u0131m\u0131z\u0131n \u00f6rnek al\u0131nmas\u0131 suretiyle faaliyetlerine ba\u015flam\u0131\u015ft\u0131r. As\u0131rlar boyunca ilim erbab\u0131m\u0131z, k\u00fclt\u00fcr ve sanat erbab\u0131m\u0131z, gerek bu topraklara, gerek Bat\u0131&#8217;ya, gerekse t\u00fcm insanl\u0131\u011fa \u00e7ok de\u011ferli eserler hediye etmi\u015ftir. Hekimlerimiz, alimlerimiz, m\u00fctefekkirlerimiz, mimarlar\u0131m\u0131z, \u015fairlerimiz, h\u00fclasa zihin ve g\u00f6n\u00fcl d\u00fcnyam\u0131z\u0131 yo\u011furan y\u00fczlerce, binlerce mahir el, bug\u00fcnk\u00fc medeniyetin temellerini atm\u0131\u015ft\u0131r.&#8221;<\/p>\n\n\n\n<h3 class=\"wp-block-heading\">&#8220;Ecdad\u0131m\u0131zla iftihar edece\u011fiz ama ge\u00e7mi\u015fe de tak\u0131l\u0131p kalmayaca\u011f\u0131z&#8221;<\/h3>\n\n\n\n<p>Cumhurba\u015fkan\u0131 Erdo\u011fan, tarihte iz b\u0131rakan medeniyetlerin insanl\u0131\u011fa y\u00f6n veren \u015fahsiyetler \u00fczerine in\u015fa edildi\u011fini dile getirdi.<\/p>\n\n\n\n<p>Anadolu co\u011frafyas\u0131n\u0131n, b\u00fcy\u00fck \u015fahsiyetlerin adeta yeti\u015fme ve olgunla\u015fma merkezi oldu\u011funu belirten Erdo\u011fan, konu\u015fmas\u0131na \u015f\u00f6yle devam etti:<\/p>\n\n\n\n<p>&#8220;Bu hakikati, merhum Nurettin Top\u00e7u \u00dcstad\u0131m\u0131z, &#8216;B\u00fcy\u00fck mezarlar\u0131n \u00fcst\u00fcnde, b\u00fcy\u00fck vatanlar vard\u0131r. B\u00fcy\u00fck \u00f6l\u00fcleri olmayan milletler, ebedi olamazlar. B\u00fcy\u00fck ruhu vatan topra\u011f\u0131na kar\u0131\u015ft\u0131ranlar; milletleri ebedi yapan mezarlarda ebediyetle kucak kuca\u011fa yatanlar; peygamberler, veliler, filozoflar ve sanatkarlard\u0131r. Anadolu topra\u011f\u0131n\u0131n alt\u0131nda, bize bin y\u0131ll\u0131k maziden emanet olan b\u00fcy\u00fck mezarlar, ebedi ruhlar\u0131n\u0131 bizim varl\u0131\u011f\u0131m\u0131za kar\u0131\u015ft\u0131rd\u0131k\u00e7a, ruhlar\u0131m\u0131za d\u00fc\u015fman olan sefillerin zehirli tesirleri bizi imha edemez&#8217; diyerek ifade ediyor. Evet\u2026 Biz, yaln\u0131zca hayatta olan ilim ve g\u00f6n\u00fcl erbab\u0131m\u0131zla de\u011fil, topra\u011f\u0131n alt\u0131ndaki m\u00fcnevverlerimizle de ya\u015fayan bir milletiz. Eserlerimizle, fikirlerimizle, bu topraklarda yeti\u015fen alimlerimizle bilime ve insanl\u0131\u011fa ge\u00e7mi\u015fte \u00e7ok \u00f6nemli katk\u0131lar yapt\u0131k. Elbette bunu s\u00f6ylerken, ge\u00e7mi\u015fin par\u0131lt\u0131l\u0131 g\u00fcnleriyle kendimizi avutal\u0131m demiyorum. Ecdad\u0131m\u0131zla daima iftihar edece\u011fiz ama ge\u00e7mi\u015fe de tak\u0131l\u0131p kalmayaca\u011f\u0131z. Me\u015fhur ifadeyle &#8216;Gelene\u011fin k\u00fcllerle oyalanmak de\u011fil, ate\u015fi gelece\u011fe ta\u015f\u0131mak&#8217; oldu\u011funu unutmayaca\u011f\u0131z.&#8221;<\/p>\n\n\n\n<p>Erdo\u011fan, maziden ald\u0131klar\u0131 birikimi, heybeyi daha da doldurarak, b\u00fcy\u00fcterek, yenileyerek, g\u00fc\u00e7lendirerek ve elbette zenginle\u015ftirerek atiye ta\u015f\u0131yacaklar\u0131n\u0131 ifade etti.<\/p>\n\n\n\n<p>\u0130nsanl\u0131\u011f\u0131n istifadesine sunulmu\u015f bilgiye s\u0131rtlar\u0131n\u0131 d\u00f6nmeyeceklerine, kendi kavramlar\u0131n\u0131 \u00fcretip kendi l\u00fcgatleriyle d\u00fc\u015f\u00fcneceklerine dikkati \u00e7eken Erdo\u011fan, &#8220;Bilgiye giden yollar\u0131 yaln\u0131zca akl\u0131m\u0131zla de\u011fil sezgimizle, kalbimizle, vicdan ve merhametimizle in\u015fa edece\u011fiz. Aksi takdirde bilime, patenti bize ait, yani, orijinal katk\u0131lar yapamay\u0131z. Hem bilimdeki g\u00fcncel geli\u015fmeleri anbean takip etmek, bunlar\u0131 \u00f6z\u00fcmsemek ve i\u00e7selle\u015ftirmek, hem de milli kimli\u011fimize m\u00fcnhas\u0131r fikir ve eserlerle gelece\u011fimizi in\u015fa etmek zorunday\u0131z. Bizim temel prensibimiz, i\u015fte budur. \u00c7al\u0131\u015fmalar\u0131m\u0131z\u0131 da bu anlay\u0131\u015fla devam ettiriyoruz. \u0130n\u015fallah sonraki ku\u015faklar da sizlerden ve kendi tarihlerinden tevar\u00fcs ettikleri bu zengin miras\u0131 daha da geli\u015ftirecek, insanl\u0131\u011fa y\u00f6n veren fikir ve eserler kazand\u0131racakt\u0131r.&#8221; diye konu\u015ftu.<\/p>\n\n\n\n<p>Erdo\u011fan, nas\u0131l &#8220;bal bal&#8221; demekle a\u011f\u0131z tatlanmazsa, destek ve himaye olmadan da ilim, k\u00fclt\u00fcr ve sanat\u0131n geli\u015fmeyece\u011fini s\u00f6yledi.<\/p>\n\n\n\n<p>Bilim ve teknoloji alan\u0131ndaki \u00e7al\u0131\u015fmalarda da bu durumun ge\u00e7erli oldu\u011funu ifade eden Erdo\u011fan, h\u00fck\u00fcmet olarak bilimsel faaliyetleri, ara\u015ft\u0131rma geli\u015ftirme a\u015famas\u0131ndan sahadaki somut \u00e7\u0131kt\u0131lar\u0131na kadar her alanda desteklediklerini dile getirdi.<\/p>\n\n\n\n<p>\u00d6zellikle gen\u00e7lerin bilimsel \u00fcretim yapmaya te\u015fvik edildi\u011fini, geli\u015ftirdikleri projelere \u00f6nemli destekler sunuldu\u011funu s\u00f6yleyen Erdo\u011fan, sadece T\u00dcB\u0130TAK b\u00fcnyesindeki akademik AR-GE destek programlar\u0131yla son 23 y\u0131lda 36 bini a\u015fk\u0131n projeye 153 milyar lira kaynak tahsis ettiklerini bildirdi.<\/p>\n\n\n\n<p>Ayn\u0131 d\u00f6nemde 415 bin 119 bilim insan\u0131na 46,5 milyar lira destek sa\u011fland\u0131\u011f\u0131n\u0131 aktaran Erdo\u011fan, \u00f6zel sekt\u00f6rde de 28 bin 493 projeyi 134 milyar liral\u0131k g\u00fc\u00e7l\u00fc bir kaynakla desteklediklerini kaydetti.<\/p>\n\n\n\n<p>Erdo\u011fan, bilim k\u00fclt\u00fcr\u00fcn\u00fc \u00fclkenin her k\u00f6\u015fesine yaymak amac\u0131yla 2007&#8217;den bu yana 53 bin 394 projeye 8,22 milyar liral\u0131k destek verdiklerini belirterek, &#8220;Teknoparklar\u0131m\u0131z\u0131n say\u0131s\u0131n\u0131 2&#8217;den 113&#8217;e, ilk kez bizim hayata ge\u00e7irdi\u011fimiz AR-GE merkezlerinin say\u0131s\u0131n\u0131 s\u0131f\u0131rdan 360&#8217;a, teknopark\u0131 olan illerimizin say\u0131s\u0131n\u0131 2&#8217;den 64&#8217;e y\u00fckselttik.&#8221; a\u00e7\u0131klamas\u0131nda bulundu.<\/p>\n\n\n\n<p>Cumhurba\u015fkan\u0131 Erdo\u011fan, Milli Uzay Program\u0131&#8217;yla, Ulusal ve Uluslararas\u0131 Lider Ara\u015ft\u0131rmac\u0131lar Program\u0131&#8217;yla farkl\u0131 d\u00fczeylerdeki burs, staj, e\u011fitim ve at\u00f6lye programlar\u0131nda \u00f6\u011frenen, \u00f6\u011freten, \u00fcreten ve \u00fclkeye katk\u0131 vermek isteyen t\u00fcm gen\u00e7lerin yan\u0131nda olduklar\u0131n\u0131 s\u00f6yledi.<\/p>\n\n\n\n<p>Milli Teknoloji Hamlesi&#8217;yle b\u00fcy\u00fck bir ivme yakalad\u0131klar\u0131n\u0131 hat\u0131rlatan Erdo\u011fan, ge\u00e7en eyl\u00fcl ay\u0131nda 13&#8217;\u00fcnc\u00fcs\u00fc d\u00fczenlenen TEKNOFEST ile milyonlarca genci bilimle, teknolojiyle, inovasyonla bulu\u015fturduklar\u0131n\u0131 kaydetti.<\/p>\n\n\n\n<p>Cumhurba\u015fkan\u0131 Erdo\u011fan, T\u00fcrkiye&#8217;nin 81 ilini \u00fcniversitelerin yan\u0131 s\u0131ra k\u00fct\u00fcphanelerle, bilim, e\u011fitim ve gen\u00e7lik merkezleriyle donatt\u0131klar\u0131n\u0131, 7 y\u0131l i\u00e7inde k\u00fct\u00fcphane kullan\u0131m alan\u0131n\u0131 325 bin metrekareden 800 bin metrekareye \u00e7\u0131kard\u0131klar\u0131n\u0131 belirterek, &#8220;Yeni a\u00e7\u0131lacaklarla birlikte 2026&#8217;da k\u00fct\u00fcphane kullan\u0131m alan\u0131m\u0131z\u0131 1 milyon metrekarenin, oturma kapasitemizi ise 200 bin ki\u015finin \u00fczerine ta\u015f\u0131may\u0131 hedefliyoruz. 300 milyon elektronik kayna\u011f\u0131n yan\u0131 s\u0131ra 141 milyon 700 bin kaynak ile d\u00fcnyan\u0131n 3&#8217;\u00fcnc\u00fc b\u00fcy\u00fck k\u00fct\u00fcphanesi olan Cumhurba\u015fkanl\u0131\u011f\u0131 Millet K\u00fct\u00fcphanesi&#8217;ni \u00f6\u011frenci ve akademisyenlerimizin istifadesine sunduk.&#8221; diye konu\u015ftu.<\/p>\n\n\n\n<h3 class=\"wp-block-heading\">&#8220;Milletimizin \u00e7al\u0131\u015fkanl\u0131\u011f\u0131na, zekas\u0131na ve ke\u015fif kabiliyetine inan\u0131yoruz&#8221;<\/h3>\n\n\n\n<p>\u0130nsana ve bilgiye yap\u0131lan bu yat\u0131r\u0131mlar\u0131n semeresini geni\u015f bir yelpazede toplamaya ba\u015flad\u0131klar\u0131n\u0131n alt\u0131n\u0131 \u00e7izen Erdo\u011fan, bir d\u00f6nem y\u00fczde 80 oran\u0131nda d\u0131\u015fa ba\u011f\u0131ml\u0131 olunan savunma sanayi alan\u0131nda gelinen noktay\u0131 herkesin bildi\u011fini s\u00f6yledi.<\/p>\n\n\n\n<p>Yapay zekadan otonom sistemlere, veri depolama ve i\u015fleme merkezlerinden insans\u0131z teknolojilere pek \u00e7ok \u00fclkenin imrenerek bakt\u0131\u011f\u0131 \u00e7al\u0131\u015fmalara imza att\u0131klar\u0131n\u0131 anlatan Erdo\u011fan, \u015f\u00f6yle devam etti:<\/p>\n\n\n\n<p>&#8220;K\u0131sa s\u00fcre \u00f6nce T\u00fcrkiye&#8217;de ilk kez hiper \u00f6l\u00e7ekli bir bulut b\u00f6lgesinin kurulmas\u0131na y\u00f6nelik stratejik bir mutabakat imzaland\u0131. 2028-29 y\u0131llar\u0131nda faaliyete ge\u00e7mesi planlanan bu projeyle T\u00fcrkiye, Avrupa, Asya ve Orta Do\u011fu aras\u0131nda dijital bir k\u00f6pr\u00fc kuracak. \u00dclkemiz b\u00f6lgesinin veri \u00fcss\u00fc konumuna gelecektir.<\/p>\n\n\n\n<p>Daha burada sayamayaca\u011f\u0131m pek \u00e7ok sahada emin ad\u0131mlarla hedeflerimize y\u00fcr\u00fcyoruz. D\u00fcnyan\u0131n en iyileri aras\u0131nda yer alaca\u011f\u0131m\u0131z bir lige y\u00fckseliyoruz. B\u00fct\u00fcn bunlar\u0131 \u00f6n\u00fcm\u00fcze \u00e7\u0131kart\u0131lan \u00e7e\u015fitli engellere ra\u011fmen, Sinop&#8217;taki f\u00fcze denemelerimize &#8216;bal\u0131klar tedirgin oluyor&#8217; diyerek kar\u015f\u0131 \u00e7\u0131kan muhalefetin s\u0131\u011fl\u0131\u011f\u0131na ra\u011fmen ba\u015far\u0131yoruz. \u00c7\u00fcnk\u00fc biz muhalefet halen bir t\u00fcrl\u00fc anlayamasa da milletimizin bilgisine, birikimine, \u00e7al\u0131\u015fkanl\u0131\u011f\u0131na, zekas\u0131na ve ke\u015fif kabiliyetine inan\u0131yoruz. Biz i\u015fte bu salonda bulunan bilim insanlar\u0131m\u0131z\u0131n zorluklar\u0131 a\u015fma iradesine, T\u00fcrkiye&#8217;ye hizmet etme \u015fevkine sonuna kadar g\u00fcveniyoruz.&#8221;<\/p>\n\n\n\n<h3 class=\"wp-block-heading\">&#8220;Zengin birikimle bilgi ve bilim \u00fcretme noktas\u0131nda yeni bir yola girmi\u015f bulunuyoruz&#8221;<\/h3>\n\n\n\n<p>Son 23 y\u0131lda elde edilen kazan\u0131mlar\u0131n gelecek ad\u0131na \u00fcmit ve heyecan verdi\u011fini, daha b\u00fcy\u00fck hedeflere ko\u015fmak i\u00e7in y\u00fcreklendirdi\u011fini dile getiren Erdo\u011fan, \u015f\u00f6yle konu\u015ftu:<\/p>\n\n\n\n<p>&#8220;&#8216;Bal\u0131klar \u00fcrk\u00fcyor&#8217; tarz\u0131 abs\u00fcrt arg\u00fcmanlarla \u00f6n\u00fcm\u00fcz\u00fc kesmek isteyenlere ald\u0131rmadan \u00fcretmeye, geli\u015ftirmeye, yeni bulu\u015flara imza atmaya in\u015fallah devam edece\u011fiz. \u015eundan bir defa kimsenin \u015f\u00fcphesi olmas\u0131n. \u00dclke ve millet olarak biz evelallah daha fazlas\u0131n\u0131 yapabiliriz. \u0130\u015fte Nobel \u00f6d\u00fcll\u00fc bilim adam\u0131m\u0131z Profes\u00f6r Doktor Aziz Sancar, i\u015fte \u0130slam bilim tarihinde \u00e7\u0131\u011f\u0131r a\u00e7an merhum Profes\u00f6r Doktor Fuat Sezgin. \u0130\u015fte y\u00fczy\u0131l\u0131n en iyi beyin cerrah\u0131 rahmetli Profes\u00f6r Doktor Gazi Ya\u015fargil. \u0130\u015fte d\u00fcnyaca \u00fcnl\u00fc matematik\u00e7imiz merhum Profes\u00f6r Doktor Cahit Arf. \u0130\u015fte \u015eeyh&#8217;\u00fcl M\u00fcverrihin yani tarih\u00e7ilerin piri olarak bilinen merhum Profes\u00f6r Doktor Halil \u0130nalc\u0131k ve daha nicesi \u00f6rnek al\u0131nmas\u0131 gereken birer ba\u015far\u0131 hikayesi olarak sizin, bizim, hepimizin kar\u015f\u0131s\u0131nda duruyor. \u0130n\u015fallah onlar\u0131n gururla ta\u015f\u0131d\u0131\u011f\u0131 bu bayra\u011f\u0131 sizler devralacaks\u0131n\u0131z. \u0130nan\u0131yorum ki bug\u00fcn sizin yapt\u0131\u011f\u0131n\u0131z bilimsel \u00e7al\u0131\u015fmalar da bir kar topu misali b\u00fcy\u00fcyecek, yar\u0131n ba\u015fkalar\u0131na ilham ve cesaret verecek, rehberlik edecek, T\u00fcrkiye&#8217;nin zirveye ula\u015fmas\u0131n\u0131 kolayla\u015ft\u0131racakt\u0131r. Yeter ki siz \u00e7al\u0131\u015f\u0131n, ara\u015ft\u0131r\u0131n, \u015fevkinizi k\u0131rmay\u0131n i\u015ftiyak\u0131n\u0131z\u0131 kaybetmeyin. Gerisi Allah&#8217;\u0131n izniyle gelecektir. Ben bundan asla ku\u015fku duymuyorum.<\/p>\n\n\n\n<p>Semerkant&#8217;tan Kurtuba&#8217;ya, Ba\u011fdat&#8217;tan \u0130stanbul&#8217;a, \u015eam&#8217;dan Kahire&#8217;ye kadar as\u0131rlarca d\u00fcnyan\u0131n en \u00f6nemli bilim, sanat ve k\u00fclt\u00fcr merkezlerine ev sahipli\u011fi yapan medeniyetimizin inki\u015faf\u0131 hi\u00e7 olmad\u0131\u011f\u0131 kadar yak\u0131nd\u0131r. Tarih ve medeniyetimizin tevar\u00fcs etti\u011fimiz zengin birikimle bilgi ve bilim \u00fcretme noktas\u0131nda da yeni bir yola girmi\u015f bulunuyoruz.&#8221;<\/p>\n\n\n\n<p>Bu yolculukta en b\u00fcy\u00fck ihtiyac\u0131n, Bat\u0131 kar\u015f\u0131s\u0131nda kompleksli davranmak olmad\u0131\u011f\u0131na tam tersine tarihten ve ecdattan miras kalan \u00f6z g\u00fcvene s\u0131k\u0131 s\u0131k\u0131ya sar\u0131lmak oldu\u011funa i\u015faret eden Erdo\u011fan, &#8220;Nitekim \u00fcniversitelerimiz ve bilim camiam\u0131z ideolojik dayatmalardan, kerameti kendinden menkul tiplerin bask\u0131s\u0131ndan ve hizip\u00e7ilikten ar\u0131nd\u0131k\u00e7a t\u0131pk\u0131 kendi yata\u011f\u0131nda akan bir nehir gibi kendi mecras\u0131na do\u011fru ak\u0131yor. \u00d6d\u00fcl listemizdeki isimleri bunun bir ispat\u0131 olarak g\u00f6r\u00fcyor sizlerden k\u0131van\u00e7 kayna\u011f\u0131m\u0131z olacak daha nice ba\u015far\u0131lar bekliyorum.&#8221; \u015feklinde konu\u015ftu.<\/p>\n\n\n\n<p>Cumhurba\u015fkan\u0131 Erdo\u011fan, \u00f6d\u00fcl sahiplerini tebrik ederek, muvaffakiyetler diledi.<\/p>\n\n\n\n<h3 class=\"wp-block-heading\">T\u00f6renden notlar<\/h3>\n\n\n\n<p>T\u00f6rende, T\u00dcB\u0130TAK ve T\u00dcBA&#8217;n\u0131n faaliyetlerinin anlat\u0131ld\u0131\u011f\u0131 videolar izletildi.<\/p>\n\n\n\n<p>Cumhurba\u015fkan\u0131 Erdo\u011fan&#8217;a konu\u015fmas\u0131n\u0131n ard\u0131ndan T\u00dcBA Ba\u015fkan\u0131 Prof. Dr. Muzaffer \u015eeker taraf\u0131ndan, T\u00fcrk-\u0130slam Bilim K\u00fclt\u00fcr Miras\u0131 Projesi kapsam\u0131nda 2025 itibar\u0131yla tamamlanan 70 eserin \u00f6zet bilgilerini i\u00e7eren dok\u00fcmanlar ile eserlerin a\u00e7\u0131k kaynak olmak \u00fczere haz\u0131rlanan dijital versiyonlar\u0131ndan olu\u015fan \u00e7al\u0131\u015fma takdim edildi.<\/p>\n\n\n\n<p>Sanayi ve Teknoloji Bakan\u0131 Mehmet Fatih Kac\u0131r ile \u0130stanbul Teknik \u00dcniversitesi (\u0130T\u00dc) Rekt\u00f6r\u00fc Hasan Mandal, \u0130T\u00dc tarihinin de\u011ferli hocalar\u0131n\u0131n ba\u015f\u0131nda gelen Hac\u0131 Haf\u0131z Hoca \u0130shak Efendi&#8217;nin kendi el yaz\u0131s\u0131yla yazd\u0131\u011f\u0131 son kitab\u0131 Kavaid-i Ressamiye&#8217;yi Cumhurba\u015fkan\u0131 Erdo\u011fan&#8217;a sundu.<\/p>\n\n\n\n<p>Erdo\u011fan&#8217;a, Milli Savunma Bakan\u0131 Ya\u015far G\u00fcler ile T\u00dcB\u0130TAK Ba\u015fkan\u0131 Prof. Dr. Orhan Ayd\u0131n, T\u00dcB\u0130TAK Kutup Ara\u015ft\u0131rmalar\u0131 Enstit\u00fcs\u00fc ile Deniz Kuvvetleri Seyir, Hidrografi ve O\u015finografi Dairesi Ba\u015fkanl\u0131\u011f\u0131n\u0131n ortak \u00e7al\u0131\u015fmalar\u0131 sonucunda haz\u0131rlanan ilk T\u00fcrk Antarktika Denizcilik Haritas\u0131&#8217;n\u0131 takdim etti.<\/p>\n\n\n\n<p>Daha sonra 2025 T\u00dcBA ve T\u00dcB\u0130TAK Bilim \u00d6d\u00fclleri&#8217;ne lay\u0131k g\u00f6r\u00fclen bilim insanlar\u0131na \u00f6d\u00fcl ve beratlar\u0131n\u0131 takdim eden Cumhurba\u015fkan\u0131 Erdo\u011fan, aileleriyle sahneye \u00e7\u0131kan \u00e7ocuklara da hediye ve har\u00e7l\u0131k verdi.<\/p>\n\n\n\n<p>Kaynak: AA<\/p>\n","protected":false},"excerpt":{"rendered":"<p>Cumhurba\u015fkan\u0131 Recep Tayyip Erdo\u011fan, &#8220;&#8216;Bal\u0131klar \u00fcrk\u00fcyor&#8217; tarz\u0131 abs\u00fcrt arg\u00fcmanlarla \u00f6n\u00fcm\u00fcz\u00fc kesmek isteyenlere ald\u0131rmadan \u00fcretmeye, geli\u015ftirmeye, yeni bulu\u015flara imza atmaya devam edece\u011fiz.&#8221; dedi. Cumhurba\u015fkan\u0131 Recep Tayyip Erdo\u011fan, Be\u015ftepe Millet Kongre ve K\u00fclt\u00fcr Merkezi&#8217;nde d\u00fczenlenen &#8220;2025 T\u00dcBA ve T\u00dcB\u0130TAK Bilim \u00d6d\u00fclleri T\u00f6reni&#8221;nde yapt\u0131\u011f\u0131 konu\u015fmada, ba\u015far\u0131lar\u0131yla temay\u00fcz etmi\u015f ilim erbab\u0131na \u00f6d\u00fcllerini takdim edecekleri k\u0131ymetli program\u0131n, \u00fclke, millet ve [&hellip;]<\/p>\n","protected":false},"author":1,"featured_media":8006,"comment_status":"open","ping_status":"open","sticky":false,"template":"","format":"standard","meta":{"footnotes":""},"categories":[11],"tags":[3014,846,3017,620,3015,3016],"class_list":["post-8005","post","type-post","status-publish","format-standard","has-post-thumbnail","hentry","category-manset","tag-baliklar-urkuyor","tag-cumhurbaskani-erdogan","tag-prof-dr-gazi-yasargil","tag-recep-tayyip-erdogan","tag-tuba","tag-tubitak"],"_links":{"self":[{"href":"https:\/\/www.trabzonmanset.com\/index.php\/wp-json\/wp\/v2\/posts\/8005","targetHints":{"allow":["GET"]}}],"collection":[{"href":"https:\/\/www.trabzonmanset.com\/index.php\/wp-json\/wp\/v2\/posts"}],"about":[{"href":"https:\/\/www.trabzonmanset.com\/index.php\/wp-json\/wp\/v2\/types\/post"}],"author":[{"embeddable":true,"href":"https:\/\/www.trabzonmanset.com\/index.php\/wp-json\/wp\/v2\/users\/1"}],"replies":[{"embeddable":true,"href":"https:\/\/www.trabzonmanset.com\/index.php\/wp-json\/wp\/v2\/comments?post=8005"}],"version-history":[{"count":1,"href":"https:\/\/www.trabzonmanset.com\/index.php\/wp-json\/wp\/v2\/posts\/8005\/revisions"}],"predecessor-version":[{"id":8007,"href":"https:\/\/www.trabzonmanset.com\/index.php\/wp-json\/wp\/v2\/posts\/8005\/revisions\/8007"}],"wp:featuredmedia":[{"embeddable":true,"href":"https:\/\/www.trabzonmanset.com\/index.php\/wp-json\/wp\/v2\/media\/8006"}],"wp:attachment":[{"href":"https:\/\/www.trabzonmanset.com\/index.php\/wp-json\/wp\/v2\/media?parent=8005"}],"wp:term":[{"taxonomy":"category","embeddable":true,"href":"https:\/\/www.trabzonmanset.com\/index.php\/wp-json\/wp\/v2\/categories?post=8005"},{"taxonomy":"post_tag","embeddable":true,"href":"https:\/\/www.trabzonmanset.com\/index.php\/wp-json\/wp\/v2\/tags?post=8005"}],"curies":[{"name":"wp","href":"https:\/\/api.w.org\/{rel}","templated":true}]}}