{"id":7946,"date":"2025-12-21T22:21:00","date_gmt":"2025-12-21T19:21:00","guid":{"rendered":"https:\/\/www.trabzonmanset.com\/?p=7946"},"modified":"2025-12-21T23:23:23","modified_gmt":"2025-12-21T20:23:23","slug":"cumhurbaskani-yardimcisi-yilmaz-2026da-enflasyonu-yuzde-20nin-altina-indirmeyi-hedefliyoruz","status":"publish","type":"post","link":"https:\/\/www.trabzonmanset.com\/index.php\/2025\/12\/21\/cumhurbaskani-yardimcisi-yilmaz-2026da-enflasyonu-yuzde-20nin-altina-indirmeyi-hedefliyoruz\/","title":{"rendered":"Cumhurba\u015fkan\u0131 Yard\u0131mc\u0131s\u0131 Y\u0131lmaz: 2026&#8217;da enflasyonu y\u00fczde 20&#8217;nin alt\u0131na indirmeyi hedefliyoruz"},"content":{"rendered":"\n<p>Cumhurba\u015fkan\u0131 Yard\u0131mc\u0131s\u0131 Y\u0131lmaz, &#8220;Arz taraf\u0131n\u0131 g\u00fc\u00e7lendiren reform ad\u0131mlar\u0131 ve talep y\u00f6netimindeki kararl\u0131l\u0131\u011f\u0131m\u0131zla 2026 y\u0131l\u0131nda enflasyonu y\u00fczde 20&#8217;nin alt\u0131na indirmeyi, 2027 y\u0131l\u0131nda ise tekrar tek haneli rakamlara ula\u015fmay\u0131 hedefliyoruz.&#8221; dedi.<\/p>\n\n\n\n<p>Cumhurba\u015fkan\u0131 Yard\u0131mc\u0131s\u0131 Cevdet Y\u0131lmaz, 2026 y\u0131l\u0131 b\u00fct\u00e7e g\u00f6r\u00fc\u015fmelerinin son g\u00fcn\u00fcnde TBMM Genel Kurulunda konu\u015ftu.<\/p>\n\n\n\n<p>17 Ekim&#8217;de TBMM&#8217;ye yap\u0131lan sunu\u015fun ard\u0131ndan Genel Kurulda 14 g\u00fcn boyunca yo\u011fun ve titiz mesailerle y\u00fcr\u00fct\u00fclen 2026 Y\u0131l\u0131 B\u00fct\u00e7e Kanunu Teklifi g\u00f6r\u00fc\u015fmelerinde sona gelindi\u011fini belirten Y\u0131lmaz, bu s\u00fcre\u00e7te yo\u011fun mesai harcayan ve katk\u0131 sa\u011flayan herkese te\u015fekk\u00fcr etti.<\/p>\n\n\n\n<p>AK Parti h\u00fck\u00fcmetlerinin 24&#8217;\u00fcnc\u00fc, Cumhurba\u015fkanl\u0131\u011f\u0131 H\u00fck\u00fcmet Sisteminin 8&#8217;inci, T\u00fcrkiye Y\u00fczy\u0131l\u0131&#8217;n\u0131n ise 3&#8217;\u00fcnc\u00fc b\u00fct\u00e7esini Meclis&#8217;in takdirlerine sunduklar\u0131n\u0131 ifade eden Y\u0131lmaz, &#8220;Ekonomik \u00e7er\u00e7evesi sa\u011flam, mali duru\u015fu net 2026 b\u00fct\u00e7emiz, defaatle ifade etti\u011fimiz \u00fczere bir istikrar ve refah b\u00fct\u00e7esidir. Mali disiplinden taviz vermeden olu\u015fturdu\u011fumuz bu b\u00fct\u00e7e, T\u00fcrkiye&#8217;nin istikrar i\u00e7inde b\u00fcy\u00fcme hedefine olan ba\u011fl\u0131l\u0131\u011f\u0131m\u0131z\u0131n ve refah\u0131 tabana yayma s\u00f6z\u00fcm\u00fcz\u00fcn ni\u015fanesidir.&#8221; diye konu\u015ftu.<\/p>\n\n\n\n<p>D\u00fcnyada dijitalle\u015fme odakl\u0131 teknolojik d\u00f6n\u00fc\u015f\u00fcm\u00fcn, artan siyasi anla\u015fmazl\u0131klar\u0131n, \u00e7at\u0131\u015fmalar\u0131n ve ticarete getirilen k\u0131s\u0131tlamalar\u0131n, belirsizli\u011fin hakim oldu\u011fu &#8220;yeni bir normal\u201di ortaya \u00e7\u0131kard\u0131\u011f\u0131n\u0131, d\u00fcnyan\u0131n, salg\u0131n hastal\u0131klar, iklim de\u011fi\u015fikli\u011fi, g\u00f6\u00e7, enerji ve kritik mineraller, demografik d\u00f6n\u00fc\u015f\u00fcm gibi bir\u00e7ok meydan okuma ile kar\u015f\u0131 kar\u015f\u0131ya oldu\u011funu dile getiren Y\u0131lmaz, bu zorlu d\u00f6nemde, \u00f6ng\u00f6r\u00fclebilir ve dengeli politika izleyen \u00fclkelerin, d\u0131\u015f \u015foklara kar\u015f\u0131 daha diren\u00e7li kalaca\u011f\u0131n\u0131, ekonomik dalgalanmalar\u0131n bu denli y\u00fcksek oldu\u011fu bir ortamda b\u00fct\u00e7e disiplini ve sa\u011flam bir mali yap\u0131n\u0131n, ekonomiyi ve sosyal yap\u0131y\u0131 koruyan en \u00f6nemli kalkan haline geldi\u011fini belirtti.<\/p>\n\n\n\n<p>Y\u0131lmaz, mali planlamalar\u0131 yaparken sadece bug\u00fcn\u00fc de\u011fil, gelecekteki riskleri de hesaba katarak, \u00e7ok daha temkinli ve stratejik bir yakla\u015f\u0131m benimsendi\u011fini vurgulad\u0131.<\/p>\n\n\n\n<p>T\u00fcrkiye ekonomisinin, d\u00fcnya genelinde risk ve belirsizliklerin hakim oldu\u011fu 2025 y\u0131l\u0131nda, dengeli ve s\u00fcrd\u00fcr\u00fclebilir bir zeminde istikrar i\u00e7erisinde b\u00fcy\u00fcmeye devam etti\u011fini anlatan Y\u0131lmaz, &#8220;2026 y\u0131l\u0131nda d\u0131\u015f konjonkt\u00fcr\u00fcn b\u00fcy\u00fcme ve enflasyonla m\u00fccadele bak\u0131m\u0131ndan nispi olarak daha olumlu olmas\u0131n\u0131 bekliyoruz.&#8221; dedi.<\/p>\n\n\n\n<h3 class=\"wp-block-heading\">&#8220;Ocak enflasyonu ile oran\u0131n 20&#8217;li rakamlar\u0131 g\u00f6rmesini bekliyoruz&#8221;<\/h3>\n\n\n\n<p>Orta Vadeli Program hedeflerine uyumlu olarak y\u0131l sonunu dezenflasyon s\u00fcrecini destekleyecek \u015fekilde y\u00fczde 3,3 seviyelerinde tamamlamay\u0131 \u00f6ng\u00f6rd\u00fcklerini bildiren Y\u0131lmaz, 2024 y\u0131l\u0131n\u0131n Haziran ay\u0131nda devreye ald\u0131klar\u0131 enflasyonla m\u00fccadele stratejisinin k\u00fcresel konjonkt\u00fcrdeki belirsizliklere ra\u011fmen planl\u0131 bir \u015fekilde ve istikametinde ilerledi\u011fini belirtti.<\/p>\n\n\n\n<p>Cumhurba\u015fkan\u0131 Yard\u0131mc\u0131s\u0131 Cevdet Y\u0131lmaz, \u015f\u00f6yle konu\u015ftu:<\/p>\n\n\n\n<p>&#8220;Uygulanan program\u0131n ba\u015far\u0131s\u0131 Kas\u0131m 2025 verilerine de net bir \u015fekilde yans\u0131m\u0131\u015f durumdad\u0131r. Y\u0131ll\u0131k t\u00fcketici enflasyonunun y\u00fczde 31,1&#8217;e, mal grubu enflasyonunun ise y\u00fczde 18,6&#8217;ya kadar gerilemesi, program\u0131m\u0131z\u0131n meyvelerini vermeye ba\u015flad\u0131\u011f\u0131n\u0131 a\u00e7\u0131k\u00e7a g\u00f6stermektedir. Aral\u0131k ay\u0131nda da bu d\u00fc\u015f\u00fc\u015f trendinin s\u00fcrmesini ve 2025 y\u0131l\u0131n\u0131 y\u00fczde 30&#8217;un biraz \u00fczerinde bir rakamla kapataca\u011f\u0131m\u0131z\u0131 tahmin ediyoruz. Ocak enflasyonu ile enflasyon oran\u0131n\u0131n y\u00fczde 30&#8217;un alt\u0131n\u0131, yani 20&#8217;li rakamlar\u0131 g\u00f6rmesini bekliyoruz.&#8221;<\/p>\n\n\n\n<p>Enflasyona ili\u015fkin Y\u0131lmaz, &#8220;Arz taraf\u0131n\u0131 g\u00fc\u00e7lendiren reform ad\u0131mlar\u0131 ve talep y\u00f6netimindeki kararl\u0131l\u0131\u011f\u0131m\u0131zla 2026 y\u0131l\u0131nda enflasyonu y\u00fczde 20&#8217;nin alt\u0131na indirmeyi, 2027 y\u0131l\u0131nda ise tekrar tek haneli rakamlara ula\u015fmay\u0131 hedefliyoruz. Kararl\u0131 bir \u015fekilde de bu istikamette devam ediyoruz.&#8221; de\u011ferlendirmesinde bulundu.<\/p>\n\n\n\n<h3 class=\"wp-block-heading\">&#8220;G\u00fcven ve huzur ortam\u0131 yat\u0131r\u0131m ve ticareti g\u00fc\u00e7lendirecek&#8221;<\/h3>\n\n\n\n<p>\u0130stikametlerinin daha istikrarl\u0131 bir ekonomi, daha g\u00fc\u00e7l\u00fc makroekonomik temeller ve kapsay\u0131c\u0131 b\u00fcy\u00fcme oldu\u011funu s\u00f6yleyen Y\u0131lmaz, tek haneli enflasyon hedefine var\u0131ncaya dek, yat\u0131r\u0131m, istihdam, \u00fcretim ve ihracat\u0131 destekleyen yap\u0131sal reformlarla, bu m\u00fccadelenin kararl\u0131 bir \u015fekilde s\u00fcrd\u00fcr\u00fclece\u011fini dile getirdi.<\/p>\n\n\n\n<p>Cevdet Y\u0131lmaz, T\u00fcrkiye&#8217;nin 2025 y\u0131l\u0131nda 1,5 trilyon dolar\u0131 a\u015fan bir b\u00fcy\u00fckl\u00fck ile nominal bazda d\u00fcnyan\u0131n 16&#8217;nc\u0131, sat\u0131n alma g\u00fcc\u00fc baz\u0131nda ise d\u00fcnyan\u0131n 11&#8217;inci ekonomisi olaca\u011f\u0131n\u0131 ifade etti.<\/p>\n\n\n\n<p>Orta ve uzun vadeli b\u00fcy\u00fcme perspektifinde T\u00fcrkiye Y\u00fczy\u0131l\u0131 Vizyonu kapsam\u0131nda &#8220;Ter\u00f6rs\u00fcz T\u00fcrkiye&#8221; ve &#8220;Ter\u00f6rs\u00fcz B\u00f6lge&#8221; s\u00fcrecinin de son derece olumlu katk\u0131lar yapaca\u011f\u0131n\u0131 vurgulayan Y\u0131lmaz, \u015funlar\u0131 kaydetti:<\/p>\n\n\n\n<p>&#8220;G\u00fcven ve huzur ortam\u0131, yat\u0131r\u0131m ve ticareti g\u00fc\u00e7lendirecek, ba\u015fta Do\u011fu ve G\u00fcneydo\u011fu illerimiz olmak \u00fczere, \u00fclkemizin genel olarak potansiyeli daha y\u00fcksek oranda harekete ge\u00e7irilmi\u015f olacakt\u0131r. Irak&#8217;tan ge\u00e7ecek olan Kalk\u0131nma Yolu, T\u00fcrk Cumhuriyetleriyle aram\u0131zdaki do\u011frudan ba\u011flant\u0131y\u0131 kuracak Zengezur Koridoru, tarihten bize miras kalan Hicaz Demiryolunun yeniden canland\u0131r\u0131lmas\u0131 gibi stratejik projeler ile b\u00f6lgemizde de refah artacak, istikrar g\u00fc\u00e7lenecektir.&#8221;<\/p>\n\n\n\n<h3 class=\"wp-block-heading\">&#8220;Hi\u00e7bir \u015fekilde bu itham\u0131n\u0131z\u0131 kabul etmiyorum&#8221;<\/h3>\n\n\n\n<p>CHP Grup Ba\u015fkanvekili Murat Emir&#8217;in, b\u00fcy\u00fcme rakamlar\u0131na ili\u015fkin s\u00f6zlerini an\u0131msatan Y\u0131lmaz, &#8220;\u0130statistiklerle yalan s\u00f6yledi\u011fimizi ifade etti. &#8216;Eksik s\u00f6ylenmi\u015f&#8217; diyebilirsiniz, ele\u015ftirebilirsiniz ama bir grup ba\u015fkanvekilinin &#8216;yalan s\u00f6ylediniz&#8217; demesi, size yak\u0131\u015ft\u0131ramad\u0131\u011f\u0131m bir s\u00f6z oldu.&#8221; dedi.<\/p>\n\n\n\n<p>&#8220;Yalan, d\u00fcnyada yapabilece\u011finiz en b\u00fcy\u00fck k\u00f6t\u00fcl\u00fcklerdendir.&#8221; ifadesini kullanan Y\u0131lmaz, &#8220;Hi\u00e7bir \u015fekilde bu itham\u0131n\u0131z\u0131 kabul etmiyorum. Size de ayn\u0131 s\u00f6z\u00fc s\u00f6ylemeyi kendime yak\u0131\u015ft\u0131ram\u0131yorum. Kim haz\u0131rlad\u0131ysa g\u00f6sterdi\u011finiz ka\u011f\u0131tlar\u0131, ekonomist olmad\u0131klar\u0131 \u00e7ok belli.&#8221; de\u011ferlendirmesinde bulundu.<\/p>\n\n\n\n<p>Cumhurba\u015fkan\u0131 Yard\u0131mc\u0131s\u0131 Y\u0131lmaz, &#8220;Merkez Bankam\u0131z\u0131n br\u00fct rezervleri 12 Aral\u0131k itibar\u0131yla 190,8 milyar dolar seviyesine ula\u015ft\u0131. Br\u00fct rezerv ge\u00e7en y\u0131la g\u00f6re 27,3 milyar dolar artt\u0131.&#8221; diye konu\u015ftu.<\/p>\n\n\n\n<p>kaynak: AA<\/p>\n","protected":false},"excerpt":{"rendered":"<p>Cumhurba\u015fkan\u0131 Yard\u0131mc\u0131s\u0131 Y\u0131lmaz, &#8220;Arz taraf\u0131n\u0131 g\u00fc\u00e7lendiren reform ad\u0131mlar\u0131 ve talep y\u00f6netimindeki kararl\u0131l\u0131\u011f\u0131m\u0131zla 2026 y\u0131l\u0131nda enflasyonu y\u00fczde 20&#8217;nin alt\u0131na indirmeyi, 2027 y\u0131l\u0131nda ise tekrar tek haneli rakamlara ula\u015fmay\u0131 hedefliyoruz.&#8221; dedi. Cumhurba\u015fkan\u0131 Yard\u0131mc\u0131s\u0131 Cevdet Y\u0131lmaz, 2026 y\u0131l\u0131 b\u00fct\u00e7e g\u00f6r\u00fc\u015fmelerinin son g\u00fcn\u00fcnde TBMM Genel Kurulunda konu\u015ftu. 17 Ekim&#8217;de TBMM&#8217;ye yap\u0131lan sunu\u015fun ard\u0131ndan Genel Kurulda 14 g\u00fcn boyunca yo\u011fun [&hellip;]<\/p>\n","protected":false},"author":1,"featured_media":7947,"comment_status":"open","ping_status":"open","sticky":false,"template":"","format":"standard","meta":{"footnotes":""},"categories":[11],"tags":[2983,634,2982,975],"class_list":["post-7946","post","type-post","status-publish","format-standard","has-post-thumbnail","hentry","category-manset","tag-2026-yili-butce","tag-cevdet-yilmaz","tag-cumhurbaskani-yardimcisi-yilmaz","tag-tbmm"],"_links":{"self":[{"href":"https:\/\/www.trabzonmanset.com\/index.php\/wp-json\/wp\/v2\/posts\/7946","targetHints":{"allow":["GET"]}}],"collection":[{"href":"https:\/\/www.trabzonmanset.com\/index.php\/wp-json\/wp\/v2\/posts"}],"about":[{"href":"https:\/\/www.trabzonmanset.com\/index.php\/wp-json\/wp\/v2\/types\/post"}],"author":[{"embeddable":true,"href":"https:\/\/www.trabzonmanset.com\/index.php\/wp-json\/wp\/v2\/users\/1"}],"replies":[{"embeddable":true,"href":"https:\/\/www.trabzonmanset.com\/index.php\/wp-json\/wp\/v2\/comments?post=7946"}],"version-history":[{"count":1,"href":"https:\/\/www.trabzonmanset.com\/index.php\/wp-json\/wp\/v2\/posts\/7946\/revisions"}],"predecessor-version":[{"id":7948,"href":"https:\/\/www.trabzonmanset.com\/index.php\/wp-json\/wp\/v2\/posts\/7946\/revisions\/7948"}],"wp:featuredmedia":[{"embeddable":true,"href":"https:\/\/www.trabzonmanset.com\/index.php\/wp-json\/wp\/v2\/media\/7947"}],"wp:attachment":[{"href":"https:\/\/www.trabzonmanset.com\/index.php\/wp-json\/wp\/v2\/media?parent=7946"}],"wp:term":[{"taxonomy":"category","embeddable":true,"href":"https:\/\/www.trabzonmanset.com\/index.php\/wp-json\/wp\/v2\/categories?post=7946"},{"taxonomy":"post_tag","embeddable":true,"href":"https:\/\/www.trabzonmanset.com\/index.php\/wp-json\/wp\/v2\/tags?post=7946"}],"curies":[{"name":"wp","href":"https:\/\/api.w.org\/{rel}","templated":true}]}}