{"id":7888,"date":"2025-12-19T21:31:00","date_gmt":"2025-12-19T18:31:00","guid":{"rendered":"https:\/\/www.trabzonmanset.com\/?p=7888"},"modified":"2025-12-20T00:33:10","modified_gmt":"2025-12-19T21:33:10","slug":"bakan-fidan-buyukelcilerle-bir-araya-geldi","status":"publish","type":"post","link":"https:\/\/www.trabzonmanset.com\/index.php\/2025\/12\/19\/bakan-fidan-buyukelcilerle-bir-araya-geldi\/","title":{"rendered":"Bakan Fidan, b\u00fcy\u00fckel\u00e7ilerle bir araya geldi"},"content":{"rendered":"\n<p>D\u0131\u015fi\u015fleri Bakan\u0131 Hakan Fidan, \u2018Bar\u0131\u015f, \u0130stikrar ve Refah \u00dcreten D\u0131\u015f Politika\u2019 temas\u0131yla 15-19 Aral\u0131k 2025 tarihlerinde d\u00fczenlenen 16\u2019nc\u0131 B\u00fcy\u00fckel\u00e7iler Konferans\u0131 kapsam\u0131nda, d\u00fcnyan\u0131n d\u00f6rt bir yan\u0131nda g\u00f6rev yapan T\u00fcrkiye B\u00fcy\u00fckel\u00e7ileriyle, Ankara\u2019da bir araya geldi\u011fini duyurdu.<\/p>\n\n\n\n<p>D\u0131\u015fi\u015fleri Bakan\u0131 Hakan Fidan sosyal medya hesab\u0131ndan yapt\u0131\u011f\u0131 payla\u015f\u0131mda, \u2018Bar\u0131\u015f, \u0130stikrar ve Refah \u00dcreten D\u0131\u015f Politika\u2019 temas\u0131yla 15-19 Aral\u0131k 2025 tarihlerinde d\u00fczenlenen 16\u2019nc\u0131 B\u00fcy\u00fckel\u00e7iler Konferans\u0131 kapsam\u0131nda, d\u00fcnyan\u0131n d\u00f6rt bir yan\u0131nda g\u00f6rev yapan T\u00fcrkiye B\u00fcy\u00fckel\u00e7ileriyle, Ankara\u2019da bir araya geldi\u011fini a\u00e7\u0131klad\u0131. Bakan Fidan, payla\u015f\u0131m\u0131nda, \u201cBu y\u0131lki konferansta, Bakanl\u0131k i\u00e7i de\u011ferlendirmelere a\u011f\u0131rl\u0131k verdik. B\u00f6lgesel ve k\u00fcresel meseleler hakk\u0131nda isti\u015farelerde bulunduk ve \u00f6n\u00fcm\u00fczdeki d\u00f6nemde ataca\u011f\u0131m\u0131z ad\u0131mlar\u0131 ele ald\u0131k. <\/p>\n\n\n\n<p>Ayr\u0131ca ekonomi, savunma ve g\u00fcvenlik, \u00e7ok tarafl\u0131l\u0131k, dijitalle\u015fme, arabuluculuk, ba\u011flant\u0131sall\u0131k, enerji, \u00e7evre, g\u00f6\u00e7 ve vize uygulamalar\u0131 gibi pek \u00e7ok alan\u0131 kapsayan toplant\u0131lar d\u00fczenledik. G\u00f6rev yapt\u0131klar\u0131 co\u011frafyalarda \u00fclkemizi b\u00fcy\u00fck bir \u00f6zveriyle temsil eden b\u00fcy\u00fckel\u00e7ilerimizin g\u00f6r\u00fc\u015f ve \u00f6nerilerini ilk elden dinleme f\u0131rsat\u0131 bulduk. <\/p>\n\n\n\n<p>Konferans\u0131m\u0131zdan \u00e7\u0131kan sonu\u00e7lar do\u011frultusunda, k\u00f6kl\u00fc diplomasi gelene\u011fimizden g\u00fc\u00e7 alarak belirledi\u011fimiz hedeflerimize ula\u015fmak i\u00e7in kararl\u0131l\u0131kla \u00e7al\u0131\u015fmaya devam edece\u011fiz\u201d ifadelerini kulland\u0131.<\/p>\n\n\n\n<p>Kaynak: DHA<\/p>\n","protected":false},"excerpt":{"rendered":"<p>D\u0131\u015fi\u015fleri Bakan\u0131 Hakan Fidan, \u2018Bar\u0131\u015f, \u0130stikrar ve Refah \u00dcreten D\u0131\u015f Politika\u2019 temas\u0131yla 15-19 Aral\u0131k 2025 tarihlerinde d\u00fczenlenen 16\u2019nc\u0131 B\u00fcy\u00fckel\u00e7iler Konferans\u0131 kapsam\u0131nda, d\u00fcnyan\u0131n d\u00f6rt bir yan\u0131nda g\u00f6rev yapan T\u00fcrkiye B\u00fcy\u00fckel\u00e7ileriyle, Ankara\u2019da bir araya geldi\u011fini duyurdu. D\u0131\u015fi\u015fleri Bakan\u0131 Hakan Fidan sosyal medya hesab\u0131ndan yapt\u0131\u011f\u0131 payla\u015f\u0131mda, \u2018Bar\u0131\u015f, \u0130stikrar ve Refah \u00dcreten D\u0131\u015f Politika\u2019 temas\u0131yla 15-19 Aral\u0131k 2025 tarihlerinde [&hellip;]<\/p>\n","protected":false},"author":1,"featured_media":7889,"comment_status":"open","ping_status":"open","sticky":false,"template":"","format":"standard","meta":{"footnotes":""},"categories":[11],"tags":[2961,868,620],"class_list":["post-7888","post","type-post","status-publish","format-standard","has-post-thumbnail","hentry","category-manset","tag-buyukelciler-konferansi","tag-hakan-fidan","tag-recep-tayyip-erdogan"],"_links":{"self":[{"href":"https:\/\/www.trabzonmanset.com\/index.php\/wp-json\/wp\/v2\/posts\/7888","targetHints":{"allow":["GET"]}}],"collection":[{"href":"https:\/\/www.trabzonmanset.com\/index.php\/wp-json\/wp\/v2\/posts"}],"about":[{"href":"https:\/\/www.trabzonmanset.com\/index.php\/wp-json\/wp\/v2\/types\/post"}],"author":[{"embeddable":true,"href":"https:\/\/www.trabzonmanset.com\/index.php\/wp-json\/wp\/v2\/users\/1"}],"replies":[{"embeddable":true,"href":"https:\/\/www.trabzonmanset.com\/index.php\/wp-json\/wp\/v2\/comments?post=7888"}],"version-history":[{"count":1,"href":"https:\/\/www.trabzonmanset.com\/index.php\/wp-json\/wp\/v2\/posts\/7888\/revisions"}],"predecessor-version":[{"id":7890,"href":"https:\/\/www.trabzonmanset.com\/index.php\/wp-json\/wp\/v2\/posts\/7888\/revisions\/7890"}],"wp:featuredmedia":[{"embeddable":true,"href":"https:\/\/www.trabzonmanset.com\/index.php\/wp-json\/wp\/v2\/media\/7889"}],"wp:attachment":[{"href":"https:\/\/www.trabzonmanset.com\/index.php\/wp-json\/wp\/v2\/media?parent=7888"}],"wp:term":[{"taxonomy":"category","embeddable":true,"href":"https:\/\/www.trabzonmanset.com\/index.php\/wp-json\/wp\/v2\/categories?post=7888"},{"taxonomy":"post_tag","embeddable":true,"href":"https:\/\/www.trabzonmanset.com\/index.php\/wp-json\/wp\/v2\/tags?post=7888"}],"curies":[{"name":"wp","href":"https:\/\/api.w.org\/{rel}","templated":true}]}}