{"id":7859,"date":"2025-12-18T19:54:00","date_gmt":"2025-12-18T16:54:00","guid":{"rendered":"https:\/\/www.trabzonmanset.com\/?p=7859"},"modified":"2025-12-18T22:01:35","modified_gmt":"2025-12-18T19:01:35","slug":"bakan-yerlikaya-resmen-duyurdu-6-kez-tekrarlayanin-ehliyeti-iptal-edilecek","status":"publish","type":"post","link":"https:\/\/www.trabzonmanset.com\/index.php\/2025\/12\/18\/bakan-yerlikaya-resmen-duyurdu-6-kez-tekrarlayanin-ehliyeti-iptal-edilecek\/","title":{"rendered":"Bakan Yerlikaya resmen duyurdu: 6 kez tekrarlayan\u0131n ehliyeti iptal edilecek!"},"content":{"rendered":"\n<p>\u0130\u00e7i\u015fleri Bakan\u0131 Ali Yerlikaya, k\u0131rm\u0131z\u0131 \u0131\u015f\u0131k ihlallerine y\u00f6nelik yeni yasa teklifinin detaylar\u0131n\u0131 payla\u015ft\u0131. 2024&#8217;te 137 ki\u015finin bu y\u00fczden \u00f6ld\u00fc\u011f\u00fcn\u00fc belirten Yerlikaya, 6. kez ihlalde ehliyetin iptal edilece\u011fini duyurdu.<\/p>\n\n\n\n<p>\u0130\u00e7i\u015fleri Bakan\u0131 Ali Yerlikaya, sosyal medya hesab\u0131 \u00fczerinden trafik g\u00fcvenli\u011fi ve k\u0131rm\u0131z\u0131 \u0131\u015f\u0131k ihlalleriyle ilgili \u00f6nemli a\u00e7\u0131klamalarda bulundu. Payla\u015f\u0131m\u0131nda hem 2024 y\u0131l\u0131na ait \u00e7arp\u0131c\u0131 verileri a\u00e7\u0131klayan hem de Edirne&#8217;de ya\u015fanan bir kazan\u0131n g\u00f6r\u00fcnt\u00fclerini payla\u015fan Bakan Yerlikaya, Yeni Trafik Kanunu Teklifi ile gelecek a\u011f\u0131r yapt\u0131r\u0131mlar\u0131 kamuoyuna duyurdu. Yerlikaya, &#8220;K\u0131rm\u0131z\u0131 \u0131\u015f\u0131kta ge\u00e7mek yaln\u0131zca bir kural ihlali de\u011fil vatanda\u015flar\u0131m\u0131z\u0131n hayat\u0131na kast eden bir sorumsuzluktur&#8221; ifadelerini kulland\u0131.<\/p>\n\n\n\n<figure class=\"wp-block-embed is-type-rich is-provider-twitter wp-block-embed-twitter\"><div class=\"wp-block-embed__wrapper\">\n<blockquote class=\"twitter-tweet\" data-width=\"550\" data-dnt=\"true\"><p lang=\"tr\" dir=\"ltr\">KIRMIZI I\u015eIKTA GE\u00c7EN VE YAYAYA \u00c7ARPAN MOTOS\u0130KLET\u2757\ufe0f<br><br>2024 y\u0131l\u0131nda k\u0131rm\u0131z\u0131 \u0131\u015f\u0131k ihlali y\u00fcz\u00fcnden 137 can\u0131m\u0131z\u0131 kaybettik. <br><br>Videoda g\u00f6rd\u00fc\u011f\u00fcn\u00fcz gibi; k\u0131rm\u0131z\u0131 \u0131\u015f\u0131kta durmayan motosiklet s\u00fcr\u00fcc\u00fcs\u00fc, kar\u015f\u0131dan kar\u015f\u0131ya ge\u00e7meye \u00e7al\u0131\u015fan bir vatanda\u015f\u0131m\u0131za \u00e7arpt\u0131.<br><br>2024 y\u0131l\u0131nda her g\u00fcn k\u0131rm\u0131z\u0131\u2026 <a href=\"https:\/\/t.co\/0pBVVYNj7G\">pic.twitter.com\/0pBVVYNj7G<\/a><\/p>&mdash; Ali Yerlikaya (@AliYerlikaya) <a href=\"https:\/\/twitter.com\/AliYerlikaya\/status\/2001687787355942998?ref_src=twsrc%5Etfw\">December 18, 2025<\/a><\/blockquote><script async src=\"https:\/\/platform.twitter.com\/widgets.js\" charset=\"utf-8\"><\/script>\n<\/div><\/figure>\n\n\n\n<h3 class=\"wp-block-heading\"><strong>2024 YILINDA ACI B\u0130LAN\u00c7O: 137 CAN KAYBI<\/strong><\/h3>\n\n\n\n<p>Bakan Yerlikaya&#8217;n\u0131n payla\u015ft\u0131\u011f\u0131 verilere g\u00f6re, 2024 y\u0131l\u0131 i\u00e7erisinde k\u0131rm\u0131z\u0131 \u0131\u015f\u0131k ihlali kaynakl\u0131 kazalarda 137 vatanda\u015f hayat\u0131n\u0131 kaybetti. Denetimlerin aral\u0131ks\u0131z s\u00fcrd\u00fc\u011f\u00fcn\u00fc belirten Yerlikaya, y\u0131l boyunca her g\u00fcn ortalama 5 bin 450 s\u00fcr\u00fcc\u00fcye k\u0131rm\u0131z\u0131 \u0131\u015f\u0131k ihlali nedeniyle idari yapt\u0131r\u0131m cezas\u0131 uyguland\u0131\u011f\u0131n\u0131 a\u00e7\u0131klad\u0131.<\/p>\n\n\n\n<h3 class=\"wp-block-heading\"><strong>ED\u0130RNE&#8217;DEK\u0130 V\u0130CDANSIZ S\u00dcR\u00dcC\u00dc YAKALANDI<\/strong><\/h3>\n\n\n\n<p>Payla\u015f\u0131mda, Edirne&#8217;de meydana gelen ve bir motosiklet s\u00fcr\u00fcc\u00fcs\u00fcn\u00fcn k\u0131rm\u0131z\u0131 \u0131\u015f\u0131kta ge\u00e7erek yaya ge\u00e7idindeki vatanda\u015fa \u00e7arpt\u0131\u011f\u0131 anlara ait g\u00f6r\u00fcnt\u00fclere de yer verildi. Bakan Yerlikaya, trafik g\u00fcvenli\u011fini tehlikeye d\u00fc\u015f\u00fcren ve vatanda\u015fa \u00e7arpan B.\u00dc. isimli s\u00fcr\u00fcc\u00fcn\u00fcn yakaland\u0131\u011f\u0131n\u0131 belirterek, &#8220;Gere\u011fi yap\u0131ld\u0131&#8221; notunu d\u00fc\u015ft\u00fc.<\/p>\n\n\n\n<h3 class=\"wp-block-heading\"><strong>YEN\u0130 D\u00dcZENLEME YOLDA: EHL\u0130YET \u0130PTAL\u0130 GEL\u0130YOR<\/strong><\/h3>\n\n\n\n<p>\u0130\u00e7i\u015fleri Bakan\u0131, haz\u0131rlanan Yeni Trafik Kanunu Teklifi ile k\u0131rm\u0131z\u0131 \u0131\u015f\u0131k ihlallerine y\u00f6nelik cezalar\u0131n kademeli olarak art\u0131r\u0131laca\u011f\u0131n\u0131 ve cayd\u0131r\u0131c\u0131l\u0131\u011f\u0131n en \u00fcst seviyeye \u00e7\u0131kar\u0131laca\u011f\u0131n\u0131 bildirdi. Yeni teklife g\u00f6re uygulanacak yapt\u0131r\u0131mlar \u015fu \u015fekilde s\u0131raland\u0131:<\/p>\n\n\n\n<p><strong>S\u00fcr\u00fcc\u00fclerin 3. kez ihlalinde ehliyetleri 30 g\u00fcn s\u00fcreyle geri al\u0131nacak. 4. kez ihlalinde ehliyetleri 60 g\u00fcn s\u00fcreyle geri al\u0131nacak. 5. kez ihlalinde ehliyetleri 90 g\u00fcn s\u00fcreyle geri al\u0131nacak. 6. kez ihlalde ise s\u00fcr\u00fcc\u00fc belgeleri tamamen iptal edilecek.<\/strong><\/p>\n\n\n\n<h3 class=\"wp-block-heading\"><strong>VATANDA\u015eLARA 112 \u00c7A\u011eRISI<\/strong><\/h3>\n\n\n\n<p>Trafik \u0131\u015f\u0131klar\u0131n\u0131n herkesin g\u00fcvenli\u011fi i\u00e7in var oldu\u011funu hat\u0131rlatan Bakan Yerlikaya, vatanda\u015flardan destek istedi. Bu t\u00fcr kural tan\u0131maz davran\u0131\u015flarda bulunan s\u00fcr\u00fcc\u00fclerin g\u00f6r\u00fclmesi halinde durumun derhal 112 Acil \u00c7a\u011fr\u0131 Merkezi&#8217;ne bildirilmesi gerekti\u011fini vurgulayan Yerlikaya, &#8220;Biz gere\u011fini yapar\u0131z&#8221; mesaj\u0131n\u0131 verdi.<\/p>\n","protected":false},"excerpt":{"rendered":"<p>\u0130\u00e7i\u015fleri Bakan\u0131 Ali Yerlikaya, k\u0131rm\u0131z\u0131 \u0131\u015f\u0131k ihlallerine y\u00f6nelik yeni yasa teklifinin detaylar\u0131n\u0131 payla\u015ft\u0131. 2024&#8217;te 137 ki\u015finin bu y\u00fczden \u00f6ld\u00fc\u011f\u00fcn\u00fc belirten Yerlikaya, 6. kez ihlalde ehliyetin iptal edilece\u011fini duyurdu. \u0130\u00e7i\u015fleri Bakan\u0131 Ali Yerlikaya, sosyal medya hesab\u0131 \u00fczerinden trafik g\u00fcvenli\u011fi ve k\u0131rm\u0131z\u0131 \u0131\u015f\u0131k ihlalleriyle ilgili \u00f6nemli a\u00e7\u0131klamalarda bulundu. Payla\u015f\u0131m\u0131nda hem 2024 y\u0131l\u0131na ait \u00e7arp\u0131c\u0131 verileri a\u00e7\u0131klayan hem [&hellip;]<\/p>\n","protected":false},"author":1,"featured_media":7860,"comment_status":"open","ping_status":"open","sticky":false,"template":"","format":"standard","meta":{"footnotes":""},"categories":[1],"tags":[1488,2952,2950,2951],"class_list":["post-7859","post","type-post","status-publish","format-standard","has-post-thumbnail","hentry","category-gundem","tag-ali-yerlikaya","tag-kirmizi-isik-ihlalleri","tag-kirmizi-isik-ihlalli","tag-kirmizi-isikta-gecmek"],"_links":{"self":[{"href":"https:\/\/www.trabzonmanset.com\/index.php\/wp-json\/wp\/v2\/posts\/7859","targetHints":{"allow":["GET"]}}],"collection":[{"href":"https:\/\/www.trabzonmanset.com\/index.php\/wp-json\/wp\/v2\/posts"}],"about":[{"href":"https:\/\/www.trabzonmanset.com\/index.php\/wp-json\/wp\/v2\/types\/post"}],"author":[{"embeddable":true,"href":"https:\/\/www.trabzonmanset.com\/index.php\/wp-json\/wp\/v2\/users\/1"}],"replies":[{"embeddable":true,"href":"https:\/\/www.trabzonmanset.com\/index.php\/wp-json\/wp\/v2\/comments?post=7859"}],"version-history":[{"count":1,"href":"https:\/\/www.trabzonmanset.com\/index.php\/wp-json\/wp\/v2\/posts\/7859\/revisions"}],"predecessor-version":[{"id":7861,"href":"https:\/\/www.trabzonmanset.com\/index.php\/wp-json\/wp\/v2\/posts\/7859\/revisions\/7861"}],"wp:featuredmedia":[{"embeddable":true,"href":"https:\/\/www.trabzonmanset.com\/index.php\/wp-json\/wp\/v2\/media\/7860"}],"wp:attachment":[{"href":"https:\/\/www.trabzonmanset.com\/index.php\/wp-json\/wp\/v2\/media?parent=7859"}],"wp:term":[{"taxonomy":"category","embeddable":true,"href":"https:\/\/www.trabzonmanset.com\/index.php\/wp-json\/wp\/v2\/categories?post=7859"},{"taxonomy":"post_tag","embeddable":true,"href":"https:\/\/www.trabzonmanset.com\/index.php\/wp-json\/wp\/v2\/tags?post=7859"}],"curies":[{"name":"wp","href":"https:\/\/api.w.org\/{rel}","templated":true}]}}