{"id":7810,"date":"2025-12-17T20:15:00","date_gmt":"2025-12-17T17:15:00","guid":{"rendered":"https:\/\/www.trabzonmanset.com\/?p=7810"},"modified":"2025-12-17T22:53:38","modified_gmt":"2025-12-17T19:53:38","slug":"cumhurbaskani-erdogan-gazzede-hayatini-kaybeden-hind-rajabin-ailesini-kabul-etti","status":"publish","type":"post","link":"https:\/\/www.trabzonmanset.com\/index.php\/2025\/12\/17\/cumhurbaskani-erdogan-gazzede-hayatini-kaybeden-hind-rajabin-ailesini-kabul-etti\/","title":{"rendered":"Cumhurba\u015fkan\u0131 Erdo\u011fan, Gazze&#8217;de hayat\u0131n\u0131 kaybeden Hind Rajab&#8217;\u0131n ailesini kabul etti"},"content":{"rendered":"\n<p>Cumhurba\u015fkan\u0131 Recep Tayyip Erdo\u011fan, Gazze&#8217;de \u0130srail&#8217;in sald\u0131r\u0131s\u0131 sonucu bir ara\u00e7ta mahsur kalarak hayat\u0131n\u0131 kaybeden 6 ya\u015f\u0131ndaki Filistinli Hind Rajab&#8217;\u0131n ailesini ve akrabalar\u0131n\u0131 kabul etti.<\/p>\n\n\n\n<p>Cumhurba\u015fkan\u0131 Erdo\u011fan, Cumhurba\u015fkanl\u0131\u011f\u0131 K\u00fclliyesi&#8217;ndeki kabulde, aile fertleri aras\u0131nda yer alan \u00e7ocuklara \u00f6zel ilgi g\u00f6sterdi.<\/p>\n\n\n\n<figure class=\"wp-block-image size-full\"><img loading=\"lazy\" decoding=\"async\" width=\"864\" height=\"603\" src=\"https:\/\/www.trabzonmanset.com\/wp-content\/uploads\/2025\/12\/2025_9_AA-40005741.jpg?wsr\" alt=\"\" class=\"wp-image-7811\" srcset=\"https:\/\/www.trabzonmanset.com\/wp-content\/uploads\/2025\/12\/2025_9_AA-40005741.jpg 864w, https:\/\/www.trabzonmanset.com\/wp-content\/uploads\/2025\/12\/2025_9_AA-40005741-300x209.jpg 300w, https:\/\/www.trabzonmanset.com\/wp-content\/uploads\/2025\/12\/2025_9_AA-40005741-768x536.jpg 768w\" sizes=\"auto, (max-width: 864px) 100vw, 864px\" \/><\/figure>\n\n\n\n<p>Erdo\u011fan, kabulde yer almayan baz\u0131 aile fertleriyle de cep telefonu vas\u0131tas\u0131yla g\u00f6r\u00fcnt\u00fcl\u00fc g\u00f6r\u00fc\u015ft\u00fc.<\/p>\n\n\n\n<p>Kabulde, K\u00fclt\u00fcr ve Turizm Bakan\u0131 Mehmet Nuri Ersoy da yer ald\u0131.<\/p>\n\n\n\n<figure class=\"wp-block-image size-full\"><img loading=\"lazy\" decoding=\"async\" width=\"864\" height=\"576\" src=\"https:\/\/www.trabzonmanset.com\/wp-content\/uploads\/2025\/12\/2025_9_AA-40005743.jpg?wsr\" alt=\"\" class=\"wp-image-7812\" srcset=\"https:\/\/www.trabzonmanset.com\/wp-content\/uploads\/2025\/12\/2025_9_AA-40005743.jpg 864w, https:\/\/www.trabzonmanset.com\/wp-content\/uploads\/2025\/12\/2025_9_AA-40005743-300x200.jpg 300w, https:\/\/www.trabzonmanset.com\/wp-content\/uploads\/2025\/12\/2025_9_AA-40005743-768x512.jpg 768w\" sizes=\"auto, (max-width: 864px) 100vw, 864px\" \/><\/figure>\n\n\n\n<p>Hind Rajab&#8217;\u0131n ger\u00e7ek hikayesini konu alan &#8220;Hind Rajab&#8217;\u0131n Sesi&#8221; filmi, Cumhurba\u015fkanl\u0131\u011f\u0131 K\u00fclliyesi&#8217;nde d\u00fczenlenen \u00f6zel g\u00f6sterimle izleyiciyle bulu\u015fmu\u015f, bu g\u00f6sterimde Hind Rajab&#8217;\u0131n aile fertleri de yer alm\u0131\u015ft\u0131.<\/p>\n\n\n\n<p>Kaynak: AA<\/p>\n","protected":false},"excerpt":{"rendered":"<p>Cumhurba\u015fkan\u0131 Recep Tayyip Erdo\u011fan, Gazze&#8217;de \u0130srail&#8217;in sald\u0131r\u0131s\u0131 sonucu bir ara\u00e7ta mahsur kalarak hayat\u0131n\u0131 kaybeden 6 ya\u015f\u0131ndaki Filistinli Hind Rajab&#8217;\u0131n ailesini ve akrabalar\u0131n\u0131 kabul etti. Cumhurba\u015fkan\u0131 Erdo\u011fan, Cumhurba\u015fkanl\u0131\u011f\u0131 K\u00fclliyesi&#8217;ndeki kabulde, aile fertleri aras\u0131nda yer alan \u00e7ocuklara \u00f6zel ilgi g\u00f6sterdi. Erdo\u011fan, kabulde yer almayan baz\u0131 aile fertleriyle de cep telefonu vas\u0131tas\u0131yla g\u00f6r\u00fcnt\u00fcl\u00fc g\u00f6r\u00fc\u015ft\u00fc. Kabulde, K\u00fclt\u00fcr ve Turizm [&hellip;]<\/p>\n","protected":false},"author":1,"featured_media":7813,"comment_status":"open","ping_status":"open","sticky":false,"template":"","format":"standard","meta":{"footnotes":""},"categories":[11],"tags":[846,173,543,2922],"class_list":["post-7810","post","type-post","status-publish","format-standard","has-post-thumbnail","hentry","category-manset","tag-cumhurbaskani-erdogan","tag-filistin","tag-gazze","tag-hind-rajab"],"_links":{"self":[{"href":"https:\/\/www.trabzonmanset.com\/index.php\/wp-json\/wp\/v2\/posts\/7810","targetHints":{"allow":["GET"]}}],"collection":[{"href":"https:\/\/www.trabzonmanset.com\/index.php\/wp-json\/wp\/v2\/posts"}],"about":[{"href":"https:\/\/www.trabzonmanset.com\/index.php\/wp-json\/wp\/v2\/types\/post"}],"author":[{"embeddable":true,"href":"https:\/\/www.trabzonmanset.com\/index.php\/wp-json\/wp\/v2\/users\/1"}],"replies":[{"embeddable":true,"href":"https:\/\/www.trabzonmanset.com\/index.php\/wp-json\/wp\/v2\/comments?post=7810"}],"version-history":[{"count":1,"href":"https:\/\/www.trabzonmanset.com\/index.php\/wp-json\/wp\/v2\/posts\/7810\/revisions"}],"predecessor-version":[{"id":7814,"href":"https:\/\/www.trabzonmanset.com\/index.php\/wp-json\/wp\/v2\/posts\/7810\/revisions\/7814"}],"wp:featuredmedia":[{"embeddable":true,"href":"https:\/\/www.trabzonmanset.com\/index.php\/wp-json\/wp\/v2\/media\/7813"}],"wp:attachment":[{"href":"https:\/\/www.trabzonmanset.com\/index.php\/wp-json\/wp\/v2\/media?parent=7810"}],"wp:term":[{"taxonomy":"category","embeddable":true,"href":"https:\/\/www.trabzonmanset.com\/index.php\/wp-json\/wp\/v2\/categories?post=7810"},{"taxonomy":"post_tag","embeddable":true,"href":"https:\/\/www.trabzonmanset.com\/index.php\/wp-json\/wp\/v2\/tags?post=7810"}],"curies":[{"name":"wp","href":"https:\/\/api.w.org\/{rel}","templated":true}]}}