{"id":7797,"date":"2025-12-16T21:39:00","date_gmt":"2025-12-16T18:39:00","guid":{"rendered":"https:\/\/www.trabzonmanset.com\/?p=7797"},"modified":"2025-12-16T22:03:42","modified_gmt":"2025-12-16T19:03:42","slug":"gullunun-oglu-savcilikta-ifade-verdi","status":"publish","type":"post","link":"https:\/\/www.trabzonmanset.com\/index.php\/2025\/12\/16\/gullunun-oglu-savcilikta-ifade-verdi\/","title":{"rendered":"G\u00fcll\u00fc&#8217;n\u00fcn o\u011flu savc\u0131l\u0131kta ifade verdi"},"content":{"rendered":"\n<p>Yalova&#8217;da evinden d\u00fc\u015ferek hayat\u0131n\u0131 kaybeden \u015fark\u0131c\u0131 G\u00fcll\u00fc&#8217;n\u00fcn k\u0131z\u0131n\u0131n tutuklanmas\u0131n\u0131n ard\u0131ndan o\u011flu Tu\u011fberk Ya\u011f\u0131z G\u00fclter de savc\u0131l\u0131kta \u015fikayet\u00e7i s\u0131fat\u0131yla saatlerce ifade verdi. Tu\u011fberk Ya\u011f\u0131z G\u00fclter&#8217;in ifadesinde, &#8220;Annem bir cinayete kurban gitti ise bu i\u015fle alakas\u0131 olan herkesten \u015fikayet\u00e7iyim ama \u015fayet ablam\u0131n bu olayla alakas\u0131 yoksa \u015fikayet\u00e7i de\u011filim&#8221; dedi\u011fi \u00f6\u011frenildi.<\/p>\n\n\n\n<p>G\u00fcll\u00fc olarak tan\u0131nan \u015fark\u0131c\u0131 G\u00fcl Tut, 26 Eyl\u00fcl&#8217;de, \u00c7\u0131narc\u0131k il\u00e7esi Harmanlar Mahallesi Vali Ak\u0131 Caddesi&#8217;ndeki 6 katl\u0131 binadaki evinin penceresinden d\u00fc\u015ferek \u00f6ld\u00fc. Olaya ili\u015fkin Yalova Cumhuriyet Ba\u015fsavc\u0131l\u0131\u011f\u0131 taraf\u0131ndan ba\u015flat\u0131lan soru\u015fturma kapsam\u0131nda, otopsisi yap\u0131lan G\u00fcll\u00fc, \u0130stanbul&#8217;da topra\u011fa verildi.<\/p>\n\n\n\n<h3 class=\"wp-block-heading\">G\u00dcLL\u00dc&#8217;N\u00dcN KIZI TUTUKLANDI<\/h3>\n\n\n\n<p>Teknik ve fiziki takip sonras\u0131, daha \u00f6nce al\u0131nan 3 ifadesinde farkl\u0131 konu\u015fan \u015fark\u0131c\u0131n\u0131n k\u0131z\u0131 Tu\u011fyan \u00dclkem G\u00fclter ile arkada\u015f\u0131 Sultan Nur Ulu, bavullarla gittikleri \u0130stanbul&#8217;da polis taraf\u0131ndan yakalan\u0131p, g\u00f6zalt\u0131na al\u0131nd\u0131. Tu\u011fyan \u00dclkem G\u00fclter, &#8216;Kasten \u00f6ld\u00fcrme&#8217; su\u00e7lamas\u0131yla tutukland\u0131.<\/p>\n\n\n\n<h3 class=\"wp-block-heading\">G\u00dcLL\u00dc&#8217;N\u00dcN O\u011eLU \u0130FADE VERD\u0130<\/h3>\n\n\n\n<p>G\u00fcll\u00fc&#8217;n\u00fcn \u00f6l\u00fcm\u00fcne ili\u015fkin soru\u015fturma kapsam\u0131nda \u015fikayet\u00e7i s\u0131fat\u0131yla ifadeye \u00e7a\u011fr\u0131lan o\u011flu Tu\u011fberk Ya\u011f\u0131z G\u00fclter, avukat\u0131yla birlikte Yalova Adliyesi&#8217;ne geldi. G\u00fclter, savc\u0131l\u0131\u011fa yakla\u015f\u0131k 5 saat ifade verdi. \u0130fadesinin ard\u0131ndan adliyeden ayr\u0131lan G\u00fclter, bas\u0131n mensuplar\u0131n\u0131n sorular\u0131n\u0131 yan\u0131ts\u0131z b\u0131rak\u0131rken, &#8220;Gerekli a\u00e7\u0131klamalar\u0131m\u0131 yapt\u0131m. Bildiklerimi anlatt\u0131m. Bundan sonraki a\u00e7\u0131klamalara avukatlar yapacakt\u0131r&#8221; dedi.<\/p>\n\n\n\n<h3 class=\"wp-block-heading\">&#8220;ANNEM C\u0130NAYETE KURBAN G\u0130TT\u0130YSE HERKESTEN \u015e\u0130KAYET\u00c7\u0130Y\u0130M&#8221;<\/h3>\n\n\n\n<p>G\u00fclter&#8217;in savc\u0131l\u0131kta verdi\u011fi ifadede &#8220;Annem bir cinayete kurban gitti ise bu i\u015fle alakas\u0131 olan herkesten \u015fikayet\u00e7iyim ama \u015fayet ablam\u0131n bu olayla alakas\u0131 yoksa \u015fikayet\u00e7i de\u011filim&#8221; dedi\u011fi \u00f6\u011frenildi.<\/p>\n\n\n\n<h3 class=\"wp-block-heading\">&#8220;GEREKEN A\u00c7IKLAMAYI YAZILI \u015eEK\u0130LDE YAPACA\u011eIZ&#8221;<\/h3>\n\n\n\n<p>Avukat\u0131 Aycan Sevsay ise &#8220;\u015eu an i\u00e7in bir bas\u0131n a\u00e7\u0131klamas\u0131 yapmayaca\u011f\u0131z. Savc\u0131l\u0131\u011f\u0131n talebi do\u011frultusunda m\u00fc\u015fteki olarak kendisi gelerek ifadesini vermi\u015ftir. Her \u015feyi detayl\u0131 bir \u015fekilde anlatm\u0131\u015ft\u0131r. Gereken a\u00e7\u0131klamalar\u0131 yaz\u0131l\u0131 \u015fekilde yapaca\u011f\u0131z&#8221; dedi.<\/p>\n\n\n\n<p>Kaynak:&nbsp;DHA<\/p>\n","protected":false},"excerpt":{"rendered":"<p>Yalova&#8217;da evinden d\u00fc\u015ferek hayat\u0131n\u0131 kaybeden \u015fark\u0131c\u0131 G\u00fcll\u00fc&#8217;n\u00fcn k\u0131z\u0131n\u0131n tutuklanmas\u0131n\u0131n ard\u0131ndan o\u011flu Tu\u011fberk Ya\u011f\u0131z G\u00fclter de savc\u0131l\u0131kta \u015fikayet\u00e7i s\u0131fat\u0131yla saatlerce ifade verdi. Tu\u011fberk Ya\u011f\u0131z G\u00fclter&#8217;in ifadesinde, &#8220;Annem bir cinayete kurban gitti ise bu i\u015fle alakas\u0131 olan herkesten \u015fikayet\u00e7iyim ama \u015fayet ablam\u0131n bu olayla alakas\u0131 yoksa \u015fikayet\u00e7i de\u011filim&#8221; dedi\u011fi \u00f6\u011frenildi. G\u00fcll\u00fc olarak tan\u0131nan \u015fark\u0131c\u0131 G\u00fcl Tut, 26 [&hellip;]<\/p>\n","protected":false},"author":1,"featured_media":7798,"comment_status":"open","ping_status":"open","sticky":false,"template":"","format":"standard","meta":{"footnotes":""},"categories":[1,1405],"tags":[2164,1070,1629,2913,2915,2914],"class_list":["post-7797","post","type-post","status-publish","format-standard","has-post-thumbnail","hentry","category-gundem","category-magazin","tag-gul-tut","tag-gullu","tag-sultan-nur-ulu","tag-tugberk-yagiz-gulter","tag-tugyan-ulkem","tag-tugyan-ulkem-gulter"],"_links":{"self":[{"href":"https:\/\/www.trabzonmanset.com\/index.php\/wp-json\/wp\/v2\/posts\/7797","targetHints":{"allow":["GET"]}}],"collection":[{"href":"https:\/\/www.trabzonmanset.com\/index.php\/wp-json\/wp\/v2\/posts"}],"about":[{"href":"https:\/\/www.trabzonmanset.com\/index.php\/wp-json\/wp\/v2\/types\/post"}],"author":[{"embeddable":true,"href":"https:\/\/www.trabzonmanset.com\/index.php\/wp-json\/wp\/v2\/users\/1"}],"replies":[{"embeddable":true,"href":"https:\/\/www.trabzonmanset.com\/index.php\/wp-json\/wp\/v2\/comments?post=7797"}],"version-history":[{"count":1,"href":"https:\/\/www.trabzonmanset.com\/index.php\/wp-json\/wp\/v2\/posts\/7797\/revisions"}],"predecessor-version":[{"id":7799,"href":"https:\/\/www.trabzonmanset.com\/index.php\/wp-json\/wp\/v2\/posts\/7797\/revisions\/7799"}],"wp:featuredmedia":[{"embeddable":true,"href":"https:\/\/www.trabzonmanset.com\/index.php\/wp-json\/wp\/v2\/media\/7798"}],"wp:attachment":[{"href":"https:\/\/www.trabzonmanset.com\/index.php\/wp-json\/wp\/v2\/media?parent=7797"}],"wp:term":[{"taxonomy":"category","embeddable":true,"href":"https:\/\/www.trabzonmanset.com\/index.php\/wp-json\/wp\/v2\/categories?post=7797"},{"taxonomy":"post_tag","embeddable":true,"href":"https:\/\/www.trabzonmanset.com\/index.php\/wp-json\/wp\/v2\/tags?post=7797"}],"curies":[{"name":"wp","href":"https:\/\/api.w.org\/{rel}","templated":true}]}}