{"id":7715,"date":"2025-12-15T12:30:44","date_gmt":"2025-12-15T09:30:44","guid":{"rendered":"https:\/\/www.trabzonmanset.com\/?p=7715"},"modified":"2025-12-15T12:30:45","modified_gmt":"2025-12-15T09:30:45","slug":"iste-1-5-milyar-lira-nafaka-iteyen-revna-sarigule-sunulan-teklif","status":"publish","type":"post","link":"https:\/\/www.trabzonmanset.com\/index.php\/2025\/12\/15\/iste-1-5-milyar-lira-nafaka-iteyen-revna-sarigule-sunulan-teklif\/","title":{"rendered":"\u0130\u015fte 1.5 milyar lira nafaka iteyen Revna Sar\u0131g\u00fcl&#8217;e sunulan teklif"},"content":{"rendered":"\n<p>Revna Sar\u0131g\u00fcl, e\u015fi \u00d6mer Sar\u0131g\u00fcl&#8217;e aldatma iddias\u0131yla bo\u015fanma davas\u0131 a\u00e7arak 1,5 milyar lira tazminat ve ayl\u0131k 3,3 milyon lira nafaka talep etti. \u00d6mer Sar\u0131g\u00fcl ise 10 milyon lira tazminat, 400 bin lira ayl\u0131k nafaka ve \u00e7ocuklar\u0131n t\u00fcm giderlerini \u00fcstlenmeyi teklif etti.<\/p>\n\n\n\n<p>Revna Sar\u0131g\u00fcl&#8217;\u00fcn, Mustafa Sar\u0131g\u00fcl&#8217;\u00fcn o\u011flu \u00d6mer Sar\u0131g\u00fcl&#8217;e aldat\u0131ld\u0131\u011f\u0131 iddias\u0131yla a\u00e7t\u0131\u011f\u0131 bo\u015fanma davas\u0131 kamuoyunda geni\u015f yank\u0131 uyand\u0131rd\u0131. Dava kapsam\u0131nda \u00d6mer Sar\u0131g\u00fcl hakk\u0131nda uzakla\u015ft\u0131rma karar\u0131 ald\u0131ran Revna Sar\u0131g\u00fcl&#8217;\u00fcn \u00e7ocuklar\u0131n\u0131 bir s\u00fcredir babalar\u0131yla g\u00f6r\u00fc\u015ft\u00fcrmedi\u011fi de \u00f6\u011frenildi.<\/p>\n\n\n\n<h3 class=\"wp-block-heading\">\u0130HANET \u0130DD\u0130ASIYLA REKOR TALEP<\/h3>\n\n\n\n<p>Revna Sar\u0131g\u00fcl, a\u00e7t\u0131\u011f\u0131 bo\u015fanma davas\u0131nda 1,5 milyar lira maddi ve manevi tazminat ile ayl\u0131k 3 milyon 300 bin lira nafaka talep etti. Taleplerin b\u00fcy\u00fckl\u00fc\u011f\u00fc davay\u0131 magazin ve hukuk g\u00fcndeminin \u00fcst s\u0131ralar\u0131na ta\u015f\u0131d\u0131.<\/p>\n\n\n\n<h3 class=\"wp-block-heading\">\u00d6MER SARIG\u00dcL&#8217;\u00dcN TEKL\u0130F\u0130 ORTAYA \u00c7IKTI<\/h3>\n\n\n\n<p>Sabah gazetesi yazar\u0131 B\u00fclent Cankurt&#8217;un aktard\u0131\u011f\u0131na g\u00f6re, \u00d6mer Sar\u0131g\u00fcl mahkemeye avukat\u0131 G\u00f6zde Egemen arac\u0131l\u0131\u011f\u0131yla bir uzla\u015fma teklifi sundu. Sar\u0131g\u00fcl&#8217;\u00fcn teklifinde 10 milyon lira tazminat ve ayl\u0131k 400 bin lira nafaka yer ald\u0131.<\/p>\n\n\n\n<h3 class=\"wp-block-heading\">T\u00dcM G\u0130DERLER\u0130 \u00dcSTLENME TAAHH\u00dcD\u00dc<\/h3>\n\n\n\n<p>\u00d6mer Sar\u0131g\u00fcl ayr\u0131ca, \u015fu anda oturulan evin kullan\u0131m\u0131n\u0131, aidat, elektrik, su ve do\u011falgaz giderlerini kar\u015f\u0131lamay\u0131; \u00e7ocuklar\u0131n e\u011fitim hayatlar\u0131 boyunca okul, yaz okulu, servis \u00fccretleri ile sa\u011fl\u0131k sigortas\u0131 masraflar\u0131n\u0131 da \u00fcstlenmeyi taahh\u00fct etti. Taraflar\u0131n talepleri aras\u0131ndaki b\u00fcy\u00fck fark dikkat \u00e7ekerken, davan\u0131n nas\u0131l sonu\u00e7lanaca\u011f\u0131 merak konusu oldu.<\/p>\n","protected":false},"excerpt":{"rendered":"<p>Revna Sar\u0131g\u00fcl, e\u015fi \u00d6mer Sar\u0131g\u00fcl&#8217;e aldatma iddias\u0131yla bo\u015fanma davas\u0131 a\u00e7arak 1,5 milyar lira tazminat ve ayl\u0131k 3,3 milyon lira nafaka talep etti. \u00d6mer Sar\u0131g\u00fcl ise 10 milyon lira tazminat, 400 bin lira ayl\u0131k nafaka ve \u00e7ocuklar\u0131n t\u00fcm giderlerini \u00fcstlenmeyi teklif etti. Revna Sar\u0131g\u00fcl&#8217;\u00fcn, Mustafa Sar\u0131g\u00fcl&#8217;\u00fcn o\u011flu \u00d6mer Sar\u0131g\u00fcl&#8217;e aldat\u0131ld\u0131\u011f\u0131 iddias\u0131yla a\u00e7t\u0131\u011f\u0131 bo\u015fanma davas\u0131 kamuoyunda geni\u015f [&hellip;]<\/p>\n","protected":false},"author":1,"featured_media":7716,"comment_status":"open","ping_status":"open","sticky":false,"template":"","format":"standard","meta":{"footnotes":""},"categories":[1,1349],"tags":[2884,2883,2882,712],"class_list":["post-7715","post","type-post","status-publish","format-standard","has-post-thumbnail","hentry","category-gundem","category-yasam","tag-mustafa-sarigul","tag-omer-sarigul","tag-revna-sarigul","tag-trabzon-manset"],"_links":{"self":[{"href":"https:\/\/www.trabzonmanset.com\/index.php\/wp-json\/wp\/v2\/posts\/7715","targetHints":{"allow":["GET"]}}],"collection":[{"href":"https:\/\/www.trabzonmanset.com\/index.php\/wp-json\/wp\/v2\/posts"}],"about":[{"href":"https:\/\/www.trabzonmanset.com\/index.php\/wp-json\/wp\/v2\/types\/post"}],"author":[{"embeddable":true,"href":"https:\/\/www.trabzonmanset.com\/index.php\/wp-json\/wp\/v2\/users\/1"}],"replies":[{"embeddable":true,"href":"https:\/\/www.trabzonmanset.com\/index.php\/wp-json\/wp\/v2\/comments?post=7715"}],"version-history":[{"count":1,"href":"https:\/\/www.trabzonmanset.com\/index.php\/wp-json\/wp\/v2\/posts\/7715\/revisions"}],"predecessor-version":[{"id":7718,"href":"https:\/\/www.trabzonmanset.com\/index.php\/wp-json\/wp\/v2\/posts\/7715\/revisions\/7718"}],"wp:featuredmedia":[{"embeddable":true,"href":"https:\/\/www.trabzonmanset.com\/index.php\/wp-json\/wp\/v2\/media\/7716"}],"wp:attachment":[{"href":"https:\/\/www.trabzonmanset.com\/index.php\/wp-json\/wp\/v2\/media?parent=7715"}],"wp:term":[{"taxonomy":"category","embeddable":true,"href":"https:\/\/www.trabzonmanset.com\/index.php\/wp-json\/wp\/v2\/categories?post=7715"},{"taxonomy":"post_tag","embeddable":true,"href":"https:\/\/www.trabzonmanset.com\/index.php\/wp-json\/wp\/v2\/tags?post=7715"}],"curies":[{"name":"wp","href":"https:\/\/api.w.org\/{rel}","templated":true}]}}