{"id":7704,"date":"2025-12-15T11:11:00","date_gmt":"2025-12-15T08:11:00","guid":{"rendered":"https:\/\/www.trabzonmanset.com\/?p=7704"},"modified":"2025-12-15T12:13:39","modified_gmt":"2025-12-15T09:13:39","slug":"burak-yilmazdan-istifa-karari-sehirden-ayriliyor","status":"publish","type":"post","link":"https:\/\/www.trabzonmanset.com\/index.php\/2025\/12\/15\/burak-yilmazdan-istifa-karari-sehirden-ayriliyor\/","title":{"rendered":"Burak Y\u0131lmaz&#8217;dan istifa karar\u0131! \u015eehirden ayr\u0131l\u0131yor"},"content":{"rendered":"\n<p>S\u00fcper Lig ekiplerinden Gaziantep FK&#8217;nin teknik direkt\u00f6r\u00fc Burak Y\u0131lmaz istifa etti ve \u015fehirden ayr\u0131l\u0131yor. Y\u0131lmaz, G\u00f6ztepe ma\u00e7\u0131n\u0131n ard\u0131ndan yapt\u0131\u011f\u0131 a\u00e7\u0131klamada, Rize ve Ba\u015fak\u015fehir ma\u00e7lar\u0131n\u0131 kazan\u0131p ondan sonra burada olmayaca\u011f\u0131n\u0131 belirtmi\u015fti.<\/p>\n\n\n\n<p>S\u00fcper Lig&#8217;in 16. haftas\u0131nda sahas\u0131nda G\u00f6ztepe&#8217;ye 1-0 ma\u011flup olan Gaziantep FK&#8217;da beklenen ayr\u0131l\u0131k ger\u00e7ekle\u015fti. Teknik direkt\u00f6r Burak Y\u0131lmaz, g\u00f6revinden istifa etti. Ya\u011f\u0131z Sabuncuo\u011flu&#8217;nun haberine g\u00f6re gen\u00e7 teknik adam \u015fehirden ayr\u0131l\u0131yor.<\/p>\n\n\n\n<h3 class=\"wp-block-heading\">MA\u00c7 SONRASI S\u00d6ZLER\u0130 AYRILI\u011eIN HABERC\u0130S\u0130YD\u0130<\/h3>\n\n\n\n<p>Burak Y\u0131lmaz, G\u00f6ztepe kar\u015f\u0131la\u015fmas\u0131n\u0131n ard\u0131ndan yapt\u0131\u011f\u0131 a\u00e7\u0131klamalarla ayr\u0131l\u0131k sinyallerini a\u00e7\u0131k \u015fekilde vermi\u015fti. Gaziantep FK&#8217;ye geldi\u011finde tak\u0131m\u0131n s\u0131f\u0131r puanla, gol atamadan ve k\u00fcme d\u00fc\u015fm\u00fc\u015f g\u00f6z\u00fcyle bak\u0131lan bir konumda oldu\u011funu hat\u0131rlatan Y\u0131lmaz, gelinen noktada 23 puan toplayan ve Avrupa hayalleri kurulan bir tak\u0131m olu\u015fturduklar\u0131n\u0131 ifade etmi\u015fti.<\/p>\n\n\n\n<h3 class=\"wp-block-heading\">&#8220;BU TEPK\u0130Y\u0130 HAK ETMED\u0130M&#8221;<\/h3>\n\n\n\n<p>Trib\u00fcnlerden gelen tepkilere dikkat \u00e7eken Burak Y\u0131lmaz, kul\u00fcbe arkas\u0131ndan edilen k\u00fcf\u00fcrleri kabul edemedi\u011fini dile getirmi\u015fti. \u015eehirde siyasetin futbolun \u00f6n\u00fcne ge\u00e7ti\u011fini savunan Y\u0131lmaz, ba\u015fkana y\u00f6nelik ele\u015ftirilerin kendi \u00fczerinden yap\u0131lmas\u0131n\u0131 anlayabilece\u011fini ancak kendisinin kimsenin adam\u0131 olmad\u0131\u011f\u0131n\u0131 vurgulam\u0131\u015ft\u0131. Y\u0131lmaz, ya\u015fananlar\u0131n vefa duygusuyla ba\u011fda\u015fmad\u0131\u011f\u0131n\u0131 da s\u00f6zlerine eklemi\u015fti.<\/p>\n\n\n\n<figure class=\"wp-block-image size-full\"><img loading=\"lazy\" decoding=\"async\" width=\"640\" height=\"641\" src=\"https:\/\/www.trabzonmanset.com\/wp-content\/uploads\/2025\/12\/burak-yilmaz-dan-istifa-karari-sehirden-ayriliyor-19358600_6542_m.webp?wsr\" alt=\"\" class=\"wp-image-7705\" srcset=\"https:\/\/www.trabzonmanset.com\/wp-content\/uploads\/2025\/12\/burak-yilmaz-dan-istifa-karari-sehirden-ayriliyor-19358600_6542_m.webp 640w, https:\/\/www.trabzonmanset.com\/wp-content\/uploads\/2025\/12\/burak-yilmaz-dan-istifa-karari-sehirden-ayriliyor-19358600_6542_m-300x300.webp 300w, https:\/\/www.trabzonmanset.com\/wp-content\/uploads\/2025\/12\/burak-yilmaz-dan-istifa-karari-sehirden-ayriliyor-19358600_6542_m-150x150.webp 150w\" sizes=\"auto, (max-width: 640px) 100vw, 640px\" \/><\/figure>\n\n\n\n<h3 class=\"wp-block-heading\">&#8220;\u0130K\u0130 MA\u00c7 SONRA AYRILACA\u011eIM&#8221; DEM\u0130\u015eT\u0130<\/h3>\n\n\n\n<p>Tecr\u00fcbeli teknik adam, a\u00e7\u0131klamas\u0131nda \u00c7aykur Rizespor ve Ba\u015fak\u015fehir ma\u00e7lar\u0131n\u0131n ard\u0131ndan g\u00f6revden ayr\u0131laca\u011f\u0131n\u0131 a\u00e7\u0131k\u00e7a ifade etmi\u015f, bu s\u00fcre\u00e7te hem kupada hem ligde galibiyet hedeflediklerini belirtmi\u015fti. Ancak al\u0131nan son yenilgi sonras\u0131 Burak Y\u0131lmaz&#8217;\u0131n bu s\u00fcreci beklemeden istifa etti\u011fi ve Gaziantep&#8217;ten ayr\u0131ld\u0131\u011f\u0131 aktar\u0131ld\u0131. Gaziantep FK cephesinden istifaya ili\u015fkin resmi a\u00e7\u0131klaman\u0131n k\u0131sa s\u00fcre i\u00e7inde yap\u0131lmas\u0131 bekleniyor.<\/p>\n\n\n\n<p><\/p>\n","protected":false},"excerpt":{"rendered":"<p>S\u00fcper Lig ekiplerinden Gaziantep FK&#8217;nin teknik direkt\u00f6r\u00fc Burak Y\u0131lmaz istifa etti ve \u015fehirden ayr\u0131l\u0131yor. Y\u0131lmaz, G\u00f6ztepe ma\u00e7\u0131n\u0131n ard\u0131ndan yapt\u0131\u011f\u0131 a\u00e7\u0131klamada, Rize ve Ba\u015fak\u015fehir ma\u00e7lar\u0131n\u0131 kazan\u0131p ondan sonra burada olmayaca\u011f\u0131n\u0131 belirtmi\u015fti. S\u00fcper Lig&#8217;in 16. haftas\u0131nda sahas\u0131nda G\u00f6ztepe&#8217;ye 1-0 ma\u011flup olan Gaziantep FK&#8217;da beklenen ayr\u0131l\u0131k ger\u00e7ekle\u015fti. Teknik direkt\u00f6r Burak Y\u0131lmaz, g\u00f6revinden istifa etti. Ya\u011f\u0131z Sabuncuo\u011flu&#8217;nun haberine g\u00f6re [&hellip;]<\/p>\n","protected":false},"author":1,"featured_media":7706,"comment_status":"open","ping_status":"open","sticky":false,"template":"","format":"standard","meta":{"footnotes":""},"categories":[14],"tags":[1746,747,746],"class_list":["post-7704","post","type-post","status-publish","format-standard","has-post-thumbnail","hentry","category-spor","tag-burak-yilmaz","tag-gaziantep-fk","tag-trendyol-super-lig"],"_links":{"self":[{"href":"https:\/\/www.trabzonmanset.com\/index.php\/wp-json\/wp\/v2\/posts\/7704","targetHints":{"allow":["GET"]}}],"collection":[{"href":"https:\/\/www.trabzonmanset.com\/index.php\/wp-json\/wp\/v2\/posts"}],"about":[{"href":"https:\/\/www.trabzonmanset.com\/index.php\/wp-json\/wp\/v2\/types\/post"}],"author":[{"embeddable":true,"href":"https:\/\/www.trabzonmanset.com\/index.php\/wp-json\/wp\/v2\/users\/1"}],"replies":[{"embeddable":true,"href":"https:\/\/www.trabzonmanset.com\/index.php\/wp-json\/wp\/v2\/comments?post=7704"}],"version-history":[{"count":1,"href":"https:\/\/www.trabzonmanset.com\/index.php\/wp-json\/wp\/v2\/posts\/7704\/revisions"}],"predecessor-version":[{"id":7707,"href":"https:\/\/www.trabzonmanset.com\/index.php\/wp-json\/wp\/v2\/posts\/7704\/revisions\/7707"}],"wp:featuredmedia":[{"embeddable":true,"href":"https:\/\/www.trabzonmanset.com\/index.php\/wp-json\/wp\/v2\/media\/7706"}],"wp:attachment":[{"href":"https:\/\/www.trabzonmanset.com\/index.php\/wp-json\/wp\/v2\/media?parent=7704"}],"wp:term":[{"taxonomy":"category","embeddable":true,"href":"https:\/\/www.trabzonmanset.com\/index.php\/wp-json\/wp\/v2\/categories?post=7704"},{"taxonomy":"post_tag","embeddable":true,"href":"https:\/\/www.trabzonmanset.com\/index.php\/wp-json\/wp\/v2\/tags?post=7704"}],"curies":[{"name":"wp","href":"https:\/\/api.w.org\/{rel}","templated":true}]}}