{"id":7615,"date":"2025-12-12T19:10:00","date_gmt":"2025-12-12T16:10:00","guid":{"rendered":"https:\/\/www.trabzonmanset.com\/?p=7615"},"modified":"2025-12-12T22:32:44","modified_gmt":"2025-12-12T19:32:44","slug":"depolanan-kar-ve-suni-karlamayla-palandokende-kayak-heyecani-basliyor","status":"publish","type":"post","link":"https:\/\/www.trabzonmanset.com\/index.php\/2025\/12\/12\/depolanan-kar-ve-suni-karlamayla-palandokende-kayak-heyecani-basliyor\/","title":{"rendered":"Depolanan kar ve suni karlamayla Paland\u00f6ken&#8217;de kayak heyecan\u0131 ba\u015fl\u0131yor"},"content":{"rendered":"\n<p>Depolanan karlar\u0131n pistlere serilmesi ve suni karlama uygulamalar\u0131 sayesinde Paland\u00f6ken\u2019de kayak sezonu yak\u0131n zamanda ba\u015flayacak.<\/p>\n\n\n\n<p>Ge\u00e7en sezondan da\u011fda karlar\u0131n brandalarla g\u00fcne\u015f g\u00f6rmeyen yerlerde depolanmas\u0131 ve suni karlama sistemi sayesinde Erzurum\u2019daki Paland\u00f6ken Kayak Merkezi, T\u00fcrkiye\u2019de sezonu en erken a\u00e7an ve en ge\u00e7 kapatan merkez olma \u00f6zelli\u011fi ta\u015f\u0131yor.<\/p>\n\n\n\n<p>Uzunluklar\u0131 1 ile 14 kilometre aras\u0131nda de\u011fi\u015fen 55 pistte kayak yap\u0131labilen Paland\u00f6ken&#8217;de, k\u0131\u015f sezonu i\u00e7in depolanan karlar serilmeye ba\u015fland\u0131.<\/p>\n\n\n\n<p>Erzurum B\u00fcy\u00fck\u015fehir Belediyesi i\u015ftiraklerinden Ejder3200 A\u015e ekipleri, ge\u00e7en y\u0131ldan biriktirilen karlar\u0131 pistlere sererek \u00fczerine ise hava s\u0131cakl\u0131klar\u0131n\u0131n uygun dereceye gelmesiyle suni karlama yap\u0131yor.<\/p>\n\n\n\n<p>Uygun s\u0131cakl\u0131klarda gece-g\u00fcnd\u00fcz yap\u0131lan suni karlamalar ile k\u0131smen ya\u011fan do\u011fal kar\u0131n biriktirdi\u011fi kar y\u0131\u011f\u0131nlar\u0131, snowtrack ara\u00e7larla pistlere yay\u0131l\u0131yor.<\/p>\n\n\n\n<h3 class=\"wp-block-heading\">Kayak merkezi, sezona haz\u0131r hale geldi<\/h3>\n\n\n\n<p>B\u00fcy\u00fck\u015fehir Belediyesi Genel Sekreteri Zafer Aynal\u0131, AA muhabirine, Paland\u00f6ken Kayak Merkezi&#8217;nin kayak sezonuna haz\u0131r hale geldi\u011fini s\u00f6yledi.<\/p>\n\n\n\n<p>Bu seneki do\u011fal kar\u0131n ge\u00e7en y\u0131la g\u00f6re daha ge\u00e7 ya\u011fd\u0131\u011f\u0131n\u0131 ifade eden Aynal\u0131, suni karlama sistemlerinin de yard\u0131m\u0131yla \u00e7al\u0131\u015fmalar\u0131n tamamland\u0131\u011f\u0131n\u0131 anlatt\u0131.<\/p>\n\n\n\n<p>Aynal\u0131, &#8220;\u0130n\u015fallah birka\u00e7 g\u00fcn i\u00e7inde 10 kilometrelik pistimizde ger\u00e7ekle\u015ftirdi\u011fimiz \u00e7al\u0131\u015fmalar\u0131n ard\u0131ndan kaya\u011f\u0131 ba\u015flatm\u0131\u015f olaca\u011f\u0131z. Sezon \u00f6ncesi depolad\u0131\u011f\u0131m\u0131z karlar\u0131 alt temel olarak serdik. \u00dczerine suni karlar\u0131m\u0131z\u0131 \u00fcretiyoruz. K\u0131smen ya\u011fan do\u011fal kar ile de sezonu a\u00e7m\u0131\u015f olaca\u011f\u0131z. Kayakseverlerimiz rahatl\u0131kla kayak yapabilecekler. Ayr\u0131ca Kayak Federasyonumuzun organizasyonlar\u0131nda da herhangi bir aksakl\u0131k yok.&#8221; dedi.<\/p>\n\n\n\n<h3 class=\"wp-block-heading\">Sezon 150 g\u00fcne kadar uzayabiliyor<\/h3>\n\n\n\n<p>Paland\u00f6ken Kayak Merkezi&#8217;nde kayak sezonunun 120 g\u00fcn\u00fcn alt\u0131na d\u00fc\u015fmedi\u011fini belirten Aynal\u0131, kayak yap\u0131labilen g\u00fcn say\u0131s\u0131n\u0131n 150 g\u00fcnlere kadar \u00e7\u0131kabildi\u011fini, profesyonel kayak\u00e7\u0131lar i\u00e7in Ejder ve kuzey pistlerinde may\u0131s, haziran aylar\u0131na kadar kayak yap\u0131labildi\u011fini hat\u0131rlatt\u0131.<\/p>\n\n\n\n<p>Da\u011fda al\u0131nan g\u00fcvenlik \u00f6nlemlerine ve otellerdeki rezervasyonlara de\u011finen Aynal\u0131, \u015funlar\u0131 kaydetti:<\/p>\n\n\n\n<p>&#8220;B\u00fct\u00fcn pistlerimizde \u00e7\u0131\u011f \u00f6nleyici sistemlerimizi \u00e7al\u0131\u015ft\u0131r\u0131yoruz. Her g\u00fcn kayak ba\u015flamadan, sabahlar\u0131 bu sistemlerdeki patlatmalar\u0131m\u0131z\u0131 yap\u0131yoruz. D\u00fc\u015febilecek \u00e7\u0131\u011flar\u0131 d\u00fc\u015f\u00fcr\u00fcyoruz. Kayakseverlerimiz de g\u00f6n\u00fcl rahatl\u0131\u011f\u0131yla pistlerde kayaklar\u0131n\u0131 yapabiliyor. L\u00fctfen, kayakseverler bu g\u00fcvenilir pistlerimizin d\u0131\u015f\u0131nda hi\u00e7bir alanda kayak yapmas\u0131nlar. Otellerimiz de \u015fu an haz\u0131rl\u0131klar\u0131n\u0131 tamamen bitirdiler. Hem sosyal tesislerimiz, ihtiya\u00e7 alanlar\u0131m\u0131z, pistlerimiz, liftlerimiz, gondolumuz haz\u0131r. Kayakseverlerin Paland\u00f6ken&#8217;e olan ilgisi her y\u0131l art\u0131yor. Bu ger\u00e7e\u011fi rezervasyonlardan g\u00f6rebiliyoruz. Bu rezervasyonlarla bu seneyi daha dolu ge\u00e7irece\u011fimizi \u00f6ng\u00f6r\u00fcyoruz. Dolu dolu, kazas\u0131z belas\u0131z bir sezon ge\u00e7irmeyi \u00fcmit ediyoruz.&#8221;<\/p>\n\n\n\n<p>Kaynak: AA<\/p>\n","protected":false},"excerpt":{"rendered":"<p>Depolanan karlar\u0131n pistlere serilmesi ve suni karlama uygulamalar\u0131 sayesinde Paland\u00f6ken\u2019de kayak sezonu yak\u0131n zamanda ba\u015flayacak. Ge\u00e7en sezondan da\u011fda karlar\u0131n brandalarla g\u00fcne\u015f g\u00f6rmeyen yerlerde depolanmas\u0131 ve suni karlama sistemi sayesinde Erzurum\u2019daki Paland\u00f6ken Kayak Merkezi, T\u00fcrkiye\u2019de sezonu en erken a\u00e7an ve en ge\u00e7 kapatan merkez olma \u00f6zelli\u011fi ta\u015f\u0131yor. Uzunluklar\u0131 1 ile 14 kilometre aras\u0131nda de\u011fi\u015fen 55 pistte [&hellip;]<\/p>\n","protected":false},"author":1,"featured_media":7616,"comment_status":"open","ping_status":"open","sticky":false,"template":"","format":"standard","meta":{"footnotes":""},"categories":[1],"tags":[2857,1309,1510,2856,2858],"class_list":["post-7615","post","type-post","status-publish","format-standard","has-post-thumbnail","hentry","category-gundem","tag-ejder3200-as","tag-erzurum","tag-palandoken","tag-palandoken-kayak-merkezi","tag-zafer-aynali"],"_links":{"self":[{"href":"https:\/\/www.trabzonmanset.com\/index.php\/wp-json\/wp\/v2\/posts\/7615","targetHints":{"allow":["GET"]}}],"collection":[{"href":"https:\/\/www.trabzonmanset.com\/index.php\/wp-json\/wp\/v2\/posts"}],"about":[{"href":"https:\/\/www.trabzonmanset.com\/index.php\/wp-json\/wp\/v2\/types\/post"}],"author":[{"embeddable":true,"href":"https:\/\/www.trabzonmanset.com\/index.php\/wp-json\/wp\/v2\/users\/1"}],"replies":[{"embeddable":true,"href":"https:\/\/www.trabzonmanset.com\/index.php\/wp-json\/wp\/v2\/comments?post=7615"}],"version-history":[{"count":1,"href":"https:\/\/www.trabzonmanset.com\/index.php\/wp-json\/wp\/v2\/posts\/7615\/revisions"}],"predecessor-version":[{"id":7617,"href":"https:\/\/www.trabzonmanset.com\/index.php\/wp-json\/wp\/v2\/posts\/7615\/revisions\/7617"}],"wp:featuredmedia":[{"embeddable":true,"href":"https:\/\/www.trabzonmanset.com\/index.php\/wp-json\/wp\/v2\/media\/7616"}],"wp:attachment":[{"href":"https:\/\/www.trabzonmanset.com\/index.php\/wp-json\/wp\/v2\/media?parent=7615"}],"wp:term":[{"taxonomy":"category","embeddable":true,"href":"https:\/\/www.trabzonmanset.com\/index.php\/wp-json\/wp\/v2\/categories?post=7615"},{"taxonomy":"post_tag","embeddable":true,"href":"https:\/\/www.trabzonmanset.com\/index.php\/wp-json\/wp\/v2\/tags?post=7615"}],"curies":[{"name":"wp","href":"https:\/\/api.w.org\/{rel}","templated":true}]}}