{"id":7606,"date":"2025-12-12T21:00:00","date_gmt":"2025-12-12T18:00:00","guid":{"rendered":"https:\/\/www.trabzonmanset.com\/?p=7606"},"modified":"2025-12-12T22:19:04","modified_gmt":"2025-12-12T19:19:04","slug":"gazzede-etkili-olan-firtina-nedeniyle-hayatini-kaybedenlerin-sayisi-14e-yukseldi","status":"publish","type":"post","link":"https:\/\/www.trabzonmanset.com\/index.php\/2025\/12\/12\/gazzede-etkili-olan-firtina-nedeniyle-hayatini-kaybedenlerin-sayisi-14e-yukseldi\/","title":{"rendered":"Gazze&#8217;de etkili olan f\u0131rt\u0131na nedeniyle hayat\u0131n\u0131 kaybedenlerin say\u0131s\u0131 14&#8217;e y\u00fckseldi"},"content":{"rendered":"\n<p>Gazze&#8217;deki \u0130\u00e7i\u015fleri Bakanl\u0131\u011f\u0131, 10 Aral\u0131k&#8217;tan bu yana etkili olan f\u0131rt\u0131na nedeniyle hayat\u0131n\u0131 kaybedenlerin say\u0131s\u0131n\u0131n 14&#8217;e \u00e7\u0131kt\u0131\u011f\u0131n\u0131 duyurdu.<\/p>\n\n\n\n<p>Gazze&#8217;deki \u0130\u00e7i\u015fleri Bakanl\u0131\u011f\u0131ndan yap\u0131lan a\u00e7\u0131klamada, Gazze&#8217;de etkili olan \u015fiddetli ya\u011f\u0131\u015flar ve f\u0131rt\u0131na nedeniyle \u0130srail sald\u0131r\u0131lar\u0131nda hasar g\u00f6ren evlerin y\u0131k\u0131lmas\u0131n\u0131n ard\u0131ndan \u00f6l\u00fc say\u0131s\u0131n\u0131n artt\u0131\u011f\u0131 belirtildi.<\/p>\n\n\n\n<p>A\u00e7\u0131klamada, \u00f6l\u00fc say\u0131s\u0131n\u0131n 14&#8217;e y\u00fckseldi\u011fi aktar\u0131ld\u0131.<\/p>\n\n\n\n<p>Gazze&#8217;deki Sa\u011fl\u0131k Bakanl\u0131\u011f\u0131 verilerine g\u00f6re, \u00f6lenlerin 3&#8217;\u00fcn\u00fc \u00e7ocuklar olu\u015fturuyor.<\/p>\n\n\n\n<p>Gazze&#8217;de etkili olan so\u011fuk hava, \u015fiddetli ya\u011f\u0131\u015flar ve Byron f\u0131rt\u0131nas\u0131 derme \u00e7atma \u00e7ad\u0131rlarda temel ihtiya\u00e7lar\u0131n yoklu\u011funda hayat m\u00fccadelesi veren Filistinlilerin ac\u0131lar\u0131n\u0131 art\u0131r\u0131yor.<\/p>\n\n\n\n<p>Filistinliler, r\u00fczgarda u\u00e7an ve ya\u011fmurda sular alt\u0131nda kalan kullan\u0131lamaz haldeki \u00e7ad\u0131rlarda ya\u015famaktansa k\u0131smi hasarl\u0131 evlerde ya\u015famak zorunda kal\u0131yor.<\/p>\n\n\n\n<p>\u0130srail sald\u0131r\u0131lar\u0131nda hasar g\u00f6ren bu binalar f\u0131rt\u0131na nedeniyle y\u0131k\u0131larak sahiplerine mezar oluyor.<\/p>\n\n\n\n<p>Gazze&#8217;de Filistinlilerin ihtiya\u00e7 duydu\u011fu \u00e7ad\u0131rlar ve konteyner evlerin ula\u015ft\u0131r\u0131lamamas\u0131 b\u00f6lgedeki insani durumun d\u00fczelmemesinde ba\u015fl\u0131ca sebepler aras\u0131nda g\u00f6steriliyor.<\/p>\n\n\n\n<p>Gazze&#8217;deki makamlardan daha \u00f6nce yap\u0131lan a\u00e7\u0131klamada, f\u0131rt\u0131na ve \u00e7\u00f6ken evlerin enkaz\u0131nda kalma sonucu 13 ki\u015finin ya\u015fam\u0131n\u0131 yitirdi\u011fi belirtilmi\u015fti.<\/p>\n\n\n\n<h3 class=\"wp-block-heading\">Gazze&#8217;de hava \u015fartlar\u0131 nedeniyle&nbsp;&nbsp;en az 13 ev \u00e7\u00f6kt\u00fc<\/h3>\n\n\n\n<p>Gazze&#8217;deki h\u00fck\u00fcmete ba\u011fl\u0131 Medya Ofisi taraf\u0131ndan yap\u0131lan a\u00e7\u0131klamada, Gazze \u015eeridi&#8217;nde \u0130srail sald\u0131r\u0131lar\u0131 nedeniyle yerinden edilenlerin s\u0131\u011f\u0131nd\u0131\u011f\u0131 27 bin \u00e7ad\u0131r\u0131n sa\u011fanak ya\u011f\u0131\u015flar\u0131n yol a\u00e7t\u0131\u011f\u0131 sel suyuna kap\u0131ld\u0131\u011f\u0131 ya da \u015fiddetli r\u00fczgarlar nedeniyle yerinden s\u00f6k\u00fcld\u00fc\u011f\u00fc belirtildi.<\/p>\n\n\n\n<p>A\u00e7\u0131klamada, \u0130srail&#8217;in 300 bin \u00e7ad\u0131r, mobil ev ve karavan\u0131n yan\u0131 s\u0131ra yard\u0131m ve bar\u0131nma malzemelerinin giri\u015fini engellemek i\u00e7in s\u0131n\u0131r kap\u0131lar\u0131n\u0131 kapatmaya devam etti\u011fi, ayr\u0131ca yerinden edilmi\u015f ki\u015filer i\u00e7in alternatif s\u0131\u011f\u0131naklar haz\u0131rlanmas\u0131n\u0131 da engelledi\u011fi kaydedildi.<\/p>\n\n\n\n<p>Gazze \u015eeridi\u2019nin t\u00fcm b\u00f6lgelerinde, hava \u015fartlar\u0131 ve daha \u00f6nce bombalanm\u0131\u015f binalar\u0131n \u00e7\u00f6kmesi sonucu enkaz alt\u0131nda kalanlar\u0131n da aralar\u0131nda bulundu\u011fu belirtilen a\u00e7\u0131klamada, &#8220;En son Gazze kentindeki Kerame ve \u015eeyh R\u0131dvan mahallelerinde olmak \u00fczere en az 13 ev \u00e7\u00f6kt\u00fc. Sivil savunma ekipleri hala y\u00fczlerce \u00e7a\u011fr\u0131 ve yard\u0131m talebiyle m\u00fccadele ediyor.&#8221; ifadeleri kullan\u0131ld\u0131.<\/p>\n\n\n\n<p>A\u00e7\u0131klamada, Gazze \u015eeridi\u2019ni etkisi alt\u0131na alan sert hava ko\u015fullar\u0131n\u0131n beraberinde getirdi\u011fi \u201c\u015fiddetli sel ak\u0131nt\u0131lar\u0131, su ta\u015fk\u0131nlar\u0131, kuvvetli r\u00fczgar, y\u00fcksek dalgalar ve g\u00f6k g\u00fcr\u00fclt\u00fcl\u00fc f\u0131rt\u0131nalar\u201d nedeniyle bir bu\u00e7uk milyon yerinden edilmi\u015f ki\u015finin do\u011frudan bo\u011fulma ve evlerin \u00e7\u00f6kmesi tehlikesiyle kar\u015f\u0131 kar\u015f\u0131ya kald\u0131\u011f\u0131 belirtildi.<\/p>\n\n\n\n<p>Son \u00fc\u00e7 g\u00fcnd\u00fcr devam eden kutup k\u00f6kenli \u201cByron\u201d f\u0131rt\u0131nas\u0131, \u0130srail\u2019in iki y\u0131ld\u0131r s\u00fcren sald\u0131r\u0131lar\u0131ndan kurtulan binlerce Filistinlinin bar\u0131nd\u0131\u011f\u0131 \u00e7ad\u0131rlar\u0131 su alt\u0131nda b\u0131rakarak Gazze \u015eeridi\u2019ndeki insani krizi daha da derinle\u015ftiriyor.<\/p>\n\n\n\n<h3 class=\"wp-block-heading\">Gazze&#8217;de \u015fiddetli ya\u011f\u0131\u015f nedeniyle hasarl\u0131 yap\u0131lar \u00e7\u00f6kt\u00fc, 3 Filistinli daha hayat\u0131n\u0131 kaybetti<\/h3>\n\n\n\n<p>Gazze \u015eeridi&#8217;nde son 24 saatte \u015fiddetli ya\u011f\u0131\u015f sonras\u0131 \u00e7\u00f6ken yap\u0131lar\u0131n alt\u0131nda kalarak ya da so\u011fuktan donarak ya\u015fam\u0131n\u0131 yitirenlerin say\u0131s\u0131 5&#8217;e y\u00fckseldi.<\/p>\n\n\n\n<p>Gazze kentinin orta kesiminde \u015fiddetli ya\u011f\u0131\u015f nedeniyle bir duvar\u0131n, \u00e7ad\u0131rlar\u0131n\u0131n \u00fczerine y\u0131k\u0131lmas\u0131 sonucu Filistinli karde\u015fler H\u0131d\u0131r ve Halil \u0130hab Hannune ya\u015fam\u0131n\u0131 yitirdi. Olayda \u00e7ok say\u0131da ki\u015fi de yaraland\u0131.<\/p>\n\n\n\n<p>Gazze kentinin bat\u0131s\u0131ndaki liman b\u00f6lgesinde ise ya\u011fmur ve r\u00fczgar\u0131n etkisiyle bir \u00e7ad\u0131r\u0131n \u00e7\u00f6kt\u00fc\u011f\u00fc, aralar\u0131nda \u00e7ocuklar\u0131n da bulundu\u011fu \u00e7ok say\u0131da ki\u015finin yaraland\u0131\u011f\u0131 belirtildi.<\/p>\n\n\n\n<p>\u0130srail&#8217;in \u00e7ad\u0131r ve bar\u0131nma malzemeleri giri\u015fine izin vermedi\u011fi, y\u00fcz binlerce ki\u015finin y\u0131pranm\u0131\u015f \u00e7ad\u0131rlarda ya\u015fad\u0131\u011f\u0131 Gazze \u015eeridi&#8217;nde, \u00e7ar\u015famba g\u00fcn\u00fcnden bu yana etkili olan so\u011fuk hava dalgas\u0131 can almaya devam ediyor.<\/p>\n\n\n\n<p>Gazze \u015eeridi&#8217;nde yakla\u015f\u0131k 250 bin aile, ya\u011fmurdan ya da so\u011fuktan hi\u00e7bir koruma sa\u011flamayan y\u0131pranm\u0131\u015f \u00e7ad\u0131rlarda hayatta kalma m\u00fccadelesi veriyor.<\/p>\n\n\n\n<p>Gazze&#8217;deki sivillerin en temel bar\u0131nma ihtiya\u00e7lar\u0131n\u0131n kar\u015f\u0131lanabilmesi i\u00e7in en az 300 bin \u00e7ad\u0131r ve prefabrik eve ihtiya\u00e7 duyuluyor.<\/p>\n\n\n\n<h3 class=\"wp-block-heading\">Gazze \u015eeridi&#8217;nde so\u011fuk hava nedeniyle 2 \u00e7ocuk daha hayat\u0131n\u0131 kaybetti<\/h3>\n\n\n\n<p>\u015eifa Hastanesinden al\u0131nan bilgiye g\u00f6re, \u0130srail sald\u0131r\u0131lar\u0131 sonucu s\u0131\u011f\u0131nma merkezine d\u00f6n\u00fc\u015ft\u00fcr\u00fclen bir okulda ya\u015fayan 9 ya\u015f\u0131ndaki Filistinli Hedil Hamede, \u015fiddetli so\u011fuk ve k\u00f6t\u00fc hava ko\u015fullar\u0131 nedeniyle hayat\u0131n\u0131 kaybetti.<\/p>\n\n\n\n<p>Ailesiyle Gazze kentinin bat\u0131s\u0131ndaki \u015eati M\u00fclteci Kamp\u0131\u2019nda \u0130srail sald\u0131r\u0131s\u0131nda a\u011f\u0131r hasar alan evlerinin enkaz\u0131 aras\u0131nda ya\u015fayan Teym el-Havaca isimli bebe\u011fin de \u015fiddetli so\u011fuk nedeniyle hayat\u0131n\u0131 kaybetti\u011fi aktar\u0131ld\u0131.<\/p>\n\n\n\n<p>Gazze\u2019de 10 Aral\u0131k \u00c7ar\u015famba g\u00fcn\u00fc ba\u015flayan so\u011fuk hava dalgas\u0131 nedeniyle hayat\u0131n\u0131 kaybeden \u00e7ocuklar\u0131n say\u0131s\u0131 3\u2019e y\u00fckseldi.<\/p>\n\n\n\n<p>Gazze&#8217;deki Sa\u011fl\u0131k Bakanl\u0131\u011f\u0131 Genel M\u00fcd\u00fcr\u00fc M\u00fcnir el-Bur\u015f, d\u00fcn Gazze \u015eeridi\u2019nin g\u00fcneyindeki Han Yunus\u2019ta \u0130srail sald\u0131r\u0131lar\u0131 nedeniyle yerinden edilenlerin s\u0131\u011f\u0131nd\u0131\u011f\u0131 ve \u015fiddetli ya\u011f\u0131\u015ftan dolay\u0131 su alt\u0131nda kalan \u00e7ad\u0131rda bir bebe\u011fin so\u011fuktan \u00f6ld\u00fc\u011f\u00fcn\u00fc belirtmi\u015fti.<\/p>\n\n\n\n<p>Son \u00fc\u00e7 g\u00fcnd\u00fcr devam eden kutup k\u00f6kenli \u201cByron\u201d f\u0131rt\u0131nas\u0131, \u0130srail\u2019in iki y\u0131ld\u0131r s\u00fcren sald\u0131r\u0131lar\u0131ndan kurtulan binlerce Filistinlinin bar\u0131nd\u0131\u011f\u0131 \u00e7ad\u0131rlar\u0131 su alt\u0131nda b\u0131rakarak Gazze \u015eeridi\u2019ndeki insani krizi daha da derinle\u015ftiriyor.<\/p>\n\n\n\n<h3 class=\"wp-block-heading\">Gazze&#8217;nin kuzeyinde f\u0131rt\u0131na nedeniyle \u00e7\u00f6ken bir binan\u0131n enkaz\u0131ndan 6 Filistinlinin cenazesi \u00e7\u0131kar\u0131ld\u0131<\/h3>\n\n\n\n<p>Sivil Savunma M\u00fcd\u00fcrl\u00fc\u011f\u00fcnden yap\u0131lan yaz\u0131l\u0131 a\u00e7\u0131klamada, Cibaliya&#8217;n\u0131n Bir en-Necca b\u00f6lgesindeki binan\u0131n, 3 g\u00fcnd\u00fcr devam eden \u015fiddetli f\u0131rt\u0131na ve yo\u011fun ya\u011f\u0131\u015flar nedeniyle \u00e7\u00f6kt\u00fc\u011f\u00fc belirtildi.<\/p>\n\n\n\n<p>A\u00e7\u0131klamada, arama kurtarma ekiplerinin, Bedran ailesine ait binan\u0131n enkaz\u0131ndan 6 ki\u015finin naa\u015f\u0131n\u0131 \u00e7\u0131kard\u0131\u011f\u0131 aktar\u0131ld\u0131.<\/p>\n\n\n\n<h3 class=\"wp-block-heading\">Do\u011fu Kud\u00fcs&#8217;te bir Filistinli so\u011fuktan hayat\u0131n\u0131 kaybetti<\/h3>\n\n\n\n<p>\u0130srail acil yard\u0131m servisi K\u0131z\u0131l Davut Y\u0131ld\u0131z\u0131&#8217;n\u0131n ABD merkezli X \u015firketinin sosyal medya platformundaki hesab\u0131ndan yap\u0131lan a\u00e7\u0131klamada, sabah saatlerinde \u00e7a\u011fr\u0131 merkezine, \u015eeyh Cerrah Mahallesinde bilinci kapal\u0131 bir adam\u0131n bulundu\u011fu y\u00f6n\u00fcnde ihbar geldi\u011fi kaydedildi.<\/p>\n\n\n\n<p>A\u00e7\u0131klamada, hipotermi ya\u015fayan ve v\u00fccudunda hi\u00e7bir ya\u015fam belirtisi bulunmayan 50 ya\u015flar\u0131ndaki adam\u0131n hayat\u0131n\u0131 kaybetti\u011fi ifade edildi.<\/p>\n\n\n\n<p>\u0130srail devlet televizyonu ise adam\u0131n cesedinin \u015eeyh Cerrah Mahallesinde k\u00fc\u00e7\u00fck bir su birikintisinin i\u00e7inde bulundu\u011fu bilgisini payla\u015ft\u0131.<\/p>\n\n\n\n<p>Televizyonun haberinde bir g\u00fcn \u00f6nce de Netanya&#8217;da 53 ya\u015f\u0131nda bir adam\u0131n benzer \u015fekilde (hipotermi nedeniyle) hayat\u0131n\u0131 kaybetti\u011fi aktar\u0131ld\u0131.<\/p>\n\n\n\n<p>\u00dclkenin d\u00fcn \u015fiddetli ya\u011f\u0131\u015f\u0131n etkisi alt\u0131na girdi\u011fi ve pek \u00e7ok b\u00f6lgede evler ile yollar\u0131n sular alt\u0131nda kald\u0131\u011f\u0131 dile getirildi.<\/p>\n\n\n\n<p>K\u0131z\u0131l Davut Y\u0131ld\u0131z\u0131&#8217;n\u0131n bu konuyla ilgili a\u00e7\u0131klamas\u0131nda ise Askalan&#8217;daki (A\u015fkelon) Beit Shikma yerle\u015fiminde evleri su bast\u0131\u011f\u0131 ve insanlar\u0131n i\u00e7erde mahsur kald\u0131\u011f\u0131 bilgisi payla\u015f\u0131ld\u0131.<\/p>\n\n\n\n<p>A\u00e7\u0131klamada, 7 ki\u015finin hastaneye kald\u0131r\u0131ld\u0131\u011f\u0131, 60 ya\u015flar\u0131ndaki bir yaral\u0131da hipotermi belirtileri g\u00f6r\u00fcld\u00fc\u011f\u00fc belirtildi.<\/p>\n\n\n\n<h3 class=\"wp-block-heading\">A\u015f\u0131r\u0131 ya\u011f\u0131\u015f ve f\u0131rt\u0131na Gazze&#8217;deki Filistinlilerin \u00e7ekti\u011fi \u00e7ileyi art\u0131r\u0131yor<\/h3>\n\n\n\n<p>\u0130srail&#8217;in Ekim 2023&#8217;te ba\u015flatt\u0131\u011f\u0131 2 y\u0131ll\u0131k soyk\u0131r\u0131m nedeniyle Gazze&#8217;de ya\u015fayan yakla\u015f\u0131k 2,3 milyon Filistinli, en b\u00fcy\u00fck insani krizlerden biriyle kar\u015f\u0131 kar\u015f\u0131ya.<\/p>\n\n\n\n<p>Birle\u015fmi\u015f Milletler (BM) verilerine g\u00f6re, \u0130srail&#8217;in sald\u0131r\u0131lar\u0131nda Gazze&#8217;de 282 binden fazla ev y\u0131k\u0131ld\u0131 veya hasar g\u00f6rd\u00fc, bu da b\u00f6lgedeki yap\u0131lar\u0131n yakla\u015f\u0131k y\u00fczde 90&#8217;\u0131na denk geliyor.<\/p>\n\n\n\n<p>Var\u0131lan ate\u015fkese ra\u011fmen \u0130srail, Gazze&#8217;ye konteyner evlerin giri\u015fine b\u00fcy\u00fck oranda izin vermedi. Bu nedenle Gazze&#8217;deki Filistinlilerin b\u00fcy\u00fck b\u00f6l\u00fcm\u00fc derme \u00e7atma \u00e7ad\u0131rlarda ya\u015fam m\u00fccadelesi veriyor.<\/p>\n\n\n\n<p>\u0130srail&#8217;in 2 y\u0131ll\u0131k soyk\u0131r\u0131m\u0131nda katliamlarla, a\u00e7l\u0131kla ve zorunlu g\u00f6\u00e7le m\u00fccadele eden Filistinliler kald\u0131klar\u0131 derme \u00e7atma \u00e7ad\u0131rlarda hayata tutunmaya \u00e7al\u0131\u015f\u0131yor.<\/p>\n\n\n\n<p>B\u00f6lgede etkili olan a\u015f\u0131r\u0131 ya\u011f\u0131\u015flar ve f\u0131rt\u0131na nedeniyle Gazze&#8217;deki Filistinlilerin \u00e7ilesi daha da artt\u0131. G\u0131da s\u0131k\u0131nt\u0131s\u0131 ve bar\u0131nma sorunu \u00e7eken Filistinlilerin kald\u0131\u011f\u0131 \u00e7ad\u0131rlar\u0131 a\u015f\u0131r\u0131 ya\u011f\u0131\u015flar nedeniyle su bast\u0131.<\/p>\n\n\n\n<p>\u00c7oluk \u00e7ocuk binlerce Filistinli, gidecek yerleri olmad\u0131\u011f\u0131 i\u00e7in ya\u011fmur sular\u0131yla dolan \u00e7ad\u0131rlarda ya\u015famak zorunda kald\u0131.<\/p>\n\n\n\n<h3 class=\"wp-block-heading\">BM: Gazze&#8217;de Byron F\u0131rt\u0131nas\u0131 nedeniyle, yerinden edilmi\u015f yakla\u015f\u0131k 795 bin ki\u015fi sel riski alt\u0131nda<\/h3>\n\n\n\n<p>IOM, konuya ili\u015fkin yaz\u0131l\u0131 a\u00e7\u0131klama yapt\u0131.<\/p>\n\n\n\n<p>&#8220;Gazze&#8217;de Byron F\u0131rt\u0131nas\u0131&#8217;n\u0131n karaya ula\u015fmas\u0131yla yakla\u015f\u0131k 795 bin yerinden edilmi\u015f Filistinli sel riski alt\u0131nda&#8221; ifadesinin kullan\u0131ld\u0131\u011f\u0131 a\u00e7\u0131klamada, f\u0131rt\u0131nan\u0131n bu hafta ba\u015flar\u0131nda Gazze&#8217;ye ula\u015fmadan \u00f6nce Yunanistan ve K\u0131br\u0131s adas\u0131nda \u015fiddetli sel bask\u0131nlar\u0131na neden oldu\u011funa i\u015faret edildi.<\/p>\n\n\n\n<p>A\u00e7\u0131klamada, gelecek saatlerde ya\u011f\u0131\u015flar\u0131n devam etmesinin ve zaten g\u00fcvensiz bar\u0131naklarda ya\u015fayan aileler i\u00e7in ko\u015fullar\u0131n daha da zorla\u015fmas\u0131n\u0131n \u00f6ng\u00f6r\u00fcld\u00fc\u011f\u00fc aktar\u0131ld\u0131.<\/p>\n\n\n\n<p>Yerinden edilmi\u015f ki\u015filerin kald\u0131\u011f\u0131 \u00e7ok say\u0131da yerle\u015fim yerinde \u015fiddetli ya\u011fmurun etkili olmaya ba\u015flad\u0131\u011f\u0131na ve orta \u015fiddette ya\u011fmurun bile h\u0131zla tehlikeli hale gelebilece\u011fine de\u011finilen a\u00e7\u0131klamada, &#8220;Ate\u015fkes anla\u015fmas\u0131na ra\u011fmen yerinden edilmi\u015f Filistinliler, y\u00fckselen su seviyelerine kar\u015f\u0131 \u00e7ok az koruma sa\u011flanan a\u015f\u0131r\u0131 kalabal\u0131k alanlarda ya\u015famaya devam ediyor.&#8221; ifadesi kullan\u0131ld\u0131.<\/p>\n\n\n\n<h3 class=\"wp-block-heading\">&#8220;Gazze&#8217;ye acil ve engelsiz eri\u015fim \u015fart&#8221;<\/h3>\n\n\n\n<p>A\u00e7\u0131klamada g\u00f6r\u00fc\u015flerine yer verilen IOM Genel Direkt\u00f6r\u00fc Amy Pope, Gazze&#8217;deki insanlar\u0131n \u00e7ok uzun zamand\u0131r kay\u0131p ve korku i\u00e7inde ya\u015fad\u0131\u011f\u0131n\u0131n alt\u0131n\u0131 \u00e7izdi<\/p>\n\n\n\n<p>Pope, &#8220;Bu f\u0131rt\u0131na karaya vurduktan sonra, aileler \u00e7ocuklar\u0131n\u0131 ellerindeki her \u015feyle korumaya \u00e7al\u0131\u015f\u0131yor. Bu belirsizlikten daha fazlas\u0131n\u0131, g\u00fcvenli\u011fi hak ediyorlar. Gazze&#8217;ye acil ve engelsiz eri\u015fim \u015fart. B\u00f6ylece bu son derece zor ko\u015fullarda hayatta kalmak i\u00e7in ellerinden gelen her \u015feyi yapanlara malzemeler ula\u015fabilir.&#8221; de\u011ferlendirmesinde bulundu.<\/p>\n\n\n\n<p>Son \u00fc\u00e7 g\u00fcnd\u00fcr devam eden kutup k\u00f6kenli Byron F\u0131rt\u0131nas\u0131, \u0130srail&#8217;in iki y\u0131l\u0131 a\u015fk\u0131n s\u00fcredir devam eden sald\u0131r\u0131lar\u0131ndan kurtulan binlerce Filistinlinin bar\u0131nd\u0131\u011f\u0131 \u00e7ad\u0131rlar\u0131 su alt\u0131nda b\u0131rakarak Gazze \u015eeridi&#8217;ndeki insani krizi daha da derinle\u015ftiriyor.<\/p>\n\n\n\n<h3 class=\"wp-block-heading\">DS\u00d6, Gazze&#8217;de son 24 saatte \u015fiddetli ya\u011f\u0131\u015f nedeniyle en az 10 ki\u015finin \u00f6ld\u00fc\u011f\u00fcn\u00fc bildirdi<\/h3>\n\n\n\n<p>Peeperkorn, Birle\u015fmi\u015f Milletler (BM) Cenevre Ofisi&#8217;nin haftal\u0131k bas\u0131n toplant\u0131s\u0131na \u00e7evrim i\u00e7i kat\u0131larak de\u011ferlendirmelerde bulundu.<\/p>\n\n\n\n<p>Gazze&#8217;de 36 hastaneden 18&#8217;inin k\u0131smen i\u015flevsel oldu\u011funu s\u00f6yleyen Peeperkorn, bir\u00e7ok hastal\u0131k i\u00e7in ihtiya\u00e7 duyulan ila\u00e7 ve t\u0131bbi malzemelerde ciddi k\u0131tl\u0131k ya\u015fand\u0131\u011f\u0131n\u0131 dile getirdi.<\/p>\n\n\n\n<p>Peeperkorn, ate\u015fkese ra\u011fmen ila\u00e7 ve t\u0131bbi ekipmanlar\u0131n Gazze&#8217;ye giri\u015f s\u00fcrecinin gereksiz yere yava\u015f, uzun ve karma\u015f\u0131k olmaya devam etti\u011fini belirtti.<\/p>\n\n\n\n<p>&#8220;T\u0131bbi malzemelerin Gazze&#8217;ye giri\u015fine genel bir onay verilmeli.&#8221; diyen Peeperkorn, acil ihtiya\u00e7lar\u0131n kar\u015f\u0131lanabilmesi i\u00e7in sevkiyatlar\u0131n h\u0131zland\u0131r\u0131lmas\u0131 gerekti\u011finin alt\u0131n\u0131 \u00e7izdi.<\/p>\n\n\n\n<p>Peeperkorn, kutup k\u00f6kenli Byron F\u0131rt\u0131nas\u0131&#8217;n\u0131n Gazze&#8217;yi \u015fiddetle etkiledi\u011fine ve halihaz\u0131rda yerinden edilmi\u015f ailelerin ac\u0131lar\u0131n\u0131 daha da derinle\u015ftirdi\u011fine i\u015faret etti.<\/p>\n\n\n\n<h3 class=\"wp-block-heading\">&#8220;Hala 18 bin 500&#8217;den fazla hasta tahliye edilmeyi bekliyor&#8221;<\/h3>\n\n\n\n<p>So\u011fuk ve ya\u011f\u0131\u015fl\u0131 k\u0131\u015f mevsiminin ba\u015flad\u0131\u011f\u0131na, su ve sanitasyon sistemlerinin ciddi \u015fekilde bozulmas\u0131yla birlikte insanlar\u0131n hastal\u0131klara kar\u015f\u0131 daha da savunmas\u0131z hale geldi\u011fine dikkati \u00e7eken Peeperkorn, &#8220;Binlerce aile, koruyucu bariyer bulunmayan al\u00e7ak veya enkaz dolu k\u0131y\u0131 b\u00f6lgelerinde bar\u0131n\u0131yor. Son 24 saatte \u015fiddetli ya\u011fmurlar nedeniyle en az 10 ki\u015finin \u00f6ld\u00fc\u011f\u00fc bildirildi. Bu durum, gidecek g\u00fcvenli yeri olmayan ailelerin kar\u015f\u0131 kar\u015f\u0131ya kald\u0131\u011f\u0131 ya\u015fam\u0131 tehdit eden ko\u015fullar\u0131 vurguluyor.&#8221; ifadesini kulland\u0131.<\/p>\n\n\n\n<p>Peeperkorn, Gazze&#8217;de Ekim 2023&#8217;ten bu yana t\u0131bbi tahliyesi ger\u00e7ekle\u015ftirilen toplam hasta say\u0131s\u0131n\u0131n 10 bin 645 oldu\u011funu, hala 18 bin 500&#8217;den fazla hastan\u0131n tahliye edilmeyi bekledi\u011fini dile getirdi.<\/p>\n\n\n\n<h3 class=\"wp-block-heading\">\u0130n\u015faat malzemelerinin giri\u015fine de izin verilmiyor<\/h3>\n\n\n\n<p>BM Uluslararas\u0131 G\u00f6\u00e7 \u00d6rg\u00fct\u00fc taraf\u0131ndan yap\u0131lan yaz\u0131l\u0131 a\u00e7\u0131klamada da Gazze&#8217;ye y\u00f6nelik eri\u015fim k\u0131s\u0131tlamalar\u0131n\u0131n yan\u0131 s\u0131ra in\u015faat malzemelerinin giri\u015fine de izin verilmedi\u011fi belirtildi.<\/p>\n\n\n\n<p>A\u00e7\u0131klamada, eri\u015fimi engellenen bu in\u015faat malzemelerinin, s\u00fcrekli ya\u011fan ya\u011fmurlara kar\u015f\u0131 bar\u0131naklar\u0131n onar\u0131m\u0131 ve g\u00fc\u00e7lendirilmesi ile b\u00f6lgelerdeki sellerin \u00f6nlenmesi i\u00e7in hayati \u00f6nem ta\u015f\u0131d\u0131\u011f\u0131na i\u015faret edildi.<\/p>\n\n\n\n<p>Son 3 g\u00fcnd\u00fcr devam eden kutup k\u00f6kenli Byron F\u0131rt\u0131nas\u0131, \u0130srail&#8217;in 2 y\u0131l\u0131 a\u015fk\u0131n s\u00fcredir devam eden sald\u0131r\u0131lar\u0131ndan kurtulan binlerce Filistinlinin bar\u0131nd\u0131\u011f\u0131 \u00e7ad\u0131rlar\u0131 su alt\u0131nda b\u0131rakarak, Gazze \u015eeridi&#8217;ndeki insani krizini daha da derinle\u015ftiriyor.<\/p>\n\n\n\n<h3 class=\"wp-block-heading\">UNICEF, Gazze&#8217;de sadece bu hafta so\u011fuk nedeniyle 5 ya\u015f alt\u0131 2 \u00e7ocu\u011fun \u00f6ld\u00fc\u011f\u00fcn\u00fc bildirdi<\/h3>\n\n\n\n<p>Birle\u015fmi\u015f Milletler Uluslararas\u0131 \u00c7ocuklara Yard\u0131m Fonu (UNICEF) S\u00f6zc\u00fcs\u00fc Ricardo Pires, BM Cenevre Ofisi&#8217;nin haftal\u0131k bas\u0131n toplant\u0131s\u0131nda de\u011ferlendirmelerde bulundu.<\/p>\n\n\n\n<p>Gazze&#8217;de \u00e7ocuklar i\u00e7in durumun son derece vahim oldu\u011funa i\u015faret eden Pires, son birka\u00e7 g\u00fcnd\u00fcr Gazze \u015eeridi&#8217;nde etkili olan g\u00fc\u00e7l\u00fc f\u0131rt\u0131nalar nedeniyle \u00e7o\u011funlu\u011fu \u00e7ocuk 800 binden fazla Gazzelinin sel riski alt\u0131nda oldu\u011funu s\u00f6yledi.<\/p>\n\n\n\n<p>Pires, &#8220;Sadece bu hafta bile so\u011fuk hava nedeniyle \u00f6len bebek veya 5 ya\u015f alt\u0131 2 \u00e7ocuk hakk\u0131nda raporlar g\u00f6rd\u00fck. Yard\u0131mlar\u0131n daha h\u0131zl\u0131 ula\u015ft\u0131r\u0131lmas\u0131 ve k\u0131\u015f nedeniyle \u00e7ocuk \u00f6l\u00fcmlerinin \u00f6nlenmesi konusunda ders almad\u0131\u011f\u0131m\u0131z a\u00e7\u0131k\u00e7a g\u00f6r\u00fcl\u00fcyor. Ekiplerimiz, ailelere elinden geldi\u011fince destek sa\u011flamak i\u00e7in sahada. Ancak yine de \u00f6nlenebilir nedenlerden \u00f6lmeye devam eden Gazze&#8217;deki en savunmas\u0131z \u00e7ocuklar\u0131 topluca ihmal ediyoruz.&#8221; diye konu\u015ftu.<\/p>\n\n\n\n<p>\u0130srail yetkilileri taraf\u0131ndan baz\u0131 malzemelerin giri\u015fine izin verilmedi\u011fini belirten Pires, bunlar aras\u0131nda su tankerleri i\u00e7in yedek par\u00e7alar, jenerat\u00f6rler, su sistemlerini onarmak ve ar\u0131tmak i\u00e7in gerekli malzemelerin yer ald\u0131\u011f\u0131n\u0131 kaydetti.<\/p>\n\n\n\n<p>Pires, &#8220;T\u00fcm bu malzemelerin Gazze \u015eeridi&#8217;ne acilen giri\u015fine izin verilmesini talep ediyoruz.&#8221; dedi.<\/p>\n\n\n\n<p>Gazze&#8217;de ate\u015fkesin ba\u015flad\u0131\u011f\u0131 10 Ekim&#8217;den bu yana Gazze&#8217;de 82 \u00e7ocu\u011fun \u00f6ld\u00fcr\u00fcld\u00fc\u011f\u00fcn\u00fc ifade eden Pires, bunun da \u015fok edici bir durum oldu\u011funu vurgulad\u0131.<\/p>\n\n\n\n<h3 class=\"wp-block-heading\">Hamas, insani durumun d\u00fczelmedi\u011fi Gazze&#8217;de &#8220;soyk\u0131r\u0131m\u0131n farkl\u0131 ara\u00e7larla s\u00fcrd\u00fc\u011f\u00fcn\u00fc&#8221; duyurdu<\/h3>\n\n\n\n<p>Hamas S\u00f6zc\u00fcs\u00fc Haz\u0131m Kas\u0131m, Gazze&#8217;de etkili olan f\u0131rt\u0131na ve evlerin y\u0131k\u0131lmas\u0131n\u0131n ard\u0131ndan ya\u015fanan can kay\u0131plar\u0131na ili\u015fkin a\u00e7\u0131klamada bulundu.<\/p>\n\n\n\n<p>Kas\u0131m, &#8220;Gazze&#8217;deki f\u0131rt\u0131na ve bunun sonucunda evlerin y\u0131k\u0131lmas\u0131n\u0131n ard\u0131ndan hayat\u0131n\u0131 kaybedenlerin olmas\u0131 (\u0130srail&#8217;in) soyk\u0131r\u0131m felaketinin devam\u0131d\u0131r.&#8221; ifadesini kulland\u0131.<\/p>\n\n\n\n<p>Uluslararas\u0131 sistemin Gazze&#8217;ye yard\u0131m ula\u015ft\u0131rmak i\u00e7in &#8220;aciz kald\u0131\u011f\u0131na&#8221; vurgu yapan Kas\u0131m, uluslararas\u0131 toplumun Gazze&#8217;deki Filistinlilere uygulanan ablukay\u0131 k\u0131rmada da ba\u015far\u0131s\u0131z oldu\u011funu aktard\u0131.<\/p>\n\n\n\n<p>Kas\u0131m, &#8220;Gazze&#8217;de \u00e7ad\u0131rlar\u0131n sular alt\u0131nda kalmas\u0131, so\u011fuk hava ve evlerin y\u0131k\u0131lmas\u0131 nedeniyle \u00f6l\u00fcmlerin ya\u015fanmas\u0131 soyk\u0131r\u0131m\u0131n farkl\u0131 ara\u00e7larla devam etti\u011fini do\u011fruluyor.&#8221; a\u00e7\u0131klamas\u0131nda bulundu.<\/p>\n\n\n\n<p>Hamas S\u00f6zc\u00fcs\u00fc, Gazze&#8217;de yeniden in\u015fa s\u00fcrecinin bir an \u00f6nce ba\u015flat\u0131lmas\u0131 ve konut ihtiyac\u0131n\u0131n kar\u015f\u0131lanmas\u0131 \u00fczerinden soyk\u0131r\u0131ma son verilmesi i\u00e7in t\u00fcm taraflar\u0131n ciddi \u00e7aba g\u00f6stermesi gerekti\u011finin alt\u0131n\u0131 \u00e7izdi.<\/p>\n\n\n\n<p>Gazze&#8217;de etkili olan so\u011fuk hava, \u015fiddetli ya\u011f\u0131\u015flar ve Byron f\u0131rt\u0131nas\u0131 derme \u00e7atma \u00e7ad\u0131rlarda temel ihtiya\u00e7lar\u0131n yoklu\u011funda hayat m\u00fccadelesi veren Filistinlilerin ac\u0131lar\u0131n art\u0131r\u0131yor.<\/p>\n\n\n\n<p>\u0130srail sald\u0131r\u0131lar\u0131nda hasar alan bir\u00e7ok bina f\u0131rt\u0131nan\u0131n etkisiyle \u00e7\u00f6kt\u00fc ve can kay\u0131plar\u0131na yol a\u00e7t\u0131.<\/p>\n\n\n\n<p>Gazze&#8217;deki Sivil Savunma M\u00fcd\u00fcrl\u00fc\u011f\u00fc, Cibaliya&#8217;da \u0130srail ordusunun bombard\u0131man\u0131 nedeniyle zarar g\u00f6ren bir binan\u0131n f\u0131rt\u0131na nedeniyle \u00e7\u00f6kmesi sonucu 6 Filistinlinin hayat\u0131n\u0131 kaybetti\u011fini duyurmu\u015ftu.<\/p>\n\n\n\n<h3 class=\"wp-block-heading\">Filistinli yetkiliden Bat\u0131 \u015eeria\u2019daki yeni yerle\u015fimleri durdurmak i\u00e7in acil m\u00fcdahale \u00e7a\u011fr\u0131s\u0131<\/h3>\n\n\n\n<p>\u00d6te yandan, Filistin Kurtulu\u015f \u00d6rg\u00fct\u00fc&#8217;ne (FK\u00d6) ba\u011fl\u0131 Ayr\u0131m Duvar\u0131 ve Yerle\u015fim Birimleriyle M\u00fccadele Konseyi, \u0130srail\u2019in Bat\u0131 \u015eeria\u2019da ald\u0131\u011f\u0131 yeni yerle\u015fim kurulmas\u0131 kararlar\u0131n\u0131n durdurulmas\u0131 i\u00e7in acil uluslararas\u0131 m\u00fcdahale \u00e7a\u011fr\u0131s\u0131 yapt\u0131.<\/p>\n\n\n\n<p>Konseyin Ba\u015fkan\u0131 Mueyyed \u015eaban, yapt\u0131\u011f\u0131 yaz\u0131l\u0131 a\u00e7\u0131klamada, \u0130srail kabinesinin Bat\u0131 \u015eeria\u2019da 19 yeni yasa d\u0131\u015f\u0131 yerle\u015fim kurulmas\u0131na onay vermesini, &#8220;Filistin co\u011frafyas\u0131n\u0131 yok etmeye y\u00f6nelik yerle\u015fimci projenin h\u0131zland\u0131r\u0131lm\u0131\u015f bir ad\u0131m\u0131&#8221; olarak nitelendirdi.<\/p>\n\n\n\n<p>\u015eaban, bu karar\u0131n i\u015fgalci \u0130srail h\u00fck\u00fcmetinin topraklar\u0131n ilhak\u0131n\u0131, ayr\u0131mc\u0131 rejimi ve Filistin topraklar\u0131n\u0131n tamamen Yahudile\u015ftirilmesini peki\u015ftirme niyetlerini a\u00e7\u0131k\u00e7a ortaya koydu\u011funu belirtti.<\/p>\n\n\n\n<p>Bunun \u0130srail Ba\u015fbakan\u0131 Binyamin Netanyahu ve a\u015f\u0131r\u0131 sa\u011fc\u0131 Maliye Bakan\u0131 Bezalel Smotrich\u2019in ba\u015f\u0131n\u0131 \u00e7ekti\u011fi h\u00fck\u00fcmetin sistematik politikalar\u0131n\u0131n par\u00e7as\u0131 oldu\u011funu kaydeden \u015eaban, ayr\u0131ca ka\u00e7ak yerle\u015fim birimlerinin resmi yerle\u015fimlere d\u00f6n\u00fc\u015ft\u00fcr\u00fclerek toprak \u00fczerindeki kontrol\u00fcn geni\u015fletilmesinin ama\u00e7land\u0131\u011f\u0131n\u0131 vurgulad\u0131.<\/p>\n\n\n\n<p>Karar\u0131n uluslararas\u0131 hukuka ve \u00f6zellikle 2016 tarihli BM G\u00fcvenlik Konseyinin \u0130srail\u2019in yerle\u015fim faaliyetlerini durdurmas\u0131n\u0131 talep eden 2334 say\u0131l\u0131 karar\u0131na a\u00e7\u0131k bir meydan okuma oldu\u011funu ifade eden \u015eaban, Bat\u0131 \u015eeria\u2019n\u0131n Filistin varl\u0131\u011f\u0131n\u0131 silmeyi hedefleyen sistematik bir s\u00f6m\u00fcrgele\u015ftirme s\u00fcrecine maruz kald\u0131\u011f\u0131n\u0131 belirtti.<\/p>\n\n\n\n<p>Son karar\u0131n, 23 Mart 2025\u2019te al\u0131nan 13 yerle\u015fim biriminin b\u00fcy\u00fck yerle\u015fim birimlerinden ayr\u0131larak ayr\u0131 g\u00fcvenlik ve idari yetkilerle donat\u0131lmas\u0131 ve 29 May\u0131s\u2019ta 22 ka\u00e7ak yerle\u015fimin yasalla\u015ft\u0131r\u0131lmas\u0131 gibi ad\u0131mlar\u0131n devam\u0131 oldu\u011funa dikkati \u00e7eken Filistinli yetkili \u015funlar\u0131 kaydetti:<\/p>\n\n\n\n<p>&#8220;Bu geli\u015fmeler, birbirinden ba\u011f\u0131ms\u0131z olmayan, siyasi bir \u00e7\u00f6z\u00fcm ihtimalinden \u00f6nce sahada yeni bir ger\u00e7eklik dayatmay\u0131 ama\u00e7layan kapsaml\u0131 bir s\u00f6m\u00fcrgeci projenin par\u00e7alar\u0131. Bu proje ile yerle\u015fim birimlerinin geni\u015fletilmesi ve yaln\u0131zca yerle\u015fimcilere hizmet eden yol a\u011flar\u0131yla birbirine ba\u011flanmas\u0131 ama\u00e7lan\u0131yor.&#8221;<\/p>\n\n\n\n<p>\u015eaban, Birle\u015fmi\u015f Milletleri ve Cenevre S\u00f6zle\u015fmelerine taraf devletleri &#8220;bu tehlikeli geni\u015flemeyi durdurmak i\u00e7in acil harekete ge\u00e7meye&#8221; \u00e7a\u011f\u0131rd\u0131.<\/p>\n\n\n\n<p>\u0130srail\u2019de yay\u0131n yapan Kanal 14\u2019\u00fcn haberine g\u00f6re, a\u015f\u0131r\u0131 sa\u011fc\u0131 Maliye Bakan\u0131 Bezalel Smotrich d\u00fcn ak\u015fam kabine toplant\u0131s\u0131nda i\u015fgal alt\u0131ndaki Bat\u0131 \u015eeria\u2019da 19 yeni yasa d\u0131\u015f\u0131 yerle\u015fim kurulmas\u0131n\u0131 i\u00e7eren bir plan sundu.<\/p>\n\n\n\n<p>\u0130srail kabinesinin onaylad\u0131\u011f\u0131 planda, i\u015fgal alt\u0131ndaki Bat\u0131 \u015eeria\u2019n\u0131n t\u00fcm b\u00f6lgelerine da\u011f\u0131t\u0131lan yasa d\u0131\u015f\u0131 yerle\u015fimlerden baz\u0131lar\u0131n\u0131n a\u015f\u0131r\u0131 sa\u011fc\u0131 Yahudi gruplar\u0131n kurdu\u011fu, \u0130srail yasalar\u0131na g\u00f6re de ruhsats\u0131z say\u0131lan ka\u00e7ak yerle\u015fimler oldu\u011fu, baz\u0131lar\u0131n\u0131n ise yeni kurulaca\u011f\u0131 aktar\u0131ld\u0131.<\/p>\n\n\n\n<h3 class=\"wp-block-heading\">Bat\u0131 \u015eeria&#8217;da Filistin topraklar\u0131 gasbedilerek kurulan 365 yasa d\u0131\u015f\u0131 yerle\u015fim bulunuyor<\/h3>\n\n\n\n<p>Bat\u0131 \u015eeria&#8217;n\u0131n g\u00fcneyindeki &#8220;Kefar Atsiyon&#8221; Yahudi yerle\u015fim birimi, \u0130srail\u2019in 1967\u2019de Bat\u0131 \u015eeria ve Do\u011fu Kud\u00fcs\u2019\u00fc i\u015fgal etmesinin hemen ard\u0131ndan kuruldu\u011fu i\u00e7in ilk Yahudi yerle\u015fim birimi olarak kabul ediliyor. Sonras\u0131nda Bat\u0131 \u015eeria&#8217;da y\u00fczlerce yasa d\u0131\u015f\u0131 yerle\u015fim yeri in\u015fa edildi.<\/p>\n\n\n\n<p>Yahudi yerle\u015fim birimlerini takip eden \u0130srailli sivil toplum kurulu\u015fu &#8220;Bar\u0131\u015f \u015eimdi (Peace Now)&#8221; hareketinin 2024 y\u0131l\u0131 verilerine g\u00f6re, Do\u011fu Kud\u00fcs hari\u00e7 i\u015fgal alt\u0131ndaki Bat\u0131 \u015eeria&#8217;da yakla\u015f\u0131k 3 milyon Filistinli ya\u015farken \u0130srailli yerle\u015fimci n\u00fcfusu 500 bini a\u015fm\u0131\u015f durumda.<\/p>\n\n\n\n<p>\u0130srail h\u00fck\u00fcmetinin 11 Aral\u0131k&#8217;ta onay verdi\u011fi 19 yerle\u015fim haricinde, gasbedilen Filistin topraklar\u0131nda 141 yasa d\u0131\u015f\u0131 yerle\u015fim mevcutken a\u015f\u0131r\u0131 sa\u011fc\u0131 Yahudi gruplar\u0131n kurdu\u011fu ve \u0130srail yasalar\u0131na g\u00f6re de ka\u00e7ak say\u0131lan 224 ka\u00e7ak yerle\u015fim yeri de bulunuyor.<\/p>\n\n\n\n<p>Buna g\u00f6re, Bat\u0131 \u015eeria&#8217;da toplam 365 yasa d\u0131\u015f\u0131 Yahudi yerle\u015fimi bulunmakta. \u0130srail h\u00fck\u00fcmetinin s\u00f6z konusu &#8220;ka\u00e7ak yerle\u015fim&#8221; yerlerine s\u0131k s\u0131k ald\u0131\u011f\u0131 kararlarla tek tarafl\u0131 onay verdi\u011fi biliniyor.<\/p>\n\n\n\n<p>\u0130srail&#8217;in i\u015fgal etti\u011fi topraklarda kurdu\u011fu yerle\u015fim yerleri ve buraya n\u00fcfusunu nakletmesi uluslararas\u0131 hukuka g\u00f6re yasa d\u0131\u015f\u0131 kabul ediliyor.<\/p>\n\n\n\n<h3 class=\"wp-block-heading\">Hamas: Bat\u0131 \u015eeria&#8217;daki 19 yerle\u015fim yerinin yasalla\u015ft\u0131r\u0131lmas\u0131 toprak h\u0131rs\u0131zl\u0131\u011f\u0131d\u0131r<\/h3>\n\n\n\n<p>Hamas&#8217;tan yap\u0131lan yaz\u0131l\u0131 a\u00e7\u0131klamada, Smotrich&#8217;in Bat\u0131 \u015eeria&#8217;da 19 yeni yerle\u015fim yerinin onayland\u0131\u011f\u0131n\u0131 duyurmas\u0131n\u0131n, ilhak ve Yahudile\u015ftirme projesinde tehlikeli bir t\u0131rman\u0131\u015f anlam\u0131na geldi\u011fi ifade edildi.<\/p>\n\n\n\n<p>A\u00e7\u0131klamada, bu karar\u0131n, Filistin topraklar\u0131n\u0131 &#8220;s\u00f6m\u00fcrge ganimeti&#8221; olarak g\u00f6ren ve Bat\u0131 \u015eeria \u00fczerinde tam kontrol sa\u011flamak i\u00e7in yerle\u015fim ger\u00e7e\u011fini yerle\u015ftirmeye \u00e7al\u0131\u015fan h\u00fck\u00fcmetin a\u015f\u0131r\u0131l\u0131k\u00e7\u0131 do\u011fas\u0131n\u0131 yans\u0131tt\u0131\u011f\u0131 vurguland\u0131.<\/p>\n\n\n\n<p>Hamas&#8217;\u0131n a\u00e7\u0131klamas\u0131nda, yerle\u015fimlerin onaylanmas\u0131 karar\u0131n\u0131n ve daha \u00f6nceki benzer kararlar\u0131n, uluslararas\u0131 hukuku ve Birle\u015fmi\u015f Milletler G\u00fcvenlik Konseyi&#8217;nin her t\u00fcrl\u00fc yerle\u015fim faaliyetini yasaklayan kararlar\u0131n\u0131 a\u00e7\u0131k\u00e7a ihlal ederek, toprak gasb\u0131 politikas\u0131n\u0131n ve s\u00f6m\u00fcrgeci ger\u00e7ekliklerin zorla dayat\u0131lmas\u0131n\u0131n devam\u0131 oldu\u011fu ifade edildi.<\/p>\n\n\n\n<p>A\u00e7\u0131klamada, yerle\u015fim yerlerinin geni\u015flemesinin, &#8220;Filistin co\u011frafyas\u0131n\u0131 yeniden \u015fekillendirme, \u015fehirleri ve k\u00f6yleri birbirinden izole etme ve Bat\u0131 \u015eeria&#8217;y\u0131 bo\u015faltma projesinin bir par\u00e7as\u0131 olarak halk\u0131n sessizce yerinden edilmesi y\u00f6n\u00fcndeki a\u00e7\u0131k planlar\u0131 yans\u0131tt\u0131\u011f\u0131&#8221; uyar\u0131s\u0131nda da bulunuldu.<\/p>\n\n\n\n<p>\u0130srail\u2019in a\u015f\u0131r\u0131 sa\u011fc\u0131 Maliye Bakan\u0131 Bezalel Smotrich d\u00fcn ak\u015famki kabine toplant\u0131s\u0131nda i\u015fgal alt\u0131ndaki Bat\u0131 \u015eeria\u2019da 19 yeni yasa d\u0131\u015f\u0131 yerle\u015fim kurulmas\u0131n\u0131 i\u00e7eren bir plan sunmu\u015ftu.<\/p>\n\n\n\n<p>\u0130srail kabinesinin onaylad\u0131\u011f\u0131 planda, i\u015fgal alt\u0131ndaki Bat\u0131 \u015eeria\u2019n\u0131n t\u00fcm b\u00f6lgelerine da\u011f\u0131t\u0131lan yasa d\u0131\u015f\u0131 yerle\u015fimlerden baz\u0131lar\u0131n\u0131n a\u015f\u0131r\u0131 sa\u011fc\u0131 Yahudi gruplar\u0131n kurdu\u011fu, \u0130srail yasalar\u0131na g\u00f6re de ruhsats\u0131z say\u0131lan ka\u00e7ak yerle\u015fimler oldu\u011fu, baz\u0131lar\u0131n\u0131n ise yeni kurulaca\u011f\u0131 aktar\u0131ld\u0131.<\/p>\n\n\n\n<h3 class=\"wp-block-heading\">Ate\u015fkese ra\u011fmen insani ko\u015fullar k\u00f6t\u00fcle\u015fiyor<\/h3>\n\n\n\n<p>10 Ekim\u2019de y\u00fcr\u00fcrl\u00fc\u011fe giren ate\u015fkese ra\u011fmen \u0130srail\u2019in yard\u0131m kamyonlar\u0131n\u0131n giri\u015fine uygulad\u0131\u011f\u0131 a\u011f\u0131r k\u0131s\u0131tlamalar nedeniyle Gazze\u2019deki insani ko\u015fullar d\u00fczelmedi.<\/p>\n\n\n\n<p>Bu durum, ate\u015fkesin insani protokollerinin a\u00e7\u0131k bir ihlali olarak de\u011ferlendiriliyor.<\/p>\n\n\n\n<p>Yakla\u015f\u0131k iki y\u0131l s\u00fcren sald\u0131r\u0131lar boyunca on binlerce \u00e7ad\u0131r do\u011frudan ya da dolayl\u0131 bombard\u0131manlarla zarar g\u00f6rd\u00fc, baz\u0131lar\u0131 ise yaz s\u0131ca\u011f\u0131 ve k\u0131\u015f r\u00fczgarlar\u0131 nedeniyle tamamen y\u0131prand\u0131.<\/p>\n\n\n\n<p>\u0130srail\u2019in 8 Ekim 2023\u2019te ba\u015flat\u0131p iki y\u0131l s\u00fcrd\u00fcrd\u00fc\u011f\u00fc sald\u0131r\u0131larda, 70 binden fazla Filistinli ya\u015fam\u0131n\u0131 yitirdi, 170 binden fazlas\u0131 yaraland\u0131.<\/p>\n\n\n\n<p>\u0130srail sald\u0131r\u0131lar\u0131 boyunca, Gazze\u2019nin sivil altyap\u0131s\u0131n\u0131n y\u00fczde 90\u2019\u0131 tahrip olurken, maddi kay\u0131plar\u0131n ilk hesaplamalara g\u00f6re 70 milyar dolar seviyesinde oldu\u011fu belirtiliyor.<\/p>\n\n\n\n<p>Kaynak: AA<\/p>\n","protected":false},"excerpt":{"rendered":"<p>Gazze&#8217;deki \u0130\u00e7i\u015fleri Bakanl\u0131\u011f\u0131, 10 Aral\u0131k&#8217;tan bu yana etkili olan f\u0131rt\u0131na nedeniyle hayat\u0131n\u0131 kaybedenlerin say\u0131s\u0131n\u0131n 14&#8217;e \u00e7\u0131kt\u0131\u011f\u0131n\u0131 duyurdu. Gazze&#8217;deki \u0130\u00e7i\u015fleri Bakanl\u0131\u011f\u0131ndan yap\u0131lan a\u00e7\u0131klamada, Gazze&#8217;de etkili olan \u015fiddetli ya\u011f\u0131\u015flar ve f\u0131rt\u0131na nedeniyle \u0130srail sald\u0131r\u0131lar\u0131nda hasar g\u00f6ren evlerin y\u0131k\u0131lmas\u0131n\u0131n ard\u0131ndan \u00f6l\u00fc say\u0131s\u0131n\u0131n artt\u0131\u011f\u0131 belirtildi. A\u00e7\u0131klamada, \u00f6l\u00fc say\u0131s\u0131n\u0131n 14&#8217;e y\u00fckseldi\u011fi aktar\u0131ld\u0131. Gazze&#8217;deki Sa\u011fl\u0131k Bakanl\u0131\u011f\u0131 verilerine g\u00f6re, \u00f6lenlerin 3&#8217;\u00fcn\u00fc \u00e7ocuklar [&hellip;]<\/p>\n","protected":false},"author":1,"featured_media":7607,"comment_status":"open","ping_status":"open","sticky":false,"template":"","format":"standard","meta":{"footnotes":""},"categories":[127],"tags":[816,2806,543,1573,172,2807,2808],"class_list":["post-7606","post","type-post","status-publish","format-standard","has-post-thumbnail","hentry","category-dunya","tag-bm","tag-filistinliler","tag-gazze","tag-gazze-seridi","tag-israil","tag-peeperkorn","tag-unicef"],"_links":{"self":[{"href":"https:\/\/www.trabzonmanset.com\/index.php\/wp-json\/wp\/v2\/posts\/7606","targetHints":{"allow":["GET"]}}],"collection":[{"href":"https:\/\/www.trabzonmanset.com\/index.php\/wp-json\/wp\/v2\/posts"}],"about":[{"href":"https:\/\/www.trabzonmanset.com\/index.php\/wp-json\/wp\/v2\/types\/post"}],"author":[{"embeddable":true,"href":"https:\/\/www.trabzonmanset.com\/index.php\/wp-json\/wp\/v2\/users\/1"}],"replies":[{"embeddable":true,"href":"https:\/\/www.trabzonmanset.com\/index.php\/wp-json\/wp\/v2\/comments?post=7606"}],"version-history":[{"count":1,"href":"https:\/\/www.trabzonmanset.com\/index.php\/wp-json\/wp\/v2\/posts\/7606\/revisions"}],"predecessor-version":[{"id":7608,"href":"https:\/\/www.trabzonmanset.com\/index.php\/wp-json\/wp\/v2\/posts\/7606\/revisions\/7608"}],"wp:featuredmedia":[{"embeddable":true,"href":"https:\/\/www.trabzonmanset.com\/index.php\/wp-json\/wp\/v2\/media\/7607"}],"wp:attachment":[{"href":"https:\/\/www.trabzonmanset.com\/index.php\/wp-json\/wp\/v2\/media?parent=7606"}],"wp:term":[{"taxonomy":"category","embeddable":true,"href":"https:\/\/www.trabzonmanset.com\/index.php\/wp-json\/wp\/v2\/categories?post=7606"},{"taxonomy":"post_tag","embeddable":true,"href":"https:\/\/www.trabzonmanset.com\/index.php\/wp-json\/wp\/v2\/tags?post=7606"}],"curies":[{"name":"wp","href":"https:\/\/api.w.org\/{rel}","templated":true}]}}