{"id":7571,"date":"2025-12-10T21:31:00","date_gmt":"2025-12-10T18:31:00","guid":{"rendered":"https:\/\/www.trabzonmanset.com\/?p=7571"},"modified":"2025-12-10T22:37:37","modified_gmt":"2025-12-10T19:37:37","slug":"boludaki-grand-kartal-otel-yangini-sorusturmasinda-9-burokrata-yurt-disi-cikis-yasagi","status":"publish","type":"post","link":"https:\/\/www.trabzonmanset.com\/index.php\/2025\/12\/10\/boludaki-grand-kartal-otel-yangini-sorusturmasinda-9-burokrata-yurt-disi-cikis-yasagi\/","title":{"rendered":"Bolu&#8217;daki Grand Kartal Otel yang\u0131n\u0131 soru\u015fturmas\u0131nda 9 b\u00fcrokrata yurt d\u0131\u015f\u0131 \u00e7\u0131k\u0131\u015f yasa\u011f\u0131"},"content":{"rendered":"\n<p>Bolu Kartalkaya Kayak Merkezi&#8217;nde 21 Ocak&#8217;ta 78 ki\u015finin hayat\u0131n\u0131 kaybetti\u011fi, 137 ki\u015finin yaraland\u0131\u011f\u0131 Grand Kartal Otel yang\u0131n\u0131na ili\u015fkin y\u00fcr\u00fct\u00fclen soru\u015fturma kapsam\u0131nda ifadeleri al\u0131nan K\u00fclt\u00fcr ve Turizm Bakanl\u0131\u011f\u0131n\u0131n 9 personeli hakk\u0131nda &#8220;yurt d\u0131\u015f\u0131na \u00e7\u0131kamama&#8221; adli kontrol tedbiri uyguland\u0131.<\/p>\n\n\n\n<p>Bolu Kartalkaya Kayak Merkezi&#8217;nde 21 Ocak&#8217;ta meydana gelen ve 78 ki\u015finin hayat\u0131n\u0131 kaybetti\u011fi yang\u0131nla ilgili soru\u015fturma s\u00fcrerken, K\u00fclt\u00fcr ve Turizm Bakanl\u0131\u011f\u0131&#8217;na ba\u011fl\u0131 9 personel hakk\u0131nda &#8216;yurt d\u0131\u015f\u0131na \u00e7\u0131kma&#8217; yasa\u011f\u0131 getirildi.<\/p>\n\n\n\n<h3 class=\"wp-block-heading\">KARTALKAYA&#8217;DAK\u0130 YANGIN FAC\u0130ASINDA 9 BAKANLIK B\u00dcROKRATI \u0130FADE VERD\u0130<\/h3>\n\n\n\n<p>Bolu Cumhuriyet Ba\u015fsavc\u0131l\u0131\u011f\u0131nca, yang\u0131na ili\u015fkin &#8220;taksirle \u00f6l\u00fcme ve yaralanmaya neden olma&#8221; su\u00e7undan y\u00fcr\u00fct\u00fclen soru\u015fturma kapsam\u0131nda K\u00fclt\u00fcr ve Turizm Bakanl\u0131\u011f\u0131 b\u00fcrokratlar\u0131 ifadeye \u00e7a\u011fr\u0131ld\u0131. Bulunduklar\u0131 yerlerden Bolu Cumhuriyet Ba\u015fsavc\u0131l\u0131\u011f\u0131na Ses ve G\u00f6r\u00fcnt\u00fc Bili\u015fim Sistemiyle (SEGB\u0130S) ba\u011flanan K\u00fclt\u00fcr ve Turizm Bakanl\u0131\u011f\u0131 Yat\u0131r\u0131m ve \u0130\u015fletmeler Genel M\u00fcd\u00fcr\u00fc Ne\u015fe \u00c7\u0131ld\u0131k, \u00f6nceki Genel M\u00fcd\u00fcr \u015eennur Aldemir Do\u011fan ile bakanl\u0131k b\u00fcrokratlar\u0131 ve genel m\u00fcd\u00fcrl\u00fck personelinden Levent K\u0131rcan ve El\u00e7in \u015eim\u015fek \u00d6nc\u00fc, B\u00fclent \u00c7\u0131nar \u00c7avu\u015f, Ramazan Alkan, Melda Araz, \u015eule Akt\u00fcrk Alkan ve Bar\u0131\u015f Ba\u015fayvaz, 28 Kas\u0131m ile 1 ve 2 Aral\u0131k tarihlerinde ifade verdi.<\/p>\n\n\n\n<h3 class=\"wp-block-heading\">B\u00dcROKRATLARA YURT DI\u015eINA \u00c7IKI\u015e YASA\u011eI<\/h3>\n\n\n\n<p>Savc\u0131l\u0131k, ifadelerinin ard\u0131ndan 9 \u015f\u00fcpheliyi n\u00f6bet\u00e7i sulh ceza hakimli\u011fine sevk etti. Ayn\u0131 tarihlerde Bolu 1 ve 2. Sulh Ceza hakimliklerine SEGB\u0130S&#8217;le ba\u011flanan 9 zanl\u0131 hakk\u0131nda, &#8220;yurt d\u0131\u015f\u0131na \u00e7\u0131kamama&#8221; \u015feklinde adli kontrol karar\u0131 al\u0131nd\u0131. Bu arada \u015f\u00fcphelilerin savc\u0131l\u0131k ve hakimlik ifadelerine ula\u015f\u0131ld\u0131. K\u00fclt\u00fcr ve Turizm Bakanl\u0131\u011f\u0131 Ba\u015fkontrol\u00f6r\u00fc Melda Araz, kendisinin Grand Kartal Otelde 7 Aral\u0131k 1999&#8217;da can ve mal g\u00fcvenli\u011fini de i\u00e7eren bir denetim ger\u00e7ekle\u015ftirdi\u011fini ve bir\u00e7ok eksiklik tespit etti\u011fini belirtti.<\/p>\n\n\n\n<p>Bu eksikliklerin giderilmesinin ard\u0131ndan 11 Nisan 2000&#8217;de k\u0131smi turizm i\u015fletme belgesi d\u00fczenlendi\u011fini aktaran Araz, \u015fu ifadeleri kulland\u0131: &#8220;Son gitmi\u015f oldu\u011fum 21 Ocak 2021 tarihli denetim raporunda 88 yatakl\u0131 personel lojman\u0131n\u0131n denetimde temin edilen krokiye eklenerek bildirilmesinin uygun olaca\u011f\u0131, Tar\u0131m ve Orman Bakanl\u0131\u011f\u0131ndan uygun g\u00f6r\u00fc\u015f gelmesi halinde i\u015flem yap\u0131lmas\u0131, 08 Mart 2021 tarihli inceleme ara\u015ft\u0131rma raporunda, ana firma olan belge sahibi Kartal Otel San. A\u015e. b\u00fcnyesindeki 3 y\u0131ld\u0131zl\u0131 otel-oberj turizm i\u015fletme belgesi olan tesise belgenin yenilenmesinin uygun olaca\u011f\u0131n\u0131 dosya \u00fczerinde inceleyerek inceleme ve ara\u015ft\u0131rma raporu sunulmu\u015ftur.&#8221;<\/p>\n\n\n\n<h3 class=\"wp-block-heading\">&#8220;YANGIN G\u00dcVENL\u0130\u011e\u0130NE \u0130L\u0130\u015eK\u0130N YETERS\u0130ZL\u0130K G\u00d6RMED\u0130M&#8221;<\/h3>\n\n\n\n<p>Araz, Grand Kartal Otel&#8217;le ayn\u0131 stat\u00fcde bulunan 3 oteldeki 2014, 2020 ve 2021 tarihlerindeki denetimde yang\u0131n g\u00fcvenli\u011fi ilgili eksiklikler tespit edilmesinin, ancak Grand Kartal Otel&#8217;deki denetimlerde yang\u0131n g\u00fcvenli\u011fine dair yetersizlik tespit edilmemesinin nedenine dair soruya, \u015fu yan\u0131t\u0131 verdi:<\/p>\n\n\n\n<p>&#8220;Grand Kartal Otelde 2021&#8217;deki denetimde g\u00f6zlemleyerek tespit edilebilecek yang\u0131n g\u00fcvenli\u011fi yetersizli\u011fi g\u00f6rmedi\u011fimden bu denetimde ilgili kurumlara herhangi bir bildirimde bulunmad\u0131m. Grand Kartal Otel&#8217;de 2021 tarihli denetim raporunda otelin can ve mal g\u00fcvenli\u011fine y\u00f6nelik g\u00f6z\u00fcme \u00e7arpan bir husus olmam\u0131\u015ft\u0131r. Bu denetim turizm tesislerinin niteliklerine ili\u015fkin y\u00f6netmelik h\u00fck\u00fcmleri kapsam\u0131nda yap\u0131lm\u0131\u015f denetimdir.&#8221;<\/p>\n\n\n\n<p>Ba\u015fkontrol\u00f6r Bar\u0131\u015f Ba\u015fayvaz da Grand Kartal Otel&#8217;de personelin niteliklerine ili\u015fkin bir denetim ger\u00e7ekle\u015ftirildi\u011fini dile getirdi. Binalar\u0131n Yang\u0131ndan Korunmas\u0131 Hakk\u0131nda Y\u00f6netmeli\u011fin 131. maddesinde, can ve mal g\u00fcvenli\u011fine ili\u015fkin denetimin, sorumlu bakanl\u0131klar\u0131n m\u00fcfetti\u015flerine ait oldu\u011fu kanaatinde oldu\u011funu belirten Ba\u015fayvaz, sorumluluklar\u0131n \u00c7al\u0131\u015fma ve Sosyal G\u00fcvenlik Bakanl\u0131\u011f\u0131 ile il \u00f6zel idaresi ve belediyenin itfaiye birimine y\u00fcklendi\u011fini savundu.<\/p>\n\n\n\n<h3 class=\"wp-block-heading\">&#8220;YAPTI\u011eIMIZ DENET\u0130MLER\u0130N B\u0130ZE SORUMLULUK GET\u0130RMEYECE\u011e\u0130N\u0130 D\u00dc\u015e\u00dcNMEKTEY\u0130M&#8221;<\/h3>\n\n\n\n<p>Ba\u015fayvaz, Grand Kartal Otel&#8217;le ayn\u0131 stat\u00fcde bulunan 3 oteldeki denetimde yang\u0131n g\u00fcvenli\u011fi ile ilgili eksiklikler tespit edilmesi ve Grand Kartal Otel&#8217;de yap\u0131lan denetimlerde yang\u0131n g\u00fcvenli\u011fine dair yetersizlik tespit edilmemesinin nedenine dair soru \u00fczerine, belirtilen tarihlerde can ve mal g\u00fcvenli\u011fine ili\u015fkin denetimlerin yap\u0131ld\u0131\u011f\u0131n\u0131, kendilerinin kanun ve y\u00f6netmeliklerde buna y\u00f6nelik bir y\u00fck\u00fcml\u00fcl\u00fcklerinin olmad\u0131\u011f\u0131n\u0131 kaydetti.<\/p>\n\n\n\n<p>Ba\u015fayvaz, kanunen zorunlu olunmayan i\u015flerin ge\u00e7mi\u015fte kendi birimlerince yap\u0131lmas\u0131n\u0131n, bu konunun kendilerine y\u00fcklendi\u011fi anlam\u0131na gelmeyece\u011fini belirterek, &#8220;Bizim ge\u00e7mi\u015fte yapt\u0131\u011f\u0131m\u0131z tespitlerin bize sorumluluk getirmeyece\u011fini d\u00fc\u015f\u00fcnmekteyim. Yap\u0131lan tespitler de zaten ilgili mevzuat\u0131m\u0131zda bulunmayan ayk\u0131r\u0131 tespitlerdir.&#8221; s\u00f6zlerini sarf etti.<\/p>\n\n\n\n<p>Kaynak:&nbsp;AA<\/p>\n\n\n\n<p><\/p>\n","protected":false},"excerpt":{"rendered":"<p>Bolu Kartalkaya Kayak Merkezi&#8217;nde 21 Ocak&#8217;ta 78 ki\u015finin hayat\u0131n\u0131 kaybetti\u011fi, 137 ki\u015finin yaraland\u0131\u011f\u0131 Grand Kartal Otel yang\u0131n\u0131na ili\u015fkin y\u00fcr\u00fct\u00fclen soru\u015fturma kapsam\u0131nda ifadeleri al\u0131nan K\u00fclt\u00fcr ve Turizm Bakanl\u0131\u011f\u0131n\u0131n 9 personeli hakk\u0131nda &#8220;yurt d\u0131\u015f\u0131na \u00e7\u0131kamama&#8221; adli kontrol tedbiri uyguland\u0131. Bolu Kartalkaya Kayak Merkezi&#8217;nde 21 Ocak&#8217;ta meydana gelen ve 78 ki\u015finin hayat\u0131n\u0131 kaybetti\u011fi yang\u0131nla ilgili soru\u015fturma s\u00fcrerken, K\u00fclt\u00fcr [&hellip;]<\/p>\n","protected":false},"author":1,"featured_media":7572,"comment_status":"open","ping_status":"open","sticky":false,"template":"","format":"standard","meta":{"footnotes":""},"categories":[1],"tags":[544,2783,2784,1132,196],"class_list":["post-7571","post","type-post","status-publish","format-standard","has-post-thumbnail","hentry","category-gundem","tag-guvenlik","tag-kartalkaya","tag-kayak-merkezi","tag-kultur-ve-turizm-bakanligi","tag-turizm"],"_links":{"self":[{"href":"https:\/\/www.trabzonmanset.com\/index.php\/wp-json\/wp\/v2\/posts\/7571","targetHints":{"allow":["GET"]}}],"collection":[{"href":"https:\/\/www.trabzonmanset.com\/index.php\/wp-json\/wp\/v2\/posts"}],"about":[{"href":"https:\/\/www.trabzonmanset.com\/index.php\/wp-json\/wp\/v2\/types\/post"}],"author":[{"embeddable":true,"href":"https:\/\/www.trabzonmanset.com\/index.php\/wp-json\/wp\/v2\/users\/1"}],"replies":[{"embeddable":true,"href":"https:\/\/www.trabzonmanset.com\/index.php\/wp-json\/wp\/v2\/comments?post=7571"}],"version-history":[{"count":1,"href":"https:\/\/www.trabzonmanset.com\/index.php\/wp-json\/wp\/v2\/posts\/7571\/revisions"}],"predecessor-version":[{"id":7573,"href":"https:\/\/www.trabzonmanset.com\/index.php\/wp-json\/wp\/v2\/posts\/7571\/revisions\/7573"}],"wp:featuredmedia":[{"embeddable":true,"href":"https:\/\/www.trabzonmanset.com\/index.php\/wp-json\/wp\/v2\/media\/7572"}],"wp:attachment":[{"href":"https:\/\/www.trabzonmanset.com\/index.php\/wp-json\/wp\/v2\/media?parent=7571"}],"wp:term":[{"taxonomy":"category","embeddable":true,"href":"https:\/\/www.trabzonmanset.com\/index.php\/wp-json\/wp\/v2\/categories?post=7571"},{"taxonomy":"post_tag","embeddable":true,"href":"https:\/\/www.trabzonmanset.com\/index.php\/wp-json\/wp\/v2\/tags?post=7571"}],"curies":[{"name":"wp","href":"https:\/\/api.w.org\/{rel}","templated":true}]}}