{"id":7565,"date":"2025-12-10T22:30:53","date_gmt":"2025-12-10T19:30:53","guid":{"rendered":"https:\/\/www.trabzonmanset.com\/?p=7565"},"modified":"2025-12-10T22:30:54","modified_gmt":"2025-12-10T19:30:54","slug":"fed-faiz-kararini-acikladi","status":"publish","type":"post","link":"https:\/\/www.trabzonmanset.com\/index.php\/2025\/12\/10\/fed-faiz-kararini-acikladi\/","title":{"rendered":"Fed faiz karar\u0131n\u0131 a\u00e7\u0131klad\u0131"},"content":{"rendered":"\n<p>K\u00fcresel piyasalar\u0131n g\u00f6z\u00fcn\u00fc kula\u011f\u0131n\u0131 \u00e7evirdi\u011fi faiz karar\u0131 a\u00e7\u0131kland\u0131. 2025&#8217;in son faiz karar\u0131n\u0131 a\u00e7\u0131klayan ABD Merkez Bankas\u0131 (Fed), politika faizini beklentiler dahilinde 25 baz puan d\u00fc\u015f\u00fcrerek y\u00fczde 3,5-3,75 aral\u0131\u011f\u0131na indirdi. B\u00f6ylece Fed, y\u0131l i\u00e7inde toplam \u00fc\u00e7 indirim yaparak faizleri 75 baz puan a\u015fa\u011f\u0131 \u00e7ekmi\u015f oldu.<\/p>\n\n\n\n<p>K\u00fcresel piyasalar\u0131n bekledi\u011fi faiz karar\u0131 a\u00e7\u0131kland\u0131.<\/p>\n\n\n\n<h3 class=\"wp-block-heading\">FED&#8217;DEN FA\u0130Z \u0130ND\u0130R\u0130M\u0130 KARARI<\/h3>\n\n\n\n<p>ABD Merkez Bankas\u0131 (Fed), 2025&#8217;in son faiz karar\u0131n\u0131 a\u00e7\u0131klayarak politika faizini 25 baz puan d\u00fc\u015f\u00fcrd\u00fc ve oran\u0131 y\u00fczde 3,50\u20133,75 aral\u0131\u011f\u0131na indirdi. B\u00f6ylece Fed, y\u0131l i\u00e7inde toplam \u00fc\u00e7 indirim yaparak faizleri 75 baz puan a\u015fa\u011f\u0131 \u00e7ekmi\u015f oldu. Banka, yay\u0131mlad\u0131\u011f\u0131 yeni projeksiyonlarda 2026 i\u00e7in yaln\u0131zca tek bir indirim \u00f6ng\u00f6r\u00fcs\u00fcn\u00fc korudu; bu da s\u0131k\u0131 para politikas\u0131ndan h\u0131zl\u0131 bir \u00e7\u0131k\u0131\u015f beklentilerinin s\u0131n\u0131rl\u0131 kald\u0131\u011f\u0131n\u0131 g\u00f6sterdi.<\/p>\n\n\n\n<h3 class=\"wp-block-heading\">POL\u0130T\u0130KA TONU YUMU\u015eADI<\/h3>\n\n\n\n<p>Bloomberg&#8217;in aktard\u0131\u011f\u0131na g\u00f6re, karar metninde yap\u0131lan k\u00fc\u00e7\u00fck ancak kritik bir revizyon da \u00f6ne \u00e7\u0131kt\u0131. Fed, Aral\u0131k ay\u0131nda kulland\u0131\u011f\u0131 &#8220;ek ayarlamalar\u0131n kapsam\u0131 ve zamanlamas\u0131n\u0131 de\u011ferlendirirken&#8221; ifadesine yeniden yer vererek, para politikas\u0131n\u0131n y\u00f6n\u00fcne ili\u015fkin belirsizli\u011fin artt\u0131\u011f\u0131na i\u015faret eden daha ihtiyatl\u0131 bir s\u00f6yleme d\u00f6nd\u00fc.<\/p>\n\n\n\n<h3 class=\"wp-block-heading\">2019&#8217;DAN BU YANA B\u0130R \u0130LK: \u00dc\u00c7 KAR\u015eI OY \u00c7IKTI<\/h3>\n\n\n\n<p>Toplant\u0131, kar\u015f\u0131 oy say\u0131s\u0131yla da dikkat \u00e7ekti. Chicago Fed Ba\u015fkan\u0131 Austan Goolsbee ve Kansas City Fed Ba\u015fkan\u0131 Jeff Schmid, faizlerin sabit tutulmas\u0131 gerekti\u011fini savunarak karara kar\u015f\u0131 \u00e7\u0131kt\u0131. Trump taraf\u0131ndan Eyl\u00fcl ay\u0131nda g\u00f6reve getirilen Stephen Miran ise 25 yerine 50 baz puanl\u0131k indirim y\u00f6n\u00fcnde oy kulland\u0131. \u00dc\u00e7 muhalefet oyu, 2019&#8217;dan bu yana ilk kez g\u00f6r\u00fclen bir tabloyu ortaya koydu.<\/p>\n\n\n\n<h3 class=\"wp-block-heading\">ENFLASYON TAHM\u0130NLER\u0130NDE ILIMLI GEV\u015eEME<\/h3>\n\n\n\n<p>Fed&#8217;in g\u00fcncellenen ekonomik tahminleri, \u00e7ekirdek PCE enflasyonunda hafif bir a\u015fa\u011f\u0131 y\u00f6nl\u00fc revizyon i\u00e7eriyor. Buna g\u00f6re 2025 beklentisi y\u00fczde 3,1&#8217;den y\u00fczde 3&#8217;e, 2026 tahmini ise y\u00fczde 2,6&#8217;dan y\u00fczde 2,5&#8217;e \u00e7ekildi. Bu oranlar, enflasyonun bir miktar yava\u015flad\u0131\u011f\u0131n\u0131 ancak hedefe d\u00f6n\u00fc\u015f\u00fcn zamana yay\u0131laca\u011f\u0131n\u0131 g\u00f6steriyor.<\/p>\n\n\n\n<h3 class=\"wp-block-heading\">ABD EKONOM\u0130S\u0130 KARI\u015eIK S\u0130NYALLER VERM\u0130\u015eT\u0130<\/h3>\n\n\n\n<p>Aral\u0131k toplant\u0131s\u0131 \u00f6ncesinde a\u00e7\u0131klanan veriler ise karma\u015f\u0131k bir g\u00f6r\u00fcn\u00fcm sunmu\u015ftu. Kas\u0131m ay\u0131nda i\u015ften \u00e7\u0131karmalarda d\u00fc\u015f\u00fc\u015f g\u00f6r\u00fcl\u00fcrken Amazon ve Verizon gibi dev \u015firketler yeni k\u00fc\u00e7\u00fclme planlar\u0131 duyurdu. Eyl\u00fcl ay\u0131nda t\u00fcketici harcamalar\u0131 yatay kal\u0131rken, Fed&#8217;in yak\u0131ndan izledi\u011fi \u00e7ekirdek enflasyon g\u00f6stergesi y\u00fczde 2,8&#8217;e y\u00fckselerek hedefin \u00fczerinde kalmay\u0131 s\u00fcrd\u00fcrd\u00fc.<\/p>\n\n\n\n<h3 class=\"wp-block-heading\">TRUMP\u2013POWELL GER\u0130L\u0130M\u0130 P\u0130YASALARIN ODA\u011eINDA<\/h3>\n\n\n\n<p>Ekonomik geli\u015fmelerin yan\u0131 s\u0131ra Washington&#8217;da devam eden siyasi tart\u0131\u015fmalar da Fed \u00fczerindeki bask\u0131y\u0131 art\u0131r\u0131yor. ABD Ba\u015fkan\u0131 Donald Trump&#8217;\u0131n, g\u00f6rev s\u00fcresi May\u0131s ay\u0131nda dolacak olan Fed Ba\u015fkan\u0131 Jerome Powell&#8217;\u0131n yerine kimi aday g\u00f6sterece\u011fine ili\u015fkin beklentiler piyasalar taraf\u0131ndan yak\u0131ndan izleniyor. Trump&#8217;\u0131n ekonomi dan\u0131\u015fman\u0131 Kevin Hassett&#8217;in \u015fu anda en g\u00fc\u00e7l\u00fc adaylardan biri oldu\u011fu de\u011ferlendiriliyor.<\/p>\n","protected":false},"excerpt":{"rendered":"<p>K\u00fcresel piyasalar\u0131n g\u00f6z\u00fcn\u00fc kula\u011f\u0131n\u0131 \u00e7evirdi\u011fi faiz karar\u0131 a\u00e7\u0131kland\u0131. 2025&#8217;in son faiz karar\u0131n\u0131 a\u00e7\u0131klayan ABD Merkez Bankas\u0131 (Fed), politika faizini beklentiler dahilinde 25 baz puan d\u00fc\u015f\u00fcrerek y\u00fczde 3,5-3,75 aral\u0131\u011f\u0131na indirdi. B\u00f6ylece Fed, y\u0131l i\u00e7inde toplam \u00fc\u00e7 indirim yaparak faizleri 75 baz puan a\u015fa\u011f\u0131 \u00e7ekmi\u015f oldu. K\u00fcresel piyasalar\u0131n bekledi\u011fi faiz karar\u0131 a\u00e7\u0131kland\u0131. FED&#8217;DEN FA\u0130Z \u0130ND\u0130R\u0130M\u0130 KARARI ABD [&hellip;]<\/p>\n","protected":false},"author":1,"featured_media":7566,"comment_status":"open","ping_status":"open","sticky":false,"template":"","format":"standard","meta":{"footnotes":""},"categories":[7],"tags":[2008,176,566,2006,545,1199,565],"class_list":["post-7565","post","type-post","status-publish","format-standard","has-post-thumbnail","hentry","category-ekonomi","tag-abd-merkez-bankasi","tag-dunya","tag-ekonomi","tag-fed","tag-guncel","tag-merkez-bankasi","tag-politika"],"_links":{"self":[{"href":"https:\/\/www.trabzonmanset.com\/index.php\/wp-json\/wp\/v2\/posts\/7565","targetHints":{"allow":["GET"]}}],"collection":[{"href":"https:\/\/www.trabzonmanset.com\/index.php\/wp-json\/wp\/v2\/posts"}],"about":[{"href":"https:\/\/www.trabzonmanset.com\/index.php\/wp-json\/wp\/v2\/types\/post"}],"author":[{"embeddable":true,"href":"https:\/\/www.trabzonmanset.com\/index.php\/wp-json\/wp\/v2\/users\/1"}],"replies":[{"embeddable":true,"href":"https:\/\/www.trabzonmanset.com\/index.php\/wp-json\/wp\/v2\/comments?post=7565"}],"version-history":[{"count":1,"href":"https:\/\/www.trabzonmanset.com\/index.php\/wp-json\/wp\/v2\/posts\/7565\/revisions"}],"predecessor-version":[{"id":7567,"href":"https:\/\/www.trabzonmanset.com\/index.php\/wp-json\/wp\/v2\/posts\/7565\/revisions\/7567"}],"wp:featuredmedia":[{"embeddable":true,"href":"https:\/\/www.trabzonmanset.com\/index.php\/wp-json\/wp\/v2\/media\/7566"}],"wp:attachment":[{"href":"https:\/\/www.trabzonmanset.com\/index.php\/wp-json\/wp\/v2\/media?parent=7565"}],"wp:term":[{"taxonomy":"category","embeddable":true,"href":"https:\/\/www.trabzonmanset.com\/index.php\/wp-json\/wp\/v2\/categories?post=7565"},{"taxonomy":"post_tag","embeddable":true,"href":"https:\/\/www.trabzonmanset.com\/index.php\/wp-json\/wp\/v2\/tags?post=7565"}],"curies":[{"name":"wp","href":"https:\/\/api.w.org\/{rel}","templated":true}]}}