{"id":7502,"date":"2025-12-09T17:10:00","date_gmt":"2025-12-09T14:10:00","guid":{"rendered":"https:\/\/www.trabzonmanset.com\/?p=7502"},"modified":"2025-12-09T21:12:13","modified_gmt":"2025-12-09T18:12:13","slug":"gobeklitepede-yeni-yatirimlarla-ziyaretci-sayisi-ve-kapasitenin-artirilmasi-hedefleniyor","status":"publish","type":"post","link":"https:\/\/www.trabzonmanset.com\/index.php\/2025\/12\/09\/gobeklitepede-yeni-yatirimlarla-ziyaretci-sayisi-ve-kapasitenin-artirilmasi-hedefleniyor\/","title":{"rendered":"G\u00f6beklitepe&#8217;de yeni yat\u0131r\u0131mlarla ziyaret\u00e7i say\u0131s\u0131 ve kapasitenin art\u0131r\u0131lmas\u0131 hedefleniyor"},"content":{"rendered":"\n<p>&#8220;Tarihin s\u0131f\u0131r noktas\u0131&#8221; olarak nitelendirilen G\u00f6beklitepe&#8217;de yap\u0131m\u0131 s\u00fcren kar\u015f\u0131lama merkezi, dinlenme tesisleri, y\u00fcr\u00fcy\u00fc\u015f yollar\u0131 ve otopark alanlar\u0131n\u0131n tamamlanmas\u0131yla ziyaret\u00e7i say\u0131s\u0131 ve kapasitenin art\u0131r\u0131lmas\u0131 ama\u00e7lan\u0131yor.<\/p>\n\n\n\n<p>\u015eanl\u0131urfa&#8217;n\u0131n merkez Haliliye il\u00e7esi s\u0131n\u0131rlar\u0131nda, kent merkezine 18 kilometre uzakl\u0131ktaki k\u0131rsal \u00d6rencik Mahallesi yak\u0131nlar\u0131nda 1963 y\u0131l\u0131nda yap\u0131lan y\u00fczey \u00e7al\u0131\u015fmalar\u0131 s\u0131ras\u0131nda fark edilen G\u00f6beklitepe&#8217;ye yerli ve yabanc\u0131 turistlerin ilgisi katlanarak art\u0131yor.<\/p>\n\n\n\n<p>Ziyaret\u00e7i say\u0131s\u0131 y\u0131ll\u0131k 1 milyona ula\u015fan \u00f6ren yerinin kapasitesini art\u0131rmaya y\u00f6nelik yat\u0131r\u0131mlar s\u00fcr\u00fcyor.<\/p>\n\n\n\n<p>K\u00fclt\u00fcr ve Turizm Bakanl\u0131\u011f\u0131, Sanayi ve Teknoloji Bakanl\u0131\u011f\u0131 ile Ula\u015ft\u0131rma ve Altyap\u0131 Bakanl\u0131\u011f\u0131 taraf\u0131ndan desteklenen projeler kapsam\u0131nda \u00f6ren yeri i\u00e7in yap\u0131lan yeni kar\u015f\u0131lama merkezi, dinlenme tesisleri, y\u00fcr\u00fcy\u00fc\u015f yollar\u0131 ve otopark alanlar\u0131n\u0131n gelecek y\u0131l hizmete sunulmas\u0131 planlan\u0131yor.<\/p>\n\n\n\n<p>Yeni yat\u0131r\u0131mlar sayesinde ziyaret\u00e7ilerin tarihi alanda daha uzun s\u00fcreli ve konforlu vakit ge\u00e7irmeleri sa\u011flanacak.<\/p>\n\n\n\n<h3 class=\"wp-block-heading\">Yat\u0131r\u0131mlar ziyaret\u00e7i say\u0131s\u0131n\u0131 art\u0131racak<\/h3>\n\n\n\n<p>\u0130l K\u00fclt\u00fcr ve Turizm M\u00fcd\u00fcr\u00fc Ayd\u0131n Aslan, AA muhabirine G\u00f6beklitepe&#8217;deki yeni yat\u0131r\u0131mlar\u0131n &#8220;Gelece\u011fe Miras Projesi&#8221; kapsam\u0131nda ger\u00e7ekle\u015ftirildi\u011fini belirtti.<\/p>\n\n\n\n<p>\u00d6ren yerinde artan ziyaret\u00e7i say\u0131s\u0131na paralel olarak yat\u0131r\u0131mlar\u0131n ger\u00e7ekle\u015ftirildi\u011fini belirten Aslan, \u00e7al\u0131\u015fmalar\u0131n alan\u0131n daha konforlu ve anla\u015f\u0131l\u0131r \u015fekilde gezilebilmesi i\u00e7in yap\u0131ld\u0131\u011f\u0131n\u0131 ifade etti.<\/p>\n\n\n\n<p>Aslan, \u015funlar\u0131 kaydetti:<\/p>\n\n\n\n<p>&#8220;Alanda daha \u00f6nce yapt\u0131\u011f\u0131m\u0131z otopark ve ziyaret\u00e7i alanlar\u0131 yetersiz kald\u0131\u011f\u0131 i\u00e7in yakla\u015f\u0131k 2,5 kilometre a\u015fa\u011f\u0131da yeni bir kar\u015f\u0131lama merkezi kurduk. Bu sayede hem G\u00f6beklitepe&#8217;nin y\u00fck\u00fcn\u00fc azaltmay\u0131 hem de ziyaret\u00e7ileri daha a\u015fa\u011f\u0131da tutarak aradaki 2,5 kilometrelik yolda G\u00f6beklitepe&#8217;nin do\u011fal \u00e7evresini daha iyi anlamalar\u0131n\u0131 sa\u011flayacak bir yolculuk sunmay\u0131 ama\u00e7lad\u0131k. Otopark\u0131n yan\u0131 s\u0131ra yeni kar\u015f\u0131lama merkezini de a\u00e7\u0131yoruz. Bununla birlikte ziyaret\u00e7ilerin dinlenece\u011fi kafe alan\u0131n\u0131 da olu\u015fturduk. \u00d6zellikle y\u00fcr\u00fcy\u00fc\u015f yollar\u0131n\u0131 hem geni\u015flettik hem de engelli dostu hale getirdik. Yeni yat\u0131r\u0131mlarla alandaki ziyaret\u00e7i say\u0131s\u0131n\u0131 art\u0131racak ve kapasiteyi g\u00fc\u00e7lendirmi\u015f olaca\u011f\u0131z.&#8221;<\/p>\n\n\n\n<h3 class=\"wp-block-heading\">Turizm yetkililerinden yat\u0131r\u0131mlara destek<\/h3>\n\n\n\n<p>\u015eanl\u0131urfa Turizm Komitesi Ba\u015fkan\u0131 Mehmet Kamil T\u00fcrkmen de G\u00f6beklitepe&#8217;ye olan ilginin artmas\u0131ndan duydu\u011fu memnuniyeti dile getirdi.<\/p>\n\n\n\n<p>Yeni yat\u0131r\u0131mlar\u0131n turistlerin konaklama s\u00fcresine katk\u0131 sa\u011flayaca\u011f\u0131n\u0131 belirten T\u00fcrkmen, &#8220;G\u00f6beklitepe&#8217;de tesislerin geni\u015fletilmesi ve kapasite art\u0131rma \u00e7al\u0131\u015fmalar\u0131n\u0131 memnuniyetle kar\u015f\u0131l\u0131yoruz. Bu son derece do\u011fru ve yerinde bir karard\u0131r, destekliyoruz. Bu yat\u0131r\u0131mlar, \u015eanl\u0131urfa&#8217;ya gelen turist say\u0131s\u0131n\u0131n hem art\u0131\u015f\u0131na hem de kentte kal\u0131\u015f s\u00fcresine do\u011frudan etki edecektir.&#8221; diye konu\u015ftu.<\/p>\n\n\n\n<p>Kaynak: AA<\/p>\n","protected":false},"excerpt":{"rendered":"<p>&#8220;Tarihin s\u0131f\u0131r noktas\u0131&#8221; olarak nitelendirilen G\u00f6beklitepe&#8217;de yap\u0131m\u0131 s\u00fcren kar\u015f\u0131lama merkezi, dinlenme tesisleri, y\u00fcr\u00fcy\u00fc\u015f yollar\u0131 ve otopark alanlar\u0131n\u0131n tamamlanmas\u0131yla ziyaret\u00e7i say\u0131s\u0131 ve kapasitenin art\u0131r\u0131lmas\u0131 ama\u00e7lan\u0131yor. \u015eanl\u0131urfa&#8217;n\u0131n merkez Haliliye il\u00e7esi s\u0131n\u0131rlar\u0131nda, kent merkezine 18 kilometre uzakl\u0131ktaki k\u0131rsal \u00d6rencik Mahallesi yak\u0131nlar\u0131nda 1963 y\u0131l\u0131nda yap\u0131lan y\u00fczey \u00e7al\u0131\u015fmalar\u0131 s\u0131ras\u0131nda fark edilen G\u00f6beklitepe&#8217;ye yerli ve yabanc\u0131 turistlerin ilgisi katlanarak art\u0131yor. Ziyaret\u00e7i [&hellip;]<\/p>\n","protected":false},"author":1,"featured_media":7503,"comment_status":"open","ping_status":"open","sticky":false,"template":"","format":"standard","meta":{"footnotes":""},"categories":[2257],"tags":[2746,2748,2749,214,2747],"class_list":["post-7502","post","type-post","status-publish","format-standard","has-post-thumbnail","hentry","category-kultur-sanat","tag-gobeklitepe","tag-haliliye","tag-orencik-mahallesi","tag-sanliurfa","tag-tarihin-sifir-noktasi"],"_links":{"self":[{"href":"https:\/\/www.trabzonmanset.com\/index.php\/wp-json\/wp\/v2\/posts\/7502","targetHints":{"allow":["GET"]}}],"collection":[{"href":"https:\/\/www.trabzonmanset.com\/index.php\/wp-json\/wp\/v2\/posts"}],"about":[{"href":"https:\/\/www.trabzonmanset.com\/index.php\/wp-json\/wp\/v2\/types\/post"}],"author":[{"embeddable":true,"href":"https:\/\/www.trabzonmanset.com\/index.php\/wp-json\/wp\/v2\/users\/1"}],"replies":[{"embeddable":true,"href":"https:\/\/www.trabzonmanset.com\/index.php\/wp-json\/wp\/v2\/comments?post=7502"}],"version-history":[{"count":1,"href":"https:\/\/www.trabzonmanset.com\/index.php\/wp-json\/wp\/v2\/posts\/7502\/revisions"}],"predecessor-version":[{"id":7504,"href":"https:\/\/www.trabzonmanset.com\/index.php\/wp-json\/wp\/v2\/posts\/7502\/revisions\/7504"}],"wp:featuredmedia":[{"embeddable":true,"href":"https:\/\/www.trabzonmanset.com\/index.php\/wp-json\/wp\/v2\/media\/7503"}],"wp:attachment":[{"href":"https:\/\/www.trabzonmanset.com\/index.php\/wp-json\/wp\/v2\/media?parent=7502"}],"wp:term":[{"taxonomy":"category","embeddable":true,"href":"https:\/\/www.trabzonmanset.com\/index.php\/wp-json\/wp\/v2\/categories?post=7502"},{"taxonomy":"post_tag","embeddable":true,"href":"https:\/\/www.trabzonmanset.com\/index.php\/wp-json\/wp\/v2\/tags?post=7502"}],"curies":[{"name":"wp","href":"https:\/\/api.w.org\/{rel}","templated":true}]}}