{"id":7476,"date":"2025-12-09T20:00:00","date_gmt":"2025-12-09T17:00:00","guid":{"rendered":"https:\/\/www.trabzonmanset.com\/?p=7476"},"modified":"2025-12-09T20:42:17","modified_gmt":"2025-12-09T17:42:17","slug":"cumhurbaskani-erdogan-nerede-bir-zulum-varsa-mazlumun-yaninda-zalimin-karsisinda-dimdik-duruyoruz","status":"publish","type":"post","link":"https:\/\/www.trabzonmanset.com\/index.php\/2025\/12\/09\/cumhurbaskani-erdogan-nerede-bir-zulum-varsa-mazlumun-yaninda-zalimin-karsisinda-dimdik-duruyoruz\/","title":{"rendered":"Cumhurba\u015fkan\u0131 Erdo\u011fan: Nerede bir zul\u00fcm varsa mazlumun yan\u0131nda, zalimin kar\u015f\u0131s\u0131nda dimdik duruyoruz"},"content":{"rendered":"\n<p>Cumhurba\u015fkan\u0131 Recep Tayyip Erdo\u011fan, &#8220;Nerede bir zul\u00fcm varsa mazlumun yan\u0131nda, zalimin kar\u015f\u0131s\u0131nda dimdik duruyoruz.&#8221; dedi.<\/p>\n\n\n\n<p>Burada konu\u015fan Erdo\u011fan, Birle\u015fmi\u015f Milletler \u0130nsan Haklar\u0131 Evrensel Beyannamesinin kabul\u00fcn\u00fcn 77. y\u0131l\u0131 dolay\u0131s\u0131yla d\u00fczenlenen &#8220;\u0130nsanl\u0131k \u0130\u00e7in G\u00fc\u00e7l\u00fc T\u00fcrkiye&#8221; program\u0131n\u0131n hay\u0131rlara vesile olmas\u0131n\u0131 diledi.<\/p>\n\n\n\n<p>\u0130nsan Haklar\u0131 Evrensel Beyannamesi&#8217;nin kabul\u00fcn\u00fcn 77. y\u0131l d\u00f6n\u00fcm\u00fc olan 10 Aral\u0131k \u0130nsan Haklar\u0131 G\u00fcn\u00fc&#8217;n\u00fc tebrik eden Erdo\u011fan, &#8220;B\u00f6lgemizle birlikte t\u00fcm d\u00fcnyada insan hak ve onurunun savunuculu\u011funu misyon edinmi\u015f bir siyasi partinin Genel Ba\u015fkan\u0131, as\u0131rlarca adaletin sancaktarl\u0131\u011f\u0131n\u0131 yapm\u0131\u015f necip bir milletin Cumhurba\u015fkan\u0131 olarak, buradan kalbi bizimle atan t\u00fcm mazlum ve ma\u011fdurlara dayan\u0131\u015fma mesajlar\u0131m\u0131 g\u00f6nderiyor, hepsini h\u00fcrmetle selaml\u0131yorum.&#8221; ifadesini kulland\u0131.<\/p>\n\n\n\n<p>Gazzelileri ve Sudanl\u0131lar\u0131 da selamlayan Erdo\u011fan, &#8220;Afrika&#8217;dan Asya&#8217;ya bizden uzakta olsalar da ac\u0131lar\u0131n\u0131 ac\u0131m\u0131z bildi\u011fimiz t\u00fcm mazlumlar\u0131 y\u00fcrekten selaml\u0131yorum. Bilhassa sava\u015flar\u0131n, \u00e7at\u0131\u015fmalar\u0131n, yokluk ve yoksullu\u011fun b\u00fct\u00fcn y\u00fck\u00fcn\u00fc minik omuzlar\u0131nda ta\u015f\u0131mak zorunda kalan masum \u00e7ocuklar\u0131 ve onlar\u0131n cefakar annelerini, babalar\u0131n\u0131 kalpten selaml\u0131yorum. Filistinli karde\u015flerimi, Filistin halk\u0131n\u0131n onurlu, gururlu, kararl\u0131, izzetli m\u00fccadelesini bug\u00fcn bir kez daha sayg\u0131yla selaml\u0131yorum. Kendilerine bir kere daha sab\u0131r temenni ediyor, T\u00fcrkiye ve T\u00fcrk milleti olarak her zaman yanlar\u0131nda olaca\u011f\u0131m\u0131z\u0131 tekrar ifade ediyorum.&#8221; diye konu\u015ftu<\/p>\n\n\n\n<figure class=\"wp-block-image size-full\"><img loading=\"lazy\" decoding=\"async\" width=\"750\" height=\"476\" src=\"https:\/\/www.trabzonmanset.com\/wp-content\/uploads\/2025\/12\/New-folder_2025-Aralik_09_rte_AA-39932892.jpg?wsr\" alt=\"\" class=\"wp-image-7477\" srcset=\"https:\/\/www.trabzonmanset.com\/wp-content\/uploads\/2025\/12\/New-folder_2025-Aralik_09_rte_AA-39932892.jpg 750w, https:\/\/www.trabzonmanset.com\/wp-content\/uploads\/2025\/12\/New-folder_2025-Aralik_09_rte_AA-39932892-300x190.jpg 300w\" sizes=\"auto, (max-width: 750px) 100vw, 750px\" \/><\/figure>\n\n\n\n<p>\u0130nsan Haklar\u0131 Evrensel Beyannamesi&#8217;nin bundan tam 77 sene \u00f6nce 10 Aral\u0131k 1948&#8217;de b\u00fcy\u00fck bir tevecc\u00fchle kabul edildi\u011fini hat\u0131rlatan Erdo\u011fan, 30 maddeden olu\u015fan bu beyannamenin iki y\u0131k\u0131c\u0131 D\u00fcnya Sava\u015f\u0131 sonras\u0131nda yeni bir d\u00fczen in\u015fa etmeye \u00e7al\u0131\u015fan insanl\u0131k i\u00e7in umut kayna\u011f\u0131 oldu\u011funu s\u00f6yledi.<\/p>\n\n\n\n<p>Beyannamedeki &#8220;B\u00fct\u00fcn insanlar \u00f6zg\u00fcr, onur ve haklar bak\u0131m\u0131ndan e\u015fit do\u011farlar. Ak\u0131l ve vicdana sahiptirler. Birbirlerine kar\u015f\u0131 karde\u015flik anlay\u0131\u015f\u0131yla davranmal\u0131d\u0131rlar. Herkes \u0131rk, renk, cinsiyet, dil, din, siyasal veya ba\u015fka bir ayr\u0131m g\u00f6zetmeksizin bu bildirge ile ilan olunan b\u00fct\u00fcn haklardan ve b\u00fct\u00fcn \u00f6zg\u00fcrl\u00fcklerden yararlanabilir. Ya\u015famak, \u00f6zg\u00fcrl\u00fck ve ki\u015fi g\u00fcvenli\u011fi herkesin hakk\u0131d\u0131r&#8221; ifadelerinin yer ald\u0131\u011f\u0131 ilk \u00fc\u00e7 maddeyi aktaran Erdo\u011fan, her bir sat\u0131r\u0131n\u0131n dikkatle okunmas\u0131, i\u00e7selle\u015ftirilmesi ve uygulanmas\u0131 gereken bu tarihi beyannamenin yakla\u015f\u0131k 6 ay sonra Meclis&#8217;te kabul edilerek, kaderin bir cilvesi olarak 27 May\u0131s 1949&#8217;da y\u00fcr\u00fcrl\u00fc\u011fe girdi\u011fini an\u0131msatt\u0131.<\/p>\n\n\n\n<p>Beyannamede kay\u0131tl\u0131 hususlar\u0131n \u00f6zellikle vesayet d\u00f6nemlerinde ne kadar tatbik edildi\u011fi \u00fczerinde ayr\u0131ca durulmas\u0131 gereken bir mesele oldu\u011funa i\u015faret eden Erdo\u011fan, millete ve milletin de\u011ferlerine y\u00f6nelik husumeti herkes\u00e7e bilinen tek parti fa\u015fizminin ilk g\u00fcnden itibaren beyannamenin alt\u0131n\u0131 oydu\u011funu kaydetti.<\/p>\n\n\n\n<p>Cumhurba\u015fkan\u0131 Erdo\u011fan, kimi zaman b\u00fcrokratik oligar\u015fi, kimi zaman antidemokratik g\u00fc\u00e7 odaklar\u0131 olarak kendini de\u015fifre eden bu zihniyetin milletin haf\u0131zas\u0131nda derin yaralar a\u00e7t\u0131\u011f\u0131n\u0131, demokrasiye telafisi uzun y\u0131llar alan zararlar verdi\u011fini belirtti.<\/p>\n\n\n\n<figure class=\"wp-block-image size-full\"><img loading=\"lazy\" decoding=\"async\" width=\"750\" height=\"532\" src=\"https:\/\/www.trabzonmanset.com\/wp-content\/uploads\/2025\/12\/New-folder_2025-Aralik_09_rte_AA-39932893.jpg?wsr\" alt=\"\" class=\"wp-image-7478\" srcset=\"https:\/\/www.trabzonmanset.com\/wp-content\/uploads\/2025\/12\/New-folder_2025-Aralik_09_rte_AA-39932893.jpg 750w, https:\/\/www.trabzonmanset.com\/wp-content\/uploads\/2025\/12\/New-folder_2025-Aralik_09_rte_AA-39932893-300x213.jpg 300w\" sizes=\"auto, (max-width: 750px) 100vw, 750px\" \/><\/figure>\n\n\n\n<h3 class=\"wp-block-heading\">&#8220;Do\u011frular\u0131 konu\u015fmaktan \u00e7ekinmeyece\u011fiz&#8221;<\/h3>\n\n\n\n<p>27 May\u0131s&#8217;tan 28 \u015eubat&#8217;a kadar her 10 y\u0131lda bir tekrarlanan m\u00fcdahalelerin arkas\u0131nda bu zihniyetin siluetinin bulundu\u011funu dile getiren Erdo\u011fan, s\u00f6zlerini \u015f\u00f6yle s\u00fcrd\u00fcrd\u00fc:<\/p>\n\n\n\n<p>&#8220;Yass\u0131ada facias\u0131n\u0131, 12 Mart sonras\u0131 olanlar\u0131, 12 Eyl\u00fcl&#8217;de adeta i\u015fkence kamp\u0131na d\u00f6n\u00fc\u015fen Mamak&#8217;taki C5&#8217;leri, Diyarbak\u0131r cezaevlerini, beyaz Toroslar\u0131 anlatmaya gerek yok. 2002&#8217;den bu yana mesaimizin m\u00fchim bir k\u0131sm\u0131n\u0131 bu ihlallerin b\u0131rakt\u0131\u011f\u0131 tortular\u0131 temizlemeye, travmalar\u0131 iyile\u015ftirmeye harcad\u0131k. Burada saymaya kalksak saatlerimizi alacak ve ad\u0131na &#8216;sessiz devrim&#8217; dedi\u011fimiz reformlarla hamdolsun bu yolda \u00f6nemli mesafeler ald\u0131k. Ancak insan haklar\u0131 cellatlar\u0131n\u0131n \u00fclkemize, milletimize, demokrasimize ve sosyal bar\u0131\u015f\u0131m\u0131za \u00e7\u0131kard\u0131\u011f\u0131 faturalar\u0131 halen \u00f6d\u00fcyoruz. Bunlar\u0131n bir k\u0131sm\u0131n\u0131 son grup toplant\u0131m\u0131zda ifade ettim. Orada dile getirmediklerimizi ise ba\u015fta ma\u011fdurlar olmak \u00fczere milletimizin farkl\u0131 kesimleri \u00e7ok iyi biliyor. Onlar\u0131 da muhataplar\u0131n\u0131n y\u00fczlerine \u00e7arpmaya devam edece\u011fiz.<\/p>\n\n\n\n<p>Beyefendiler sab\u0131kal\u0131 ge\u00e7mi\u015fleriyle hesapla\u015fmak yerine i\u015fi dedeye, ataya g\u00f6t\u00fcrseler de biz do\u011frular\u0131 konu\u015fmaktan \u00e7ekinmeyece\u011fiz. CHP Genel Ba\u015fkan\u0131 her k\u00f6\u015feye s\u0131k\u0131\u015ft\u0131\u011f\u0131nda hep \u015funu yap\u0131yor. Ya topu taca at\u0131yor ya sald\u0131rganla\u015f\u0131yor ya sa\u00e7mal\u0131yor. Yine ayn\u0131s\u0131n\u0131 yapm\u0131\u015f. Haddini de a\u015farak &#8216;Sar\u0131kam\u0131\u015f&#8217;ta \u015fehit d\u00fc\u015fen rahmetli dedemin bir as\u0131r \u00f6nce nerede oldu\u011funu&#8217; sormu\u015f. Gen\u00e7lik Kollar\u0131m\u0131z da bu siyaset acemisine hak etti\u011fi cevab\u0131 vermi\u015f. \u0130stanbul halk\u0131n\u0131n kaynaklar\u0131n\u0131 ya\u011fmalayan su\u00e7 \u00f6rg\u00fct\u00fcne posta g\u00fcvercinli\u011fi yapmay\u0131 marifet zanneden bu \u015fah\u0131s i\u00e7in daha fazla nefes harcamay\u0131 israf g\u00f6r\u00fcyor, Allah&#8217;tan kendisine ak\u0131l ve izan vermesini niyaz ediyorum.&#8221;<\/p>\n\n\n\n<figure class=\"wp-block-image size-full\"><img loading=\"lazy\" decoding=\"async\" width=\"750\" height=\"550\" src=\"https:\/\/www.trabzonmanset.com\/wp-content\/uploads\/2025\/12\/New-folder_2025-Aralik_09_rte_AA-39932895.jpg?wsr\" alt=\"\" class=\"wp-image-7479\" srcset=\"https:\/\/www.trabzonmanset.com\/wp-content\/uploads\/2025\/12\/New-folder_2025-Aralik_09_rte_AA-39932895.jpg 750w, https:\/\/www.trabzonmanset.com\/wp-content\/uploads\/2025\/12\/New-folder_2025-Aralik_09_rte_AA-39932895-300x220.jpg 300w\" sizes=\"auto, (max-width: 750px) 100vw, 750px\" \/><\/figure>\n\n\n\n<h3 class=\"wp-block-heading\">&#8220;Bu topraklar\u0131 muhabbetle yo\u011furan nice g\u00f6n\u00fcl sultan\u0131m\u0131z \u00f6\u011f\u00fctleriyle milletimizin tasavvurunu \u015fekillendirmi\u015ftir.&#8221;<\/h3>\n\n\n\n<p>Erdo\u011fan, tek parti zihniyetinin yanl\u0131\u015f uygulamalar\u0131 bir tarafa b\u0131rak\u0131l\u0131p milletin tarihine, k\u00fclt\u00fcr\u00fcne ve inan\u00e7 de\u011ferlerine bak\u0131ld\u0131\u011f\u0131nda \u0130nsan Haklar\u0131 Evrensel Beyannamesi&#8217;nde kay\u0131tl\u0131 haklar\u0131n topluma hi\u00e7 de yabanc\u0131 olmad\u0131\u011f\u0131n\u0131n g\u00f6r\u00fclece\u011fini s\u00f6yledi.<\/p>\n\n\n\n<p>Erdo\u011fan, insana sayg\u0131 g\u00f6stermenin, insan\u0131n onurunu koruman\u0131n, onun yarat\u0131l\u0131\u015ftan gelen haklar\u0131n\u0131n kullan\u0131lmas\u0131n\u0131 temin etmenin sahip olunan medeniyetten tevar\u00fcs eden ulvi de\u011ferlerden oldu\u011funu belirterek, \u015f\u00f6yle konu\u015ftu:<\/p>\n\n\n\n<p>&#8220;Peygamber Efendimiz Aleyhissalat\u00fc Vesselam, 1400 y\u0131l \u00f6nce Veda Hutbesi&#8217;nde t\u00fcm insanl\u0131\u011fa \u015f\u00f6yle seslenmi\u015fti; &#8216;Ey insanlar, biliniz ki Rabb&#8217;iniz birdir. Atan\u0131z da birdir. B\u00fct\u00fcn insanlar Adem&#8217;den gelmi\u015f. Adem de topraktan yarat\u0131lm\u0131\u015ft\u0131r. Arap&#8217;\u0131n Arap olmayana, Arap olmayan\u0131n Arap&#8217;a, beyaz\u0131n siyaha, siyah\u0131n da beyaza hi\u00e7bir \u00fcst\u00fcnl\u00fc\u011f\u00fc yoktur. Allah kat\u0131nda \u00fcst\u00fcnl\u00fck ancak takva iledir. Biliniz ki bu \u015fehriniz Mekke, bu g\u00fcn\u00fcn\u00fcz arefe ve bu ay\u0131n\u0131z Zilhicce nas\u0131l mukaddes ve dokunulmaz ise mallar\u0131n\u0131z ve canlar\u0131n\u0131z da ayn\u0131 \u015fekilde dokunulmazd\u0131r. Ey insanlar, kad\u0131nlar\u0131n haklar\u0131na riayet etmenizi ve bu hususta Allah&#8217;tan korkman\u0131z\u0131 tavsiye ederim. S\u00f6z\u00fcm\u00fc iyi dinleyin ve belleyin.&#8217; Bu emir ve tavsiyeler as\u0131rlar boyunca siyasi, sosyal ve be\u015feri hayat\u0131nda milletimize rehberlik etmi\u015ftir. Ahmet Yesevi&#8217;den Yunus Emre&#8217;ye, Hazreti Mevlana&#8217;dan Hac\u0131 Bekta\u015f-\u0131 Veli&#8217;ye kadar bu topraklar\u0131 muhabbetle yo\u011furan nice g\u00f6n\u00fcl sultan\u0131m\u0131z ayn\u0131 \u015fekilde \u00f6\u011f\u00fctleriyle milletimizin tasavvurunu \u015fekillendirmi\u015ftir.&#8221;<\/p>\n\n\n\n<h3 class=\"wp-block-heading\">&#8220;De\u011ferler sistemimiz her canl\u0131n\u0131n hakk\u0131n\u0131 g\u00f6zetmesini emreden d\u00fcnya g\u00f6r\u00fc\u015f\u00fc in\u015fa etmi\u015ftir&#8221;<\/h3>\n\n\n\n<p>Mevlana&#8217;n\u0131n &#8220;Biz bu d\u00fcnyada g\u00fcne\u015f gibiyiz. Herkese can vermeye, t\u00fcm insanlar alemine faydal\u0131 olmaya gelmi\u015fiz. Kalpleri k\u0131r\u0131lm\u0131\u015f, gamlara d\u00fc\u015fm\u00fc\u015f ki\u015filere dost olmaya, onlar\u0131n gamlar\u0131n\u0131, kederlerini payla\u015fmaya gelmi\u015fiz. Hor g\u00f6r\u00fclenleri, topra\u011fa d\u00fc\u015fenleri, ayaklar alt\u0131nda ezilenleri g\u00fcl bah\u00e7esine getirelim. Onlara ne\u015feler bah\u015fedelim diye bu d\u00fcnyaya gelmi\u015fiz.&#8221; s\u00f6zlerini aktaran Erdo\u011fan, \u015funlar\u0131 kaydetti:<\/p>\n\n\n\n<p>&#8220;Divan edebiyat\u0131n\u0131n son b\u00fcy\u00fck \u015fairlerinden \u015eeyh Galip de Hazreti Mevlana&#8217;dan y\u00fczy\u0131llar sonra \u015fu m\u0131sralarla seslenmi\u015fti: &#8216;Ho\u015f\u00e7a bak zat\u0131na kim z\u00fcbde-i alemsin sen. Merd\u00fcm-i dide-i ekvan olan ademsin sen&#8217;. \u0130nsan Haklar\u0131 Evrensel Beyannamesi&#8217;nden y\u00fczy\u0131llar \u00f6nce ortaya konan bu prensipler bizim nas\u0131l bir m\u00fcktesebata sahip oldu\u011fumuzu g\u00f6stermektedir. \u015euras\u0131 bir ger\u00e7ek ki bizler alem-i su\u011fra olarak g\u00f6ren alemin \u00f6z\u00fc, yarat\u0131lm\u0131\u015flar\u0131n g\u00f6z bebe\u011fi olarak g\u00f6ren bir medeniyetin mensuplar\u0131y\u0131z. \u0130nanc\u0131m\u0131zda nas\u0131l ilk insan alemin \u00f6z\u00fcyse, bug\u00fcne kadar d\u00fcnyaya gelen her insan nas\u0131l alemin \u00f6z\u00fcyse ayn\u0131 \u015fekilde k\u0131yamete kadar son insan da alemin \u00f6z\u00fc olarak k\u0131ymetlidir, yarat\u0131l\u0131\u015f\u0131 itibar\u0131yla h\u00fcrmete lay\u0131kt\u0131r. \u0130nsan merkezli bu de\u011ferler sistemimiz, b\u0131rak\u0131n insan\u0131n insana haks\u0131zl\u0131k etmesini, insan\u0131n yarat\u0131lan her varl\u0131\u011f\u0131n, tabiattaki her canl\u0131n\u0131n hakk\u0131n\u0131 g\u00f6zetmesini emreden bir d\u00fcnya g\u00f6r\u00fc\u015f\u00fc in\u015fa etmi\u015ftir. \u015euraya \u00f6zellikle dikkatinizi \u00e7ekiyorum; hayvanlar i\u00e7in hastaneler, bak\u0131m ve bar\u0131nma yerleri, sebillere suluklar in\u015fa eden ecdad\u0131n ihtimam g\u00f6sterdi\u011fi canl\u0131lardan biri de ku\u015flar olmu\u015ftur. Camilerimizin duvarlar\u0131n\u0131 s\u00fcsleyen ku\u015f saraylar\u0131 bunun en g\u00fczel timsalidir. 16. y\u00fczy\u0131lda \u0130stanbul&#8217;da g\u00f6rev yapan Bat\u0131l\u0131 bir sefir bak\u0131n hayranl\u0131\u011f\u0131n\u0131 nas\u0131l ifade ediyordu. &#8216;T\u00fcrkiye&#8217;de her \u015fey insanile\u015fmi\u015f, her kat\u0131 yumu\u015fam\u0131\u015f, hayvanlar bile.&#8217; \u0130nsan\u0131 a\u015f\u0131p t\u00fcm canl\u0131lara hak penceresinden bakan e\u015fsiz bir \u015fefkat, merhamet, sayg\u0131 ve ho\u015fg\u00f6r\u00fcye dayanan bir tasavvurdan bahsediyoruz.&#8221;<\/p>\n\n\n\n<h3 class=\"wp-block-heading\">&#8220;\u0130nsan\u0131 ya\u015fat ki devlet ya\u015fas\u0131n&#8221;<\/h3>\n\n\n\n<p>&#8220;Vist\u00fcl&#8217;de T\u00fcrk atlar\u0131 suland\u0131k\u00e7a Lehler rahat eder.&#8221; s\u00f6z\u00fcn\u00fcn T\u00fcrklerin farkl\u0131 inan\u00e7lara ho\u015fg\u00f6r\u00fcs\u00fcn\u00fc g\u00f6stermesi bak\u0131m\u0131ndan olduk\u00e7a anlaml\u0131 oldu\u011funu dile getiren Erdo\u011fan, \u015f\u00f6yle devam etti:<\/p>\n\n\n\n<p>&#8220;Tarih ve k\u00fclt\u00fcr\u00fcm\u00fcz\u00fcn her sayfas\u0131nda bizim insana bak\u0131\u015f\u0131m\u0131z\u0131 anlatan bunlar gibi say\u0131s\u0131z \u00f6rnek, anekdot, deyi\u015f, ibretlik hadiseyle kar\u015f\u0131la\u015f\u0131yoruz. Bunun i\u00e7in k\u00f6klerimize vurgu yaparken, partimizin de h\u00fck\u00fcmetimizin de idare anlay\u0131\u015f\u0131m\u0131z\u0131n da pusulas\u0131 olan \u015eeyh Edebali&#8217;nin &#8216;\u0130nsan\u0131 ya\u015fat ki devlet ya\u015fas\u0131n&#8217; tavsiyesini s\u0131k s\u0131k hat\u0131rlat\u0131yorum. Bu hat\u0131rlatman\u0131n arka plan\u0131nda i\u015fte b\u00f6yle bir tecr\u00fcbe, b\u00f6yle bir birikim ve insana de\u011fer veren y\u00fcksek bir \u015fuur bulunuyor. Yani bizim ne tarihimizde ne de k\u00fclt\u00fcr ve medeniyet kodlar\u0131m\u0131zda insan haklar\u0131 konusunda mahcubiyet duyaca\u011f\u0131m\u0131z hi\u00e7bir leke yoktur. Tam tersine bug\u00fcn bize hak ve \u00f6zg\u00fcrl\u00fck dersi verenlerin hepsinden daha temiz bir sicile, daha ku\u015fat\u0131c\u0131 bir zihniyete sahibiz. Biz bunun alt\u0131n\u0131 bug\u00fcn bir kez daha \u00e7izmekte fayda g\u00f6r\u00fcyorum. Tarihimizin hi\u00e7bir d\u00f6neminde \u00e7i\u011f s\u00fct i\u00e7medik. \u015e\u00fck\u00fcr karn\u0131m\u0131z da a\u011fr\u0131m\u0131yor.&#8221;<\/p>\n\n\n\n<h3 class=\"wp-block-heading\">&#8220;Suriye&#8217;nin ve Suriyeli karde\u015flerimizin in\u015fa, ihya ve toparlanma \u00e7abalar\u0131n\u0131 t\u00fcm imkanlar\u0131m\u0131zla destekliyoruz&#8221;<\/h3>\n\n\n\n<p>Erdo\u011fan, AK Parti Kongre Merkezi&#8217;nde d\u00fczenlenen &#8220;\u0130nsanl\u0131k \u0130\u00e7in G\u00fc\u00e7l\u00fc T\u00fcrkiye&#8221; program\u0131nda konu\u015ftu.<\/p>\n\n\n\n<p>&#8220;Ba\u015fkalar\u0131 gibi \u00f6n\u00fcm\u00fcze ne konulur diye d\u00fc\u015f\u00fcnm\u00fcyor, nerede bir zul\u00fcm varsa mazlumun yan\u0131nda, zalimin kar\u015f\u0131s\u0131nda dimdik duruyoruz&#8221; diyen Cumhurba\u015fkan\u0131 Erdo\u011fan, &#8220;Hakk\u0131, adaleti, bar\u0131\u015f\u0131, insanl\u0131k onurunu sadece b\u00f6lgemizde de\u011fil, t\u00fcm d\u00fcnyada cesaretle savunuyoruz. Gururla s\u00f6ylemek isterim ki T\u00fcrkiye denilince akla s\u0131n\u0131rlar\u0131n\u0131 korumakla kalmay\u0131p, art\u0131k bar\u0131\u015f\u0131 kuran ve diplomasiyi de \u015fekillendiren bir \u00fclke geliyor.&#8221; ifadesini kulland\u0131.<\/p>\n\n\n\n<p>D\u00fczen in\u015fa edici bir devlet olarak T\u00fcrkiye&#8217;nin varl\u0131\u011f\u0131n\u0131n ba\u015fta dost ve karde\u015f \u00fclkeler olmak \u00fczere Orta Do\u011fu&#8217;dan Kafkasya&#8217;ya, Afrika&#8217;dan G\u00fcney Asya&#8217;ya kadar bir\u00e7ok b\u00f6lgede 100 milyonlara g\u00fcven a\u015f\u0131lad\u0131\u011f\u0131n\u0131 belirten Erdo\u011fan, &#8220;Vist\u00fcl&#8217;de sulanan T\u00fcrk atlar\u0131 gibi bug\u00fcn de ay y\u0131ld\u0131zl\u0131 al bayra\u011f\u0131m\u0131z d\u00fcnyan\u0131n d\u00f6rt bir yan\u0131nda nazl\u0131 nazl\u0131 dalgaland\u0131k\u00e7a dost, soyda\u015f ve karde\u015flerimiz kendilerini daha bir emniyette hissediyor.&#8221; de\u011ferlendirmesinde bulundu.<\/p>\n\n\n\n<p>Gazze&#8217;den Suriye&#8217;ye, Rusya-Ukrayna Sava\u015f\u0131ndan Do\u011fu Afrika&#8217;daki gerilimlere bir\u00e7ok kriz b\u00f6lgesinde insanl\u0131k i\u00e7in g\u00fc\u00e7l\u00fc T\u00fcrkiye \u015fiar\u0131yla \u00fczerlerine d\u00fc\u015fenleri lay\u0131k\u0131yla yapmaya \u00e7al\u0131\u015ft\u0131klar\u0131n\u0131 vurgulayan Erdo\u011fan, &#8220;T\u00fcrkiye&#8217;nin Suriye ve Gazze&#8217;de ya\u015fananlar kar\u015f\u0131s\u0131ndaki vicdanl\u0131 duru\u015fu tek ba\u015f\u0131na bir insan haklar\u0131 dersidir, insan haklar\u0131 destan\u0131d\u0131r. Her iki meselede de ilk g\u00fcnden itibaren tavr\u0131m\u0131z\u0131 \u00e7ok net ortaya koyduk. Bask\u0131lara, tehditlere, farkl\u0131 sebeplerle zalimlerin yan\u0131nda hizalanan insanl\u0131k fukaralar\u0131na prim vermedik. Elimizle, dilimizle, kalbimizle zulm\u00fc durdurman\u0131n \u00e7abas\u0131 i\u00e7inde olduk.&#8221; diye konu\u015ftu.<\/p>\n\n\n\n<p>D\u00fcn Suriye devriminin birinci y\u0131l d\u00f6n\u00fcm\u00fc, Suriye halk\u0131n\u0131n 8 Aral\u0131k H\u00fcrriyet g\u00fcn\u00fc oldu\u011funu hat\u0131rlatan Erdo\u011fan, devrimin birinci y\u0131l\u0131nda bir kez daha her t\u00fcrl\u00fc zulme, zorbal\u0131\u011fa, vah\u015fete insan\u0131 insanl\u0131\u011f\u0131ndan utand\u0131ran i\u015fkenceye ra\u011fmen 13,5 y\u0131l boyunca zalime direnen karde\u015f Suriye halk\u0131n\u0131 T\u00fcrkiye ve millet ad\u0131na tebrik etti.<\/p>\n\n\n\n<p>Erdo\u011fan, rejimin ve ter\u00f6r \u00f6rg\u00fctlerinin al\u00e7ak sald\u0131r\u0131lar\u0131nda hayatlar\u0131n\u0131 kaybeden Suriyelileri rahmetle yad ederek, &#8220;Devletimizin g\u00fcvenli\u011fini, aziz milletimizin huzurunu temin etmek amac\u0131yla uluslararas\u0131 hukuk \u00e7er\u00e7evesinde ger\u00e7ekle\u015ftirdi\u011fimiz s\u0131n\u0131r \u00f6tesi operasyonlarda \u015fehit d\u00fc\u015fen kahramanlar\u0131m\u0131za Allah&#8217;tan rahmet diliyor, Rabb&#8217;im ruhlar\u0131n\u0131 \u015fad, mekanlar\u0131n\u0131 cennet eylesin diyorum. \u015eehitlerimizin metanet abidesi ailelerine h\u00fcrmetlerimi takdim ediyorum. Bug\u00fcn millet\u00e7e &#8216;Ter\u00f6rs\u00fcz T\u00fcrkiye&#8217; hedefinden, &#8216;Ter\u00f6rs\u00fcz B\u00f6lge&#8217; idealinden bahsedebiliyorsak bu en ba\u015fta kahraman \u015fehitlerimizin sayesindedir.&#8221; dedi.<\/p>\n\n\n\n<p>Cumhurba\u015fkan\u0131 Erdo\u011fan, Y\u00fcce Allah&#8217;\u0131n, Yasin Suresi&#8217;nde &#8220;Kun Fe Yekun&#8221; yani &#8220;ol der ve oluverir&#8221; \u015feklinde buyurdu\u011funu belirterek, s\u00f6zlerini \u015f\u00f6yle s\u00fcrd\u00fcrd\u00fc:<\/p>\n\n\n\n<p>&#8220;Rabb&#8217;imizin m\u00fcjdesi Suriye&#8217;de de tecelli etmi\u015f, 60 y\u0131ll\u0131k dikta rejimi sadece 7, 8 g\u00fcn i\u00e7inde yerle yeksan olmu\u015f, kendi halk\u0131n\u0131 ac\u0131mas\u0131zca katleden diktat\u00f6r korkak\u00e7a ka\u00e7m\u0131\u015f, mazlumlar\u0131n sabr\u0131, m\u00fccadelesi ve k\u0131yam\u0131 zaferle neticelenmi\u015f, Suriyeli karde\u015flerimiz, u\u011frunda 100 binlerce \u015fehit verdikleri h\u00fcrriyetlerine hamdolsun sonunda kavu\u015fmu\u015flard\u0131r. Suriye halk\u0131n\u0131n son 1 y\u0131lda onca zorlu\u011fa, s\u0131k\u0131nt\u0131ya, Esad diktat\u00f6r\u00fcn\u00fcn b\u0131rakt\u0131\u011f\u0131 enkaza ra\u011fmen hayata d\u00f6rt elle sar\u0131ld\u0131\u011f\u0131n\u0131, \u00fclkelerini yeniden aya\u011fa kald\u0131rma m\u00fccadelesi verdiklerini memnuniyetle g\u00f6r\u00fcyoruz. Ba\u015fkan \u015eara, Emevi Camisi&#8217;nde, televizyonlardan izlediniz, hem sabah namaz\u0131n\u0131 k\u0131ld\u0131r\u0131yor hem de orada verdi\u011fi hutbe ile Suriye&#8217;nin gelece\u011fine y\u00f6nelik m\u00fcjdesini irat ediyordu. Rabb&#8217;im en yak\u0131n zamanda in\u015fallah \u015eara&#8217;ya ve Suriye halk\u0131na bu m\u00fcjdeye kavu\u015fmas\u0131n\u0131 nasip etsin. T\u00fcrkiye ve T\u00fcrk milleti olarak Suriye&#8217;nin ve Suriyeli karde\u015flerimizin in\u015fa, ihya ve toparlanma \u00e7abalar\u0131n\u0131 t\u00fcm imkanlar\u0131m\u0131zla destekliyoruz.&#8221;<\/p>\n\n\n\n<p>Erdo\u011fan, Suriye devriminin son 1 y\u0131lda en zoru geride b\u0131rakt\u0131\u011f\u0131n\u0131 vurgulayarak, Suriye y\u00f6netiminin basiretli, dirayetli, ku\u015fat\u0131c\u0131, kucaklay\u0131c\u0131 ve adaleti politikalar\u0131yla bir daha eski, k\u00f6t\u00fc g\u00fcnlere d\u00f6n\u00fc\u015f olmayaca\u011f\u0131na inand\u0131\u011f\u0131n\u0131 dile getirdi.<\/p>\n\n\n\n<p>Cumhurba\u015fkan\u0131 Erdo\u011fan, \u015funlar\u0131 kaydetti:<\/p>\n\n\n\n<p>&#8220;Bilhassa 10 Mart Mutabakat\u0131&#8217;n\u0131n, alt\u0131nda imzas\u0131 olanlar taraf\u0131ndan ahde vefa ilkesi gere\u011fince hayat\u0131 ge\u00e7irilmesi, \u00f6nemli bir d\u00fc\u011f\u00fcm\u00fc \u00e7\u00f6zecektir. Mutabakat\u0131n suhuletle uygulanmas\u0131, istikrars\u0131z, b\u00f6l\u00fcnm\u00fc\u015f g\u00fc\u00e7s\u00fcz Suriye&#8217;ye yat\u0131r\u0131m yapan \u015fer odaklar\u0131n\u0131n hesaplar\u0131n\u0131 alt\u00fcst edecektir. B\u00f6ylece Suriye toprak b\u00fct\u00fcnl\u00fc\u011f\u00fcne haiz, m\u00fcreffeh, muzaffer ve b\u00f6lgesinin muteber bir \u00fclkesi olarak istikbale y\u00fcr\u00fcyecektir. Biz de nas\u0131l Suriye&#8217;den gelen mazlumlara ensar ruhuyla sahip \u00e7\u0131kt\u0131ysak, nas\u0131l Suriye&#8217;nin kuzeyinde mazlumlar i\u00e7in g\u00fcvenli alanlar in\u015fa ettiysek, nas\u0131l 13,5 y\u0131l boyunca bir yandan uluslararas\u0131 bask\u0131lara di\u011fer yandan i\u00e7eride T\u00fcrkiye&#8217;nin her k\u00f6\u015fesini &#8216;Suriyelileri g\u00f6nderece\u011fiz&#8217; afi\u015fleri ile donatan be\u015finci kol aparatlar\u0131na kar\u015f\u0131 sab\u0131rla direndiysek, yeni d\u00f6nemde de karde\u015flerimizi yaln\u0131z b\u0131rakmayaca\u011f\u0131z. Bu ana muhalefet \u00f6yle demiyor muydu? &#8216;Biz Suriyelileri geldikleri yere g\u00f6nderece\u011fiz&#8217; demiyorlar m\u0131yd\u0131. Onlar bunu s\u00f6ylerken bu karde\u015finiz ne diyordu, &#8216;asla g\u00f6nderemezsiniz, g\u00f6nderemeyeceksiniz&#8217; diyordu. Biz sava\u015fta onlara s\u0131rt\u0131m\u0131z\u0131 d\u00f6nmedik, bar\u0131\u015fta da daima yanlar\u0131nda olaca\u011f\u0131z.&#8221;<\/p>\n\n\n\n<h3 class=\"wp-block-heading\">&#8220;Filistin&#8217;de de mazlumlar\u0131n sabr\u0131 zaferle ta\u00e7lanacak&#8221;<\/h3>\n\n\n\n<p>T\u00fcrkler, Araplar, K\u00fcrtler, T\u00fcrkmenler, S\u00fcnniler, Nusayriler omuz omuza verip, Suriye&#8217;yi birlikte aya\u011fa kald\u0131racaklar\u0131n\u0131, birlikte imar ve in\u015fa edeceklerini belirten Erdo\u011fan, &#8220;Bunu da korkarak, birbirimizden \u015f\u00fcphe ederek, hele hele kavga ederek de\u011fil, birbirimize g\u00fcvenerek, inanarak, dayan\u0131\u015fmayla ger\u00e7ekle\u015ftirece\u011fiz. Bunu \u00f6zellikle \u015funun i\u00e7in s\u00f6yl\u00fcyorum. E\u011fer biz korkaklara kulak verseydik, korkunun esiri olsayd\u0131k \u015fimdi yan\u0131 ba\u015f\u0131m\u0131zda bir kan g\u00f6l\u00fc vard\u0131.&#8221; ifadelerini kulland\u0131.<\/p>\n\n\n\n<p>Cumhurba\u015fkan\u0131 Erdo\u011fan, \u015funlar\u0131 kaydetti:<\/p>\n\n\n\n<p>&#8220;Hat\u0131rlay\u0131n, devrimden \u00f6nce bize neler s\u00f6ylediler? &#8216;Orta Do\u011fu batakl\u0131\u011f\u0131na girmeyin&#8217; dediler. Kim? CHP&#8217;nin ba\u015f\u0131ndakiler. &#8216;Size ne Suriye&#8217;den&#8217; dediler. &#8216;Akan kana s\u0131rt\u0131n\u0131z\u0131 d\u00f6n\u00fcn&#8217; dediler. Buradan tur d\u00fczenlediler, gittiler, Esad&#8217;\u0131n elini s\u0131kt\u0131lar. S\u0131rt\u0131n\u0131 s\u0131vazlad\u0131lar. En son ana kadar Baas diktat\u00f6rl\u00fc\u011f\u00fcn\u00fcn muhipli\u011fini yapt\u0131lar. E\u011fer biz bu vizyonsuz ve vicdans\u0131zlara kulak assayd\u0131k, bug\u00fcn \u00e7ok ciddi g\u00fcvenlik tehditleriyle y\u00fczle\u015fiyor olurduk. Ama biz kendimize inand\u0131k. Allah&#8217;a inand\u0131k, g\u00fcvendik, cesaretle hareket ettik ve tuzaklar\u0131, kumpaslar\u0131, oyunlar\u0131 bozduk. Sabrettik, Allah&#8217;\u0131n l\u00fctfuyla zafere de \u015fahitlik ettik.&#8221;<\/p>\n\n\n\n<h3 class=\"wp-block-heading\">&#8220;Zul\u00fcm ile abad olan\u0131n ak\u0131beti berbat olur&#8221;<\/h3>\n\n\n\n<p>\u015eimdi yeni bir Suriye&#8217;nin kuruldu\u011funu, \u015eam&#8217;\u0131n, Halep&#8217;in, Hama&#8217;n\u0131n, Humus&#8217;un caddelerinde T\u00fcrkiye&#8217;de ya\u015fam\u0131\u015f ya da do\u011fmu\u015f gen\u00e7lerin T\u00fcrk\u00e7e konu\u015ftu\u011funa dikkati \u00e7eken Erdo\u011fan, 13,5 y\u0131ll\u0131k hasretin ard\u0131ndan evlerine d\u00f6nenlerin &#8220;Allah T\u00fcrkiye&#8217;den ve T\u00fcrk milletinden raz\u0131 olsun&#8221; dedi\u011fini dile getirdi.<\/p>\n\n\n\n<p>Erdo\u011fan, \u015funlar\u0131 ifade etti:<\/p>\n\n\n\n<p>&#8220;Hemen yan\u0131 ba\u015f\u0131m\u0131zda, t\u0131pk\u0131 Azerbaycan gibi, t\u0131pk\u0131 Kuzey K\u0131br\u0131s T\u00fcrk Cumhuriyeti gibi, ayn\u0131 dili konu\u015ftu\u011fumuz karde\u015f bir devlet k\u00fcllerinden yeniden do\u011fuyor. Millet\u00e7e bizler de aln\u0131m\u0131z ak, ba\u015f\u0131m\u0131z dik, bu \u015fekilde bu muhte\u015fem dirili\u015fe, yeniden do\u011fu\u015fa, sevin\u00e7 g\u00f6zya\u015flar\u0131yla tan\u0131kl\u0131k ediyor, karde\u015flik ve kom\u015fuluk s\u0131nav\u0131ndan ba\u015far\u0131yla \u00e7\u0131kman\u0131n hakl\u0131 k\u0131vanc\u0131n\u0131 ya\u015f\u0131yoruz. Rabbimizin daha nice m\u00fcjdelerine nail olaca\u011f\u0131m\u0131za y\u00fcrekten inan\u0131yoruz. Bir defa bizim \u015funa inanc\u0131m\u0131z tam, zul\u00fcm ile abad olan\u0131n ak\u0131beti berbat olur. Bunu elhamd\u00fclillah Suriye&#8217;de bizzat g\u00f6rd\u00fck. \u015eimdi s\u0131ra in\u015fallah Filistin&#8217;de. Filistin&#8217;de de mazlumlar\u0131n sabr\u0131 zaferle ta\u00e7lanacak, oraya da \u00f6zg\u00fcrl\u00fck ve bar\u0131\u015f gelecek, 1967 s\u0131n\u0131rlar\u0131nda, ba\u015fkenti Do\u011fu Kud\u00fcs olan egemen bir Filistin Devleti muhakkak Allah&#8217;\u0131n izniyle kurulacak.&#8221;<\/p>\n\n\n\n<h3 class=\"wp-block-heading\">&#8220;Filistin halk\u0131 kendi \u00f6z yurtlar\u0131nda emniyet i\u00e7inde ya\u015fayacak&#8221;<\/h3>\n\n\n\n<p>Filistin halk\u0131n\u0131n on y\u0131llard\u0131r b\u00fcy\u00fck ac\u0131lar \u00e7ekti\u011fini, tarifsiz i\u015fkencelerden ge\u00e7ti\u011fini, yak\u0131nlar\u0131n\u0131, \u00e7ocuklar\u0131n\u0131 kaybetti\u011fini ve evlerinin y\u0131k\u0131ld\u0131\u011f\u0131n\u0131 hat\u0131rlatan Erdo\u011fan, &#8220;Hayatlar\u0131 ve topraklar\u0131 \u00e7al\u0131nm\u0131\u015f Filistin halk\u0131, kendi \u00f6z yurtlar\u0131nda emniyet i\u00e7inde ya\u015fayacak. Bunun \u00f6n\u00fcn\u00fc hi\u00e7bir kirli, kanl\u0131 ve sinsi plan kesemeyecek.&#8221; ifadelerini kulland\u0131.<\/p>\n\n\n\n<p>Erdo\u011fan, kendilerini dev aynas\u0131nda g\u00f6ren katliam \u015febekelerinin her senaryosunun, her oyununun, her tuza\u011f\u0131n\u0131n \u00fczerinde Allah&#8217;\u0131n bir takdiri oldu\u011funu, umutlar\u0131n\u0131 kesmediklerini, kesmeyeceklerini vurgulad\u0131.<\/p>\n\n\n\n<p>&#8220;Filistin&#8217;de de zafer mar\u015flar\u0131n\u0131, aynen Suriye&#8217;de oldu\u011fu gibi, hep birlikte terenn\u00fcm edece\u011fiz.&#8221; diyen Erdo\u011fan, sabr\u0131n, azmin, umudun ve m\u00fccadelenin karanl\u0131klar\u0131 bo\u011fdu\u011funa \u015fahitlik edeceklerini s\u00f6yledi.<\/p>\n\n\n\n<p>Erdo\u011fan, katliamlar\u0131n en kesif g\u00fcnlerinde Suriyelilere bir s\u00f6z verdiklerini, uzak olmayan bir tarihte o s\u00f6z\u00fc mutlaka tutacaklar\u0131n\u0131 belirterek, program\u0131n hay\u0131rl\u0131 olmas\u0131n\u0131 diledi.<\/p>\n\n\n\n<p>Cumhurba\u015fkan\u0131 Erdo\u011fan&#8217;a konu\u015fmas\u0131n\u0131n ard\u0131ndan, AK Parti Genel Ba\u015fkan Yard\u0131mc\u0131s\u0131 Hasan Basri Yal\u00e7\u0131n taraf\u0131ndan &#8220;La Galibe \u0130llallah: Allah&#8217;tan ba\u015fka galip yoktur&#8221; yaz\u0131l\u0131 tablo takdim edildi.<\/p>\n\n\n\n<p>Kaynak: AA<\/p>\n","protected":false},"excerpt":{"rendered":"<p>Cumhurba\u015fkan\u0131 Recep Tayyip Erdo\u011fan, &#8220;Nerede bir zul\u00fcm varsa mazlumun yan\u0131nda, zalimin kar\u015f\u0131s\u0131nda dimdik duruyoruz.&#8221; dedi. Burada konu\u015fan Erdo\u011fan, Birle\u015fmi\u015f Milletler \u0130nsan Haklar\u0131 Evrensel Beyannamesinin kabul\u00fcn\u00fcn 77. y\u0131l\u0131 dolay\u0131s\u0131yla d\u00fczenlenen &#8220;\u0130nsanl\u0131k \u0130\u00e7in G\u00fc\u00e7l\u00fc T\u00fcrkiye&#8221; program\u0131n\u0131n hay\u0131rlara vesile olmas\u0131n\u0131 diledi. \u0130nsan Haklar\u0131 Evrensel Beyannamesi&#8217;nin kabul\u00fcn\u00fcn 77. y\u0131l d\u00f6n\u00fcm\u00fc olan 10 Aral\u0131k \u0130nsan Haklar\u0131 G\u00fcn\u00fc&#8217;n\u00fc tebrik eden Erdo\u011fan, [&hellip;]<\/p>\n","protected":false},"author":1,"featured_media":7480,"comment_status":"open","ping_status":"open","sticky":false,"template":"","format":"standard","meta":{"footnotes":""},"categories":[11],"tags":[2001,846,542],"class_list":["post-7476","post","type-post","status-publish","format-standard","has-post-thumbnail","hentry","category-manset","tag-ak-part","tag-cumhurbaskani-erdogan","tag-insan-haklari"],"_links":{"self":[{"href":"https:\/\/www.trabzonmanset.com\/index.php\/wp-json\/wp\/v2\/posts\/7476","targetHints":{"allow":["GET"]}}],"collection":[{"href":"https:\/\/www.trabzonmanset.com\/index.php\/wp-json\/wp\/v2\/posts"}],"about":[{"href":"https:\/\/www.trabzonmanset.com\/index.php\/wp-json\/wp\/v2\/types\/post"}],"author":[{"embeddable":true,"href":"https:\/\/www.trabzonmanset.com\/index.php\/wp-json\/wp\/v2\/users\/1"}],"replies":[{"embeddable":true,"href":"https:\/\/www.trabzonmanset.com\/index.php\/wp-json\/wp\/v2\/comments?post=7476"}],"version-history":[{"count":1,"href":"https:\/\/www.trabzonmanset.com\/index.php\/wp-json\/wp\/v2\/posts\/7476\/revisions"}],"predecessor-version":[{"id":7481,"href":"https:\/\/www.trabzonmanset.com\/index.php\/wp-json\/wp\/v2\/posts\/7476\/revisions\/7481"}],"wp:featuredmedia":[{"embeddable":true,"href":"https:\/\/www.trabzonmanset.com\/index.php\/wp-json\/wp\/v2\/media\/7480"}],"wp:attachment":[{"href":"https:\/\/www.trabzonmanset.com\/index.php\/wp-json\/wp\/v2\/media?parent=7476"}],"wp:term":[{"taxonomy":"category","embeddable":true,"href":"https:\/\/www.trabzonmanset.com\/index.php\/wp-json\/wp\/v2\/categories?post=7476"},{"taxonomy":"post_tag","embeddable":true,"href":"https:\/\/www.trabzonmanset.com\/index.php\/wp-json\/wp\/v2\/tags?post=7476"}],"curies":[{"name":"wp","href":"https:\/\/api.w.org\/{rel}","templated":true}]}}