{"id":7466,"date":"2025-12-08T19:46:00","date_gmt":"2025-12-08T16:46:00","guid":{"rendered":"https:\/\/www.trabzonmanset.com\/?p=7466"},"modified":"2025-12-08T23:50:12","modified_gmt":"2025-12-08T20:50:12","slug":"bu-magarada-15-gun-boyunca-yarim-saat-kalan-olum-haric-her-derdine-sifa-buluyor","status":"publish","type":"post","link":"https:\/\/www.trabzonmanset.com\/index.php\/2025\/12\/08\/bu-magarada-15-gun-boyunca-yarim-saat-kalan-olum-haric-her-derdine-sifa-buluyor\/","title":{"rendered":"Bu ma\u011farada 15 g\u00fcn boyunca yar\u0131m saat kalan \u00f6l\u00fcm hari\u00e7 her derdine \u015fifa buluyor"},"content":{"rendered":"\n<p>Antalya&#8217;n\u0131n Alanya il\u00e7esinin \u00f6nemli turizm noktalar\u0131ndan biri olan Damlata\u015f Ma\u011faras\u0131, 2025 y\u0131l\u0131 boyunca yakla\u015f\u0131k 270 bin yerli ve yabanc\u0131 turist a\u011f\u0131rlayarak b\u00f6lge turizmine g\u00fc\u00e7l\u00fc bir katk\u0131 sa\u011flad\u0131. S\u0131cak ve nemli havas\u0131yla bilinen ma\u011fara, yaln\u0131zca do\u011fal g\u00fczelli\u011fiyle de\u011fil, ayn\u0131 zamanda bilimsel \u00e7al\u0131\u015fmalarla da ilgi \u00e7ekiyor. Ma\u011farada 15 g\u00fcn boyunca yar\u0131m saat kalan hastalar\u0131n her derdine \u015fifa buldu\u011fu s\u00f6yleniyor.<\/p>\n\n\n\n<p>Do\u011fal olu\u015fumunun y\u00fczlerce y\u0131l s\u00fcrd\u00fc\u011f\u00fc d\u00fc\u015f\u00fcn\u00fclen Antalya&#8217;n\u0131n Alanya il\u00e7esinin bilinen en eski ma\u011faras\u0131 olan Damlata\u015f Ma\u011faras\u0131, yakla\u015f\u0131k 15-20 derece s\u0131cakl\u0131k, y\u00fcksek nem ve d\u00fc\u015f\u00fck seviyedeki radyoaktivite \u00f6zellikleriyle \u00f6zellikle solunum rahats\u0131zl\u0131klar\u0131 bulunan ziyaret\u00e7ilerin tercih etti\u011fi bir nokta haline geldi.<\/p>\n\n\n\n<figure class=\"wp-block-image size-full\"><img loading=\"lazy\" decoding=\"async\" width=\"640\" height=\"360\" src=\"https:\/\/www.trabzonmanset.com\/wp-content\/uploads\/2025\/12\/bu-magarada-15-gun-boyunca-yarim-saat-kalan-olum-19336648_4177_m.webp?wsr\" alt=\"\" class=\"wp-image-7467\" srcset=\"https:\/\/www.trabzonmanset.com\/wp-content\/uploads\/2025\/12\/bu-magarada-15-gun-boyunca-yarim-saat-kalan-olum-19336648_4177_m.webp 640w, https:\/\/www.trabzonmanset.com\/wp-content\/uploads\/2025\/12\/bu-magarada-15-gun-boyunca-yarim-saat-kalan-olum-19336648_4177_m-300x169.webp 300w\" sizes=\"auto, (max-width: 640px) 100vw, 640px\" \/><\/figure>\n\n\n\n<h3 class=\"wp-block-heading\">Z\u0130YARET\u00c7\u0130 AKININA U\u011eRADI<\/h3>\n\n\n\n<p>Damlata\u015f Ma\u011faras\u0131, hem do\u011fal g\u00fczelli\u011fi hem de sa\u011fl\u0131k a\u00e7\u0131s\u0131ndan sundu\u011fu faydalarla 2025 y\u0131l\u0131nda da Alanya&#8217;n\u0131n en \u00e7ok ilgi \u00e7eken turistik de\u011ferlerinden biri olmay\u0131 s\u00fcrd\u00fcrd\u00fc. Do\u011fal g\u00fczellikleri ve sa\u011fl\u0131k a\u00e7\u0131s\u0131ndan faydal\u0131 olan ma\u011faraya ge\u00e7en sene 250 bin ki\u015fi ziyaret ederken, bu sene ise 270 bin ki\u015fi ziyaret etti.<\/p>\n\n\n\n<figure class=\"wp-block-image size-full\"><img loading=\"lazy\" decoding=\"async\" width=\"640\" height=\"360\" src=\"https:\/\/www.trabzonmanset.com\/wp-content\/uploads\/2025\/12\/bu-magarada-15-gun-boyunca-yarim-saat-kalan-olum-19336648_562_m.webp?wsr\" alt=\"\" class=\"wp-image-7468\" srcset=\"https:\/\/www.trabzonmanset.com\/wp-content\/uploads\/2025\/12\/bu-magarada-15-gun-boyunca-yarim-saat-kalan-olum-19336648_562_m.webp 640w, https:\/\/www.trabzonmanset.com\/wp-content\/uploads\/2025\/12\/bu-magarada-15-gun-boyunca-yarim-saat-kalan-olum-19336648_562_m-300x169.webp 300w\" sizes=\"auto, (max-width: 640px) 100vw, 640px\" \/><\/figure>\n\n\n\n<h3 class=\"wp-block-heading\">SICAK VE NEML\u0130 HAVASIYLA HASTALARA \u015e\u0130FA OLUYOR<\/h3>\n\n\n\n<p>Damlata\u015f Ma\u011faras\u0131&#8217;n\u0131n giri\u015finde esnafl\u0131k yapan Halil Tamuro\u011flu, &#8220;Damlata\u015f Ma\u011faras\u0131 Alanya&#8217;n\u0131n k\u00fclt\u00fcrel miraslar\u0131ndan birisi. Ast\u0131m ve KOAH hastalar\u0131na ma\u011fara \u015fifa oluyor. Ma\u011farada 15 g\u00fcn boyunca yar\u0131m saat kalan hastalara \u015fifa oldu\u011fu s\u00f6yleniyor. Ast\u0131m ve KOAH hastal\u0131\u011f\u0131n\u0131n ge\u00e7ti\u011fi biliniyor. Sene boyunca yerli ve yabanc\u0131 misafirleri bu ma\u011fara a\u011f\u0131rl\u0131yor. Bir\u00e7ok misafir burada \u015fifa buluyor. Alanyam\u0131z\u0131n g\u00f6r\u00fclmesi gereken g\u00fczide bir yeridir&#8217; dedi.<\/p>\n\n\n\n<figure class=\"wp-block-image size-full\"><img loading=\"lazy\" decoding=\"async\" width=\"640\" height=\"360\" src=\"https:\/\/www.trabzonmanset.com\/wp-content\/uploads\/2025\/12\/bu-magarada-15-gun-boyunca-yarim-saat-kalan-olum-19336648_9472_m.webp?wsr\" alt=\"\" class=\"wp-image-7469\" srcset=\"https:\/\/www.trabzonmanset.com\/wp-content\/uploads\/2025\/12\/bu-magarada-15-gun-boyunca-yarim-saat-kalan-olum-19336648_9472_m.webp 640w, https:\/\/www.trabzonmanset.com\/wp-content\/uploads\/2025\/12\/bu-magarada-15-gun-boyunca-yarim-saat-kalan-olum-19336648_9472_m-300x169.webp 300w\" sizes=\"auto, (max-width: 640px) 100vw, 640px\" \/><\/figure>\n\n\n\n<figure class=\"wp-block-image size-full\"><img loading=\"lazy\" decoding=\"async\" width=\"640\" height=\"360\" src=\"https:\/\/www.trabzonmanset.com\/wp-content\/uploads\/2025\/12\/bu-magarada-15-gun-boyunca-yarim-saat-kalan-olum-19336648_1954_m.webp?wsr\" alt=\"\" class=\"wp-image-7470\" srcset=\"https:\/\/www.trabzonmanset.com\/wp-content\/uploads\/2025\/12\/bu-magarada-15-gun-boyunca-yarim-saat-kalan-olum-19336648_1954_m.webp 640w, https:\/\/www.trabzonmanset.com\/wp-content\/uploads\/2025\/12\/bu-magarada-15-gun-boyunca-yarim-saat-kalan-olum-19336648_1954_m-300x169.webp 300w\" sizes=\"auto, (max-width: 640px) 100vw, 640px\" \/><\/figure>\n\n\n\n<figure class=\"wp-block-image size-full\"><img loading=\"lazy\" decoding=\"async\" width=\"640\" height=\"360\" src=\"https:\/\/www.trabzonmanset.com\/wp-content\/uploads\/2025\/12\/bu-magarada-15-gun-boyunca-yarim-saat-kalan-olum-19336648_2650_m.webp?wsr\" alt=\"\" class=\"wp-image-7471\" srcset=\"https:\/\/www.trabzonmanset.com\/wp-content\/uploads\/2025\/12\/bu-magarada-15-gun-boyunca-yarim-saat-kalan-olum-19336648_2650_m.webp 640w, https:\/\/www.trabzonmanset.com\/wp-content\/uploads\/2025\/12\/bu-magarada-15-gun-boyunca-yarim-saat-kalan-olum-19336648_2650_m-300x169.webp 300w\" sizes=\"auto, (max-width: 640px) 100vw, 640px\" \/><\/figure>\n\n\n\n<figure class=\"wp-block-image size-full\"><img loading=\"lazy\" decoding=\"async\" width=\"640\" height=\"360\" src=\"https:\/\/www.trabzonmanset.com\/wp-content\/uploads\/2025\/12\/bu-magarada-15-gun-boyunca-yarim-saat-kalan-olum-19336648_9362_m.webp?wsr\" alt=\"\" class=\"wp-image-7472\" srcset=\"https:\/\/www.trabzonmanset.com\/wp-content\/uploads\/2025\/12\/bu-magarada-15-gun-boyunca-yarim-saat-kalan-olum-19336648_9362_m.webp 640w, https:\/\/www.trabzonmanset.com\/wp-content\/uploads\/2025\/12\/bu-magarada-15-gun-boyunca-yarim-saat-kalan-olum-19336648_9362_m-300x169.webp 300w\" sizes=\"auto, (max-width: 640px) 100vw, 640px\" \/><\/figure>\n\n\n\n<figure class=\"wp-block-image size-full\"><img loading=\"lazy\" decoding=\"async\" width=\"640\" height=\"360\" src=\"https:\/\/www.trabzonmanset.com\/wp-content\/uploads\/2025\/12\/bu-magarada-15-gun-boyunca-yarim-saat-kalan-olum-19336648_5256_m.webp?wsr\" alt=\"\" class=\"wp-image-7473\" srcset=\"https:\/\/www.trabzonmanset.com\/wp-content\/uploads\/2025\/12\/bu-magarada-15-gun-boyunca-yarim-saat-kalan-olum-19336648_5256_m.webp 640w, https:\/\/www.trabzonmanset.com\/wp-content\/uploads\/2025\/12\/bu-magarada-15-gun-boyunca-yarim-saat-kalan-olum-19336648_5256_m-300x169.webp 300w\" sizes=\"auto, (max-width: 640px) 100vw, 640px\" \/><\/figure>\n\n\n\n<p><\/p>\n","protected":false},"excerpt":{"rendered":"<p>Antalya&#8217;n\u0131n Alanya il\u00e7esinin \u00f6nemli turizm noktalar\u0131ndan biri olan Damlata\u015f Ma\u011faras\u0131, 2025 y\u0131l\u0131 boyunca yakla\u015f\u0131k 270 bin yerli ve yabanc\u0131 turist a\u011f\u0131rlayarak b\u00f6lge turizmine g\u00fc\u00e7l\u00fc bir katk\u0131 sa\u011flad\u0131. S\u0131cak ve nemli havas\u0131yla bilinen ma\u011fara, yaln\u0131zca do\u011fal g\u00fczelli\u011fiyle de\u011fil, ayn\u0131 zamanda bilimsel \u00e7al\u0131\u015fmalarla da ilgi \u00e7ekiyor. Ma\u011farada 15 g\u00fcn boyunca yar\u0131m saat kalan hastalar\u0131n her derdine \u015fifa [&hellip;]<\/p>\n","protected":false},"author":1,"featured_media":7474,"comment_status":"open","ping_status":"open","sticky":false,"template":"","format":"standard","meta":{"footnotes":""},"categories":[1124],"tags":[2734,1320,2735],"class_list":["post-7466","post","type-post","status-publish","format-standard","has-post-thumbnail","hentry","category-turizm","tag-alanya","tag-antalya","tag-damlatas-magarasi"],"_links":{"self":[{"href":"https:\/\/www.trabzonmanset.com\/index.php\/wp-json\/wp\/v2\/posts\/7466","targetHints":{"allow":["GET"]}}],"collection":[{"href":"https:\/\/www.trabzonmanset.com\/index.php\/wp-json\/wp\/v2\/posts"}],"about":[{"href":"https:\/\/www.trabzonmanset.com\/index.php\/wp-json\/wp\/v2\/types\/post"}],"author":[{"embeddable":true,"href":"https:\/\/www.trabzonmanset.com\/index.php\/wp-json\/wp\/v2\/users\/1"}],"replies":[{"embeddable":true,"href":"https:\/\/www.trabzonmanset.com\/index.php\/wp-json\/wp\/v2\/comments?post=7466"}],"version-history":[{"count":1,"href":"https:\/\/www.trabzonmanset.com\/index.php\/wp-json\/wp\/v2\/posts\/7466\/revisions"}],"predecessor-version":[{"id":7475,"href":"https:\/\/www.trabzonmanset.com\/index.php\/wp-json\/wp\/v2\/posts\/7466\/revisions\/7475"}],"wp:featuredmedia":[{"embeddable":true,"href":"https:\/\/www.trabzonmanset.com\/index.php\/wp-json\/wp\/v2\/media\/7474"}],"wp:attachment":[{"href":"https:\/\/www.trabzonmanset.com\/index.php\/wp-json\/wp\/v2\/media?parent=7466"}],"wp:term":[{"taxonomy":"category","embeddable":true,"href":"https:\/\/www.trabzonmanset.com\/index.php\/wp-json\/wp\/v2\/categories?post=7466"},{"taxonomy":"post_tag","embeddable":true,"href":"https:\/\/www.trabzonmanset.com\/index.php\/wp-json\/wp\/v2\/tags?post=7466"}],"curies":[{"name":"wp","href":"https:\/\/api.w.org\/{rel}","templated":true}]}}