{"id":7460,"date":"2025-12-08T21:25:00","date_gmt":"2025-12-08T18:25:00","guid":{"rendered":"https:\/\/www.trabzonmanset.com\/?p=7460"},"modified":"2025-12-08T23:40:31","modified_gmt":"2025-12-08T20:40:31","slug":"meteoroloji-illeri-tek-tek-uyardi-kuvvetli-saganak-ve-kar-yagisi-geliyor","status":"publish","type":"post","link":"https:\/\/www.trabzonmanset.com\/index.php\/2025\/12\/08\/meteoroloji-illeri-tek-tek-uyardi-kuvvetli-saganak-ve-kar-yagisi-geliyor\/","title":{"rendered":"Meteoroloji illeri tek tek uyard\u0131! Kuvvetli sa\u011fanak ve kar ya\u011f\u0131\u015f\u0131 geliyor"},"content":{"rendered":"\n<p>T\u00fcrkiye&#8217;nin baz\u0131 b\u00f6lgeleri i\u00e7in kuvvetli ya\u011f\u0131\u015f, kuvvetli kar ve f\u0131rt\u0131na uyar\u0131s\u0131nda bulunuldu. Meteoroloji&#8217;den yap\u0131lan a\u00e7\u0131klamaya g\u00f6re, D\u00fczce, Zonguldak ve Bart\u0131n \u00e7evrelerinde gece saatlerine kadar aral\u0131klarla kuvvetli sa\u011fanak, Hakkari, \u015e\u0131rnak, Siirt ve Van&#8217;da ise kuvvetli kar ya\u011f\u0131\u015f\u0131 bekleniyor. \u00d6te yandan, G\u00fcney Ege&#8217;nin kuzeyinde ve Do\u011fu Akdeniz&#8217;in bat\u0131s\u0131nda r\u00fczgar\u0131n f\u0131rt\u0131na \u015feklinde esmesi \u00f6ng\u00f6r\u00fcl\u00fcyor.<\/p>\n\n\n\n<p>T\u00fcrkiye&#8217;nin baz\u0131 b\u00f6lgeleri i\u00e7in kuvvetli ya\u011f\u0131\u015f, kuvvetli kar ve f\u0131rt\u0131na uyar\u0131s\u0131nda bulunuldu.<\/p>\n\n\n\n<p>Meteoroloji Genel M\u00fcd\u00fcrl\u00fc\u011f\u00fcnden yap\u0131lan a\u00e7\u0131klamaya g\u00f6re, D\u00fczce, Zonguldak ve Bart\u0131n \u00e7evrelerinde gece saatlerine kadar aral\u0131klarla kuvvetli sa\u011fanak bekleniyor.<\/p>\n\n\n\n<h3 class=\"wp-block-heading\">4 \u0130L BEYAZA B\u00dcR\u00dcNECEK<\/h3>\n\n\n\n<p>Yar\u0131n sabah saatlerinden itibaren ise Do\u011fu Anadolu&#8217;nun g\u00fcneydo\u011fusunda g\u00f6r\u00fclecek ya\u011f\u0131\u015flar\u0131n, Hakkari, \u015e\u0131rnak&#8217;\u0131n do\u011fusu, Siirt-Pervari il\u00e7esi ile Van&#8217;\u0131n g\u00fcneyinin y\u00fcksek kesimlerinde gece saatlerine kadar aral\u0131klarla kuvvetli kar \u015feklinde olmas\u0131 tahmin ediliyor.<\/p>\n\n\n\n<h3 class=\"wp-block-heading\">G\u00dcNEY EGE VE DO\u011eU AKDEN\u0130Z&#8217;DE FIRTINA ALARMI<\/h3>\n\n\n\n<p>\u00d6te yandan, G\u00fcney Ege&#8217;nin kuzeyinde r\u00fczgar\u0131n, yar\u0131n g\u00fcn\u00fcn ilk saatlerinden itibaren kuzey ve kuzeybat\u0131 y\u00f6nlerden 6 ila 8 kuvvetinde f\u0131rt\u0131na \u015feklinde esmesi \u00f6ng\u00f6r\u00fcl\u00fcyor. F\u0131rt\u0131nan\u0131n ayn\u0131 g\u00fcn ak\u015fam saatlerinden sonra etkisini kaybetmesi bekleniyor.<\/p>\n\n\n\n<p>Do\u011fu Akdeniz&#8217;in bat\u0131s\u0131nda bug\u00fcn ak\u015fam saatlerinden sonra do\u011fu ve kuzeydo\u011fu y\u00f6nlerden 6 ila 8 kuvvetinde f\u0131rt\u0131na \u015feklinde esmesi beklenen f\u0131rt\u0131nan\u0131n, yar\u0131n ak\u015fam saatlerinden sonra etkisini kaybetmesi tahmin ediliyor.<\/p>\n\n\n\n<h3 class=\"wp-block-heading\">\u0130STANBUL VE ANKARA&#8217;YA \u0130LK KAR NE ZAMAN D\u00dc\u015eECEK?<\/h3>\n\n\n\n<p>\u0130stanbul ve Ankara&#8217;da ise bu hafta g\u00f6r\u00fclecek ya\u011f\u0131\u015flar\u0131n ya\u011fmur, y\u00fcksek kesimlerde ise karla kar\u0131\u015f\u0131k ya\u011fmur \u015feklinde olmas\u0131 beklenirken, vatanda\u015flar\u0131n beyaz \u00f6rt\u00fc hasreti bir s\u00fcre daha devam edecek. Uzmanlar, iki \u015fehir i\u00e7in de kar ya\u011f\u0131\u015f\u0131 i\u00e7in 2026 Ocak ay\u0131n\u0131 i\u015faret etti.<\/p>\n\n\n\n<p><\/p>\n","protected":false},"excerpt":{"rendered":"<p>T\u00fcrkiye&#8217;nin baz\u0131 b\u00f6lgeleri i\u00e7in kuvvetli ya\u011f\u0131\u015f, kuvvetli kar ve f\u0131rt\u0131na uyar\u0131s\u0131nda bulunuldu. Meteoroloji&#8217;den yap\u0131lan a\u00e7\u0131klamaya g\u00f6re, D\u00fczce, Zonguldak ve Bart\u0131n \u00e7evrelerinde gece saatlerine kadar aral\u0131klarla kuvvetli sa\u011fanak, Hakkari, \u015e\u0131rnak, Siirt ve Van&#8217;da ise kuvvetli kar ya\u011f\u0131\u015f\u0131 bekleniyor. \u00d6te yandan, G\u00fcney Ege&#8217;nin kuzeyinde ve Do\u011fu Akdeniz&#8217;in bat\u0131s\u0131nda r\u00fczgar\u0131n f\u0131rt\u0131na \u015feklinde esmesi \u00f6ng\u00f6r\u00fcl\u00fcyor. T\u00fcrkiye&#8217;nin baz\u0131 b\u00f6lgeleri i\u00e7in [&hellip;]<\/p>\n","protected":false},"author":1,"featured_media":7461,"comment_status":"open","ping_status":"open","sticky":false,"template":"","format":"standard","meta":{"footnotes":""},"categories":[1349],"tags":[1849,2727,176,1676,2729,2728,1489,623,2730,2069,154,2731,491,1339],"class_list":["post-7460","post","type-post","status-publish","format-standard","has-post-thumbnail","hentry","category-yasam","tag-bartin","tag-dogu-akdeniz","tag-dunya","tag-duzce","tag-firtina","tag-guney-ege","tag-hakkari","tag-hava-durumu","tag-siirt","tag-sirnak","tag-turkiye","tag-van","tag-yasam","tag-zonguldak"],"_links":{"self":[{"href":"https:\/\/www.trabzonmanset.com\/index.php\/wp-json\/wp\/v2\/posts\/7460","targetHints":{"allow":["GET"]}}],"collection":[{"href":"https:\/\/www.trabzonmanset.com\/index.php\/wp-json\/wp\/v2\/posts"}],"about":[{"href":"https:\/\/www.trabzonmanset.com\/index.php\/wp-json\/wp\/v2\/types\/post"}],"author":[{"embeddable":true,"href":"https:\/\/www.trabzonmanset.com\/index.php\/wp-json\/wp\/v2\/users\/1"}],"replies":[{"embeddable":true,"href":"https:\/\/www.trabzonmanset.com\/index.php\/wp-json\/wp\/v2\/comments?post=7460"}],"version-history":[{"count":1,"href":"https:\/\/www.trabzonmanset.com\/index.php\/wp-json\/wp\/v2\/posts\/7460\/revisions"}],"predecessor-version":[{"id":7462,"href":"https:\/\/www.trabzonmanset.com\/index.php\/wp-json\/wp\/v2\/posts\/7460\/revisions\/7462"}],"wp:featuredmedia":[{"embeddable":true,"href":"https:\/\/www.trabzonmanset.com\/index.php\/wp-json\/wp\/v2\/media\/7461"}],"wp:attachment":[{"href":"https:\/\/www.trabzonmanset.com\/index.php\/wp-json\/wp\/v2\/media?parent=7460"}],"wp:term":[{"taxonomy":"category","embeddable":true,"href":"https:\/\/www.trabzonmanset.com\/index.php\/wp-json\/wp\/v2\/categories?post=7460"},{"taxonomy":"post_tag","embeddable":true,"href":"https:\/\/www.trabzonmanset.com\/index.php\/wp-json\/wp\/v2\/tags?post=7460"}],"curies":[{"name":"wp","href":"https:\/\/api.w.org\/{rel}","templated":true}]}}