{"id":7452,"date":"2025-12-08T23:32:22","date_gmt":"2025-12-08T20:32:22","guid":{"rendered":"https:\/\/www.trabzonmanset.com\/?p=7452"},"modified":"2025-12-08T23:32:23","modified_gmt":"2025-12-08T20:32:23","slug":"demli-bakirhandan-kendisini-alkislayan-bahceliye-cay-daveti","status":"publish","type":"post","link":"https:\/\/www.trabzonmanset.com\/index.php\/2025\/12\/08\/demli-bakirhandan-kendisini-alkislayan-bahceliye-cay-daveti\/","title":{"rendered":"DEM&#8217;li Bak\u0131rhan&#8217;dan kendisini alk\u0131\u015flayan Bah\u00e7eli&#8217;ye &#8220;\u00e7ay&#8221; daveti"},"content":{"rendered":"\n<p>TBMM&#8217;deki b\u00fct\u00e7e g\u00f6r\u00fc\u015fmelerine kat\u0131lan MHP Genel Ba\u015fkan\u0131 Devlet Bah\u00e7eli, DEM Parti E\u015f Genel Ba\u015fkan\u0131 Tuncer Bak\u0131rhan&#8217;\u0131n konu\u015fmas\u0131n\u0131 alk\u0131\u015flad\u0131. Bak\u0131rhan ise kuliste kendisini tebrik eden Bah\u00e7eli&#8217;yi \u00e7aya davet ederken, MHP lideri, &#8220;Esta\u011ffurullah, sizi yormayal\u0131m.&#8221; yan\u0131t\u0131n\u0131 verdi.<\/p>\n\n\n\n<p>T\u00fcrkiye B\u00fcy\u00fck Millet Meclisi (TBMM) Genel Kurulu 2026 Y\u0131l\u0131 B\u00fct\u00e7e Kanunu Teklifi g\u00f6r\u00fc\u015fmelerine MHP Genel Ba\u015fkan\u0131 Devlet Bah\u00e7eli de kat\u0131ld\u0131. DEM Parti E\u015f Genel Ba\u015fkan\u0131 Tuncer Bak\u0131rhan&#8217;\u0131n konu\u015fmas\u0131 s\u0131ras\u0131nda ilgin\u00e7 anlar ya\u015fand\u0131.<\/p>\n\n\n\n<h3 class=\"wp-block-heading\">BAH\u00c7EL\u0130, BAKIRHAN&#8217;I ALKI\u015eLADI<\/h3>\n\n\n\n<p>Konu\u015fmas\u0131nda Ter\u00f6rs\u00fcz T\u00fcrkiye s\u00fcrecine geni\u015f yer ay\u0131ran Bak\u0131rhan, PKK eleba\u015f\u0131 Abdullah \u00d6calan&#8217;a ya\u015fam ve \u00e7al\u0131\u015fma \u015fartlar\u0131 sa\u011flanmas\u0131 gerekti\u011fini&#8221; s\u00f6yledi. Bah\u00e7eli de, konu\u015fmas\u0131n\u0131n sonunda Tuncer Bak\u0131rhan&#8217;\u0131 alk\u0131\u015flad\u0131.<\/p>\n\n\n\n<h3 class=\"wp-block-heading\">BAKIRHAN&#8217;DAN BAH\u00c7EL\u0130&#8217;YE &#8220;\u00c7AY&#8221; DAVET\u0130<\/h3>\n\n\n\n<p>Daha sonra MHP lideri Bah\u00e7eli, Bak\u0131rhan ve T\u00fclay Hatimo\u011fullar\u0131&#8217;n\u0131n yan\u0131na giderek tokala\u015ft\u0131. Bah\u00e7eli ayak\u00fcst\u00fc sohbet etti\u011fi Bak\u0131rhan&#8217;\u0131 konu\u015fmas\u0131ndan dolay\u0131 tebrik etti.<\/p>\n\n\n\n<h3 class=\"wp-block-heading\">&#8220;S\u0130Z\u0130 YORMAYALIM&#8221;<\/h3>\n\n\n\n<p>Tuncer Bak\u0131rhan ise Bah\u00e7eli&#8217;yi \u00e7aya davet etti. Bah\u00e7eli \u00e7ay davetine, &#8220;Esta\u011ffurullah, sizi yormayal\u0131m. Ba\u015far\u0131lar, Allah yard\u0131mc\u0131n\u0131z olsun&#8221; yan\u0131t\u0131n\u0131 verdi.<\/p>\n\n\n\n<p><\/p>\n","protected":false},"excerpt":{"rendered":"<p>TBMM&#8217;deki b\u00fct\u00e7e g\u00f6r\u00fc\u015fmelerine kat\u0131lan MHP Genel Ba\u015fkan\u0131 Devlet Bah\u00e7eli, DEM Parti E\u015f Genel Ba\u015fkan\u0131 Tuncer Bak\u0131rhan&#8217;\u0131n konu\u015fmas\u0131n\u0131 alk\u0131\u015flad\u0131. Bak\u0131rhan ise kuliste kendisini tebrik eden Bah\u00e7eli&#8217;yi \u00e7aya davet ederken, MHP lideri, &#8220;Esta\u011ffurullah, sizi yormayal\u0131m.&#8221; yan\u0131t\u0131n\u0131 verdi. T\u00fcrkiye B\u00fcy\u00fck Millet Meclisi (TBMM) Genel Kurulu 2026 Y\u0131l\u0131 B\u00fct\u00e7e Kanunu Teklifi g\u00f6r\u00fc\u015fmelerine MHP Genel Ba\u015fkan\u0131 Devlet Bah\u00e7eli de kat\u0131ld\u0131. [&hellip;]<\/p>\n","protected":false},"author":1,"featured_media":7453,"comment_status":"open","ping_status":"open","sticky":false,"template":"","format":"standard","meta":{"footnotes":""},"categories":[1,632],"tags":[1387,937,545,565,2724],"class_list":["post-7452","post","type-post","status-publish","format-standard","has-post-thumbnail","hentry","category-gundem","category-siyaset","tag-dem-parti","tag-devlet-bahceli","tag-guncel","tag-politika","tag-tuncer-bakirhan"],"_links":{"self":[{"href":"https:\/\/www.trabzonmanset.com\/index.php\/wp-json\/wp\/v2\/posts\/7452","targetHints":{"allow":["GET"]}}],"collection":[{"href":"https:\/\/www.trabzonmanset.com\/index.php\/wp-json\/wp\/v2\/posts"}],"about":[{"href":"https:\/\/www.trabzonmanset.com\/index.php\/wp-json\/wp\/v2\/types\/post"}],"author":[{"embeddable":true,"href":"https:\/\/www.trabzonmanset.com\/index.php\/wp-json\/wp\/v2\/users\/1"}],"replies":[{"embeddable":true,"href":"https:\/\/www.trabzonmanset.com\/index.php\/wp-json\/wp\/v2\/comments?post=7452"}],"version-history":[{"count":1,"href":"https:\/\/www.trabzonmanset.com\/index.php\/wp-json\/wp\/v2\/posts\/7452\/revisions"}],"predecessor-version":[{"id":7454,"href":"https:\/\/www.trabzonmanset.com\/index.php\/wp-json\/wp\/v2\/posts\/7452\/revisions\/7454"}],"wp:featuredmedia":[{"embeddable":true,"href":"https:\/\/www.trabzonmanset.com\/index.php\/wp-json\/wp\/v2\/media\/7453"}],"wp:attachment":[{"href":"https:\/\/www.trabzonmanset.com\/index.php\/wp-json\/wp\/v2\/media?parent=7452"}],"wp:term":[{"taxonomy":"category","embeddable":true,"href":"https:\/\/www.trabzonmanset.com\/index.php\/wp-json\/wp\/v2\/categories?post=7452"},{"taxonomy":"post_tag","embeddable":true,"href":"https:\/\/www.trabzonmanset.com\/index.php\/wp-json\/wp\/v2\/tags?post=7452"}],"curies":[{"name":"wp","href":"https:\/\/api.w.org\/{rel}","templated":true}]}}