{"id":7449,"date":"2025-12-08T23:29:19","date_gmt":"2025-12-08T20:29:19","guid":{"rendered":"https:\/\/www.trabzonmanset.com\/?p=7449"},"modified":"2025-12-08T23:29:20","modified_gmt":"2025-12-08T20:29:20","slug":"zeynep-bastik-video-yayilinca-aciklama-yapti-kendisi-babam-degil","status":"publish","type":"post","link":"https:\/\/www.trabzonmanset.com\/index.php\/2025\/12\/08\/zeynep-bastik-video-yayilinca-aciklama-yapti-kendisi-babam-degil\/","title":{"rendered":"Zeynep Bast\u0131k, video yay\u0131l\u0131nca a\u00e7\u0131klama yapt\u0131: Kendisi babam de\u011fil"},"content":{"rendered":"\n<p>\u00dcnl\u00fc \u015fark\u0131c\u0131 Zeynep Bast\u0131k, havuz ba\u015f\u0131nda dans eden bir ki\u015finin videosunun &#8220;Zeynep Bast\u0131k&#8217;\u0131n babas\u0131&#8221; diye payla\u015f\u0131lmas\u0131 \u00fczerine a\u00e7\u0131klama yapt\u0131. \u0130ddialar\u0131 net bir dille yalanlayan Bast\u0131k, &#8220;Kendisi babam de\u011fil.&#8221; dedi.<\/p>\n\n\n\n<p>\u00dcnl\u00fc \u015fark\u0131c\u0131 Zeynep Bast\u0131k, sosyal medyada h\u0131zla yay\u0131lan bir video hakk\u0131nda a\u00e7\u0131klama yapt\u0131. Havuz ba\u015f\u0131nda dans eden bir erke\u011fin yer ald\u0131\u011f\u0131 g\u00f6r\u00fcnt\u00fcler, baz\u0131 kullan\u0131c\u0131lar taraf\u0131ndan &#8220;Zeynep Bast\u0131k&#8217;\u0131n babas\u0131&#8221; notuyla payla\u015f\u0131ld\u0131. Bu iddialar\u0131n b\u00fcy\u00fcmesi \u00fczerine Bast\u0131k, sessizli\u011fini bozdu ve konuya a\u00e7\u0131kl\u0131k getirdi.<\/p>\n\n\n\n<h3 class=\"wp-block-heading\">ZEYNEP BASTIK&#8217;TAN O V\u0130DEOYA A\u00c7IKLAMA GELD\u0130<\/h3>\n\n\n\n<p>\u015eark\u0131c\u0131, hakk\u0131ndaki bu iddian\u0131n do\u011fru olmad\u0131\u011f\u0131n\u0131 kesin bir dille belirtti. Sosyal medya hesab\u0131ndan yapt\u0131\u011f\u0131 a\u00e7\u0131klamada, videodaki ki\u015finin babas\u0131 olmad\u0131\u011f\u0131n\u0131 vurgulad\u0131.<\/p>\n\n\n\n<h3 class=\"wp-block-heading\">&#8220;ZEYNEP BASTIK&#8217;IN BABASI D\u0130YE HABER YAPMI\u015eLAR&#8221;<\/h3>\n\n\n\n<p>Bast\u0131k a\u00e7\u0131klamas\u0131nda \u015funlar\u0131 s\u00f6yledi: &#8220;Evet \u015fimdi size \u00e7ok komik, \u00e7ok enteresan bir \u015feyin a\u00e7\u0131klamas\u0131n\u0131 yapmak i\u00e7in bu story&#8217;yi \u00e7ekiyorum. Sabah babam aile grubuna inan\u0131lmaz bir haber att\u0131. Bir videoda bir beyefendi havuz ba\u015f\u0131nda dans ediyor ve birtak\u0131m abuk sabuk ve kendini bilmez ve nereden babam\u0131 kar\u0131\u015ft\u0131rmak istediklerini asla anlamad\u0131\u011f\u0131m bir \u015fekilde Zeynep Bast\u0131k&#8217;\u0131n babas\u0131 diye bir haber yapm\u0131\u015flar.<\/p>\n\n\n\n<h3 class=\"wp-block-heading\">&#8220;KEND\u0130S\u0130 BABAM DE\u011e\u0130L&#8221;<\/h3>\n\n\n\n<p>Kendisi babam de\u011fil. Biz kendi aram\u0131zda g\u00fcl\u00fcp ge\u00e7tik ama video ciddi \u015fekilde yay\u0131l\u0131m g\u00f6steriyor ve babam olup olmamas\u0131 haricinde beyefendi i\u00e7in de \u00e7ok \u00e7irkin ve kaba yorumlar var. Neyse, \u00e7ok tats\u0131z. Ama yani bunu a\u00e7\u0131klamak zorunday\u0131m \u00e7\u00fcnk\u00fc babam b\u00f6yle \u015feylerin i\u00e7inde bulunmak zorunda de\u011fil ve b\u00f6yle \u015feylere al\u0131\u015f\u0131k de\u011fil ve ne m\u00fcnasebet zaten her \u015feyden \u00f6nce. Ben dedim ki babac\u0131\u011f\u0131m ben dedim bir story yay\u0131nlayay\u0131m dedim, bunu a\u00e7\u0131klayay\u0131m. B\u00f6yle yani, videodaki ki\u015fi babam de\u011fil arkada\u015flar.&#8221;<\/p>\n","protected":false},"excerpt":{"rendered":"<p>\u00dcnl\u00fc \u015fark\u0131c\u0131 Zeynep Bast\u0131k, havuz ba\u015f\u0131nda dans eden bir ki\u015finin videosunun &#8220;Zeynep Bast\u0131k&#8217;\u0131n babas\u0131&#8221; diye payla\u015f\u0131lmas\u0131 \u00fczerine a\u00e7\u0131klama yapt\u0131. \u0130ddialar\u0131 net bir dille yalanlayan Bast\u0131k, &#8220;Kendisi babam de\u011fil.&#8221; dedi. \u00dcnl\u00fc \u015fark\u0131c\u0131 Zeynep Bast\u0131k, sosyal medyada h\u0131zla yay\u0131lan bir video hakk\u0131nda a\u00e7\u0131klama yapt\u0131. Havuz ba\u015f\u0131nda dans eden bir erke\u011fin yer ald\u0131\u011f\u0131 g\u00f6r\u00fcnt\u00fcler, baz\u0131 kullan\u0131c\u0131lar taraf\u0131ndan &#8220;Zeynep [&hellip;]<\/p>\n","protected":false},"author":1,"featured_media":7450,"comment_status":"open","ping_status":"open","sticky":false,"template":"","format":"standard","meta":{"footnotes":""},"categories":[1405],"tags":[545,810,2723],"class_list":["post-7449","post","type-post","status-publish","format-standard","has-post-thumbnail","hentry","category-magazin","tag-guncel","tag-magazin","tag-zeynep-bastik"],"_links":{"self":[{"href":"https:\/\/www.trabzonmanset.com\/index.php\/wp-json\/wp\/v2\/posts\/7449","targetHints":{"allow":["GET"]}}],"collection":[{"href":"https:\/\/www.trabzonmanset.com\/index.php\/wp-json\/wp\/v2\/posts"}],"about":[{"href":"https:\/\/www.trabzonmanset.com\/index.php\/wp-json\/wp\/v2\/types\/post"}],"author":[{"embeddable":true,"href":"https:\/\/www.trabzonmanset.com\/index.php\/wp-json\/wp\/v2\/users\/1"}],"replies":[{"embeddable":true,"href":"https:\/\/www.trabzonmanset.com\/index.php\/wp-json\/wp\/v2\/comments?post=7449"}],"version-history":[{"count":1,"href":"https:\/\/www.trabzonmanset.com\/index.php\/wp-json\/wp\/v2\/posts\/7449\/revisions"}],"predecessor-version":[{"id":7451,"href":"https:\/\/www.trabzonmanset.com\/index.php\/wp-json\/wp\/v2\/posts\/7449\/revisions\/7451"}],"wp:featuredmedia":[{"embeddable":true,"href":"https:\/\/www.trabzonmanset.com\/index.php\/wp-json\/wp\/v2\/media\/7450"}],"wp:attachment":[{"href":"https:\/\/www.trabzonmanset.com\/index.php\/wp-json\/wp\/v2\/media?parent=7449"}],"wp:term":[{"taxonomy":"category","embeddable":true,"href":"https:\/\/www.trabzonmanset.com\/index.php\/wp-json\/wp\/v2\/categories?post=7449"},{"taxonomy":"post_tag","embeddable":true,"href":"https:\/\/www.trabzonmanset.com\/index.php\/wp-json\/wp\/v2\/tags?post=7449"}],"curies":[{"name":"wp","href":"https:\/\/api.w.org\/{rel}","templated":true}]}}