{"id":7426,"date":"2025-12-08T17:05:00","date_gmt":"2025-12-08T14:05:00","guid":{"rendered":"https:\/\/www.trabzonmanset.com\/?p=7426"},"modified":"2025-12-08T22:07:56","modified_gmt":"2025-12-08T19:07:56","slug":"otomobillerin-hurdaya-dondugu-kazada-doktor-oldu-2-kisi-de-agir-yaralandi","status":"publish","type":"post","link":"https:\/\/www.trabzonmanset.com\/index.php\/2025\/12\/08\/otomobillerin-hurdaya-dondugu-kazada-doktor-oldu-2-kisi-de-agir-yaralandi\/","title":{"rendered":"Otomobillerin hurdaya d\u00f6nd\u00fc\u011f\u00fc kazada doktor \u00f6ld\u00fc, 2 ki\u015fi de a\u011f\u0131r yaraland\u0131"},"content":{"rendered":"\n<p>Kahramanmara\u015f\u2019ta meydana gelen kazada bir aile hekimi hayat\u0131n\u0131 kaybederken, 2 ki\u015fi de yaraland\u0131.<\/p>\n\n\n\n<p>Kaza, Pazarc\u0131k-G\u00f6lba\u015f\u0131 karayolunda meydana geldi. Edinilen bilgiye g\u00f6re, Mehmet Emir Can Kom\u015fuo\u011flu (26) idaresindeki 44 ABT 33 plakal\u0131 otomobil, kar\u015f\u0131 y\u00f6nden gelen S.K. (68) y\u00f6netimindeki 46 KV 989 plakal\u0131 otomobille \u00e7arp\u0131\u015ft\u0131. Kazay\u0131 g\u00f6renlerin haber vermesi \u00fczerine olay yerine sa\u011fl\u0131k ve jandarma ekipleri sevk edildi. Olay yerine gelen sa\u011fl\u0131k ekipleri, kazada doktor oldu\u011fu \u00f6\u011frenilen Kom\u015fuo\u011flu\u2019nun ya\u015fam\u0131n\u0131 yitirdi\u011fini tespit etti. Di\u011fer otomobildeki 2 ki\u015fi ise a\u011f\u0131r yaraland\u0131. Yaral\u0131lar, ambulanslarla Pazarc\u0131k Devlet Hastanesi\u2019ne kald\u0131r\u0131ld\u0131.<\/p>\n\n\n\n<p>Kazada hayat\u0131n\u0131 kaybeden doktorun \u0130stanbul Ka\u011f\u0131thane 13 No\u2019lu Aile Sa\u011fl\u0131\u011f\u0131 Merkezi\u2019nde g\u00f6rev yapt\u0131\u011f\u0131 \u00f6\u011frenildi.<\/p>\n","protected":false},"excerpt":{"rendered":"<p>Kahramanmara\u015f\u2019ta meydana gelen kazada bir aile hekimi hayat\u0131n\u0131 kaybederken, 2 ki\u015fi de yaraland\u0131. Kaza, Pazarc\u0131k-G\u00f6lba\u015f\u0131 karayolunda meydana geldi. Edinilen bilgiye g\u00f6re, Mehmet Emir Can Kom\u015fuo\u011flu (26) idaresindeki 44 ABT 33 plakal\u0131 otomobil, kar\u015f\u0131 y\u00f6nden gelen S.K. (68) y\u00f6netimindeki 46 KV 989 plakal\u0131 otomobille \u00e7arp\u0131\u015ft\u0131. Kazay\u0131 g\u00f6renlerin haber vermesi \u00fczerine olay yerine sa\u011fl\u0131k ve jandarma ekipleri [&hellip;]<\/p>\n","protected":false},"author":1,"featured_media":7427,"comment_status":"open","ping_status":"open","sticky":false,"template":"","format":"standard","meta":{"footnotes":""},"categories":[1],"tags":[1702,495,2719],"class_list":["post-7426","post","type-post","status-publish","format-standard","has-post-thumbnail","hentry","category-gundem","tag-kahramanmaras","tag-kaza","tag-pazarcik-golbasi"],"_links":{"self":[{"href":"https:\/\/www.trabzonmanset.com\/index.php\/wp-json\/wp\/v2\/posts\/7426","targetHints":{"allow":["GET"]}}],"collection":[{"href":"https:\/\/www.trabzonmanset.com\/index.php\/wp-json\/wp\/v2\/posts"}],"about":[{"href":"https:\/\/www.trabzonmanset.com\/index.php\/wp-json\/wp\/v2\/types\/post"}],"author":[{"embeddable":true,"href":"https:\/\/www.trabzonmanset.com\/index.php\/wp-json\/wp\/v2\/users\/1"}],"replies":[{"embeddable":true,"href":"https:\/\/www.trabzonmanset.com\/index.php\/wp-json\/wp\/v2\/comments?post=7426"}],"version-history":[{"count":1,"href":"https:\/\/www.trabzonmanset.com\/index.php\/wp-json\/wp\/v2\/posts\/7426\/revisions"}],"predecessor-version":[{"id":7428,"href":"https:\/\/www.trabzonmanset.com\/index.php\/wp-json\/wp\/v2\/posts\/7426\/revisions\/7428"}],"wp:featuredmedia":[{"embeddable":true,"href":"https:\/\/www.trabzonmanset.com\/index.php\/wp-json\/wp\/v2\/media\/7427"}],"wp:attachment":[{"href":"https:\/\/www.trabzonmanset.com\/index.php\/wp-json\/wp\/v2\/media?parent=7426"}],"wp:term":[{"taxonomy":"category","embeddable":true,"href":"https:\/\/www.trabzonmanset.com\/index.php\/wp-json\/wp\/v2\/categories?post=7426"},{"taxonomy":"post_tag","embeddable":true,"href":"https:\/\/www.trabzonmanset.com\/index.php\/wp-json\/wp\/v2\/tags?post=7426"}],"curies":[{"name":"wp","href":"https:\/\/api.w.org\/{rel}","templated":true}]}}