{"id":7417,"date":"2025-12-08T19:45:00","date_gmt":"2025-12-08T16:45:00","guid":{"rendered":"https:\/\/www.trabzonmanset.com\/?p=7417"},"modified":"2025-12-08T21:08:14","modified_gmt":"2025-12-08T18:08:14","slug":"cumhurbaskani-yardimcisi-yilmaz-2026-reformlarimizin-meyve-verecegi-esik-bir-yil-olacaktir","status":"publish","type":"post","link":"https:\/\/www.trabzonmanset.com\/index.php\/2025\/12\/08\/cumhurbaskani-yardimcisi-yilmaz-2026-reformlarimizin-meyve-verecegi-esik-bir-yil-olacaktir\/","title":{"rendered":"Cumhurba\u015fkan\u0131 Yard\u0131mc\u0131s\u0131 Y\u0131lmaz: 2026 reformlar\u0131m\u0131z\u0131n meyve verece\u011fi e\u015fik bir y\u0131l olacakt\u0131r"},"content":{"rendered":"\n<p>Cumhurba\u015fkan\u0131 Yard\u0131mc\u0131s\u0131 Cevdet Y\u0131lmaz, &#8220;2026 y\u0131l\u0131, Orta Vadeli Program\u0131m\u0131z\u0131n en kritik y\u0131l\u0131d\u0131r. \u00c7\u00fcnk\u00fc 2026, hem att\u0131\u011f\u0131m\u0131z ad\u0131mlar\u0131n sonu\u00e7lar\u0131n\u0131n g\u00f6r\u00fcn\u00fcr hale gelece\u011fi hem de reformlar\u0131m\u0131z\u0131n meyve verece\u011fi e\u015fik bir y\u0131l olacakt\u0131r.&#8221; dedi.<\/p>\n\n\n\n<p>Cumhurba\u015fkan\u0131 Yard\u0131mc\u0131s\u0131 Cevdet Y\u0131lmaz, TBMM Genel Kurulunda g\u00f6r\u00fc\u015fmelerine ba\u015flanan 2026 Y\u0131l\u0131 Merkezi Y\u00f6netim B\u00fct\u00e7e Kanunu Teklifi ile 2024 Y\u0131l\u0131 Merkezi Y\u00f6netim Kesin Hesap Kanunu Teklifi&#8217;nin sunu\u015f konu\u015fmas\u0131n\u0131 yapt\u0131.<\/p>\n\n\n\n<p>B\u00fct\u00e7enin, AK Parti H\u00fck\u00fcmetlerinin haz\u0131rlad\u0131\u011f\u0131 24&#8217;\u00fcnc\u00fc, Cumhurba\u015fkanl\u0131\u011f\u0131 H\u00fck\u00fcmet Sistemi&#8217;nin ise 8&#8217;inci b\u00fct\u00e7esi oldu\u011funu hat\u0131rlatarak, 2026 y\u0131l\u0131 b\u00fct\u00e7esinin, ayn\u0131 zamanda, T\u00fcrkiye Y\u00fczy\u0131l\u0131 hedefleri do\u011frultusunda haz\u0131rlanan 3&#8217;\u00fcnc\u00fc b\u00fct\u00e7e oldu\u011funu s\u00f6yledi.<\/p>\n\n\n\n<p>&#8220;\u0130stikrar\u0131n s\u00fcrd\u00fcr\u00fcld\u00fc\u011f\u00fc bir ortamda, vatanda\u015f ve hizmet odakl\u0131 bir yakla\u015f\u0131mla haz\u0131rlanan 2026 Y\u0131l\u0131 Merkezi Y\u00f6netim B\u00fct\u00e7e Kanunu Teklifi, tam anlam\u0131yla bir &#8216;istikrar ve refah&#8217; b\u00fct\u00e7esidir.&#8221; diyen Y\u0131lmaz, uluslararas\u0131 geli\u015fmi\u015flik s\u0131n\u0131fland\u0131rmas\u0131nda alt-orta gelir grubundan \u00fcst-orta gelir grubuna kal\u0131c\u0131 \u015fekilde y\u00fckselen bir T\u00fcrkiye in\u015fa ettiklerini belirtti.<\/p>\n\n\n\n<p>T\u00fcrkiye&#8217;nin art\u0131k &#8220;y\u00fcksek gelirli \u00fclkeler ligi&#8221;ne girmeye haz\u0131rlanan bir \u00fclke oldu\u011funu, bu y\u00fcr\u00fcy\u00fc\u015f\u00fcn sadece rakamsal bir ge\u00e7i\u015fin de\u011fil, niteliksel bir de\u011fi\u015fimin, yeni bir kalk\u0131nma hamlesinin ba\u015flang\u0131c\u0131 oldu\u011funu vurgulayan Y\u0131lmaz, \u015funlar\u0131 kaydetti:<\/p>\n\n\n\n<p>&#8220;Bu yolculuk, T\u00fcrkiye Y\u00fczy\u0131l\u0131 rotas\u0131nda b\u00fcy\u00fck bir d\u00f6n\u00fc\u015f\u00fcm hamlesidir. Bu kapsamda 2026 y\u0131l\u0131, Orta Vadeli Program\u0131m\u0131z\u0131n en kritik y\u0131l\u0131d\u0131r. \u00c7\u00fcnk\u00fc 2026, hem att\u0131\u011f\u0131m\u0131z ad\u0131mlar\u0131n sonu\u00e7lar\u0131n\u0131n g\u00f6r\u00fcn\u00fcr hale gelece\u011fi hem de reformlar\u0131m\u0131z\u0131n meyve verece\u011fi e\u015fik bir y\u0131l olacakt\u0131r. B\u00fct\u00e7emiz tam da bu anlay\u0131\u015fla haz\u0131rlanm\u0131\u015ft\u0131r. 2026 b\u00fct\u00e7esi, yap\u0131sal d\u00f6n\u00fc\u015f\u00fcm\u00fc h\u0131zland\u0131racak, y\u00fcksek gelir hedefini destekleyecek bir anlay\u0131\u015fla huzurlar\u0131n\u0131za getirilmi\u015ftir. Ye\u015fil ve dijital ekonomiye ge\u00e7i\u015fte teknolojik d\u00f6n\u00fc\u015f\u00fcm\u00fc h\u0131zland\u0131racak ad\u0131mlar, g\u0131da ve enerjide arz g\u00fcvenli\u011fini art\u0131racak politikalar ve yeni bir sosyal konut hamlesi ba\u015flatmaya y\u00f6nelik \u00e7al\u0131\u015fmalar b\u00fct\u00e7emizde net bir \u015fekilde kar\u015f\u0131l\u0131k bulmu\u015ftur.&#8221;<\/p>\n\n\n\n<p>Y\u0131lmaz, &#8220;asr\u0131n felaketi&#8221; olarak nitelendirilen Kahramanmara\u015f merkezli depremlerin yaralar\u0131n\u0131 tamamen sarman\u0131n, \u015fehirleri daha diren\u00e7li hale getirmenin ve yeni bir ya\u015fam g\u00fcvenli\u011fi standard\u0131 olu\u015fturman\u0131n, bu b\u00fct\u00e7e d\u00f6neminde de \u00f6ncelik olmaya devam edece\u011fine dikkati \u00e7ekerek, &#8220;B\u00fct\u00e7emiz, istikrar i\u00e7inde ekonomik b\u00fcy\u00fcmenin devam etti\u011fi ve enflasyon oran\u0131n\u0131n d\u00fc\u015ft\u00fc\u011f\u00fc bir ortamda, kal\u0131c\u0131 sosyal refah art\u0131\u015f\u0131 hedeflemektedir. Kalk\u0131nma Plan\u0131m\u0131z ve Orta Vadeli Program\u0131m\u0131z do\u011frultusunda fiziki altyap\u0131y\u0131 g\u00fc\u00e7lendirmek, be\u015feri sermayeyi geli\u015ftirmek ve \u00fcretim kapasitemizi art\u0131rmak b\u00fct\u00e7emizin ana eksenini olu\u015fturmaktad\u0131r.&#8221; diye konu\u015ftu.<\/p>\n\n\n\n<h3 class=\"wp-block-heading\">&#8220;Savunma ve g\u00fcvenlik alan\u0131nda cayd\u0131r\u0131c\u0131 kapasitemizi geli\u015ftirmeye kararl\u0131l\u0131kla devam edece\u011fiz&#8221;<\/h3>\n\n\n\n<p>T\u00fcrkiye&#8217;nin b\u00f6lgesel ve k\u00fcresel bar\u0131\u015fa, istikrara ve adalete katk\u0131 sunan g\u00fcvenilir bir akt\u00f6r konumunda oldu\u011funun alt\u0131n\u0131 \u00e7izen Y\u0131lmaz, &#8220;D\u0131\u015f politikada, milli hak ve menfaatlerimizi merkeze almaya, T\u00fcrkiye&#8217;nin k\u00fcresel etkinli\u011fini daha da art\u0131rmaya, savunma ve g\u00fcvenlik alan\u0131nda cayd\u0131r\u0131c\u0131 kapasitemizi geli\u015ftirmeye kararl\u0131l\u0131kla devam edece\u011fiz.&#8221; de\u011ferlendirmesinde bulundu.<\/p>\n\n\n\n<p>Y\u0131lmaz, d\u00fcnyan\u0131n, tarihi bir d\u00f6n\u00fc\u015f\u00fcm s\u00fcrecinden ge\u00e7ti\u011fine, ekonomiden ticarete, teknolojiden jeopoliti\u011fe kadar her alan\u0131n, k\u00f6kl\u00fc bir de\u011fi\u015fim s\u00fcreci ya\u015fad\u0131\u011f\u0131na i\u015faret ederek, geleneksel ezberlerin \u00e7al\u0131\u015fmad\u0131\u011f\u0131, rekabetin \u00e7ok daha sert oldu\u011fu, teknolojik ilerlemelerin kalk\u0131nman\u0131n tamamlay\u0131c\u0131 unsuru de\u011fil, art\u0131k do\u011frudan belirleyicisi oldu\u011fu bir d\u00f6neme girildi\u011fini s\u00f6yledi.<\/p>\n\n\n\n<p>T\u00fcrkiye&#8217;nin, g\u00fc\u00e7l\u00fc liderlik ve istikrarl\u0131 y\u00f6netim yap\u0131s\u0131yla bu k\u00fcresel d\u00f6n\u00fc\u015f\u00fcm\u00fc do\u011fru okudu\u011funu, buna uygun yol haritas\u0131n\u0131 kararl\u0131l\u0131kla uygulad\u0131\u011f\u0131n\u0131 dile getiren Y\u0131lmaz, &#8220;D\u00fcnyan\u0131n bu yeni \u015fartlar\u0131nda 2026 y\u0131l\u0131 b\u00fct\u00e7emiz, g\u00fcven ve istikrar\u0131 peki\u015ftiren, ekonominin d\u0131\u015f \u015foklara kar\u015f\u0131 dayan\u0131kl\u0131l\u0131\u011f\u0131n\u0131 art\u0131ran temel politika ara\u00e7lar\u0131ndan biri olarak \u00f6ne \u00e7\u0131kmaktad\u0131r.&#8221; dedi.<\/p>\n\n\n\n<p>Y\u0131lmaz, k\u00fcresel enflasyonda gerileme g\u00f6zlenmekle birlikte hen\u00fcz arzu edilen seviyelere gelinemedi\u011fini belirterek, Uluslararas\u0131 Para Fonu&#8217;nun (IMF) tahminlerine g\u00f6re d\u00fcnya ekonomisinin 2025 ve 2026&#8217;da y\u0131ll\u0131k s\u0131ras\u0131yla y\u00fczde 3,2 ve y\u00fczde 3,1 oran\u0131nda b\u00fcy\u00fcmesinin \u00f6ng\u00f6r\u00fcld\u00fc\u011f\u00fcn\u00fc kaydetti.<\/p>\n\n\n\n<p>IMF tahminlerine g\u00f6re, 2025 y\u0131l\u0131nda k\u00fcresel enflasyonun y\u00fczde 4,2&#8217;ye, 2026 y\u0131l\u0131nda ise y\u00fczde 3,7&#8217;ye gerilemesinin beklendi\u011fini aktaran Y\u0131lmaz, &#8220;2026 y\u0131l\u0131nda d\u0131\u015f ko\u015fullar\u0131n bir \u00f6nceki y\u0131la g\u00f6re daha destekleyici bir g\u00f6r\u00fcn\u00fcm sergileyece\u011fini, dezenflasyon s\u00fcrecimize ve ayn\u0131 zamanda yat\u0131r\u0131m, istihdam, \u00fcretim ve ihracat hedeflerimize nispi olarak daha fazla katk\u0131 sa\u011flayaca\u011f\u0131n\u0131 de\u011ferlendirmekteyiz.&#8221; \u015feklinde konu\u015ftu.<\/p>\n\n\n\n<h3 class=\"wp-block-heading\">&#8220;Avrupa&#8217;n\u0131n 4&#8217;\u00fcnc\u00fc b\u00fcy\u00fck ekonomisi olmay\u0131 bekliyoruz&#8221;<\/h3>\n\n\n\n<p>Cumhurba\u015fkan\u0131 Yard\u0131mc\u0131s\u0131 Y\u0131lmaz, 2020-2024 d\u00f6neminde, 5 y\u0131ll\u0131k s\u00fcre\u00e7te d\u00fcnya ekonomisi y\u00fczde 15,1 oran\u0131nda b\u00fcy\u00fcrken, T\u00fcrkiye ekonomisinin ayn\u0131 d\u00f6nemde y\u00fczde 30,3&#8217;l\u00fck bir b\u00fcy\u00fcme g\u00f6sterdi\u011fini, bu s\u00fcre\u00e7te ortalama y\u0131ll\u0131k b\u00fcy\u00fcme h\u0131z\u0131n\u0131n d\u00fcnya genelinde y\u00fczde 2,9 d\u00fczeyinde ger\u00e7ekle\u015firken, T\u00fcrkiye ekonomisinin y\u0131ll\u0131k ortalama y\u00fczde 5,4&#8217;l\u00fck oranla d\u00fcnya ortalamas\u0131n\u0131n iki kat\u0131 kadar b\u00fcy\u00fcd\u00fc\u011f\u00fcn\u00fc s\u00f6yledi.<\/p>\n\n\n\n<p>Milli gelirin, 2023 itibar\u0131yla ilk defa 1 trilyon dolar e\u015fi\u011fini a\u015farak 1 trilyon 130 milyar dolara ula\u015ft\u0131\u011f\u0131n\u0131, ki\u015fi ba\u015f\u0131na d\u00fc\u015fen milli gelirin ise 13 bin dolar olarak ger\u00e7ekle\u015fti\u011fini an\u0131msatan Y\u0131lmaz, s\u00f6zlerini \u015f\u00f6yle s\u00fcrd\u00fcrd\u00fc:<\/p>\n\n\n\n<p>&#8220;2024 y\u0131l\u0131nda ki\u015fi ba\u015f\u0131na d\u00fc\u015fen milli gelirimiz 15 bin dolar\u0131 a\u015fm\u0131\u015ft\u0131r. 2025 y\u0131l\u0131 \u00fc\u00e7\u00fcnc\u00fc \u00e7eyre\u011fi itibar\u0131yla Gayri Safi Yurt \u0130\u00e7i Has\u0131la&#8217;n\u0131n (GSYH) dolar cinsinden y\u0131ll\u0131kland\u0131r\u0131lm\u0131\u015f b\u00fcy\u00fckl\u00fc\u011f\u00fc 1 trilyon 538 milyar dolar d\u00fczeyine y\u00fckselmi\u015ftir. Ayn\u0131 d\u00f6nemde y\u0131ll\u0131kland\u0131r\u0131lm\u0131\u015f ki\u015fi ba\u015f\u0131na milli gelirin ise yakla\u015f\u0131k 17 bin dolar seviyesine \u00e7\u0131kt\u0131\u011f\u0131 g\u00f6r\u00fclmektedir. Y\u0131l sonu tahminimiz ise ki\u015fi ba\u015f\u0131na gelirde 17 bin 748 dolard\u0131r. 2025 y\u0131l\u0131 itibar\u0131yla ki\u015fi ba\u015f\u0131na d\u00fc\u015fen milli gelirimizin bu seviyelere ula\u015fmas\u0131yla \u00fclkemizin D\u00fcnya Bankas\u0131n\u0131n Atlas Y\u00f6ntemi ile belirledi\u011fi e\u015fik de\u011ferleri ilk defa a\u015farak y\u00fcksek gelir grubu \u00fclkeler aras\u0131nda yer almas\u0131 \u00f6ng\u00f6r\u00fclmektedir.<\/p>\n\n\n\n<p>\u00dclkemizin k\u00fcresel ekonomiyle b\u00fct\u00fcnle\u015fmesi ve geli\u015fmi\u015f ekonomilere yak\u0131nsama iradesi kararl\u0131l\u0131kla s\u00fcrd\u00fcr\u00fclmektedir. 2024 y\u0131l\u0131 itibar\u0131yla nominal dolar baz\u0131nda T\u00fcrkiye 17&#8217;nci b\u00fcy\u00fck ekonomi, Sat\u0131n Alma G\u00fcc\u00fc Paritesinde ise 12&#8217;nci b\u00fcy\u00fck ekonomi konumundad\u0131r. 2025 y\u0131l\u0131na ili\u015fkin tahminlerin ger\u00e7ekle\u015fmesi halinde nominal dolar baz\u0131nda T\u00fcrkiye ekonomisi, d\u00fcnyan\u0131n 16&#8217;nc\u0131s\u0131, Sat\u0131n Alma G\u00fcc\u00fc Paritesine g\u00f6reyse 11&#8217;inci b\u00fcy\u00fck ekonomisi olacakt\u0131r. B\u00f6ylece \u0130talya&#8217;n\u0131n ekonomik hacmini ge\u00e7erek Avrupa&#8217;n\u0131n da 4&#8217;\u00fcnc\u00fc b\u00fcy\u00fck ekonomisi olmay\u0131 bekliyoruz.&#8221;<\/p>\n\n\n\n<p>Y\u0131lmaz, T\u00fcrkiye ekonomisinde 2025 y\u0131l\u0131n\u0131n \u00fc\u00e7\u00fcnc\u00fc \u00e7eyre\u011finde y\u0131ll\u0131k bazda y\u00fczde 3,7 oran\u0131nda b\u00fcy\u00fcme ger\u00e7ekle\u015fti\u011fine dikkati \u00e7ekerek, &#8220;K\u00fcresel ve b\u00f6lgesel olumsuz konjonkt\u00fcre ra\u011fmen, siyasi istikrar ortam\u0131 ve \u00f6ng\u00f6r\u00fclebilir politikalar \u00e7er\u00e7evesinde b\u00fcy\u00fcme performans\u0131m\u0131z 21 \u00e7eyrektir kesintisiz bir \u015fekilde devam etmektedir.&#8221; diye konu\u015ftu.<\/p>\n\n\n\n<h3 class=\"wp-block-heading\">&#8220;2027 y\u0131l\u0131ndan itibaren enflasyonun tekrar tek haneli seviyelere d\u00fc\u015f\u00fcr\u00fclmesini hedefliyoruz&#8221;<\/h3>\n\n\n\n<p>Ekim ay\u0131nda mevsim etkilerinden ar\u0131nd\u0131r\u0131lm\u0131\u015f i\u015fsizlik oran\u0131n\u0131n y\u00fczde 8,5 d\u00fczeyinde ger\u00e7ekle\u015fti\u011fini ve son 30 ayd\u0131r tek haneli seviyelerdeki seyrini s\u00fcrd\u00fcrd\u00fc\u011f\u00fcn\u00fc belirten Y\u0131lmaz, &#8220;2025 y\u0131l\u0131 i\u015fsizlik oran\u0131n\u0131n Orta Vadeli Program&#8217;da \u00f6ng\u00f6r\u00fclen y\u00fczde 8,5 d\u00fczeyinin bir miktar alt\u0131nda ger\u00e7ekle\u015febilece\u011fi de\u011ferlendirilmektedir.&#8221; dedi.<\/p>\n\n\n\n<p>Y\u0131lmaz, bir yandan i\u015fsizlik oran\u0131n\u0131 d\u00fc\u015f\u00fcrmeye \u00e7al\u0131\u015f\u0131rken, di\u011fer yandan at\u0131l i\u015fg\u00fcc\u00fcn\u00fc \u00fcretime katma y\u00f6n\u00fcnde \u00e7ok y\u00f6nl\u00fc bir politika setini uygulamay\u0131 planlad\u0131klar\u0131n\u0131 dile getirerek, &#8220;Bu do\u011frultuda, Orta Vadeli Program&#8217;da \u00f6ng\u00f6r\u00fclen b\u00fcy\u00fcme patikas\u0131na paralel olarak istihdam\u0131n, \u00f6n\u00fcm\u00fczdeki y\u0131llarda y\u0131ll\u0131k ortalama 842 bin ki\u015fi artmas\u0131, i\u015fsizlik oran\u0131n\u0131n ise 2028 y\u0131l\u0131na kadar kademeli bi\u00e7imde d\u00fc\u015ferek y\u00fczde 7,8 seviyesine gerilemesi beklenmektedir.&#8221; de\u011ferlendirmesinde bulundu.<\/p>\n\n\n\n<p>Dezenflasyon s\u00fcrecinin program takvimine uyumlu \u015fekilde ilerlemesinin, y\u0131l\u0131n ikinci yar\u0131s\u0131nda \u00e7ok daha somut bi\u00e7imde hissedildi\u011fini anlatan Y\u0131lmaz, \u015f\u00f6yle konu\u015ftu:<\/p>\n\n\n\n<p>&#8220;Kas\u0131m 2025 itibar\u0131yla y\u0131ll\u0131k t\u00fcketici enflasyonu y\u00fczde 31,1 d\u00fczeyine kadar gerilemi\u015ftir. Temel mal enflasyonunda \u00e7ok daha belirgin bir d\u00fc\u015f\u00fc\u015fle bu oran y\u00fczde 18,6 olmu\u015ftur. Aral\u0131k ay\u0131na y\u00f6nelik enflasyon g\u00f6r\u00fcn\u00fcm\u00fc de olumlu seyretmektedir. \u00d6nceli\u011fimiz a\u00e7\u0131k ve nettir. B\u00fct\u00fcnc\u00fcl bir yakla\u015f\u0131mla para, maliye, gelirler politikalar\u0131 ve yap\u0131sal d\u00f6n\u00fc\u015f\u00fcm ad\u0131mlar\u0131yla dezenflasyonu kararl\u0131l\u0131kla s\u00fcrd\u00fcrece\u011fiz. 2026 y\u0131l\u0131nda enflasyonun y\u00fczde 20&#8217;nin alt\u0131ndaki bir seviyeye inmesini, fiyatlama davran\u0131\u015flar\u0131nda yap\u0131\u015fkanl\u0131\u011f\u0131n kal\u0131c\u0131 olarak k\u0131r\u0131lmas\u0131n\u0131 ve 2027 y\u0131l\u0131ndan itibaren enflasyonun tekrar tek haneli seviyelere d\u00fc\u015f\u00fcr\u00fclmesini hedefliyoruz.&#8221;<\/p>\n\n\n\n<p>Y\u0131lmaz, sosyal konut ve g\u0131da ba\u015fta olmak \u00fczere arz y\u00f6nl\u00fc politikalarla da enflasyonla m\u00fccadeleyi b\u00fct\u00fcnc\u00fcl bir \u00e7er\u00e7evede s\u00fcrd\u00fcreceklerini ifade ederek, &#8220;Enflasyonla m\u00fccadele elbette yaln\u0131zca makro g\u00f6stergeleri d\u00fczeltmek anlam\u0131na gelmemektedir. Enflasyonun d\u00fc\u015fmesi ile artan \u00f6ng\u00f6r\u00fclebilirlik, yat\u0131r\u0131m ortam\u0131n\u0131 iyile\u015ftirmek suretiyle s\u00fcrd\u00fcr\u00fclebilir b\u00fcy\u00fcmemize de g\u00fc\u00e7 katacakt\u0131r. T\u00fcm bu \u00e7abalar\u0131m\u0131z\u0131n nihai ve esas gayesi ise vatanda\u015flar\u0131m\u0131z\u0131n sat\u0131n alma g\u00fcc\u00fcn\u00fc ve refah\u0131n\u0131 kal\u0131c\u0131 bir \u015fekilde y\u00fckseltmektir.&#8221; dedi.<\/p>\n\n\n\n<h3 class=\"wp-block-heading\">&#8220;Merkez Bankas\u0131 rezervleri 28 Kas\u0131m itibar\u0131yla 183,2 milyar dolara ula\u015ft\u0131&#8221;<\/h3>\n\n\n\n<p>Cumhurba\u015fkan\u0131 Yard\u0131mc\u0131s\u0131 Y\u0131lmaz, bu y\u0131l\u0131n Ocak-Kas\u0131m d\u00f6neminde bir \u00f6nceki y\u0131l\u0131n ayn\u0131 d\u00f6nemine g\u00f6re ihracat gelirlerinin 247,2 milyar dolara ula\u015ft\u0131\u011f\u0131n\u0131, kas\u0131m ay\u0131 itibar\u0131yla y\u0131ll\u0131kland\u0131r\u0131lm\u0131\u015f mal ihracat\u0131n\u0131n 270,6 milyar dolar oldu\u011funu belirterek, toplam mal ve hizmet ihracat\u0131n\u0131n bu y\u0131l 390 milyar dolar\u0131n \u00fczerinde ger\u00e7ekle\u015fece\u011fini, mal ihracat\u0131n\u0131 gelecek y\u0131l 282 milyar dolar d\u00fczeyine y\u00fckseltmeyi hedeflediklerini s\u00f6yledi.<\/p>\n\n\n\n<p>2025 y\u0131l\u0131nda cari i\u015flemler a\u00e7\u0131\u011f\u0131n\u0131n milli gelire oran\u0131n\u0131n OVP&#8217;deki tahminlere paralel olarak yakla\u015f\u0131k y\u00fczde 1,4 d\u00fczeyinde ger\u00e7ekle\u015fmesinin \u00f6ng\u00f6r\u00fcld\u00fc\u011f\u00fcn\u00fc aktaran Y\u0131lmaz, uluslararas\u0131 do\u011frudan yat\u0131r\u0131mlar\u0131n, bu y\u0131l\u0131n Ocak-Eyl\u00fcl d\u00f6neminde bir \u00f6nceki y\u0131l\u0131n ayn\u0131 d\u00f6nemine k\u0131yasla yakla\u015f\u0131k y\u00fczde 46 art\u0131\u015fla 11,4 milyar dolar oldu\u011funu, eyl\u00fcl itibar\u0131yla y\u0131ll\u0131kland\u0131r\u0131lm\u0131\u015f do\u011frudan yabanc\u0131 yat\u0131r\u0131mlar\u0131n ise 15,3 milyar dolar seviyesine ula\u015ft\u0131\u011f\u0131n\u0131 ifade etti.<\/p>\n\n\n\n<p>Y\u0131lmaz, Kur Korumal\u0131 Mevduat&#8217;\u0131n (KKM) toplam mevduattaki pay\u0131n\u0131n y\u00fczde 0,1&#8217;e kadar geriledi\u011fini bildirerek, enflasyondaki d\u00fc\u015f\u00fc\u015f\u00fcn T\u00fcrk liras\u0131na g\u00fcveni peki\u015ftirdi\u011fini, T\u00fcrk liras\u0131 mevduat\u0131n toplam mevduat i\u00e7indeki pay\u0131n\u0131n y\u00fczde 62,1&#8217;e y\u00fckseldi\u011fini kaydetti.<\/p>\n\n\n\n<p>Merkez Bankas\u0131 rezervlerinin 28 Kas\u0131m itibar\u0131yla 183,2 milyar dolara ula\u015ft\u0131\u011f\u0131n\u0131 kaydeden Y\u0131lmaz, ge\u00e7en y\u0131la g\u00f6re 25,5 milyar dolarl\u0131k art\u0131\u015f ger\u00e7ekle\u015fti\u011fine dikkati \u00e7ekti.<\/p>\n\n\n\n<h3 class=\"wp-block-heading\">&#8220;Merkezi y\u00f6netim b\u00fct\u00e7e gelirlerinin 16 trilyon 266 milyar liraya ula\u015faca\u011f\u0131n\u0131 tahmin ediyoruz&#8221;<\/h3>\n\n\n\n<p>Bu y\u0131l merkezi y\u00f6netim b\u00fct\u00e7e giderlerinin 14 trilyon 674 milyar lira, merkezi y\u00f6netim b\u00fct\u00e7e gelirlerinin 12 trilyon 466 milyar lira, b\u00fct\u00e7e a\u00e7\u0131\u011f\u0131n\u0131n 2 trilyon 208 milyar lira, faiz d\u0131\u015f\u0131 a\u00e7\u0131\u011f\u0131n 156 milyar lira olarak ger\u00e7ekle\u015fece\u011fini tahmin ettiklerini anlatan Y\u0131lmaz, &#8220;2025 y\u0131l\u0131nda vergi gelirlerinin 10 trilyon 734 milyar lira, vergi d\u0131\u015f\u0131 gelirlerin ise 1 trilyon 732 milyar lira olaca\u011f\u0131n\u0131 \u00f6ng\u00f6r\u00fcyoruz.&#8221; dedi.<\/p>\n\n\n\n<p>Cumhurba\u015fkan\u0131 Yard\u0131mc\u0131s\u0131 Y\u0131lmaz, 2026 y\u0131l\u0131 b\u00fct\u00e7esi kapsam\u0131nda 228 kamu idaresinin b\u00fct\u00e7esinin bulundu\u011funu, b\u00fct\u00e7e giderlerinin 18 trilyon 979 milyar lira, b\u00fct\u00e7e gelirlerinin ise 16 trilyon 266 milyar lira olaca\u011f\u0131n\u0131 \u00f6ng\u00f6rd\u00fcklerini, 2026 y\u0131l\u0131 b\u00fct\u00e7esinde, b\u00fcy\u00fck oranda deprem harcamalar\u0131 ba\u011flant\u0131l\u0131 ge\u00e7ici y\u00fckseli\u015fe ra\u011fmen, faiz giderlerinin milli gelire oran\u0131n\u0131n y\u00fczde 3,5 seviyesinde olmas\u0131n\u0131 beklediklerini, 2026 y\u0131l\u0131 b\u00fct\u00e7esinin 29 milyar lira faiz d\u0131\u015f\u0131 fazla vermesini hedeflediklerini s\u00f6yledi.<\/p>\n\n\n\n<p>Son 3 y\u0131lda merkezi y\u00f6netim b\u00fct\u00e7esinden, bu y\u0131l\u0131n fiyatlar\u0131yla 90 milyar dolar tutar\u0131ndaki \u00f6nemli bir kayna\u011f\u0131 depremin yaralar\u0131n\u0131n sar\u0131lmas\u0131 i\u00e7in kulland\u0131klar\u0131n\u0131 bildiren Y\u0131lmaz, &#8220;2026 y\u0131l\u0131nda merkezi y\u00f6netim b\u00fct\u00e7e gelirlerinin 2025 y\u0131l\u0131 ger\u00e7ekle\u015fme tahminlerine g\u00f6re y\u00fczde 30,5 art\u0131\u015fla 16 trilyon 266 milyar liraya, vergi gelirlerinin ise y\u00fczde 28,9 oran\u0131nda artarak 13 trilyon 833 milyar liraya ula\u015faca\u011f\u0131n\u0131 tahmin ediyoruz.&#8221; \u015feklinde konu\u015ftu.<\/p>\n\n\n\n<p>Cumhurba\u015fkan\u0131 Yard\u0131mc\u0131s\u0131 Cevdet Y\u0131lmaz, &#8220;\u0130mkanlar\u0131m\u0131z artt\u0131k\u00e7a, enflasyonun d\u00fc\u015ft\u00fc\u011f\u00fc bir ortamda kal\u0131c\u0131 refah art\u0131\u015f\u0131n\u0131 sa\u011flayacak \u015fekilde t\u00fcm kesimlerin \u015fartlar\u0131nda iyile\u015ftirme yapmaya devam edece\u011fiz. Pop\u00fclist, halk\u0131 aldatan bir anlay\u0131\u015fla de\u011fil, ger\u00e7ek\u00e7i bir zeminde halk\u0131m\u0131z\u0131n refah\u0131n\u0131 y\u00fckseltmeye devam edece\u011fiz.&#8221; dedi.<\/p>\n\n\n\n<p>Cevdet Y\u0131lmaz, 2002&#8217;den bu yana e\u011fitimi en \u00f6ncelikli mesele olarak g\u00f6rd\u00fcklerini ve e\u011fitim b\u00fct\u00e7esini 2026&#8217;da 2 trilyon 896 milyar liraya y\u00fckselttiklerini belirtti.<\/p>\n\n\n\n<p>Y\u0131lmaz, merkezi y\u00f6netim b\u00fct\u00e7esinden 2002&#8217;de yaln\u0131zca y\u00fczde 9,4 seviyesinde pay alan e\u011fitime 2026 y\u0131l\u0131nda y\u00fczde 15,3 oran ile en y\u00fcksek pay\u0131 ay\u0131rarak Milli E\u011fitim Bakanl\u0131\u011f\u0131 b\u00fct\u00e7esini 2026 y\u0131l\u0131nda 1 trilyon 944 milyar liraya y\u00fckselttiklerini ifade etti.<\/p>\n\n\n\n<p>H\u00fck\u00fcmetleri d\u00f6neminde, 385 bin 375 yeni dersli\u011fin e\u011fitim ve \u00f6\u011fretim hizmetine sunuldu\u011funu vurgulayan Y\u0131lmaz, s\u00f6zlerini \u015f\u00f6yle s\u00fcrd\u00fcrd\u00fc:<\/p>\n\n\n\n<p>&#8220;T\u00fcm \u00e7ocuklar\u0131m\u0131z\u0131n kaliteli e\u011fitime eri\u015fimini sa\u011flamak i\u00e7in \u00f6zellikle ilave ihtiya\u00e7lar\u0131 bulunan b\u00f6lgelerdeki okullar\u0131n fiziki ko\u015fullar\u0131n\u0131 iyile\u015ftirmeye \u00f6ncelik veriyoruz. Bu kapsamda, yeni dersliklerin yap\u0131m\u0131, okullar\u0131n depreme kar\u015f\u0131 g\u00fc\u00e7lendirilmesi, bili\u015fim altyap\u0131lar\u0131n\u0131n iyile\u015ftirilmesi ve internet eri\u015fiminin sa\u011flanmas\u0131 gibi \u00e7al\u0131\u015fmalar y\u00fcr\u00fct\u00fclmektedir. Ge\u00e7mi\u015fte ideolojik nedenlerle zay\u0131flat\u0131lan mesleki e\u011fitimi g\u00fc\u00e7lendirmek, e\u011fitimin i\u00e7eri\u011fi ile i\u015fg\u00fcc\u00fc piyasalar\u0131n\u0131n ihtiya\u00e7lar\u0131n\u0131 \u00f6rt\u00fc\u015ft\u00fcrmek temel \u00f6nceliklerimiz aras\u0131nda olmaya devam etmektedir. Eri\u015fim sorununu \u00e7\u00f6zm\u00fc\u015f bir \u00fclke olarak, \u00f6n\u00fcm\u00fczdeki d\u00f6nem e\u011fitimde kaliteyi ve teknolojik d\u00f6n\u00fc\u015f\u00fcm\u00fc daha fazla \u00f6n plana alaca\u011f\u0131z. \u00d6\u011frencilerin dijital, analitik ve problem \u00e7\u00f6zme becerilerini g\u00fc\u00e7lenmesini, bu sayede i\u015fg\u00fcc\u00fc piyasas\u0131n\u0131n ihtiya\u00e7 duydu\u011fu yetkinliklere daha h\u0131zl\u0131 uyum sa\u011flayan, istihdam edilebilirli\u011fi y\u00fcksek bireyler yeti\u015fmesini hedeflemekteyiz.&#8221;<\/p>\n\n\n\n<h3 class=\"wp-block-heading\">&#8220;Y\u00fcksek\u00f6\u011fretimde f\u0131rsat e\u015fitli\u011fi g\u00fc\u00e7lendirilmi\u015ftir&#8221;<\/h3>\n\n\n\n<p>Cevdet Y\u0131lmaz, y\u00fcksek\u00f6\u011fretim alan\u0131nda ba\u015fta y\u00fcksek\u00f6\u011fretime eri\u015fim olmak \u00fczere bir\u00e7ok alanda \u00f6nemli ilerlemeler kaydettiklerini dile getirdi.<\/p>\n\n\n\n<p>2002&#8217;de 76 \u00fcniversite mevcut iken bu say\u0131y\u0131 208&#8217;e y\u00fckselttiklerini, devlet \u00fcniversitesi say\u0131s\u0131n\u0131 da ayn\u0131 d\u00f6nemde 53&#8217;ten 129&#8217;a \u00e7\u0131kard\u0131klar\u0131n\u0131 an\u0131msatan Y\u0131lmaz, &#8220;Son 23 y\u0131lda y\u00fcksek\u00f6\u011fretime eri\u015febilirlik sorunu b\u00fcy\u00fck \u00f6l\u00e7\u00fcde \u00e7\u00f6z\u00fclm\u00fc\u015f, f\u0131rsat e\u015fitli\u011fi g\u00fc\u00e7lendirilmi\u015ftir. Ayr\u0131ca y\u00fcksek\u00f6\u011frenim \u00f6\u011frencilerinin faydaland\u0131\u011f\u0131 yurt yatak kapasitesi 2002 y\u0131l\u0131 sonunda 182 bin iken, bug\u00fcn bu say\u0131 1 milyon 3 bine ula\u015fm\u0131\u015ft\u0131r.&#8221; diye konu\u015ftu.<\/p>\n\n\n\n<p>Cumhurba\u015fkan\u0131 Yard\u0131mc\u0131s\u0131 Y\u0131lmaz, e\u011fitimle birlikte h\u00fck\u00fcmetleri d\u00f6neminde en fazla \u00f6nem verdikleri ve b\u00fcy\u00fck bir d\u00f6n\u00fc\u015f\u00fcm ger\u00e7ekle\u015ftirdikleri di\u011fer alan\u0131n da &#8220;sa\u011fl\u0131k&#8221; oldu\u011funu aktard\u0131.<\/p>\n\n\n\n<p>Pandemi d\u00f6neminde T\u00fcrkiye&#8217;nin sa\u011fl\u0131k sisteminin r\u00fc\u015ft\u00fcn\u00fc t\u00fcm d\u00fcnyada ispatlad\u0131\u011f\u0131n\u0131 vurgulayan Y\u0131lmaz, vatanda\u015flar\u0131m\u0131z\u0131n, sa\u011fl\u0131k hizmetlerinden en iyi \u015fekilde yararlanmalar\u0131n\u0131 sa\u011flamak amac\u0131yla merkezi y\u00f6netim b\u00fct\u00e7esinden sa\u011fl\u0131k hizmetleri i\u00e7in 2026 y\u0131l\u0131nda 1 trilyon 594 milyar lira kaynak ay\u0131rd\u0131klar\u0131n\u0131 belirtti.<\/p>\n\n\n\n<p>Merkezi y\u00f6netim b\u00fct\u00e7esinden sa\u011fl\u0131k i\u00e7in ayr\u0131lan kayna\u011fa, Sosyal G\u00fcvenlik Kurumu&#8217;ndan yap\u0131lacak sa\u011fl\u0131k harcamalar\u0131n\u0131 da eklediklerinde sa\u011fl\u0131k alan\u0131na kamu kaynaklar\u0131ndan ayr\u0131lan toplam tutar\u0131n 3 trilyon 307 milyar liraya ula\u015ft\u0131\u011f\u0131n\u0131 dile getiren Y\u0131lmaz, yap\u0131lan \u015fehir hastaneleri ve yenilenen hastanelerle sa\u011fl\u0131k standard\u0131n\u0131n y\u00fckseldi\u011fini dile getirdi.<\/p>\n\n\n\n<p>Y\u0131lmaz, T\u00fcrkiye&#8217;de sa\u011fl\u0131k end\u00fcstrilerinin 12. Kalk\u0131nma Plan\u0131 hedefleri do\u011frultusunda, \u00f6zellikle yerli \u00fcretim, teknolojik yetkinlik ve ihracat odakl\u0131 b\u00fcy\u00fcme stratejileriyle \u00f6nemli bir d\u00f6n\u00fc\u015f\u00fcm s\u00fcrecinde oldu\u011funu vurgulad\u0131.<\/p>\n\n\n\n<p>Savunma sanayiindeki at\u0131l\u0131m\u0131n ayn\u0131s\u0131n\u0131 &#8220;ila\u00e7 ve sa\u011fl\u0131k cihazlar\u0131&#8221; alan\u0131nda yapmay\u0131 hedeflediklerini vurgulayan Y\u0131lmaz, &#8220;Sa\u011fl\u0131k turizminde de b\u00fcy\u00fck bir at\u0131l\u0131m i\u00e7indeyiz. Sa\u011fl\u0131k turisti say\u0131s\u0131 2020&#8217;de 435 bin d\u00fczeyindeyken, 2024 y\u0131l\u0131nda 1 milyon 506 bine y\u00fckselmi\u015ftir. Sa\u011fl\u0131k turizmi gelirleri ise ayn\u0131 d\u00f6nemde 1,3 milyar dolardan 3 milyar dolar seviyesine \u00e7\u0131km\u0131\u015ft\u0131r. Tek ba\u015f\u0131na bu rakamlar bile sa\u011fl\u0131k sistemimizin d\u00fcnyada geldi\u011fi yeri net bir \u015fekilde g\u00f6stermektedir. Eskiden \u015fifa bulmak i\u00e7in ba\u015fka \u00fclkelere gidilirken bug\u00fcn d\u00fcnyan\u0131n d\u00f6rt bir yan\u0131ndan insanlar \u015fifa bulmak i\u00e7in \u00fclkemiz geliyor.&#8221; dedi.<\/p>\n\n\n\n<h3 class=\"wp-block-heading\">&#8220;N\u00fcfus konusunu beka meselesi olarak g\u00f6r\u00fcyoruz&#8221;<\/h3>\n\n\n\n<p>Cumhurba\u015fkan\u0131 Yard\u0131mc\u0131s\u0131 Y\u0131lmaz, sosyal devlet ilkesi ve &#8220;insan\u0131 ya\u015fat ki devlet ya\u015fas\u0131n&#8221; \u015fiar\u0131yla, \u00fclkenin sahip oldu\u011fu refah\u0131, toplumun t\u00fcm katmanlar\u0131na yaymaya kararl\u0131 olduklar\u0131n\u0131 bildirdi.<\/p>\n\n\n\n<p>D\u00fcnyan\u0131n en iyi i\u015fleyen, en ku\u015fat\u0131c\u0131 sosyal destek sistemine sahip \u00fclkelerinden biri olarak sosyal yard\u0131m b\u00fct\u00e7esini, 2026 y\u0131l\u0131nda 917 milyar liraya \u00e7\u0131kard\u0131klar\u0131na dikkati \u00e7elen Y\u0131lmaz, \u015fu de\u011ferlendirmelerde bulundu:<\/p>\n\n\n\n<p>&#8220;2026&#8217;da \u00f6deme g\u00fcc\u00fc olmayan vatanda\u015flar\u0131m\u0131z\u0131n sa\u011fl\u0131k primi giderlerini kar\u015f\u0131lamak amac\u0131yla 157 milyar lira, 65 ya\u015f \u00fcst\u00fc ya\u015fl\u0131lar\u0131m\u0131z, bak\u0131ma ihtiyac\u0131 olan engelli vatanda\u015flar\u0131m\u0131z ve yak\u0131nlar\u0131na ba\u011flanan ayl\u0131klar kapsam\u0131nda 106 milyar lira, sosyal konut finansman\u0131n\u0131n desteklenmesi amac\u0131yla 100 milyar lira, engelli vatanda\u015flar\u0131m\u0131z\u0131n evde bak\u0131m\u0131na destek amac\u0131yla 90 milyar lira, engelli vatanda\u015flar\u0131m\u0131z\u0131n e\u011fitim deste\u011fi i\u00e7in 56 milyar lira, do\u011fum yard\u0131m\u0131 \u00f6demeleri i\u00e7in 44 milyar lira, ekonomik yoksunluk i\u00e7inde olan \u00e7ocuklar\u0131m\u0131z\u0131n aileleri yan\u0131nda yeti\u015fmelerine imkan sa\u011flayan sosyal ve ekonomik destek \u00f6demeleri i\u00e7in 23 milyar lira, koruyucu aile uygulamas\u0131 kapsam\u0131nda yakla\u015f\u0131k 3 milyar lira kaynak ay\u0131rd\u0131k. Bu alanda bir\u00e7ok \u00e7al\u0131\u015fma y\u00fcr\u00fct\u00fcyoruz. N\u00fcfus konusunu beka meselesi olarak g\u00f6r\u00fcyoruz. Bu alanda Cumhurba\u015fkan\u0131m\u0131z\u0131n olu\u015fturdu\u011fu N\u00fcfus Politikalar\u0131 Kurulu&#8217;nda kapsaml\u0131 politikalar uyguluyoruz.<\/p>\n\n\n\n<p>Do\u011fum yard\u0131mlar\u0131ndan \u00e7ocuk bak\u0131m hizmetlerine, annelerin \u00e7al\u0131\u015fma hayat\u0131n\u0131 kolayla\u015ft\u0131rmaktan sa\u011fl\u0131k hizmetlerine geni\u015f bir yelpazede ad\u0131mlar at\u0131yoruz. Kurdu\u011fumuz Aile ve Gen\u00e7lik Fonu ile yeni evlilikleri te\u015fvik ederek gen\u00e7lerimize destek oluyoruz. Fon kapsam\u0131nda verilen kredi deste\u011fini, 2026 y\u0131l\u0131 Ocak ay\u0131 itibar\u0131yla e\u015flerden her ikisinin 18-25 ya\u015f aral\u0131\u011f\u0131nda oldu\u011fu ba\u015fvurularda 250 bin liraya, en az birinin 26-29 ya\u015f aral\u0131\u011f\u0131nda oldu\u011fu ba\u015fvurularda ise 200 bin liraya \u00e7\u0131kar\u0131yoruz. Kad\u0131na y\u00f6nelik \u015fiddetle m\u00fccadelemizi s\u00fcrd\u00fcr\u00fcyoruz. \u00c7ocuklar\u0131n s\u0131cak ve huzurlu bir yuvada yeti\u015fmesi i\u00e7in b\u00fct\u00fcn gayretimizi sarf ediyoruz. Hi\u00e7 kimseyi geride b\u0131rakmayan toplum vizyonu ile hareket ederek, engelli ve ya\u015fl\u0131 vatanda\u015flar\u0131m\u0131z\u0131n toplumsal hayat\u0131n her alan\u0131na etkin kat\u0131l\u0131m\u0131n\u0131 sa\u011flayacak \u00e7al\u0131\u015fmalar\u0131m\u0131za 2026 y\u0131l\u0131nda da devam edece\u011fiz.&#8221;<\/p>\n\n\n\n<p>Cevdet Y\u0131lmaz, vatanda\u015flar\u0131n elektrik ve do\u011fal gaz\u0131 daha ucuza kullanabilmeleri i\u00e7in 2026 y\u0131l\u0131 b\u00fct\u00e7esinden 373 milyar lira kaynak ay\u0131rd\u0131klar\u0131n\u0131, halihaz\u0131rda meskenlerde kullan\u0131lan elektri\u011fe ortalama y\u00fczde 54, do\u011fal gaza ise y\u00fczde 45 destek verildi\u011fini s\u00f6yledi.<\/p>\n\n\n\n<p>2022 y\u0131l\u0131 Ocak ay\u0131 itibar\u0131yla, asgari \u00fccrete kadar t\u00fcm \u00e7al\u0131\u015fanlar\u0131n \u00fccretlerini vergi d\u0131\u015f\u0131 tuttuklar\u0131n\u0131 anlatan Y\u0131lmaz, &#8220;Bu imkandan t\u00fcm \u00e7al\u0131\u015fanlar\u0131m\u0131z yararlanmaktad\u0131r. Bu kapsamda sadece asgari \u00fccrete verdi\u011fimiz vergi istisnam\u0131z gelecek yol 1 trilyon 92 milyar liray\u0131 bulacakt\u0131r.&#8221; ifadesini kulland\u0131.<\/p>\n\n\n\n<h3 class=\"wp-block-heading\">&#8220;2026&#8217;da tar\u0131m sekt\u00f6r\u00fc yat\u0131r\u0131m \u00f6dene\u011fini 190 milyar liraya \u00e7\u0131kart\u0131yoruz&#8221;<\/h3>\n\n\n\n<p>Cevdet Y\u0131lmaz, 2026 y\u0131l\u0131 b\u00fct\u00e7esinden tar\u0131ma 938 milyar lira kaynak ay\u0131rd\u0131klar\u0131n\u0131 belirterek, \u015funlar\u0131 s\u00f6yledi:<\/p>\n\n\n\n<p>&#8220;Bu kapsamda, tar\u0131msal destek programlar\u0131 i\u00e7in 168 milyar lira, tar\u0131m sekt\u00f6r\u00fc yat\u0131r\u0131m \u00f6denekleri i\u00e7in 190 milyar lira, tar\u0131msal kredi destekleri, tar\u0131msal K\u0130T ve ihracat destekleri i\u00e7in 318 milyar lira kaynak ay\u0131r\u0131yoruz. Tar\u0131ma y\u00f6nelik vergi harcamalar\u0131m\u0131z ise 262 milyar lira olacakt\u0131r. 2026 y\u0131l\u0131nda tar\u0131m sekt\u00f6r\u00fc yat\u0131r\u0131m \u00f6dene\u011fini 190 milyar liraya \u00e7\u0131kart\u0131yoruz. Bunun 122 milyar liras\u0131n\u0131 tar\u0131msal sulama yat\u0131r\u0131mlar\u0131 i\u00e7in ay\u0131r\u0131yoruz. 2026 yat\u0131r\u0131mlar\u0131 ile 64 bin hektar alan ilk kez suya kavu\u015facak, 14 bin hektarda ise a\u00e7\u0131k kanal sistemleri kapal\u0131 borulu modern \u015febekelere d\u00f6n\u00fc\u015ft\u00fcr\u00fclecek. \u00dclkemizde tar\u0131msal has\u0131la her ge\u00e7en g\u00fcn y\u00fckselmektedir. Kim ne derse desin tar\u0131m ve tar\u0131ma dayal\u0131 g\u0131da alan\u0131nda T\u00fcrkiye net ihracat\u00e7\u0131 \u00fclke konumundad\u0131r. Son 23 y\u0131lda tar\u0131m ve g\u0131da \u00fcr\u00fcnlerinde yakla\u015f\u0131k 115 milyar dolar d\u0131\u015f ticaret fazlas\u0131yla tar\u0131mda net ihracat\u00e7\u0131 bir \u00fclkeyiz.&#8221;<\/p>\n\n\n\n<p>Y\u0131lmaz, yerli ve yenilenebilir enerji potansiyelini geli\u015ftirmenin, enerjide d\u0131\u015fa ba\u011f\u0131ml\u0131l\u0131\u011f\u0131 azaltmada temel politikalar\u0131 aras\u0131nda yer ald\u0131\u011f\u0131n\u0131 dile getirdi.<\/p>\n\n\n\n<p>Yenilenebilir enerjide \u00e7ok iyi bir noktaya geldiklerini vurgulayan Y\u0131lmaz, bu alandaki ekipmanlar\u0131n \u00fcretimini desteklediklerini aktard\u0131.<\/p>\n\n\n\n<p>Petrol ve do\u011fal gaz gibi birincil enerji kaynaklar\u0131nda d\u0131\u015fa ba\u011f\u0131ml\u0131l\u0131\u011f\u0131n y\u00fcksek olmas\u0131n\u0131n T\u00fcrkiye&#8217;nin enerji arz g\u00fcvenli\u011fi ve d\u0131\u015f ticaret dengesi \u00fczerinde \u00f6nemli etkiler olu\u015fturdu\u011funu ifade eden Y\u0131lmaz, &#8220;Ge\u00e7en y\u0131l 66 milyar dolar olan enerji ithalat\u0131n\u0131 azaltmak i\u00e7in b\u00fct\u00fcn gayretimizi bu alan vermi\u015f durumday\u0131z. Gabar ba\u015fta olmak \u00fczere petrol \u00fcretimimizi art\u0131r\u0131yoruz. Gabar&#8217;da ge\u00e7en sene bu g\u00fcnlerde yakla\u015f\u0131k 57 bin varil olan g\u00fcnl\u00fck petrol \u00fcretimimizi, 81 bin varile \u00e7\u0131kard\u0131k. K\u0131sa s\u00fcrede bunun 100 binleri a\u015faca\u011f\u0131n\u0131 d\u00fc\u015f\u00fcn\u00fcyoruz. Akkuyu&#8217;nun gelecek y\u0131l devreye girmesini ve elektrik ihtiyac\u0131m\u0131z yakla\u015f\u0131k y\u00fczde 10&#8217;unun kar\u015f\u0131lamas\u0131n\u0131 \u00f6ng\u00f6r\u00fcyoruz.&#8221; \u015feklinde konu\u015ftu.<\/p>\n\n\n\n<p>Cumhurba\u015fkan\u0131 Yard\u0131mc\u0131s\u0131 Y\u0131lmaz, sulama projelerinden, demir yolu projelerine, havalimanlar\u0131ndan, deniz yolu yat\u0131r\u0131mlar\u0131na bir\u00e7ok alanda yat\u0131r\u0131mlara h\u0131z kesmeden devam ettiklerini s\u00f6yledi.<\/p>\n\n\n\n<p>&#8220;\u00d6n\u00fcm\u00fczdeki d\u00f6nem demiryollar\u0131 \u00f6ncelikli alan\u0131m\u0131z. Demiryollar\u0131 i\u00e7inde de \u00fcretim alanlar\u0131 ile limanlar\u0131 birbirine ba\u011flayan iltisak haklar\u0131n\u0131 \u00f6nceliklendirdik.&#8221; diyen Y\u0131lmaz, \u00f6zel sekt\u00f6r\u00fcn rekabet g\u00fcc\u00fcn\u00fc art\u0131rma a\u00e7\u0131s\u0131ndan bu durumun \u00f6nemli faydalar do\u011furaca\u011f\u0131n\u0131 belirtti.<\/p>\n\n\n\n<p>Hava yolunda, kargo kapasitesindeki art\u0131\u015f\u0131n yan\u0131 s\u0131ra gelecek y\u0131l yolcu say\u0131s\u0131n\u0131n 244 milyon 256 milyona ula\u015fmas\u0131n\u0131 beklediklerini vurgulayan Y\u0131lmaz, &#8220;Hava yollar\u0131 ger\u00e7ek anlamda halk\u0131n yolu haline gelmi\u015ftir.&#8221; ifadesini kulland\u0131.<\/p>\n\n\n\n<p>Y\u0131lmaz, yerli ve milli elektrikli otomobil TOGG&#8217;un \u00fcretimine h\u0131z kesmeden devam ettiklerini, sedan modelin \u00fcretimine bu y\u0131l ba\u015fland\u0131\u011f\u0131n\u0131 an\u0131msatt\u0131.<\/p>\n\n\n\n<h3 class=\"wp-block-heading\">&#8220;Memuruyla i\u015f\u00e7isiyle kamu \u00e7al\u0131\u015fanlar\u0131n\u0131n \u00f6zl\u00fck haklar\u0131n\u0131 iyile\u015ftirdik&#8221;<\/h3>\n\n\n\n<p>AK Parti h\u00fck\u00fcmetleri d\u00f6neminde, \u00e7al\u0131\u015fanlar ile emeklilerin ayl\u0131k ve \u00fccretlerinde enflasyonun \u00fczerinde reel art\u0131\u015flar yapt\u0131klar\u0131n\u0131 vurgulayan Y\u0131lmaz, \u015funlar\u0131 kaydetti:<\/p>\n\n\n\n<p>&#8220;Memuruyla i\u015f\u00e7isiyle kamu \u00e7al\u0131\u015fanlar\u0131n\u0131n \u00f6zl\u00fck haklar\u0131n\u0131 iyile\u015ftirdik. En d\u00fc\u015f\u00fck devlet memuru ayl\u0131\u011f\u0131, 2025 y\u0131l\u0131 Temmuz ay\u0131 itibar\u0131yla 50 bin 503 liraya y\u00fckseltilmi\u015f olup, Temmuz ay\u0131nda 2002 y\u0131l\u0131na g\u00f6re reel art\u0131\u015f y\u00fczde 262 olmu\u015ftur. En d\u00fc\u015f\u00fck emekli ayl\u0131\u011f\u0131 Temmuz itibar\u0131yla 16 bin 821 liraya y\u00fckseltilmi\u015ftir. En d\u00fc\u015f\u00fck emekli ayl\u0131\u011f\u0131ndaki reel art\u0131\u015f 2002 y\u0131l\u0131na g\u00f6re y\u00fczde 621&#8217;dir. 2023 y\u0131l\u0131 Ocak ay\u0131ndan ge\u00e7erli olmak \u00fczere, kamu g\u00f6revlilerimizin ek g\u00f6stergelerini art\u0131rd\u0131k. \u0130mkanlar\u0131m\u0131z artt\u0131k\u00e7a, enflasyonun d\u00fc\u015ft\u00fc\u011f\u00fc bir ortamda kal\u0131c\u0131 refah art\u0131\u015f\u0131n\u0131 sa\u011flayacak \u015fekilde t\u00fcm kesimlerin \u015fartlar\u0131nda iyile\u015ftirme yapmaya devam edece\u011fiz. Pop\u00fclist, halk\u0131 aldatan bir anlay\u0131\u015fla de\u011fil, ger\u00e7ek\u00e7i bir zeminde halk\u0131m\u0131z\u0131n refah\u0131n\u0131 y\u00fckseltmeye devam edece\u011fiz. K\u00f6kl\u00fc bir medeniyetin miras\u00e7\u0131s\u0131 olan bir milletin fertleriyiz. Bu aziz millet i\u00e7in ne yapsak azd\u0131r.<\/p>\n\n\n\n<p>Cumhuriyetimizin asr\u0131 a\u015fan birikimi ve kazan\u0131mlar\u0131 zemininde, T\u00fcrkiye Y\u00fczy\u0131l\u0131 Vizyonumuzu hayata ge\u00e7irmek i\u00e7in, Say\u0131n Cumhurba\u015fkan\u0131m\u0131z\u0131n kararl\u0131 ve dirayetli liderli\u011finde, AK Parti ve Cumhur \u0130ttifak\u0131 olarak gece g\u00fcnd\u00fcz \u00e7al\u0131\u015f\u0131yoruz, \u00e7al\u0131\u015fmaya devam edece\u011fiz. Amac\u0131m\u0131z demokrasi ve kalk\u0131nma standartlar\u0131 y\u00fcksek, \u00e7ok daha huzurlu, m\u00fcreffeh, g\u00fc\u00e7l\u00fc ve b\u00fcy\u00fck T\u00fcrkiye i\u00e7in gerekli yap\u0131sal d\u00f6n\u00fc\u015f\u00fcmleri ger\u00e7ekle\u015ftirmeye devam etmektir. T\u00fcm gayemiz, yeni k\u00fcresel \u015fartlarda riskleri bertaraf etmek, f\u0131rsatlar\u0131 en iyi \u015fekilde de\u011ferlendirmek, \u00fclkemizin ve insan\u0131m\u0131z\u0131n d\u00fcnyadaki konumunu \u00e7ok daha ileriye ta\u015f\u0131makt\u0131r. Her zaman vatanda\u015f\u0131m\u0131z\u0131 merkeze alan bir anlay\u0131\u015fla \u00e7al\u0131\u015f\u0131yor, gen\u00e7 nesiller ba\u015fta olmak \u00fczere insan\u0131m\u0131z\u0131n potansiyeline g\u00fcveniyor, aziz milletimize lay\u0131k bir gelece\u011fi in\u015fa etme kararl\u0131l\u0131\u011f\u0131m\u0131zdan asla taviz vermiyoruz.&#8221;<\/p>\n\n\n\n<p>Kaynak: AA<\/p>\n","protected":false},"excerpt":{"rendered":"<p>Cumhurba\u015fkan\u0131 Yard\u0131mc\u0131s\u0131 Cevdet Y\u0131lmaz, &#8220;2026 y\u0131l\u0131, Orta Vadeli Program\u0131m\u0131z\u0131n en kritik y\u0131l\u0131d\u0131r. \u00c7\u00fcnk\u00fc 2026, hem att\u0131\u011f\u0131m\u0131z ad\u0131mlar\u0131n sonu\u00e7lar\u0131n\u0131n g\u00f6r\u00fcn\u00fcr hale gelece\u011fi hem de reformlar\u0131m\u0131z\u0131n meyve verece\u011fi e\u015fik bir y\u0131l olacakt\u0131r.&#8221; dedi. Cumhurba\u015fkan\u0131 Yard\u0131mc\u0131s\u0131 Cevdet Y\u0131lmaz, TBMM Genel Kurulunda g\u00f6r\u00fc\u015fmelerine ba\u015flanan 2026 Y\u0131l\u0131 Merkezi Y\u00f6netim B\u00fct\u00e7e Kanunu Teklifi ile 2024 Y\u0131l\u0131 Merkezi Y\u00f6netim Kesin Hesap Kanunu [&hellip;]<\/p>\n","protected":false},"author":1,"featured_media":7418,"comment_status":"open","ping_status":"open","sticky":false,"template":"","format":"standard","meta":{"footnotes":""},"categories":[1,632],"tags":[562,634,846,975],"class_list":["post-7417","post","type-post","status-publish","format-standard","has-post-thumbnail","hentry","category-gundem","category-siyaset","tag-ak-parti","tag-cevdet-yilmaz","tag-cumhurbaskani-erdogan","tag-tbmm"],"_links":{"self":[{"href":"https:\/\/www.trabzonmanset.com\/index.php\/wp-json\/wp\/v2\/posts\/7417","targetHints":{"allow":["GET"]}}],"collection":[{"href":"https:\/\/www.trabzonmanset.com\/index.php\/wp-json\/wp\/v2\/posts"}],"about":[{"href":"https:\/\/www.trabzonmanset.com\/index.php\/wp-json\/wp\/v2\/types\/post"}],"author":[{"embeddable":true,"href":"https:\/\/www.trabzonmanset.com\/index.php\/wp-json\/wp\/v2\/users\/1"}],"replies":[{"embeddable":true,"href":"https:\/\/www.trabzonmanset.com\/index.php\/wp-json\/wp\/v2\/comments?post=7417"}],"version-history":[{"count":1,"href":"https:\/\/www.trabzonmanset.com\/index.php\/wp-json\/wp\/v2\/posts\/7417\/revisions"}],"predecessor-version":[{"id":7419,"href":"https:\/\/www.trabzonmanset.com\/index.php\/wp-json\/wp\/v2\/posts\/7417\/revisions\/7419"}],"wp:featuredmedia":[{"embeddable":true,"href":"https:\/\/www.trabzonmanset.com\/index.php\/wp-json\/wp\/v2\/media\/7418"}],"wp:attachment":[{"href":"https:\/\/www.trabzonmanset.com\/index.php\/wp-json\/wp\/v2\/media?parent=7417"}],"wp:term":[{"taxonomy":"category","embeddable":true,"href":"https:\/\/www.trabzonmanset.com\/index.php\/wp-json\/wp\/v2\/categories?post=7417"},{"taxonomy":"post_tag","embeddable":true,"href":"https:\/\/www.trabzonmanset.com\/index.php\/wp-json\/wp\/v2\/tags?post=7417"}],"curies":[{"name":"wp","href":"https:\/\/api.w.org\/{rel}","templated":true}]}}