{"id":7414,"date":"2025-12-08T19:50:00","date_gmt":"2025-12-08T16:50:00","guid":{"rendered":"https:\/\/www.trabzonmanset.com\/?p=7414"},"modified":"2025-12-08T21:05:20","modified_gmt":"2025-12-08T18:05:20","slug":"tbmm-baskani-kurtulmus-terorsuz-turkiye-bir-devlet-projesidir","status":"publish","type":"post","link":"https:\/\/www.trabzonmanset.com\/index.php\/2025\/12\/08\/tbmm-baskani-kurtulmus-terorsuz-turkiye-bir-devlet-projesidir\/","title":{"rendered":"TBMM Ba\u015fkan\u0131 Kurtulmu\u015f: &#8216;Ter\u00f6rs\u00fcz T\u00fcrkiye&#8217; bir devlet projesidir"},"content":{"rendered":"\n<p>TBMM Ba\u015fkan\u0131 Numan Kurtulmu\u015f, &#8220;&#8216;Ter\u00f6rs\u00fcz T\u00fcrkiye&#8217;, sadece T\u00fcrkiye B\u00fcy\u00fck Millet Meclisi&#8217;nde olu\u015fturdu\u011fumuz Milli Dayan\u0131\u015fma, Karde\u015flik ve Demokrasi Komisyonu&#8217;nun g\u00f6rev alan\u0131nda de\u011fildir, bu bir devlet projesidir.&#8221; dedi.<\/p>\n\n\n\n<p>TBMM Ba\u015fkan\u0131 Numan Kurtulmu\u015f, &#8220;&#8216;Ter\u00f6rs\u00fcz T\u00fcrkiye&#8217;, sadece T\u00fcrkiye B\u00fcy\u00fck Millet Meclisi&#8217;nde olu\u015fturdu\u011fumuz Milli Dayan\u0131\u015fma, Karde\u015flik ve Demokrasi Komisyonu&#8217;nun g\u00f6rev alan\u0131nda de\u011fildir, bu bir devlet projesidir. Devletin b\u00fct\u00fcn ilgili kurumlar\u0131, ba\u015fta g\u00fcvenlik kurumlar\u0131m\u0131z olmak \u00fczere bu s\u00fcrecin kazas\u0131z belas\u0131z y\u00fcr\u00fct\u00fclmesi ve sonland\u0131r\u0131lmas\u0131yla ilgili olarak \u00fcst bir koordinasyonla g\u00f6revlerini yerine getirmektedir.&#8221; dedi.<\/p>\n\n\n\n<p>TBMM Genel Kurulu&#8217;nda, 2026 Y\u0131l\u0131 Merkezi Y\u00f6netim B\u00fct\u00e7e Kanunu Teklifi ile 2024 Y\u0131l\u0131 Merkezi Y\u00f6netim Kesin Hesap Kanunu Teklifi&#8217;nin g\u00f6r\u00fc\u015fmelerine ba\u015fland\u0131.<\/p>\n\n\n\n<p>Genel Kurul, TBMM Ba\u015fkan\u0131 Kurtulmu\u015f ba\u015fkanl\u0131\u011f\u0131nda topland\u0131.<\/p>\n\n\n\n<p>Kurtulmu\u015f, oturumun a\u00e7\u0131l\u0131\u015f\u0131nda, \u0130stanbul \u00c7ekmek\u00f6y&#8217;de eve d\u00fczenlenen narkotik operasyonunda a\u00e7\u0131lan ate\u015f sonucu \u015fehit olan polis memuru Emre Albayrak&#8217;a Allah&#8217;tan rahmet, ailesine, yak\u0131nlar\u0131na, emniyet camias\u0131na ve millete ba\u015fsa\u011fl\u0131\u011f\u0131 diledi.<\/p>\n\n\n\n<p>2026 y\u0131l\u0131 b\u00fct\u00e7e g\u00f6r\u00fc\u015fmelerine bug\u00fcn ba\u015flad\u0131klar\u0131n\u0131 dile getiren Kurtulmu\u015f, TBMM Plan ve B\u00fct\u00e7e Komisyonundaki b\u00fct\u00e7e g\u00f6r\u00fc\u015fmelerinin yo\u011fun ge\u00e7ti\u011fini an\u0131msatarak, TBMM Genel Kurulunda yap\u0131lacak g\u00f6r\u00fc\u015fmelerin hay\u0131rl\u0131 olmas\u0131n\u0131 diledi.<\/p>\n\n\n\n<p>TBMM Plan ve B\u00fct\u00e7e Komisyonu&#8217;ndaki g\u00f6r\u00fc\u015fmelerde 21 birle\u015fim ger\u00e7ekle\u015ftirildi\u011fini, b\u00fct\u00e7enin 77 oturumda yakla\u015f\u0131k 240 saat m\u00fczakere edildi\u011fini aktaran Kurtulmu\u015f, &#8220;Bu g\u00f6r\u00fc\u015fmelerde komisyon \u00fcyelerimiz dahil olmak \u00fczere 271 milletvekilinin toplamda 1353 kez s\u00f6z talebi olmu\u015f ve bu kar\u015f\u0131lanm\u0131\u015ft\u0131r. Ba\u015fka bir deyi\u015fle T\u00fcrkiye B\u00fcy\u00fck Millet Meclisimizde bulunan milletvekillerimizin yakla\u015f\u0131k y\u00fczde 46&#8217;s\u0131 bu m\u00fczakerelere do\u011frudan kat\u0131l\u0131m sa\u011flayarak katk\u0131da bulunmu\u015ftur. Komisyon Ba\u015fkan\u0131m\u0131z, komisyon \u00fcyelerimiz ba\u015fta olmak \u00fczere Plan ve B\u00fct\u00e7e Komisyonunda katk\u0131 sunan b\u00fct\u00fcn milletvekillerimize te\u015fekk\u00fcr ediyorum. Yo\u011fun emekleriyle \u00e7al\u0131\u015fmalara katk\u0131 sunan Meclis emek\u00e7ilerimize de tebriklerimizi, te\u015fekk\u00fcrlerimizi ifade ediyorum.&#8221; diye konu\u015ftu.<\/p>\n\n\n\n<p>TBMM&#8217;nin 28. D\u00f6nemi&#8217;nin, T\u00fcrkiye Cumhuriyeti tarihi a\u00e7\u0131s\u0131ndan \u00f6nemli oldu\u011funu belirten Kurtulmu\u015f, &#8220;\u00c7\u00fcnk\u00fc Cumhuriyetimizin ilk asr\u0131 geride b\u0131rak\u0131lm\u0131\u015f, 28. D\u00f6nem Meclisimiz ise ikinci asr\u0131n ba\u015flang\u0131c\u0131n\u0131 yapan bir Meclistir. Bu \u00f6zelli\u011fiyle fevkalade tarihi bir Meclis \u00e7al\u0131\u015fmas\u0131n\u0131 hep birlikte icra ediyoruz.&#8221; ifadesini kulland\u0131.<\/p>\n\n\n\n<p>TBMM&#8217;de olu\u015fturulan Milli Dayan\u0131\u015fma, Karde\u015flik ve Demokrasi Komisyonunda d\u00f6nemin ruhuna uygun yo\u011fun \u00e7al\u0131\u015fmalar ger\u00e7ekle\u015ftirildi\u011fini vurgulayan Kurtulmu\u015f, TBMM&#8217;deki siyasi partilerin b\u00fcy\u00fck \u00e7o\u011funlu\u011funun kat\u0131l\u0131m\u0131yla Komisyonda ciddi tart\u0131\u015fmalar\u0131n yap\u0131ld\u0131\u011f\u0131n\u0131, ter\u00f6r\u00fcn ortadan kald\u0131r\u0131labilmesi i\u00e7in \u00e7ok y\u00f6nl\u00fc, \u00e7ok katmanl\u0131 \u00e7al\u0131\u015fma ger\u00e7ekle\u015ftirildi\u011fini belirtti.<\/p>\n\n\n\n<p>Komisyonda ilk olarak \u015fehit aileleri ve gazilerin dinlendi\u011fini, konuyla ilgili toplumun b\u00fct\u00fcn kesimlerinin g\u00f6r\u00fc\u015flerinin al\u0131nd\u0131\u011f\u0131n\u0131 an\u0131msatan Kurtulmu\u015f, dinleme faaliyetlerinin de ge\u00e7en hafta itibar\u0131yla sona erdirildi\u011fini kaydetti.<\/p>\n\n\n\n<p>TBMM Ba\u015fkan\u0131 Kurtulmu\u015f, konu\u015fmas\u0131n\u0131 \u015f\u00f6yle s\u00fcrd\u00fcrd\u00fc:<\/p>\n\n\n\n<p>&#8220;Bundan sonraki s\u00fcre\u00e7te T\u00fcrkiye B\u00fcy\u00fck Millet Meclisi&#8217;nde olu\u015fturulan bu komisyon, \u015fimdiye kadar s\u00fcrd\u00fcrm\u00fc\u015f oldu\u011fu m\u00fczakere olgunlu\u011funu devam ettirerek, T\u00fcrkiye&#8217;nin demokratik standartlar\u0131n\u0131n y\u00fckseltilmesiyle ilgili genel perspektifi \u00fcmit ediyorum ki en k\u0131sa s\u00fcre i\u00e7erisinde yazd\u0131\u011f\u0131 bir raporla T\u00fcrkiye B\u00fcy\u00fck Millet Meclisi&#8217;ne sunacakt\u0131r. Bundan sonraki d\u00fczenlemelerin nas\u0131l ve ne \u015fekilde yap\u0131laca\u011f\u0131 bu komisyon raporlar\u0131 do\u011frultusunda T\u00fcrkiye B\u00fcy\u00fck Millet Meclisi&#8217;nde bulunan de\u011ferli siyasi partilerin ortak \u00e7al\u0131\u015fmas\u0131yla sonland\u0131r\u0131lacakt\u0131r. \u00dcmit ediyorum ki aynen komisyon \u00e7al\u0131\u015fmas\u0131nda oldu\u011fu gibi Meclis \u00e7al\u0131\u015fmalar\u0131nda da &#8216;Ter\u00f6rs\u00fcz T\u00fcrkiye&#8217; meselesi olgun bir \u015fekilde ele al\u0131narak s\u00fcre\u00e7 ilerletilir ve sonu\u00e7lar al\u0131n\u0131r.<\/p>\n\n\n\n<p>&#8216;Ter\u00f6rs\u00fcz T\u00fcrkiye&#8217;, sadece T\u00fcrkiye B\u00fcy\u00fck Millet Meclisi&#8217;nde olu\u015fturdu\u011fumuz Milli Dayan\u0131\u015fma, Karde\u015flik ve Demokrasi Komisyonu&#8217;nun g\u00f6rev alan\u0131nda de\u011fildir, bu bir devlet projesidir. Devletin b\u00fct\u00fcn ilgili kurumlar\u0131, ba\u015fta g\u00fcvenlik kurumlar\u0131m\u0131z olmak \u00fczere bu s\u00fcrecin kazas\u0131z belas\u0131z y\u00fcr\u00fct\u00fclmesi ve sonland\u0131r\u0131lmas\u0131yla ilgili olarak \u00fcst bir koordinasyonla g\u00f6revlerini yerine getirmektedir. Ayn\u0131 \u015fekilde T\u00fcrkiye B\u00fcy\u00fck Millet Meclisi&#8217;ndeki komisyonumuz da bu s\u00fcre\u00e7te \u00fczerine d\u00fc\u015fen demokratik denetim fonksiyonunun bir gere\u011fi olarak, s\u00fcreci fevkalade ba\u015far\u0131l\u0131 bir \u015fekilde bu noktaya kadar getirmi\u015ftir. \u00dcmit ederim ki sonu\u00e7 alarak T\u00fcrkiye tarihinde kazan\u0131lan bu \u00f6nemli f\u0131rsat\u0131n ba\u015far\u0131yla sonu\u00e7land\u0131r\u0131lmas\u0131na vesile olur.&#8221;<\/p>\n\n\n\n<h3 class=\"wp-block-heading\">Yeni sivil anayasa yap\u0131lmas\u0131 \u00e7a\u011fr\u0131s\u0131<\/h3>\n\n\n\n<p>TBMM&#8217;nin 28. D\u00f6nemi&#8217;nin \u00f6nemini vurgulayarak, bu d\u00f6nemde demokratik ad\u0131mlar\u0131n at\u0131lmas\u0131 gerekti\u011fini dile getiren Kurtulmu\u015f, \u015funlar\u0131 payla\u015ft\u0131:<\/p>\n\n\n\n<p>&#8220;Her \u015feyden evvel T\u00fcrkiye&#8217;nin 2. y\u00fczy\u0131l\u0131na yara\u015f\u0131r, milli, kat\u0131l\u0131mc\u0131, demokratik, ku\u015fat\u0131c\u0131, yeni ve sivil bir anayasan\u0131n yap\u0131lmas\u0131 T\u00fcrkiye B\u00fcy\u00fck Millet Meclisi&#8217;nin 28. D\u00f6nem Meclisinin \u00f6nemli sorumluluklar\u0131ndan birisidir. Ayn\u0131 \u015fekilde demokratik standartlar\u0131m\u0131z\u0131 y\u00fckseltmemiz a\u00e7\u0131s\u0131ndan, demokratik bir yeni Meclis \u0130\u00e7t\u00fcz\u00fc\u011f\u00fc, Siyasi Partiler Yasas\u0131 ve Se\u00e7im Yasas\u0131&#8217;n\u0131n da b\u00fcy\u00fck bir olgunlukla ve siyasi hesaplar\u0131n d\u0131\u015f\u0131nda g\u00fcndeme getirilerek T\u00fcrkiye B\u00fcy\u00fck Millet Meclisi&#8217;nde ele al\u0131nmas\u0131 ve sonu\u00e7land\u0131r\u0131lmas\u0131n\u0131 da \u00fcmit ve arzu ediyoruz.&#8221;<\/p>\n\n\n\n<p>Kurtulmu\u015f&#8217;un konu\u015fmas\u0131n\u0131n ard\u0131ndan Genel Kurulda Cumhurba\u015fkan\u0131 Yard\u0131mc\u0131s\u0131 Cevdet Y\u0131lmaz, b\u00fct\u00e7eyle ilgili sunumuna ba\u015flad\u0131.<\/p>\n\n\n\n<h3 class=\"wp-block-heading\">G\u00f6r\u00fc\u015fmeler 14 g\u00fcn s\u00fcrecek<\/h3>\n\n\n\n<p>Genel Kurulda bug\u00fcn, b\u00fct\u00e7enin t\u00fcm\u00fc \u00fczerindeki g\u00f6r\u00fc\u015fmeler ger\u00e7ekle\u015ftirilecek.<\/p>\n\n\n\n<p>Aral\u0131ks\u0131z 14 g\u00fcn s\u00fcrecek b\u00fct\u00e7e g\u00f6r\u00fc\u015fmeleri, 21 Aral\u0131k Pazar g\u00fcn\u00fc sona erecek. Bakanl\u0131klar\u0131n, ba\u011fl\u0131 kurum ve kurulu\u015flar\u0131n b\u00fct\u00e7e ve kesin hesaplar\u0131 \u00fczerindeki m\u00fczakereler 9 turda ele al\u0131nacak.<\/p>\n\n\n\n<p>Genel Kurul&#8217;daki g\u00f6r\u00fc\u015fmelere, CHP Genel Ba\u015fkan\u0131 \u00d6zg\u00fcr \u00d6zel, AK Parti Genel Ba\u015fkanvekili Efkan Ala, AK Parti Grup Ba\u015fkan\u0131 Abdullah G\u00fcler, MHP Genel Ba\u015fkan\u0131 Devlet Bah\u00e7eli, DEM Parti E\u015f Genel Ba\u015fkanlar\u0131 T\u00fclay Hatimo\u011fullar\u0131 ve Tuncer Bak\u0131rhan, \u0130Y\u0130 Parti Genel Ba\u015fkan\u0131 M\u00fcsavat Dervi\u015fo\u011flu, Saadet Partisi Genel Ba\u015fkan\u0131 Mahmut Ar\u0131kan ve DSP Genel Ba\u015fkan\u0131 \u00d6nder Aksakal kat\u0131ld\u0131.<\/p>\n\n\n\n<p>Genel Kuruldaki b\u00fct\u00e7e g\u00f6r\u00fc\u015fmeleri \u00f6ncesi Cumhurba\u015fkan\u0131 Yard\u0131mc\u0131s\u0131 Y\u0131lmaz, AK Parti Genel Ba\u015fkanvekili Ala ve Grup Ba\u015fkan\u0131 Abdullah G\u00fcler, salondaki parti liderleri ve grup ba\u015fkanlar\u0131yla tek tek selamla\u015ft\u0131.<\/p>\n\n\n\n<p>CHP Genel Ba\u015fkan\u0131 \u00d6zel de parti liderleri, grup ba\u015fkanlar\u0131 ve grup ba\u015fkanvekilleriyle tokala\u015ft\u0131.<\/p>\n\n\n\n<p>DEM Parti E\u015f Genel Ba\u015fkanlar\u0131 Hatimo\u011fullar\u0131 ve Bak\u0131rhan, MHP Genel Ba\u015fkan\u0131 Bah\u00e7eli&#8217;nin yan\u0131na giderek tokala\u015ft\u0131.<\/p>\n\n\n\n<p>Kaynak: AA<\/p>\n","protected":false},"excerpt":{"rendered":"<p>TBMM Ba\u015fkan\u0131 Numan Kurtulmu\u015f, &#8220;&#8216;Ter\u00f6rs\u00fcz T\u00fcrkiye&#8217;, sadece T\u00fcrkiye B\u00fcy\u00fck Millet Meclisi&#8217;nde olu\u015fturdu\u011fumuz Milli Dayan\u0131\u015fma, Karde\u015flik ve Demokrasi Komisyonu&#8217;nun g\u00f6rev alan\u0131nda de\u011fildir, bu bir devlet projesidir.&#8221; dedi. TBMM Ba\u015fkan\u0131 Numan Kurtulmu\u015f, &#8220;&#8216;Ter\u00f6rs\u00fcz T\u00fcrkiye&#8217;, sadece T\u00fcrkiye B\u00fcy\u00fck Millet Meclisi&#8217;nde olu\u015fturdu\u011fumuz Milli Dayan\u0131\u015fma, Karde\u015flik ve Demokrasi Komisyonu&#8217;nun g\u00f6rev alan\u0131nda de\u011fildir, bu bir devlet projesidir. Devletin b\u00fct\u00fcn ilgili kurumlar\u0131, [&hellip;]<\/p>\n","protected":false},"author":1,"featured_media":7415,"comment_status":"open","ping_status":"open","sticky":false,"template":"","format":"standard","meta":{"footnotes":""},"categories":[1],"tags":[2205,975,2312,712],"class_list":["post-7414","post","type-post","status-publish","format-standard","has-post-thumbnail","hentry","category-gundem","tag-numan-kurtulmus","tag-tbmm","tag-terorsuz-turkiye","tag-trabzon-manset"],"_links":{"self":[{"href":"https:\/\/www.trabzonmanset.com\/index.php\/wp-json\/wp\/v2\/posts\/7414","targetHints":{"allow":["GET"]}}],"collection":[{"href":"https:\/\/www.trabzonmanset.com\/index.php\/wp-json\/wp\/v2\/posts"}],"about":[{"href":"https:\/\/www.trabzonmanset.com\/index.php\/wp-json\/wp\/v2\/types\/post"}],"author":[{"embeddable":true,"href":"https:\/\/www.trabzonmanset.com\/index.php\/wp-json\/wp\/v2\/users\/1"}],"replies":[{"embeddable":true,"href":"https:\/\/www.trabzonmanset.com\/index.php\/wp-json\/wp\/v2\/comments?post=7414"}],"version-history":[{"count":1,"href":"https:\/\/www.trabzonmanset.com\/index.php\/wp-json\/wp\/v2\/posts\/7414\/revisions"}],"predecessor-version":[{"id":7416,"href":"https:\/\/www.trabzonmanset.com\/index.php\/wp-json\/wp\/v2\/posts\/7414\/revisions\/7416"}],"wp:featuredmedia":[{"embeddable":true,"href":"https:\/\/www.trabzonmanset.com\/index.php\/wp-json\/wp\/v2\/media\/7415"}],"wp:attachment":[{"href":"https:\/\/www.trabzonmanset.com\/index.php\/wp-json\/wp\/v2\/media?parent=7414"}],"wp:term":[{"taxonomy":"category","embeddable":true,"href":"https:\/\/www.trabzonmanset.com\/index.php\/wp-json\/wp\/v2\/categories?post=7414"},{"taxonomy":"post_tag","embeddable":true,"href":"https:\/\/www.trabzonmanset.com\/index.php\/wp-json\/wp\/v2\/tags?post=7414"}],"curies":[{"name":"wp","href":"https:\/\/api.w.org\/{rel}","templated":true}]}}