{"id":7410,"date":"2025-12-08T20:20:00","date_gmt":"2025-12-08T17:20:00","guid":{"rendered":"https:\/\/www.trabzonmanset.com\/?p=7410"},"modified":"2025-12-08T21:02:48","modified_gmt":"2025-12-08T18:02:48","slug":"galatasaray-uefa-sampiyonlar-liginde-yarin-monacoya-konuk-olacak","status":"publish","type":"post","link":"https:\/\/www.trabzonmanset.com\/index.php\/2025\/12\/08\/galatasaray-uefa-sampiyonlar-liginde-yarin-monacoya-konuk-olacak\/","title":{"rendered":"Galatasaray, UEFA \u015eampiyonlar Ligi&#8217;nde yar\u0131n Monaco&#8217;ya konuk olacak"},"content":{"rendered":"\n<p>Galatasaray Futbol Tak\u0131m\u0131, UEFA \u015eampiyonlar Ligi&#8217;nin alt\u0131nc\u0131 haftas\u0131nda yar\u0131n deplasmanda Fransa Ligi temsilcisi Monaco ile kar\u015f\u0131la\u015facak.<\/p>\n\n\n\n<p>Fransa s\u0131n\u0131rlar\u0131ndaki \u00f6zerk Monako Prensli\u011fi&#8217;ndeki II. Louis Stad\u0131&#8217;nda yap\u0131lacak m\u00fcsabaka, TS\u0130 23.00&#8217;te ba\u015flayacak. Kar\u015f\u0131la\u015fmada Hollanda Futbol Federasyonundan hakem Danny Makkelie d\u00fcd\u00fck \u00e7alacak. Makkelie&#8217;nin yard\u0131mc\u0131l\u0131klar\u0131n\u0131 Hessel Steegstra ile Jan de Vries \u00fcstlenecek.<\/p>\n\n\n\n<p>D\u00f6rd\u00fcnc\u00fc hakemli\u011fini Allard Lindhout&#8217;un yapaca\u011f\u0131 m\u00fccadelenin Video Yard\u0131mc\u0131 Hakemi (VAR) ise Bel\u00e7ika&#8217;dan Bram Van Driessche olacak.<\/p>\n\n\n\n<p>M\u00fccadele, TRT 1 ve Tabii platformundan yay\u0131mlanacak.<\/p>\n\n\n\n<figure class=\"wp-block-image size-full\"><img loading=\"lazy\" decoding=\"async\" width=\"750\" height=\"1000\" src=\"https:\/\/www.trabzonmanset.com\/wp-content\/uploads\/2025\/12\/07_10_01_AA-39920719.jpg?wsr\" alt=\"\" class=\"wp-image-7411\" srcset=\"https:\/\/www.trabzonmanset.com\/wp-content\/uploads\/2025\/12\/07_10_01_AA-39920719.jpg 750w, https:\/\/www.trabzonmanset.com\/wp-content\/uploads\/2025\/12\/07_10_01_AA-39920719-225x300.jpg 225w\" sizes=\"auto, (max-width: 750px) 100vw, 750px\" \/><\/figure>\n\n\n\n<h3 class=\"wp-block-heading\">Sar\u0131-k\u0131rm\u0131z\u0131l\u0131lar, be\u015finci haftay\u0131 9 puanla kapatt\u0131<\/h3>\n\n\n\n<p>Galatasaray, UEFA \u015eampiyonlar Ligi&#8217;nde alt\u0131nc\u0131 haftaya 9 puanla 14. s\u0131rada girdi.<\/p>\n\n\n\n<p>Sar\u0131-k\u0131rm\u0131z\u0131l\u0131 ekip, deplasmanda 5-1&#8217;lik Eintracht Frankfurt ma\u011flubiyetiyle ba\u015flad\u0131\u011f\u0131 &#8220;Devler Ligi&#8221; ser\u00fcveninde s\u0131ras\u0131yla sahas\u0131nda Liverpool&#8217;u 1-0, Bodo\/Glimt&#8217;i 3-1, deplasmanda Ajax&#8217;\u0131 3-0 yendi. Sakatl\u0131klar ve cezal\u0131 oyuncular\u0131 nedeniyle s\u0131k\u0131nt\u0131l\u0131 bir s\u00fcre\u00e7 ya\u015fayan Galatasaray, be\u015finci hafta ma\u00e7\u0131nda konuk etti\u011fi Union Saint-Gilloise&#8217;a 1-0 ma\u011flup oldu.<\/p>\n\n\n\n<p>Yapt\u0131\u011f\u0131 5 ma\u00e7ta 3 galibiyet, 2 yenilgiyle 9 puan toplayan &#8220;Cimbom&#8221; ilk 8 hedefindeki iddias\u0131n\u0131 s\u00fcrd\u00fcrd\u00fc. Haftaya 14. s\u0131rada giren Galatasaray, Fransa Ligi temsilcisini ma\u011flup ederek iddias\u0131n\u0131 g\u00fc\u00e7lendirmeye \u00e7al\u0131\u015facak.<\/p>\n\n\n\n<h3 class=\"wp-block-heading\">Galatasaray&#8217;da kritik eksikler<\/h3>\n\n\n\n<p>Sar\u0131-k\u0131rm\u0131z\u0131l\u0131 tak\u0131mda 7 futbolcu yar\u0131nki kar\u015f\u0131la\u015fmada forma giyemeyecek.<\/p>\n\n\n\n<p>Galatasaray&#8217;da sakatl\u0131klar\u0131 bulunan Wilfried Singo, Ismail Jakobs ve Kaan Ayhan, Union Saint-Gilloise m\u00fcsabakas\u0131nda k\u0131rm\u0131z\u0131 kart g\u00f6ren Arda \u00dcnyay ile T\u00fcrkiye&#8217;deki bahis soru\u015fturmas\u0131 kapsam\u0131nda ceza verilen Eren Elmal\u0131 ile Metehan Baltac\u0131, yar\u0131nki m\u00fccadelede forma giyemeyecek. UEFA listesinde yer almayan Kaz\u0131mcan Karata\u015f da Monaco&#8217;ya kar\u015f\u0131 m\u00fccadele edemeyecek.<\/p>\n\n\n\n<p>Trendyol S\u00fcper Lig&#8217;in 15. haftas\u0131ndaki Samsunspor m\u00fccadelesinde sakatlanan Mario Lemina&#8217;n\u0131n durumu ise bug\u00fcn yap\u0131lacak antrenmandan sonra netle\u015fecek.<\/p>\n\n\n\n<p>Monaco&#8217;da ise sakatl\u0131klar\u0131 bulunan Ansu Fati, George Ilenikhena, Folarin Balogun, Denis Zakaria, Christian Mawissa ve Eric Dier&#8217;\u0131n durumlar\u0131 ma\u00e7 saatinde belli olacak. Bu sezon resmi ma\u00e7larda alt\u0131\u015far gol\u00fc olan Fati ile Balogun ile iki\u015fer kez fileleri havaland\u0131ran Ilenikhena ve Dier&#8217;in forma giyememesi Galatasaray savunmas\u0131n\u0131 bir nebze de olsa rahatlatacak.<\/p>\n\n\n\n<h3 class=\"wp-block-heading\">Okan Buruk&#8217;un sol bek sorunu<\/h3>\n\n\n\n<p>Galatasaray&#8217;da yar\u0131nki kar\u015f\u0131la\u015fmada sol bekte hangi futbolcunun g\u00f6rev yapaca\u011f\u0131 hen\u00fcz netlik kazanmad\u0131.<\/p>\n\n\n\n<p>Sar\u0131-k\u0131rm\u0131z\u0131l\u0131 ekibin kadrosunda bulunan sol bekler Ismail Jakobs sakatl\u0131\u011f\u0131, Eren Elmal\u0131 cezas\u0131, Kaz\u0131mcan Karata\u015f ise stat\u00fc gere\u011fi yar\u0131nki kar\u015f\u0131la\u015fmada s\u00fcre alamayacak. Bu oyuncular\u0131n yoklu\u011funda teknik direkt\u00f6r Okan Buruk&#8217;un sol bekte hangi futbolcuyu g\u00f6revlendirece\u011fi son antrenman\u0131n ard\u0131ndan belli olacak.<\/p>\n\n\n\n<p>Savunma b\u00f6lgesinde \u00f6nemli eksikleri bulunan Buruk&#8217;un elinde sol bek i\u00e7in fazla se\u00e7ene\u011fi bulunmuyor. Tecr\u00fcbeli teknik adam\u0131n stoper tandemindeki Davinson Sanchez-Abd\u00fclkerim Bardakc\u0131 ikilisini bozmamas\u0131 durumunda sol bekte Berkan Kutlu ya da Bar\u0131\u015f Alper Y\u0131lmaz&#8217;a g\u00f6rev vermesi bekleniyor.<\/p>\n\n\n\n<p>Okan Buruk, son 2 S\u00fcper Lig ma\u00e7\u0131nda oldu\u011fu gibi Mario Lemina&#8217;y\u0131 stoper oynat\u0131p Sanchez&#8217;i sa\u011f beke \u00e7ekmesi durumunda elindeki tek sa\u011f bek olan Roland Sallai&#8217;yi de sol bekte g\u00f6revlendirebilir.<\/p>\n\n\n\n<h3 class=\"wp-block-heading\">Osimhen, gol serisini s\u00fcrd\u00fcrmeye \u00e7al\u0131\u015facak<\/h3>\n\n\n\n<p>Avrupa kupalar\u0131nda \u00e7\u0131kt\u0131\u011f\u0131 son 8 ma\u00e7\u0131n tamam\u0131nda fileleri havaland\u0131ran Nijeryal\u0131 y\u0131ld\u0131z Victor Osimhen, gol serisini uzatmaya \u00e7al\u0131\u015facak.<\/p>\n\n\n\n<p>Galatasaray formas\u0131yla ge\u00e7en sezon UEFA Avrupa Ligi&#8217;nde forma giydi\u011fi son 5 ma\u00e7ta da fileleri havaland\u0131ran Osimhen, 6 kez gol sevinci ya\u015fad\u0131. \u0130yi performans\u0131n\u0131 bu sezona da yans\u0131tan 26 ya\u015f\u0131ndaki santrfor, bu sezon ise UEFA \u015eampiyonlar Ligi&#8217;nde s\u00fcre ald\u0131\u011f\u0131 3 ma\u00e7ta da skor katk\u0131s\u0131 verdi.<\/p>\n\n\n\n<p>Bu sezon &#8220;Devler Ligi&#8221;nde 6 gol\u00fc bulunan Victor Osimhen, 8 ma\u00e7l\u0131k seride toplamda 12 kez rakip fileleri sarst\u0131.<\/p>\n\n\n\n<h3 class=\"wp-block-heading\">Sane&#8217;nin performans\u0131 y\u00fckseliyor<\/h3>\n\n\n\n<p>Galatasaray&#8217;\u0131n Alman y\u0131ld\u0131z\u0131 Leroy Sane, yar\u0131n tak\u0131m\u0131n\u0131n h\u00fccumdaki en \u00f6nemli ayaklar\u0131ndan biri olacak.<\/p>\n\n\n\n<p>Bu sezon kadroya kat\u0131lan Sane, S\u00fcper Lig&#8217;de 15 ma\u00e7ta 5 kez gol sevinci ya\u015fad\u0131. Son 2 lig ma\u00e7\u0131n\u0131 bo\u015f ge\u00e7meyen 29 ya\u015f\u0131ndaki kanat oyuncusu, UEFA \u015eampiyonlar Ligi&#8217;nde ise hen\u00fcz gol katk\u0131s\u0131 vermedi.<\/p>\n\n\n\n<p>Al\u0131\u015fma s\u00fcrecini atlatan ve son haftalarda h\u00fccumdaki etkili performans\u0131yla \u00f6ne \u00e7\u0131kan Sane, Monaco kar\u015f\u0131s\u0131nda Victor Osimhen ve Bar\u0131\u015f Alper Y\u0131lmaz ile rakip kalede gol arayacak.<\/p>\n\n\n\n<h3 class=\"wp-block-heading\">Monaco, istikrarl\u0131 performans sergileyemedi<\/h3>\n\n\n\n<p>Fransa Ligi temsilcisi Monaco, bu sezon ini\u015fli \u00e7\u0131k\u0131\u015fl\u0131 bir performans sergiliyor.<\/p>\n\n\n\n<p>Bel\u00e7ikal\u0131 gen\u00e7 teknik direkt\u00f6r Sebastien Pocognoli&#8217;nin \u00e7al\u0131\u015ft\u0131rd\u0131\u011f\u0131 k\u0131rm\u0131z\u0131-beyazl\u0131 ekip, Fransa 1. Futbol Ligi&#8217;nde (Ligue 1) 15 ma\u00e7ta 7 galibiyet, 2 beraberlik ve 6 yenilgi ya\u015fad\u0131. Ligdeki son 5 ma\u00e7\u0131nda 1 galibiyet, 4 yenilgi g\u00f6ren Monaco, 25 puanla lider Lens&#8217;in 11 puan gerisinde 7. s\u0131rada yer al\u0131yor.<\/p>\n\n\n\n<p>Monaco, UEFA \u015eampiyonlar Ligi&#8217;nde de 5 m\u00fcsabakada 1 galibiyet, 3 beraberlik ve 1 yenilgi ya\u015fad\u0131. &#8220;Devler Ligi&#8221;ne Club Brugge (4-1) yenilgisiyle giren Monaco, ard\u0131ndan s\u0131ras\u0131yla Manchester City (2-2) ve Tottenham (0-0) ile berabere kald\u0131. D\u00f6rd\u00fcnc\u00fc haftada Bodo\/Glimt&#8217;i (1-0) yenen k\u0131rm\u0131z\u0131-beyazl\u0131lar, son hafta G\u00fcney K\u0131br\u0131s Rum Y\u00f6netimi tak\u0131mlar\u0131ndan Pafos (2-2) ile berabere kalarak s\u00fcrpriz bir puan kayb\u0131 ya\u015fad\u0131.<\/p>\n\n\n\n<p>K\u0131rm\u0131z\u0131-beyazl\u0131lar, toplad\u0131\u011f\u0131 6 puanla 23. s\u0131rada kendisine yer buldu.<\/p>\n\n\n\n<h3 class=\"wp-block-heading\">Jakobs ve Singo eski tak\u0131mlar\u0131na kar\u015f\u0131 oynama \u015fans\u0131 bulamayacak<\/h3>\n\n\n\n<p>Galatasaray&#8217;\u0131n Monaco&#8217;dan transfer etti\u011fi Singo ile Jakobs, sakatl\u0131klar\u0131 nedeniyle eski tak\u0131mlar\u0131na kar\u015f\u0131 m\u00fccadele edemeyecek.<\/p>\n\n\n\n<p>Ge\u00e7en sezon transfer edilen Senegalli sol bek Jakobs ile bu sezon yakla\u015f\u0131k 30 milyon avro bonservis \u00f6denerek al\u0131nan Fildi\u015fi Sahilli Singo, yar\u0131nki kar\u015f\u0131la\u015fmada al\u0131\u015f\u0131k olduklar\u0131 II. Louis Stad\u0131&#8217;n\u0131n \u00e7imlerine \u00e7\u0131kamayacak.<\/p>\n\n\n\n<h3 class=\"wp-block-heading\">II. Louis Stad\u0131&#8217;nda tarihi zafer<\/h3>\n\n\n\n<p>Galatasaray i\u00e7in Monaco&#8217;nun i\u00e7 saha ma\u00e7lar\u0131n\u0131 oynad\u0131\u011f\u0131 II. Louis Stad\u0131&#8217;n\u0131n \u00e7ok b\u00fcy\u00fck bir \u00f6nemi bulunuyor.<\/p>\n\n\n\n<p>T\u00fcrkiye&#8217;nin Avrupa kupalar\u0131ndaki en ba\u015far\u0131l\u0131 tak\u0131m\u0131 olarak dikkati \u00e7eken sar\u0131-k\u0131rm\u0131z\u0131l\u0131 ekip, 2000&#8217;de UEFA Kupas\u0131 ve UEFA S\u00fcper Kupa&#8217;y\u0131 m\u00fczesine g\u00f6t\u00fcrerek \u015fimdiye kadar tekrarlanamayan b\u00fcy\u00fck bir zafer elde etti.<\/p>\n\n\n\n<p>&#8220;Cimbom&#8221; 25 A\u011fustos 2000&#8217;de II. Louis Stad\u0131&#8217;nda yap\u0131lan UEFA S\u00fcper Kupa ma\u00e7\u0131nda \u0130spanya&#8217;n\u0131n Real Madrid tak\u0131m\u0131n\u0131 2-1 ma\u011flup etti.<\/p>\n\n\n\n<h3 class=\"wp-block-heading\">Prekazi ve Hagi&#8217;nin golleri hala haf\u0131zalarda<\/h3>\n\n\n\n<p>Galatasaray&#8217;\u0131n efsane futbolcular\u0131 Cevat Prekazi ile Gheorghe Hagi&#8217;nin ge\u00e7mi\u015fte Monaco&#8217;ya att\u0131\u011f\u0131 jeneriklik goller sar\u0131-k\u0131rm\u0131z\u0131l\u0131 kul\u00fcb\u00fcn tarihindeki \u00f6nemli anlar aras\u0131nda yer buldu.<\/p>\n\n\n\n<p>Sar\u0131-k\u0131rm\u0131z\u0131l\u0131 tak\u0131m\u0131n Kosoval\u0131 eski futbolcusu Prekazi, Monaco ile \u0130stanbul&#8217;da 15 Mart 1989&#8217;da yap\u0131lan UEFA \u015eampiyonlar Ligi m\u00fcsabakas\u0131nda yakla\u015f\u0131k 40 metre uzakl\u0131ktan att\u0131\u011f\u0131 frikik gol\u00fcyle ak\u0131llara kaz\u0131nd\u0131.<\/p>\n\n\n\n<p>Kul\u00fcp tarihinin en \u00f6nemli yabanc\u0131 oyuncular\u0131 aras\u0131nda yer alan Rumen on numara Hagi ise Monaco ile 12 Eyl\u00fcl 2000&#8217;de \u0130stanbul&#8217;da yap\u0131lan UEFA \u015eampiyonlar Ligi ma\u00e7\u0131nda yakla\u015f\u0131k 40 metreden \u015f\u0131k bir gol att\u0131. Galatasaray s\u00f6z konusu m\u00fccadeleyi 3-2 kazan\u0131rken Hagi&#8217;nin gol\u00fc y\u0131llar ge\u00e7mesine ra\u011fmen unutulmad\u0131.<\/p>\n","protected":false},"excerpt":{"rendered":"<p>Galatasaray Futbol Tak\u0131m\u0131, UEFA \u015eampiyonlar Ligi&#8217;nin alt\u0131nc\u0131 haftas\u0131nda yar\u0131n deplasmanda Fransa Ligi temsilcisi Monaco ile kar\u015f\u0131la\u015facak. Fransa s\u0131n\u0131rlar\u0131ndaki \u00f6zerk Monako Prensli\u011fi&#8217;ndeki II. Louis Stad\u0131&#8217;nda yap\u0131lacak m\u00fcsabaka, TS\u0130 23.00&#8217;te ba\u015flayacak. Kar\u015f\u0131la\u015fmada Hollanda Futbol Federasyonundan hakem Danny Makkelie d\u00fcd\u00fck \u00e7alacak. Makkelie&#8217;nin yard\u0131mc\u0131l\u0131klar\u0131n\u0131 Hessel Steegstra ile Jan de Vries \u00fcstlenecek. D\u00f6rd\u00fcnc\u00fc hakemli\u011fini Allard Lindhout&#8217;un yapaca\u011f\u0131 m\u00fccadelenin Video Yard\u0131mc\u0131 [&hellip;]<\/p>\n","protected":false},"author":1,"featured_media":7412,"comment_status":"open","ping_status":"open","sticky":false,"template":"","format":"standard","meta":{"footnotes":""},"categories":[14],"tags":[2712,2708,451,2710,2711,2495,2709,1078],"class_list":["post-7410","post","type-post","status-publish","format-standard","has-post-thumbnail","hentry","category-spor","tag-allard-lindhout","tag-danny-makkelie","tag-galatasaray","tag-hessel-steegstra","tag-jan-de-vries","tag-monaco","tag-tsi","tag-uefa-sampiyonlar-ligi"],"_links":{"self":[{"href":"https:\/\/www.trabzonmanset.com\/index.php\/wp-json\/wp\/v2\/posts\/7410","targetHints":{"allow":["GET"]}}],"collection":[{"href":"https:\/\/www.trabzonmanset.com\/index.php\/wp-json\/wp\/v2\/posts"}],"about":[{"href":"https:\/\/www.trabzonmanset.com\/index.php\/wp-json\/wp\/v2\/types\/post"}],"author":[{"embeddable":true,"href":"https:\/\/www.trabzonmanset.com\/index.php\/wp-json\/wp\/v2\/users\/1"}],"replies":[{"embeddable":true,"href":"https:\/\/www.trabzonmanset.com\/index.php\/wp-json\/wp\/v2\/comments?post=7410"}],"version-history":[{"count":1,"href":"https:\/\/www.trabzonmanset.com\/index.php\/wp-json\/wp\/v2\/posts\/7410\/revisions"}],"predecessor-version":[{"id":7413,"href":"https:\/\/www.trabzonmanset.com\/index.php\/wp-json\/wp\/v2\/posts\/7410\/revisions\/7413"}],"wp:featuredmedia":[{"embeddable":true,"href":"https:\/\/www.trabzonmanset.com\/index.php\/wp-json\/wp\/v2\/media\/7412"}],"wp:attachment":[{"href":"https:\/\/www.trabzonmanset.com\/index.php\/wp-json\/wp\/v2\/media?parent=7410"}],"wp:term":[{"taxonomy":"category","embeddable":true,"href":"https:\/\/www.trabzonmanset.com\/index.php\/wp-json\/wp\/v2\/categories?post=7410"},{"taxonomy":"post_tag","embeddable":true,"href":"https:\/\/www.trabzonmanset.com\/index.php\/wp-json\/wp\/v2\/tags?post=7410"}],"curies":[{"name":"wp","href":"https:\/\/api.w.org\/{rel}","templated":true}]}}