{"id":7404,"date":"2025-12-08T20:00:00","date_gmt":"2025-12-08T17:00:00","guid":{"rendered":"https:\/\/www.trabzonmanset.com\/?p=7404"},"modified":"2025-12-08T20:57:12","modified_gmt":"2025-12-08T17:57:12","slug":"cumhurbaskani-erdogan-sayin-orbanla-belirledigimiz-6-milyar-dolar-ticaret-hacmi-hedefimize-ulasmak-uzereyiz","status":"publish","type":"post","link":"https:\/\/www.trabzonmanset.com\/index.php\/2025\/12\/08\/cumhurbaskani-erdogan-sayin-orbanla-belirledigimiz-6-milyar-dolar-ticaret-hacmi-hedefimize-ulasmak-uzereyiz\/","title":{"rendered":"Cumhurba\u015fkan\u0131 Erdo\u011fan: Say\u0131n Orban&#8217;la belirledi\u011fimiz 6 milyar dolar ticaret hacmi hedefimize ula\u015fmak \u00fczereyiz"},"content":{"rendered":"\n<p>Cumhurba\u015fkan\u0131 Recep Tayyip Erdo\u011fan, Macaristan Ba\u015fbakan\u0131 Viktor Orban ile belirledikleri 6 milyar dolar ticaret hacmi hedeflerine ula\u015fmak \u00fczere olduklar\u0131n\u0131 belirterek, &#8220;Hacim hedefimizi 10 milyar dolar olarak g\u00fcncellemeyi g\u00f6r\u00fc\u015ft\u00fck.&#8221; dedi.<\/p>\n\n\n\n<p>Cumhurba\u015fkan\u0131 Erdo\u011fan, Macaristan Ba\u015fbakan\u0131 Orban&#8217;\u0131 kabul\u00fc sonras\u0131 Dolmabah\u00e7e Saray\u0131&#8217;nda d\u00fczenlenen ortak bas\u0131n toplant\u0131s\u0131nda, T\u00fcrkiye ile Macaristan aras\u0131ndaki Y\u00fcksek D\u00fczeyli Stratejik \u0130\u015fbirli\u011fi Konseyi&#8217;nin 7&#8217;nci toplant\u0131s\u0131 vesilesiyle Viktor Orban&#8217;\u0131 ve heyetini \u0130stanbul&#8217;da misafir etmekten duydu\u011fu memnuniyeti dile getirdi.<\/p>\n\n\n\n<p>Viktor Orban&#8217;\u0131n Aral\u0131k 2013&#8217;te T\u00fcrkiye&#8217;yi ziyareti s\u0131ras\u0131nda tesisine karar verilen konseyin aradan ge\u00e7en s\u00fcre zarf\u0131nda m\u00fcnasebetlerin geli\u015fmesine \u00f6nemli katk\u0131lar\u0131 oldu\u011funu dile getiren Erdo\u011fan, 2 y\u0131l \u00f6nce Budape\u015fte&#8217;de d\u00fczenlenen 6&#8217;nc\u0131 konsey toplant\u0131s\u0131nda ili\u015fkilerin geli\u015ftirilerek stratejik ortakl\u0131k d\u00fczeyine \u00e7\u0131kar\u0131ld\u0131\u011f\u0131n\u0131 an\u0131msatt\u0131.<\/p>\n\n\n\n<p>Erdo\u011fan, son y\u0131llarda Orban ile gerek ikili ziyaretler gerek T\u00fcrk d\u00fcnyas\u0131 te\u015fkilat\u0131 ve di\u011fer uluslararas\u0131 platformlarda bir\u00e7ok g\u00f6r\u00fc\u015fmeleri oldu\u011funu ifade ederek, &#8220;Ge\u00e7ti\u011fimiz nisan ay\u0131nda 4&#8217;\u00fcnc\u00fc Antalya Diplomasi Forumu&#8217;nda ve akabinde Macaristan&#8217;\u0131n ev sahipli\u011finde Budape\u015fte&#8217;de d\u00fczenlenen T\u00fcrk Devletleri Te\u015fkilat\u0131 Gayriresmi Zirvesi marj\u0131nda Say\u0131n Orban&#8217;la bir araya gelmi\u015ftim. Dostluk anla\u015fmas\u0131n\u0131n 100&#8217;\u00fcnc\u00fc y\u0131l d\u00f6n\u00fcm\u00fc m\u00fcnasebetiyle ilan etti\u011fimiz k\u00fclt\u00fcr y\u0131l\u0131 kapan\u0131\u015f etkinli\u011fini de ge\u00e7en y\u0131l aral\u0131k ay\u0131nda Cumhurba\u015fkan\u0131 Say\u0131n Sulyok ve Say\u0131n Orban&#8217;la birlikte yapm\u0131\u015ft\u0131k.&#8221; diye konu\u015ftu.<\/p>\n\n\n\n<p>Bug\u00fcnk\u00fc g\u00f6r\u00fc\u015fmelerde ikili ili\u015fkileri g\u00f6zden ge\u00e7irmekle kalmay\u0131p enerji, ula\u015ft\u0131rma, ticaret, savunma ve k\u00fclt\u00fcr gibi alanlarda i\u015fbirli\u011fini daha da geli\u015ftirme iradesini teyit ettiklerine dikkati \u00e7eken Erdo\u011fan, \u015f\u00f6yle devam etti:<\/p>\n\n\n\n<p>&#8220;Havac\u0131l\u0131ktan g\u00fcvenli\u011fe, teknolojiden k\u00fclt\u00fcr ve e\u011fitime m\u00fcnasebetlerimizin ahdi zemini g\u00fc\u00e7lendirecek muhtelif belgelerin imzas\u0131n\u0131 ger\u00e7ekle\u015ftirdik. D\u0131\u015fi\u015fleri ve Savunma Bakanlar\u0131m\u0131z ile istihbarat ve savunma sanayi ba\u015fkanlar\u0131m\u0131z evvelce tesisinde mutab\u0131k kald\u0131\u011f\u0131m\u0131z ortak isti\u015fare mekanizmas\u0131n\u0131n ilk toplant\u0131s\u0131n\u0131 yapt\u0131lar. Bug\u00fcn ayr\u0131ca ikili ve k\u00fcresel meselelerin \u00e7ok daha kurumsal bir \u015fekilde ele al\u0131nmas\u0131na imkan verecek ortak planlama grubunun D\u0131\u015fi\u015fleri Bakanlar\u0131m\u0131z\u0131n ba\u015fkanl\u0131\u011f\u0131nda kurulmas\u0131n\u0131 kararla\u015ft\u0131rd\u0131k.&#8221;<\/p>\n\n\n\n<figure class=\"wp-block-image size-full\"><img loading=\"lazy\" decoding=\"async\" width=\"750\" height=\"548\" src=\"https:\/\/www.trabzonmanset.com\/wp-content\/uploads\/2025\/12\/007_2025_01_Aralik_29_Aralik_14_AA-39926525.jpg?wsr\" alt=\"\" class=\"wp-image-7405\" srcset=\"https:\/\/www.trabzonmanset.com\/wp-content\/uploads\/2025\/12\/007_2025_01_Aralik_29_Aralik_14_AA-39926525.jpg 750w, https:\/\/www.trabzonmanset.com\/wp-content\/uploads\/2025\/12\/007_2025_01_Aralik_29_Aralik_14_AA-39926525-300x219.jpg 300w\" sizes=\"auto, (max-width: 750px) 100vw, 750px\" \/><\/figure>\n\n\n\n<h3 class=\"wp-block-heading\">&#8220;Savunma sanayi i\u015fbirli\u011fimizi daha da ileri seviyelere ta\u015f\u0131yacak ortak \u00fcretimi \u00f6ng\u00f6ren projeleri de\u011ferlendiriyoruz&#8221;<\/h3>\n\n\n\n<p>Erdo\u011fan, her iki mekanizmay\u0131 ili\u015fkilerinin ula\u015ft\u0131\u011f\u0131 seviyeyi g\u00f6stermesi bak\u0131m\u0131ndan anlaml\u0131 buldu\u011funu, bu isti\u015fare formatlar\u0131n\u0131n i\u015fbirli\u011finin g\u00fc\u00e7lendirilmesine ilave katk\u0131larda bulunaca\u011f\u0131na inand\u0131\u011f\u0131n\u0131 dile getirdi.<\/p>\n\n\n\n<p>Siyasi ili\u015fkilerde eri\u015filen bu m\u00fcstesna d\u00fczeyin ekonomi alan\u0131na yans\u0131malar\u0131n\u0131 da g\u00f6rd\u00fcklerini aktaran Erdo\u011fan, \u015f\u00f6yle konu\u015ftu:<\/p>\n\n\n\n<p>&#8220;Say\u0131n Orban&#8217;la belirledi\u011fimiz 6 milyar dolar ticaret hacmi hedefimize ula\u015fmak \u00fczereyiz. Aram\u0131zdaki g\u00fc\u00e7l\u00fc ticaret potansiyeli dikkate al\u0131narak hacim hedefimizi 10 milyar dolar olarak g\u00fcncellemeyi g\u00f6r\u00fc\u015ft\u00fck. Mevcut ekonomi ve ticaret mekanizmalar\u0131n\u0131n en verimli \u015fekilde i\u015fletilmesinde mutab\u0131k kald\u0131k. Pek tabii savunma sanayi alan\u0131nda somut projeler \u00fczerinden ilerletti\u011fimiz ortakl\u0131klar\u0131m\u0131z\u0131n ticaret ve yat\u0131r\u0131mlara m\u00fcspet etkilerini de g\u00f6r\u00fcyoruz. Avrupa&#8217;da de\u011fi\u015fen g\u00fcvenlik ko\u015fullar\u0131 dikkate al\u0131nd\u0131\u011f\u0131nda savunma sanayi i\u015fbirli\u011fimizi daha da ileri seviyelere ta\u015f\u0131yacak ortak \u00fcretimi de \u00f6ng\u00f6ren projeleri de\u011ferlendiriyoruz.&#8221;<\/p>\n\n\n\n<figure class=\"wp-block-image size-full\"><img loading=\"lazy\" decoding=\"async\" width=\"750\" height=\"500\" src=\"https:\/\/www.trabzonmanset.com\/wp-content\/uploads\/2025\/12\/007_2025_01_Aralik_29_Aralik_14_AA-39926085.jpg?wsr\" alt=\"\" class=\"wp-image-7406\" srcset=\"https:\/\/www.trabzonmanset.com\/wp-content\/uploads\/2025\/12\/007_2025_01_Aralik_29_Aralik_14_AA-39926085.jpg 750w, https:\/\/www.trabzonmanset.com\/wp-content\/uploads\/2025\/12\/007_2025_01_Aralik_29_Aralik_14_AA-39926085-300x200.jpg 300w\" sizes=\"auto, (max-width: 750px) 100vw, 750px\" \/><\/figure>\n\n\n\n<p>Erdo\u011fan, stratejik \u00f6nemde g\u00f6rd\u00fckleri enerji ve ula\u015ft\u0131rman\u0131n da aralar\u0131nda \u00f6ne \u00e7\u0131kan konulardan oldu\u011funu kaydetti.<\/p>\n\n\n\n<p>Cumhurba\u015fkan\u0131 Erdo\u011fan, &#8220;T\u00fcrkiye-Macaristan Bilim ve \u0130novasyon Y\u0131l\u0131 olarak ilan etti\u011fimiz 2025 senesi boyunca ara\u015ft\u0131rma geli\u015ftirmeden dijitalle\u015fmeye, yapay zekadan giri\u015fimcili\u011fe kadar 28 ortak eylemi hayata ge\u00e7irdik. Belirlenen m\u00fc\u015fterek projelere kaynak aktard\u0131k. Bug\u00fcnk\u00fc g\u00f6r\u00fc\u015fmelerimizde Orta Do\u011fu ve Ukrayna&#8217;daki geli\u015fmeler dahil olmak \u00fczere g\u00fcncel, b\u00f6lgesel ve k\u00fcresel meseleleri de ele ald\u0131k. Bu noktada Macaristan&#8217;\u0131n T\u00fcrk d\u00fcnyas\u0131 te\u015fkilat\u0131m\u0131z\u0131n \u00e7al\u0131\u015fmalar\u0131na yapt\u0131\u011f\u0131 katk\u0131lardan duydu\u011fum memnuniyeti ifade etmek istiyorum.&#8221; \u015feklinde konu\u015ftu.<\/p>\n\n\n\n<figure class=\"wp-block-image size-full\"><img loading=\"lazy\" decoding=\"async\" width=\"750\" height=\"500\" src=\"https:\/\/www.trabzonmanset.com\/wp-content\/uploads\/2025\/12\/007_2025_01_Aralik_29_Aralik_14_AA-39926490.jpg?wsr\" alt=\"\" class=\"wp-image-7407\" srcset=\"https:\/\/www.trabzonmanset.com\/wp-content\/uploads\/2025\/12\/007_2025_01_Aralik_29_Aralik_14_AA-39926490.jpg 750w, https:\/\/www.trabzonmanset.com\/wp-content\/uploads\/2025\/12\/007_2025_01_Aralik_29_Aralik_14_AA-39926490-300x200.jpg 300w\" sizes=\"auto, (max-width: 750px) 100vw, 750px\" \/><\/figure>\n\n\n\n<p>Cumhurba\u015fkan\u0131 Erdo\u011fan, ge\u00e7en may\u0131s ay\u0131nda Macaristan&#8217;\u0131n ev sahipli\u011finde ger\u00e7ekle\u015fen gayriresmi zirvenin, Avrupa Birli\u011fi s\u0131n\u0131rlar\u0131 dahilinde yap\u0131lan ilk T\u00fcrk d\u00fcnyas\u0131 zirvesi olmas\u0131 nedeniyle tarihi bir toplant\u0131 oldu\u011funu vurgulayarak, \u015f\u00f6yle devam etti:<\/p>\n\n\n\n<p>&#8220;Stratejik hedefimiz olan Avrupa Birli\u011fi&#8217;ne tam \u00fcyelik s\u00fcrecinde Macaristan&#8217;\u0131n yap\u0131c\u0131 katk\u0131lar\u0131n\u0131 ve g\u00fc\u00e7l\u00fc deste\u011fini s\u00fcrd\u00fcrece\u011fine eminiz. Ukrayna konusunda T\u00fcrkiye olarak sava\u015f\u0131n en ba\u015f\u0131ndan bu yana taraflar aras\u0131nda adil ve kal\u0131c\u0131 bar\u0131\u015f\u0131n tesisi i\u00e7in diplomasinin t\u00fcm imkanlar\u0131n\u0131 seferber ediyoruz. Bu \u00e7er\u00e7evedeki gayretlerimiz t\u00fcm d\u00fcnya kamuoyunun malumudur. Bundan sonra da sava\u015f\u0131n kazanan\u0131, adil bir bar\u0131\u015f\u0131n kaybedeni olmaz \u015fiar\u0131yla elden gelen gayreti g\u00f6sterece\u011fiz. Konsey toplant\u0131m\u0131z\u0131n, ili\u015fkilerimizin ve halklar\u0131m\u0131z aras\u0131ndaki k\u00f6kl\u00fc dostluk ba\u011flar\u0131n\u0131n daha da g\u00fc\u00e7lendirilmesine katk\u0131da bulunaca\u011f\u0131na samimiyetle inan\u0131yorum.&#8221;<\/p>\n\n\n\n<p>Erdo\u011fan, konu\u015fmas\u0131n\u0131 dost ve Macar halk\u0131na selamlar\u0131n\u0131 g\u00f6ndererek tamamlad\u0131.<\/p>\n\n\n\n<h3 class=\"wp-block-heading\">Macaristan Ba\u015fbakan\u0131 Orban: &#8220;Cumhurba\u015fkan\u0131 Erdo\u011fan dedi ki &#8216;Ba\u015fka bir d\u00fcnya olacak ve T\u00fcrk d\u00fcnyas\u0131 \u00e7ok b\u00fcy\u00fck bir enerji toplayacak'&#8221;<\/h3>\n\n\n\n<p>Son y\u00fczy\u0131lda Macaristan&#8217;\u0131n T\u00fcrk d\u00fcnyas\u0131yla ili\u015fkisinin zay\u0131flad\u0131\u011f\u0131n\u0131 aktaran Orban, &#8220;2010&#8217;dan sonra Say\u0131n Cumhurba\u015fkan\u0131 Erdo\u011fan bu tarihi pencereyi a\u00e7t\u0131 ve dedi ki &#8216;Yeni zamanlar ba\u015fl\u0131yor. Ba\u015fka bir d\u00fcnya olacak ve T\u00fcrk d\u00fcnyas\u0131 \u00e7ok b\u00fcy\u00fck bir enerji toplayacak.&#8217; B\u00fcy\u00fck bir plan\u0131 oldu\u011funu g\u00f6rd\u00fcm, T\u00fcrk y\u00fczy\u0131l\u0131 diye adland\u0131r\u0131lan.&#8221; ifadelerini kulland\u0131.<\/p>\n\n\n\n<p>Orban, Cumhurba\u015fkan\u0131 Erdo\u011fan&#8217;\u0131n Macaristan&#8217;\u0131 g\u00f6zlemci \u00fcye olarak T\u00fcrk Devletleri Te\u015fkilat\u0131na (TDT) davet etti\u011fini an\u0131msatarak, o zamandan beri T\u00fcrk-Macar i\u015fbirli\u011fini ve T\u00fcrk d\u00fcnyas\u0131yla kar\u015f\u0131l\u0131kl\u0131 ili\u015fkileri s\u00fcrekli geli\u015ftirdiklerini belirtti.<\/p>\n\n\n\n<p>&#8220;Macaristan&#8217;\u0131 \u00e7evreleyen d\u00fcnyaya bakt\u0131\u011f\u0131mda ger\u00e7ekten \u00e7abalayan olarak T\u00fcrk d\u00fcnyas\u0131n\u0131 g\u00f6r\u00fcyorum, \u00f6ne \u00e7\u0131kan ve g\u00fc\u00e7lenen.&#8221; diyen Orban, bu f\u0131rsat\u0131 de\u011ferlendirmek istediklerini vurgulad\u0131.<\/p>\n\n\n\n<p>Orban, T\u00fcrkiye ile ili\u015fkilerin geli\u015ftirilmi\u015f stratejik i\u015fbirli\u011fi seviyesine y\u00fckseldi\u011fine dikkati \u00e7ekerek, Cumhurba\u015fkan\u0131 Erdo\u011fan ile ilk g\u00f6r\u00fc\u015ft\u00fc\u011f\u00fcnde T\u00fcrkiye-Macaristan ticaret hacminin 2,5 milyar dolar seviyesinde oldu\u011funu, bunun yak\u0131nda 6 milyar dolara ula\u015faca\u011f\u0131n\u0131 ve 10 milyar dolara y\u00fckseltmeyi hedeflediklerini kaydetti.<\/p>\n\n\n\n<p>Rusya-Ukrayna Sava\u015f\u0131 konusunda T\u00fcrkiye ile birlikte bar\u0131\u015f\u0131n saf\u0131nda olman\u0131n kendileri i\u00e7in \u00f6nemli oldu\u011funun alt\u0131n\u0131 \u00e7izen Orban, &#8220;Biz sava\u015f alan\u0131nda bunun \u00e7\u00f6z\u00fcm\u00fcn\u00fcn olmad\u0131\u011f\u0131n\u0131 d\u00fc\u015f\u00fcn\u00fcyoruz. E\u011fer sava\u015f alan\u0131nda \u00e7\u00f6z\u00fcm\u00fc yoksa o zaman bar\u0131\u015f yapmak laz\u0131m.&#8221; diye konu\u015ftu.<\/p>\n\n\n\n<p>Orban, &#8220;(Rusya-Ukrayna) Biz takdirle kar\u015f\u0131l\u0131yoruz Say\u0131n Cumhurba\u015fkan\u0131&#8217;n\u0131n (Erdo\u011fan) \u00e7abalar\u0131n\u0131, gayretlerini. Bu konuda tek ba\u015far\u0131l\u0131 arac\u0131 o oldu.&#8221; ifadesini kullanarak, bar\u0131\u015f konusunda uyumlu hareket etme karar\u0131 ald\u0131klar\u0131n\u0131 aktard\u0131.<\/p>\n\n\n\n<figure class=\"wp-block-image size-full\"><img loading=\"lazy\" decoding=\"async\" width=\"750\" height=\"511\" src=\"https:\/\/www.trabzonmanset.com\/wp-content\/uploads\/2025\/12\/007_2025_01_Aralik_29_Aralik_14_AA-39926494.jpg?wsr\" alt=\"\" class=\"wp-image-7408\" srcset=\"https:\/\/www.trabzonmanset.com\/wp-content\/uploads\/2025\/12\/007_2025_01_Aralik_29_Aralik_14_AA-39926494.jpg 750w, https:\/\/www.trabzonmanset.com\/wp-content\/uploads\/2025\/12\/007_2025_01_Aralik_29_Aralik_14_AA-39926494-300x204.jpg 300w\" sizes=\"auto, (max-width: 750px) 100vw, 750px\" \/><\/figure>\n\n\n\n<h3 class=\"wp-block-heading\">&#8220;Bizim i\u00e7in T\u00fcrk d\u00fcnyas\u0131yla ili\u015fkimiz \u00e7ok b\u00fcy\u00fck bir \u00f6nemi arz etmekte&#8221;<\/h3>\n\n\n\n<p>Cumhurba\u015fkan\u0131 Erdo\u011fan ile 32 kez bir araya gelmelerine ra\u011fmen Dolmabah\u00e7e Saray\u0131&#8217;na ilk defa geldi\u011fine dikkati \u00e7eken Orban, kendisini kabul etti\u011fi i\u00e7in Erdo\u011fan&#8217;a te\u015fekk\u00fcrlerini sundu.<\/p>\n\n\n\n<p>Orban, Erdo\u011fan ile g\u00f6r\u00fc\u015fmelerinin tarihin de\u011ferli par\u00e7alar\u0131n\u0131 olu\u015fturdu\u011funu belirterek, &#8220;Bu tarihi mesafeler, iki \u00fclke, iki halk ve h\u00fck\u00fcmetin i\u015fbirli\u011fine de katk\u0131 sunmaktad\u0131r.&#8221; dedi.<\/p>\n\n\n\n<p>Macaristan&#8217;\u0131n bat\u0131da Cermen, Slav ve Latin d\u00fcnyalar\u0131 aras\u0131nda yaln\u0131z kald\u0131\u011f\u0131na i\u015faret eden Orban, &#8220;Biz yaln\u0131z olarak, bunlar\u0131n hi\u00e7birine ait olmayan bir halk\u0131z, milletiz. \u00c7\u00fcnk\u00fc, halklar\u0131m\u0131z\u0131 do\u011fuda b\u0131rakt\u0131k. Bizim i\u00e7in T\u00fcrk d\u00fcnyas\u0131yla ili\u015fkimiz \u00e7ok b\u00fcy\u00fck bir \u00f6nemi arz etmekte. Her zaman b\u00f6yleydi.&#8221; diye konu\u015ftu.<\/p>\n\n\n\n<p>Orban, T\u00fcrkiye&#8217;nin uygulad\u0131\u011f\u0131 g\u00f6\u00e7 politikas\u0131 nedeniyle Erdo\u011fan&#8217;a te\u015fekk\u00fcrlerini sunarak, &#8220;T\u00fcrkiye, e\u011fer Avrupa&#8217;y\u0131 korumasa, g\u00fcneyinden Macaristan&#8217;a Avrupa&#8217;da hayat ya\u015fanmaz hale gelirdi. Bir yasa d\u0131\u015f\u0131 g\u00f6\u00e7 denizinde y\u00fcz\u00fcyor olduk. Bunun b\u00f6yle olmamas\u0131 T\u00fcrkiye&#8217;nin sayesinde y\u00fcz binlerce yasa d\u0131\u015f\u0131 g\u00f6\u00e7meni tutmakta, gitmesini, ilerlemesini engellemekte.&#8221; ifadelerini kulland\u0131.<\/p>\n\n\n\n<h3 class=\"wp-block-heading\">Rusya&#8217;dan petrol ve do\u011fal gaz tedariki<\/h3>\n\n\n\n<p>Macaristan&#8217;\u0131n modern d\u00fcnyadan d\u0131\u015flanmamas\u0131 konusundaki yard\u0131mlar\u0131 nedeniyle Erdo\u011fan&#8217;a te\u015fekk\u00fcr eden Orban, Macaristan&#8217;\u0131n T\u00fcrkiye&#8217;nin gayretinin Br\u00fcksel ve ABD&#8217;de takdir edilmesi i\u00e7in elinden geleni yapaca\u011f\u0131n\u0131 vurgulad\u0131.<\/p>\n\n\n\n<p>Orban, Rusya&#8217;n\u0131n Macaristan&#8217;a petrol ve do\u011fal gaz tedarikine devam etmesi konusunda anla\u015ft\u0131klar\u0131n\u0131 belirterek &#8220;\u00c7\u00fcnk\u00fc ba\u015fka kaynak imkan\u0131m\u0131z yok.&#8221; dedi.<\/p>\n\n\n\n<p>Rusya&#8217;dan alacaklar\u0131 petrol ve do\u011fal gaz nedeniyle Macaristan&#8217;a yapt\u0131r\u0131m uygulanmamas\u0131 i\u00e7in ABD ile de anla\u015ft\u0131klar\u0131n\u0131 kaydeden Orban, &#8220;Bu do\u011fal gaz\u0131n aktar\u0131lmas\u0131, ta\u015f\u0131nmas\u0131 konusunda, Say\u0131n Cumhurba\u015fkan\u0131&#8217;na (Erdo\u011fan) bu vesileyle de bunu garanti etti\u011fi i\u00e7in tekrar te\u015fekk\u00fcr ediyorum.&#8221; dedi.<\/p>\n\n\n\n<p>Orban, T\u00fcrkiye&#8217;nin verdi\u011fi bu garantinin \u00e7ok \u00f6nemli ve gerekli oldu\u011funu vurgulayarak, bu y\u0131l T\u00fcrkiye&#8217;den Macaristan&#8217;a 7,5 milyar metrek\u00fcp do\u011fal gaz aktar\u0131ld\u0131\u011f\u0131n\u0131 belirtti.<\/p>\n\n\n\n<p>\u0130ki \u00fclkenin en b\u00fcy\u00fck enerji firmalar\u0131n\u0131n i\u015fbirli\u011fi yapabilmesi nedeniyle Erdo\u011fan&#8217;a te\u015fekk\u00fcr eden Orban, Macaristan&#8217;\u0131n T\u00fcrk enerji firmas\u0131n\u0131 Budape\u015fte&#8217;ye davet ettiklerini belirtti.<\/p>\n\n\n\n<p>Orban, &#8220;Macaristan ve T\u00fcrkiye aras\u0131ndaki siyasi, enerji, ekonomik ve savunma sanayi konusunda \u00e7ok iyi \u00fcmitlerimiz, g\u00f6r\u00fc\u015flerimiz var.&#8221; dedi.<\/p>\n\n\n\n<p>Avrupa&#8217;da savunma sanayisinin giderek \u00f6nem kazand\u0131\u011f\u0131na i\u015faret eden Orban, iki \u00fclke aras\u0131nda bu alandaki ili\u015fkilerin halihaz\u0131rda kurulu oldu\u011funu vurgulad\u0131.<\/p>\n\n\n\n<p>Orban, Macar h\u00fck\u00fcmeti ve Macar halk\u0131 ad\u0131na Macaristan&#8217;a yapt\u0131\u011f\u0131 yard\u0131mlar nedeniyle Erdo\u011fan&#8217;a te\u015fekk\u00fcrlerini ileterek, &#8220;Tanr\u0131 T\u00fcrkiye&#8217;yi korusun.&#8221; dedi.<\/p>\n\n\n\n<h3 class=\"wp-block-heading\">&#8220;Macaristan ve T\u00fcrkiye birlikte ilerliyor&#8221;<\/h3>\n\n\n\n<p>Orban, Cumhurba\u015fkan\u0131 Erdo\u011fan ile Cumhurba\u015fkanl\u0131\u011f\u0131 Dolmabah\u00e7e \u00c7al\u0131\u015fma Ofisi&#8217;nde yapt\u0131\u011f\u0131 g\u00f6r\u00fc\u015fmenin ard\u0131ndan ABD merkezli X \u015firketinin sosyal medya platformundaki hesab\u0131ndan a\u00e7\u0131klama yapt\u0131.<\/p>\n\n\n\n<p>Cumhurba\u015fkan\u0131 Erdo\u011fan ile verimli g\u00f6r\u00fc\u015fmeler yapt\u0131\u011f\u0131n\u0131 belirten Orban, iki \u00fclke aras\u0131ndaki ticareti g\u00fc\u00e7lendirdiklerini, T\u00fcrkAk\u0131m&#8217;\u0131 g\u00fcvence alt\u0131na ald\u0131klar\u0131n\u0131 ve &#8220;di\u011ferleri gerginli\u011fi t\u0131rmand\u0131r\u0131rken&#8221; bar\u0131\u015f i\u00e7in birlikte durduklar\u0131n\u0131 vurgulad\u0131.<\/p>\n\n\n\n<p>Orban, &#8220;Macaristan ve T\u00fcrkiye birlikte ilerliyor.&#8221; ifadesini kulland\u0131.<\/p>\n\n\n\n<p>Kaynak: AA<\/p>\n","protected":false},"excerpt":{"rendered":"<p>Cumhurba\u015fkan\u0131 Recep Tayyip Erdo\u011fan, Macaristan Ba\u015fbakan\u0131 Viktor Orban ile belirledikleri 6 milyar dolar ticaret hacmi hedeflerine ula\u015fmak \u00fczere olduklar\u0131n\u0131 belirterek, &#8220;Hacim hedefimizi 10 milyar dolar olarak g\u00fcncellemeyi g\u00f6r\u00fc\u015ft\u00fck.&#8221; dedi. Cumhurba\u015fkan\u0131 Erdo\u011fan, Macaristan Ba\u015fbakan\u0131 Orban&#8217;\u0131 kabul\u00fc sonras\u0131 Dolmabah\u00e7e Saray\u0131&#8217;nda d\u00fczenlenen ortak bas\u0131n toplant\u0131s\u0131nda, T\u00fcrkiye ile Macaristan aras\u0131ndaki Y\u00fcksek D\u00fczeyli Stratejik \u0130\u015fbirli\u011fi Konseyi&#8217;nin 7&#8217;nci toplant\u0131s\u0131 vesilesiyle Viktor [&hellip;]<\/p>\n","protected":false},"author":1,"featured_media":7405,"comment_status":"open","ping_status":"open","sticky":false,"template":"","format":"standard","meta":{"footnotes":""},"categories":[11],"tags":[846,2707,1925,2706,2560],"class_list":["post-7404","post","type-post","status-publish","format-standard","has-post-thumbnail","hentry","category-manset","tag-cumhurbaskani-erdogan","tag-dolmabahce-sarayi","tag-macaristan","tag-macaristan-basbakani-viktor-orban","tag-viktor-orban"],"_links":{"self":[{"href":"https:\/\/www.trabzonmanset.com\/index.php\/wp-json\/wp\/v2\/posts\/7404","targetHints":{"allow":["GET"]}}],"collection":[{"href":"https:\/\/www.trabzonmanset.com\/index.php\/wp-json\/wp\/v2\/posts"}],"about":[{"href":"https:\/\/www.trabzonmanset.com\/index.php\/wp-json\/wp\/v2\/types\/post"}],"author":[{"embeddable":true,"href":"https:\/\/www.trabzonmanset.com\/index.php\/wp-json\/wp\/v2\/users\/1"}],"replies":[{"embeddable":true,"href":"https:\/\/www.trabzonmanset.com\/index.php\/wp-json\/wp\/v2\/comments?post=7404"}],"version-history":[{"count":1,"href":"https:\/\/www.trabzonmanset.com\/index.php\/wp-json\/wp\/v2\/posts\/7404\/revisions"}],"predecessor-version":[{"id":7409,"href":"https:\/\/www.trabzonmanset.com\/index.php\/wp-json\/wp\/v2\/posts\/7404\/revisions\/7409"}],"wp:featuredmedia":[{"embeddable":true,"href":"https:\/\/www.trabzonmanset.com\/index.php\/wp-json\/wp\/v2\/media\/7405"}],"wp:attachment":[{"href":"https:\/\/www.trabzonmanset.com\/index.php\/wp-json\/wp\/v2\/media?parent=7404"}],"wp:term":[{"taxonomy":"category","embeddable":true,"href":"https:\/\/www.trabzonmanset.com\/index.php\/wp-json\/wp\/v2\/categories?post=7404"},{"taxonomy":"post_tag","embeddable":true,"href":"https:\/\/www.trabzonmanset.com\/index.php\/wp-json\/wp\/v2\/tags?post=7404"}],"curies":[{"name":"wp","href":"https:\/\/api.w.org\/{rel}","templated":true}]}}