{"id":7401,"date":"2025-12-07T22:00:00","date_gmt":"2025-12-07T19:00:00","guid":{"rendered":"https:\/\/www.trabzonmanset.com\/?p=7401"},"modified":"2025-12-07T23:35:49","modified_gmt":"2025-12-07T20:35:49","slug":"israilin-gazzeye-saldirilarinda-can-kaybi-70-bin-360a-yukseldi","status":"publish","type":"post","link":"https:\/\/www.trabzonmanset.com\/index.php\/2025\/12\/07\/israilin-gazzeye-saldirilarinda-can-kaybi-70-bin-360a-yukseldi\/","title":{"rendered":"\u0130srail&#8217;in Gazze&#8217;ye sald\u0131r\u0131lar\u0131nda can kayb\u0131 70 bin 360&#8217;a y\u00fckseldi"},"content":{"rendered":"\n<p>\u0130srail ordusunun Gazze \u015eeridi&#8217;nde d\u00fczenledi\u011fi sald\u0131r\u0131larda ya\u015fam\u0131n\u0131 yitirenlerin say\u0131s\u0131 son 24 saatte 6 artarak, 70 bin 360&#8217;a y\u00fckseldi.<\/p>\n\n\n\n<p>Gazze&#8217;deki Sa\u011fl\u0131k Bakanl\u0131\u011f\u0131, yapt\u0131\u011f\u0131 yaz\u0131l\u0131 a\u00e7\u0131klamada, \u0130srail\u2019in sald\u0131r\u0131lar\u0131nda ya\u015fanan can kay\u0131plar\u0131 ve yaralanmalar ile enkazdan yeni \u00e7\u0131kart\u0131lan cenazelere ili\u015fkin son verileri payla\u015ft\u0131.<\/p>\n\n\n\n<p>\u0130srail sald\u0131r\u0131lar\u0131yla, son 24 saatte biri enkaz alt\u0131ndan \u00e7\u0131kar\u0131lan 6 Filistinlinin naa\u015f\u0131 ile 17 yaral\u0131n\u0131n hastanelere ula\u015ft\u0131r\u0131ld\u0131\u011f\u0131 bildirildi.<\/p>\n\n\n\n<p>Ate\u015fkesin y\u00fcr\u00fcrl\u00fc\u011fe girmesinden bu yana d\u00fczenlenen sald\u0131r\u0131larda 373 ki\u015finin \u00f6ld\u00fc\u011f\u00fc, 970 ki\u015finin yaraland\u0131\u011f\u0131, enkaz alt\u0131ndan da 624 ki\u015finin cesedinin \u00e7\u0131kar\u0131ld\u0131\u011f\u0131 kaydedildi.<\/p>\n\n\n\n<p>\u0130srail&#8217;in Gazze \u015eeridi&#8217;ne Ekim 2023&#8217;te ba\u015flad\u0131\u011f\u0131 sald\u0131r\u0131larda hayat\u0131n\u0131 kaybedenlerin say\u0131s\u0131n\u0131n ise 70 bin 360&#8217;a, yaral\u0131lar\u0131n say\u0131s\u0131n\u0131n 171 bin 47&#8217;ye y\u00fckseldi\u011fi aktar\u0131ld\u0131.<\/p>\n\n\n\n<h3 class=\"wp-block-heading\">\u0130srail, ate\u015fkese ra\u011fmen Han Yunus ve Gazze\u2019nin do\u011fusunda y\u0131k\u0131mlar\u0131n\u0131 yo\u011funla\u015ft\u0131rd\u0131<\/h3>\n\n\n\n<p>Yerel kaynaklardan edinilen bilgilere g\u00f6re, \u0130srail ordusuna ait z\u0131rhl\u0131 ara\u00e7lar, Han Yunus\u2019un do\u011fusunda yer alan mahallelerde patlay\u0131c\u0131larla ger\u00e7ekle\u015ftirilen y\u0131k\u0131m sald\u0131r\u0131lar\u0131n\u0131 art\u0131r\u0131rken, ayn\u0131 anda b\u00f6lge \u00e7evresine yo\u011fun ate\u015f a\u00e7t\u0131.<\/p>\n\n\n\n<p>Gazze&#8217;nin do\u011fu kesimlerinde konu\u015flu \u0130srail askerleri de Tuffah ve \u015eucaiyye mahallelerinde ayd\u0131nlatma fi\u015fekleri atarak, ard\u0131ndan \u00e7ok say\u0131da top mermisiyle b\u00f6lgeyi hedef ald\u0131.<\/p>\n\n\n\n<p>\u0130srail sava\u015f u\u00e7aklar\u0131, d\u00fcn ve \u00f6nceki g\u00fcn Gazze \u015eeridi\u2019nin do\u011fu b\u00f6lgelerine y\u00f6nelik hava sald\u0131r\u0131lar\u0131n\u0131 yo\u011funla\u015ft\u0131rarak, Gazze kenti, Refah ve Megazi M\u00fclteci Kamp\u0131\u2019nda art arda bombard\u0131manlar ger\u00e7ekle\u015ftirmi\u015fti.<\/p>\n\n\n\n<p>\u0130srail ordusunun ger\u00e7ekle\u015ftirdi\u011fi sald\u0131r\u0131lar, y\u00fcr\u00fcrl\u00fc\u011fe giren ate\u015fkes anla\u015fmas\u0131n\u0131n yeni ihlalleri aras\u0131nda yer ald\u0131.<\/p>\n\n\n\n<h3 class=\"wp-block-heading\">Gazze&#8217;deki Sa\u011fl\u0131k Bakanl\u0131\u011f\u0131: Temel ila\u00e7lar\u0131n y\u00fczde 52&#8217;sinde stoklar s\u0131f\u0131rland\u0131<\/h3>\n\n\n\n<p>Bakanl\u0131ktan yap\u0131lan yaz\u0131l\u0131 a\u00e7\u0131klamada, \u0130srail&#8217;in 10 Ekim&#8217;den bu yana y\u00fcr\u00fcrl\u00fckte olan ate\u015fkes anla\u015fmas\u0131n\u0131 ihlal etmesi nedeniyle ya\u015fanan sorunlara dikkat \u00e7ekildi.<\/p>\n\n\n\n<p>\u0130la\u00e7 ve t\u0131bbi malzeme stoklar\u0131ndaki durumun hala &#8220;felaket boyutunda&#8221; oldu\u011fu vurgulanan a\u00e7\u0131klamada, &#8220;temel ila\u00e7 listesinin y\u00fczde 52&#8217;sinin, t\u0131bbi malzeme listelerinin y\u00fczde 71&#8217;inin ve laboratuvar malzemelerinin ise y\u00fczde 70&#8217;inin stoklar\u0131n\u0131n s\u0131f\u0131r oldu\u011fu&#8221; kaydedildi.<\/p>\n\n\n\n<p>Yaral\u0131lar ve hastalar i\u00e7in t\u0131bbi m\u00fcdahale ihtiyac\u0131n\u0131n artmas\u0131yla birlikte krizin giderek \u015fiddetlenen bir hal ald\u0131\u011f\u0131 vurguland\u0131.<\/p>\n\n\n\n<p>\u0130lk basamak sa\u011fl\u0131k hizmetleri, ameliyatlar, cerrahi m\u00fcdahaleler, yo\u011fun bak\u0131m, kanser ve kan hastal\u0131klar\u0131 gibi b\u00f6l\u00fcmlerin ila\u00e7 listelerinde ciddi eksiklikler ya\u015fand\u0131\u011f\u0131 belirtildi.<\/p>\n\n\n\n<p>Ayr\u0131ca ortopedi, b\u00f6brek ve diyaliz, g\u00f6z, genel cerrahi, ameliyat ve yo\u011fun bak\u0131m b\u00f6l\u00fcmlerinin, t\u0131bbi malzeme eksikli\u011fi nedeniyle &#8220;felaket boyutunda&#8221; zorluklarla kar\u015f\u0131 kar\u015f\u0131ya kald\u0131\u011f\u0131 ifade edildi.<\/p>\n\n\n\n<p>Bakanl\u0131k, sa\u011fl\u0131k ekiplerinin \u00e7al\u0131\u015fmalar\u0131n\u0131 s\u00fcrd\u00fcrebilmeleri i\u00e7in &#8220;acil t\u0131bbi malzeme deste\u011fi&#8221; talebinde bulundu.<\/p>\n\n\n\n<p>\u0130srail ordusu, Gazze \u015eeridi&#8217;nde 10 Ekim&#8217;de var\u0131lan ate\u015fkese ra\u011fmen \u00e7e\u015fitli iddialarla s\u0131k s\u0131k Filistinlileri hedef alan sald\u0131r\u0131larda bulunuyor, ila\u00e7 ve sa\u011fl\u0131k malzemelerinin giri\u015fini de k\u0131s\u0131tl\u0131yor.<\/p>\n\n\n\n<h3 class=\"wp-block-heading\">Gazze&#8217;de ate\u015fkes ve esir takas\u0131 anla\u015fmas\u0131<\/h3>\n\n\n\n<p>ABD Ba\u015fkan\u0131 Donald Trump, 9 Ekim&#8217;de M\u0131s\u0131r&#8217;da devam eden m\u00fczakerelerde \u0130srail ile Hamas&#8217;\u0131n Gazze&#8217;de ate\u015fkes plan\u0131n\u0131n ilk a\u015famas\u0131n\u0131 onaylad\u0131\u011f\u0131n\u0131 duyurmu\u015ftu.<\/p>\n\n\n\n<p>M\u00fczakerelerin yap\u0131ld\u0131\u011f\u0131 M\u0131s\u0131r&#8217;da imzalanan anla\u015fma \u0130srail h\u00fck\u00fcmetinin onay\u0131yla 10 Ekim&#8217;de devreye girmi\u015fti.<\/p>\n\n\n\n<p>\u0130srail ordusu, Gazze \u015eeridi&#8217;nde var\u0131lan ate\u015fkese ra\u011fmen zaman zaman \u00e7e\u015fitli iddialarla Filistinlileri hedef alan sald\u0131r\u0131larda bulunuyor.<\/p>\n\n\n\n<h3 class=\"wp-block-heading\">Filistin Esirler Heyeti: \u0130srail hapishanesindeki 2 Filistinlinin sa\u011fl\u0131k durumu ciddi&nbsp;&nbsp;<\/h3>\n\n\n\n<p>Filistin Kurtulu\u015f \u00d6rg\u00fct\u00fc&#8217;ne (FK\u00d6) ba\u011fl\u0131 Filistin Esirler ve Serbest B\u0131rak\u0131lanlar Heyeti&#8217;nden yap\u0131lan yaz\u0131l\u0131 a\u00e7\u0131klamada, \u0130srail hapishanesinde bulunan 65 ya\u015f\u0131ndaki Faysal Sabaana ile 29 ya\u015f\u0131ndaki Ali Ebu At\u0131yye&#8217;nin sa\u011fl\u0131k durumuna ili\u015fkin bilgi verildi.<\/p>\n\n\n\n<p>A\u00e7\u0131klamada, hapishanedeki k\u00f6t\u00fc \u015fartlar ve kasten uygulanan t\u0131bbi ihmal nedeniyle 2 Filistinlinin sa\u011fl\u0131k durumunun ciddi oldu\u011fu vurguland\u0131.<\/p>\n\n\n\n<p>Hakk\u0131nda herhangi bir su\u00e7lama ve yarg\u0131lama olmaks\u0131z\u0131n 25 Ekim 2023&#8217;ten bu yana &#8220;idari tutuklu&#8221; olarak cezaevinde bulunan 65 ya\u015f\u0131ndaki Sabaana&#8217;n\u0131n kas\u0131m ay\u0131nda ge\u00e7irdi\u011fi kalp krizi sonras\u0131 Nafha Hapishanesi&#8217;nden Ayalon Hapishanesi klini\u011fine nakledildi\u011fi kaydedildi.<\/p>\n\n\n\n<p>Sabaana&#8217;n\u0131n, krizden birka\u00e7 g\u00fcn \u00f6nce baz\u0131 belirtiler hissetti\u011fi, gardiyanlara klini\u011fe g\u00f6t\u00fcr\u00fclmesi i\u00e7in haber verdi\u011fi ancak talebinin reddedildi\u011fi belirtildi.<\/p>\n\n\n\n<p>Avukat\u0131n\u0131n aktard\u0131\u011f\u0131na g\u00f6re Sabaana&#8217;n\u0131n, tetkik yap\u0131lmadan hemen \u00f6nce bir sa\u011fl\u0131k g\u00f6revlisi taraf\u0131ndan sald\u0131r\u0131ya u\u011frayarak darbedildi\u011fi aktar\u0131ld\u0131.<\/p>\n\n\n\n<p>Sabaana&#8217;ya verilen yiyecek miktar\u0131n\u0131n g\u00f6zalt\u0131na al\u0131nd\u0131\u011f\u0131ndan bu yana s\u0131n\u0131rl\u0131 oldu\u011fu, yakla\u015f\u0131k iki aydan beri de bu miktar\u0131n giderek daha da azalt\u0131ld\u0131\u011f\u0131 kaydedildi.<\/p>\n\n\n\n<p>Filistinli tutuklu 29 ya\u015f\u0131ndaki Ebu At\u0131yye&#8217;nin ise \u0130srail askerlerinin 4 Kas\u0131m&#8217;da Ramallah&#8217;taki i\u015f yerine a\u00e7t\u0131\u011f\u0131 ate\u015f sonucu aya\u011f\u0131ndan yaraland\u0131\u011f\u0131, sonras\u0131nda ise g\u00f6zalt\u0131na al\u0131nd\u0131\u011f\u0131 belirtildi.<\/p>\n\n\n\n<p>Kud\u00fcs&#8217;teki \u0130srail&#8217;e ait Shaare Zedek Hastanesi&#8217;ne kald\u0131r\u0131lan Ebu At\u0131yye&#8217;nin iki ameliyat ge\u00e7irdi\u011fi bildirildi.<\/p>\n\n\n\n<p>Filistinli tutuklular\u0131n sa\u011fl\u0131k durumundan t\u00fcm\u00fcyle \u0130srail Cezaevi \u0130daresinin sorumlu oldu\u011fu vurguland\u0131.<\/p>\n\n\n\n<p>A\u00e7\u0131klamada ayr\u0131ca Filistinli tutuklulara gerekli t\u0131bbi bak\u0131m\u0131n sa\u011flanmas\u0131, onlar\u0131 hedef alan sald\u0131r\u0131lara son verilmesi ve yava\u015f\u00e7a \u00f6l\u00fcmlerini hedefleyen kas\u0131tl\u0131 t\u0131bbi ihmal uygulamas\u0131n\u0131n durdurulmas\u0131 \u00e7a\u011fr\u0131s\u0131nda bulunuldu.<\/p>\n\n\n\n<p>Filistinli ve \u0130srailli insan haklar\u0131 raporlar\u0131na g\u00f6re, \u0130srail hapishanelerinde, aralar\u0131nda \u00e7ocuk ve kad\u0131nlar\u0131n da oldu\u011fu 9 bin 300&#8217;den fazla Filistinli bulunuyor.<\/p>\n\n\n\n<p>\u0130srail hapishaneleri s\u0131k s\u0131k i\u015fkence, a\u00e7 b\u0131rak\u0131lma ve t\u0131bbi ihmal sonucu \u00f6l\u00fcmlerle g\u00fcndeme geliyor.<\/p>\n\n\n\n<h3 class=\"wp-block-heading\">\u0130srail&#8217;in 2 Filistinliyi \u00f6ld\u00fcrmesine tepki i\u00e7in El-Halil&#8217;de genel grev ilan edildi<\/h3>\n\n\n\n<p>Yerel kaynaklardan edinilen bilgiye g\u00f6re, El-Halil\u2019de sabah saatlerinde t\u00fcm d\u00fckkanlar kapal\u0131 kal\u0131rken, kente tam bir sessizlik hakim.<\/p>\n\n\n\n<p>Grevin, \u0130srail ordusunun Bab ez-Zaviye b\u00f6lgesinde 2 Filistinliyi &#8220;ara\u00e7la \u00e7arpma giri\u015fiminde bulunduklar\u0131&#8221; iddias\u0131yla \u00f6ld\u00fcrmesini protesto etmek amac\u0131yla d\u00fczenlendi\u011fi belirtildi.<\/p>\n\n\n\n<p>Kaynaklar, Fetih&#8217;in \u015fehirde ticari greve \u00e7a\u011fr\u0131 yapt\u0131\u011f\u0131n\u0131, El-Halil Belediyesi ile belediye \u00e7al\u0131\u015fanlar\u0131 sendikas\u0131n\u0131n da kurum i\u00e7inde grev ilan etti\u011fini aktard\u0131.<\/p>\n\n\n\n<p>\u00d6ld\u00fcr\u00fclen ki\u015filerden birinin belediye \u00e7al\u0131\u015fan\u0131 oldu\u011fu ve olayla ilgisi bulunmad\u0131\u011f\u0131 kaydedildi.<\/p>\n\n\n\n<h3 class=\"wp-block-heading\">\u0130srail ordusu, Bat\u0131 \u015eeria&#8217;da Zaviye kasabas\u0131na y\u00f6nelik ku\u015fatmas\u0131n\u0131 s\u0131k\u0131la\u015ft\u0131rd\u0131<\/h3>\n\n\n\n<p>\u0130srail askerleri 29 Kas\u0131m&#8217;dan bu yana Zaviye kasabas\u0131n\u0131 ku\u015fatma alt\u0131nda tutuyor. Evlere bask\u0131n d\u00fczenliyor ve arama yap\u0131yor.<\/p>\n\n\n\n<p>Bug\u00fcn ise kasaban\u0131n tek giri\u015fini de toprak bariyerlerle kapatan askerler, kasaba sakinlerinin giri\u015f \u00e7\u0131k\u0131\u015flar\u0131na engel oldu.<\/p>\n\n\n\n<p>D\u0131\u015far\u0131dan gelen \u00f6\u011fretmenler kasabaya giremedi, civar kasabalarda okuyan \u00f6\u011frenciler ise d\u0131\u015far\u0131 \u00e7\u0131kamad\u0131 ve bu nedenle e\u011fitim aksad\u0131.<\/p>\n\n\n\n<h3 class=\"wp-block-heading\">\u0130srail, Bat\u0131 \u015eeria\u2019da 8 Filistinliyi g\u00f6zalt\u0131na ald\u0131<\/h3>\n\n\n\n<p>Yerel kaynaklardan al\u0131nan bilgiye g\u00f6re, Cenin kentinde evlere bask\u0131n d\u00fczenleyen \u0130srail g\u00fc\u00e7leri 3 ki\u015fiyi g\u00f6zalt\u0131na ald\u0131. Kalkilya\u2019ya ba\u011fl\u0131 Ceyyus beldesinde de 2 gen\u00e7 g\u00f6zalt\u0131na al\u0131n\u0131rken, bask\u0131n s\u0131ras\u0131nda bir ara\u00e7 da el konularak b\u00f6lgeden g\u00f6t\u00fcr\u00fcld\u00fc.<\/p>\n\n\n\n<p>Ramallah\u2019\u0131n kuzeyindeki Kafr Ayn ve el-Mezraa el-Garbiyye k\u00f6ylerinde de \u0130srail askerleri 2 Filistinliyi evlerini basarak g\u00f6zalt\u0131na ald\u0131. Ayn\u0131 b\u00f6lgede bir ba\u015fka Filistinlinin de evine yap\u0131lan bask\u0131n sonras\u0131 g\u00f6zalt\u0131na al\u0131nd\u0131\u011f\u0131 aktar\u0131ld\u0131.<\/p>\n\n\n\n<p>Bat\u0131 \u015eeria\u2019n\u0131n farkl\u0131 b\u00f6lgelerinde de \u0130srail ordusunun bask\u0131nlar d\u00fczenledi\u011fi kaydedildi.<\/p>\n\n\n\n<p>\u0130srail\u2019in Gazze \u015eeridi\u2019ne y\u00f6nelik sald\u0131r\u0131lar\u0131n\u0131 ba\u015flatt\u0131\u011f\u0131 8 Ekim 2023 sonras\u0131nda, Bat\u0131 \u015eeria\u2019da da \u0130srail ordusu ile Filistin topraklar\u0131n\u0131 gasbeden \u0130sraillilerin sald\u0131r\u0131lar\u0131 ve bask\u0131nlar\u0131nda keskin bir art\u0131\u015f ya\u015fan\u0131yor.<\/p>\n\n\n\n<p>Resmi verilere g\u00f6re, ayn\u0131 d\u00f6nemden bu yana i\u015fgal alt\u0131ndaki Bat\u0131 \u015eeria\u2019da en az 1090 Filistinli \u00f6ld\u00fcr\u00fcld\u00fc, yakla\u015f\u0131k 11 bin ki\u015fi yaraland\u0131 ve 21 binden fazla Filistinli g\u00f6zalt\u0131na al\u0131nd\u0131.<\/p>\n\n\n\n<h3 class=\"wp-block-heading\">\u0130srail askerlerinin Do\u011fu Kud\u00fcs&#8217;teki &#8220;Ayr\u0131m Duvar\u0131&#8221; yak\u0131n\u0131nda darbetti\u011fi Filistinli hastaneye kald\u0131r\u0131ld\u0131<\/h3>\n\n\n\n<p>\u0130srail askerleri, Ayr\u0131m Duvar\u0131&#8217;nda Filistinlilere y\u00f6nelik sald\u0131r\u0131lar\u0131na devam ediyor.<\/p>\n\n\n\n<p>Filistin K\u0131z\u0131lay\u0131ndan yap\u0131lan a\u00e7\u0131klamaya g\u00f6re, \u0130srail askerleri, Do\u011fu Kud\u00fcs&#8217;\u00fcn kuzeyinde yer alan Ram beldesinde Ayr\u0131m Duvar\u0131&#8217;n\u0131 a\u015fmaya \u00e7al\u0131\u015fan bir Filistinliyi darbetti.<\/p>\n\n\n\n<p>Yaralanan Filistinli hastaneye kald\u0131r\u0131ld\u0131.<\/p>\n\n\n\n<p>Filistin K\u0131z\u0131lay\u0131 d\u00fcn de ayn\u0131 b\u00f6lgede \u0130srail ordusunun a\u00e7t\u0131\u011f\u0131 ate\u015f sonucu 4 Filistinlinin yaraland\u0131\u011f\u0131n\u0131 duyurmu\u015ftu.<\/p>\n\n\n\n<p>\u0130srail, Ekim 2023&#8217;ten bu yana Filistinli i\u015f\u00e7ilerin \u0130srail&#8217;deki i\u015flerine d\u00f6nmesine izin vermiyor.<\/p>\n\n\n\n<p>Tehlikeli olmas\u0131na ra\u011fmen Ayr\u0131m Duvar\u0131&#8217;na t\u0131rmanarak \u0130srail taraf\u0131na ge\u00e7meye \u00e7al\u0131\u015fan Filistinliler ise \u0130srail&#8217;in bu t\u00fcr sald\u0131r\u0131lar\u0131na maruz kal\u0131yor.<\/p>\n\n\n\n<p>Filistin \u0130\u015f\u00e7iler Birli\u011finin verilerine g\u00f6re, 8 Ekim 2023-28 Ekim 2025 tarihlerinde 44 Filistinli i\u015f\u00e7i, \u0130srail askerlerinin a\u00e7t\u0131\u011f\u0131 ate\u015f sonucu hayat\u0131n\u0131 kaybetti, binlerce Filistinli i\u015f\u00e7i ise g\u00f6zalt\u0131na al\u0131nd\u0131.<\/p>\n\n\n\n<h3 class=\"wp-block-heading\">\u0130srail, al\u0131koydu\u011fu 5 Filistinliyi aylar sonra serbest b\u0131rakt\u0131<\/h3>\n\n\n\n<p>Serbest b\u0131rak\u0131lan Filistinliler, Uluslararas\u0131 K\u0131z\u0131lha\u00e7 Komitesi (ICRC) taraf\u0131ndan gerekli kontrol ve t\u0131bbi muayenelerinin yap\u0131lmas\u0131 i\u00e7in Deyr el-Belah\u2019taki Aksa \u015eehitleri Hastanesi\u2019ne nakledildi.<\/p>\n\n\n\n<p>Hastanede a\u00e7\u0131klama yapan Filistinliler, aylarca hapishanelerde insanl\u0131k d\u0131\u015f\u0131 muameleye ve i\u015fkenceye maruz b\u0131rak\u0131ld\u0131klar\u0131n\u0131 ifade etti.<\/p>\n\n\n\n<p>ICRC\u2019den yap\u0131lan yaz\u0131l\u0131 a\u00e7\u0131klamada, ekiplerin \u0130srail hapishanelerindeki Filistinlileri hala ziyaret edemedi\u011fi, bu ziyaretlerin yeniden ba\u015flat\u0131lmas\u0131 i\u00e7in \u0130srailli yetkililerle diyalo\u011fun s\u00fcrd\u00fcr\u00fcld\u00fc\u011f\u00fc belirtildi.<\/p>\n\n\n\n<p>A\u00e7\u0131klamada, uluslararas\u0131 hukuk gere\u011fince, tutuklulara insani muamelede bulunulmas\u0131, uygun ko\u015fullarda tutulmas\u0131 ve aileleriyle ileti\u015fim kurabilmelerine izin verilmesi gerekti\u011fi kaydedildi.<\/p>\n\n\n\n<p>Kaynak: AA<\/p>\n","protected":false},"excerpt":{"rendered":"<p>\u0130srail ordusunun Gazze \u015eeridi&#8217;nde d\u00fczenledi\u011fi sald\u0131r\u0131larda ya\u015fam\u0131n\u0131 yitirenlerin say\u0131s\u0131 son 24 saatte 6 artarak, 70 bin 360&#8217;a y\u00fckseldi. Gazze&#8217;deki Sa\u011fl\u0131k Bakanl\u0131\u011f\u0131, yapt\u0131\u011f\u0131 yaz\u0131l\u0131 a\u00e7\u0131klamada, \u0130srail\u2019in sald\u0131r\u0131lar\u0131nda ya\u015fanan can kay\u0131plar\u0131 ve yaralanmalar ile enkazdan yeni \u00e7\u0131kart\u0131lan cenazelere ili\u015fkin son verileri payla\u015ft\u0131. \u0130srail sald\u0131r\u0131lar\u0131yla, son 24 saatte biri enkaz alt\u0131ndan \u00e7\u0131kar\u0131lan 6 Filistinlinin naa\u015f\u0131 ile 17 yaral\u0131n\u0131n [&hellip;]<\/p>\n","protected":false},"author":1,"featured_media":7402,"comment_status":"open","ping_status":"open","sticky":false,"template":"","format":"standard","meta":{"footnotes":""},"categories":[127],"tags":[173,543,2705,172],"class_list":["post-7401","post","type-post","status-publish","format-standard","has-post-thumbnail","hentry","category-dunya","tag-filistin","tag-gazze","tag-han-yunus","tag-israil"],"_links":{"self":[{"href":"https:\/\/www.trabzonmanset.com\/index.php\/wp-json\/wp\/v2\/posts\/7401","targetHints":{"allow":["GET"]}}],"collection":[{"href":"https:\/\/www.trabzonmanset.com\/index.php\/wp-json\/wp\/v2\/posts"}],"about":[{"href":"https:\/\/www.trabzonmanset.com\/index.php\/wp-json\/wp\/v2\/types\/post"}],"author":[{"embeddable":true,"href":"https:\/\/www.trabzonmanset.com\/index.php\/wp-json\/wp\/v2\/users\/1"}],"replies":[{"embeddable":true,"href":"https:\/\/www.trabzonmanset.com\/index.php\/wp-json\/wp\/v2\/comments?post=7401"}],"version-history":[{"count":1,"href":"https:\/\/www.trabzonmanset.com\/index.php\/wp-json\/wp\/v2\/posts\/7401\/revisions"}],"predecessor-version":[{"id":7403,"href":"https:\/\/www.trabzonmanset.com\/index.php\/wp-json\/wp\/v2\/posts\/7401\/revisions\/7403"}],"wp:featuredmedia":[{"embeddable":true,"href":"https:\/\/www.trabzonmanset.com\/index.php\/wp-json\/wp\/v2\/media\/7402"}],"wp:attachment":[{"href":"https:\/\/www.trabzonmanset.com\/index.php\/wp-json\/wp\/v2\/media?parent=7401"}],"wp:term":[{"taxonomy":"category","embeddable":true,"href":"https:\/\/www.trabzonmanset.com\/index.php\/wp-json\/wp\/v2\/categories?post=7401"},{"taxonomy":"post_tag","embeddable":true,"href":"https:\/\/www.trabzonmanset.com\/index.php\/wp-json\/wp\/v2\/tags?post=7401"}],"curies":[{"name":"wp","href":"https:\/\/api.w.org\/{rel}","templated":true}]}}