{"id":7395,"date":"2025-12-07T22:24:00","date_gmt":"2025-12-07T19:24:00","guid":{"rendered":"https:\/\/www.trabzonmanset.com\/?p=7395"},"modified":"2025-12-07T23:26:56","modified_gmt":"2025-12-07T20:26:56","slug":"duran-cumhurbaskani-erdogan-ile-ilgili-iddiayi-yalanladi","status":"publish","type":"post","link":"https:\/\/www.trabzonmanset.com\/index.php\/2025\/12\/07\/duran-cumhurbaskani-erdogan-ile-ilgili-iddiayi-yalanladi\/","title":{"rendered":"Duran, Cumhurba\u015fkan\u0131 Erdo\u011fan ile ilgili iddiay\u0131 yalanlad\u0131"},"content":{"rendered":"\n<p>Cumhurba\u015fkanl\u0131\u011f\u0131, Cumhurba\u015fkan\u0131 Erdo\u011fan&#8217;\u0131n Mazlum Abdi ile g\u00f6r\u00fc\u015fece\u011fi y\u00f6n\u00fcndeki iddialar\u0131 yalanlad\u0131. A\u00e7\u0131klamada, bu t\u00fcr mesnetsiz iddialar\u0131n dezenformasyon oldu\u011fu ve T\u00fcrkiye&#8217;nin g\u00fcvenlik politikalar\u0131n\u0131 etkilemeyi ama\u00e7lad\u0131\u011f\u0131 belirtildi.<\/p>\n\n\n\n<p>Cumhurba\u015fkanl\u0131\u011f\u0131, sosyal medyada Cumhurba\u015fkan\u0131 Recep Tayyip Erdo\u011fan&#8217;a atfedilen ve PKK\/YPG eleba\u015f\u0131 Mazlum Abdi ile bir g\u00f6r\u00fc\u015fme ger\u00e7ekle\u015ftirilece\u011fi y\u00f6n\u00fcndeki iddialar\u0131 kesin bir dille yalanlad\u0131.<\/p>\n\n\n\n<p>\u0130leti\u015fim Ba\u015fkan\u0131 Burhanettin Duran, NSosyal hesab\u0131 \u00fczerinden yapt\u0131\u011f\u0131 a\u00e7\u0131klamada, iddialar\u0131n ger\u00e7e\u011fe ayk\u0131r\u0131 oldu\u011funu ve Cumhurba\u015fkan\u0131 Erdo\u011fan&#8217;\u0131n g\u00fcndeminde b\u00f6yle bir planlama bulunmad\u0131\u011f\u0131n\u0131 ifade etti.<\/p>\n\n\n\n<h3 class=\"wp-block-heading\"><strong>ALGI OPERASYONU YALANLANDI<\/strong><\/h3>\n\n\n\n<p><em><strong>Duran, a\u00e7\u0131klamas\u0131nda \u015fu ifadelere yer verdi:<\/strong><\/em><\/p>\n\n\n\n<p><strong>&#8220;Cumhurba\u015fkan\u0131&#8217;m\u0131z Say\u0131n Recep Tayyip Erdo\u011fan&#8217;a atfedilen baz\u0131 g\u00f6r\u00fc\u015fme iddialar\u0131 ger\u00e7e\u011fe ayk\u0131r\u0131 olup, Say\u0131n Cumhurba\u015fkan\u0131&#8217;m\u0131z\u0131n g\u00fcndeminde buna y\u00f6nelik bir giri\u015fim veya planlama yer almamaktad\u0131r. Bilin\u00e7li veya bilin\u00e7siz olarak payla\u015f\u0131lan bu t\u00fcr mesnetsiz iddialar, kamuoyunu yan\u0131ltmakta ve T\u00fcrkiye&#8217;nin takip etti\u011fi g\u00fcvenlik politikalar\u0131n\u0131 farkl\u0131 y\u00f6nde etkilemeyi ama\u00e7lamaktad\u0131r.&#8221;<\/strong><\/p>\n\n\n\n<p>A\u00e7\u0131klamada ayr\u0131ca, Cumhurba\u015fkan\u0131 Erdo\u011fan&#8217;\u0131n temaslar\u0131na ili\u015fkin resmi bilgilerin yaln\u0131zca Cumhurba\u015fkanl\u0131\u011f\u0131 \u0130leti\u015fim Ba\u015fkanl\u0131\u011f\u0131 veya di\u011fer yetkili kurumlar taraf\u0131ndan payla\u015f\u0131ld\u0131\u011f\u0131 hat\u0131rlat\u0131ld\u0131. Duran, kamuoyunun sosyal medyada yay\u0131lan dezenformasyonlara kar\u015f\u0131 dikkatli olmas\u0131 gerekti\u011finin alt\u0131n\u0131 \u00e7izdi.<\/p>\n\n\n\n<h3 class=\"wp-block-heading\"><strong>\u0130DD\u0130ANIN SAH\u0130B\u0130 FRANSA&#8217;DAN<\/strong><\/h3>\n\n\n\n<p>Yalanlanan iddia, Fransa merkezli Avrupa Ortado\u011fu ve Kuzey Afrika Ara\u015ft\u0131rmalar\u0131 Enstit\u00fcs\u00fc (<strong>EISMENA<\/strong>) Direkt\u00f6r\u00fc Adil Bakewan taraf\u0131ndan ortaya at\u0131ld\u0131.<\/p>\n\n\n\n<p>Bakewan, sosyal medya hesab\u0131ndan yapt\u0131\u011f\u0131 payla\u015f\u0131mda, Cumhurba\u015fkan\u0131 Recep Tayyip Erdo\u011fan ile Mazlum Abdi&#8217;nin en k\u0131sa s\u00fcrede bir araya gelmek \u00fczere mutabakata vard\u0131\u011f\u0131n\u0131 \u00f6ne s\u00fcrm\u00fc\u015ft\u00fc.<\/p>\n\n\n\n<p>Bakewan, iddias\u0131n\u0131 bir ad\u0131m \u00f6teye ta\u015f\u0131yarak bu s\u00fcrecin ard\u0131ndan Abdullah \u00d6calan ile de bir g\u00f6r\u00fc\u015fme planland\u0131\u011f\u0131n\u0131 iddia etmi\u015fti.<\/p>\n","protected":false},"excerpt":{"rendered":"<p>Cumhurba\u015fkanl\u0131\u011f\u0131, Cumhurba\u015fkan\u0131 Erdo\u011fan&#8217;\u0131n Mazlum Abdi ile g\u00f6r\u00fc\u015fece\u011fi y\u00f6n\u00fcndeki iddialar\u0131 yalanlad\u0131. A\u00e7\u0131klamada, bu t\u00fcr mesnetsiz iddialar\u0131n dezenformasyon oldu\u011fu ve T\u00fcrkiye&#8217;nin g\u00fcvenlik politikalar\u0131n\u0131 etkilemeyi ama\u00e7lad\u0131\u011f\u0131 belirtildi. Cumhurba\u015fkanl\u0131\u011f\u0131, sosyal medyada Cumhurba\u015fkan\u0131 Recep Tayyip Erdo\u011fan&#8217;a atfedilen ve PKK\/YPG eleba\u015f\u0131 Mazlum Abdi ile bir g\u00f6r\u00fc\u015fme ger\u00e7ekle\u015ftirilece\u011fi y\u00f6n\u00fcndeki iddialar\u0131 kesin bir dille yalanlad\u0131. \u0130leti\u015fim Ba\u015fkan\u0131 Burhanettin Duran, NSosyal hesab\u0131 \u00fczerinden yapt\u0131\u011f\u0131 [&hellip;]<\/p>\n","protected":false},"author":1,"featured_media":7396,"comment_status":"open","ping_status":"open","sticky":false,"template":"","format":"standard","meta":{"footnotes":""},"categories":[1],"tags":[1856,846,2696,2697],"class_list":["post-7395","post","type-post","status-publish","format-standard","has-post-thumbnail","hentry","category-gundem","tag-burhanettin-duran","tag-cumhurbaskani-erdogan","tag-mazlum-abdi","tag-nsosyal"],"_links":{"self":[{"href":"https:\/\/www.trabzonmanset.com\/index.php\/wp-json\/wp\/v2\/posts\/7395","targetHints":{"allow":["GET"]}}],"collection":[{"href":"https:\/\/www.trabzonmanset.com\/index.php\/wp-json\/wp\/v2\/posts"}],"about":[{"href":"https:\/\/www.trabzonmanset.com\/index.php\/wp-json\/wp\/v2\/types\/post"}],"author":[{"embeddable":true,"href":"https:\/\/www.trabzonmanset.com\/index.php\/wp-json\/wp\/v2\/users\/1"}],"replies":[{"embeddable":true,"href":"https:\/\/www.trabzonmanset.com\/index.php\/wp-json\/wp\/v2\/comments?post=7395"}],"version-history":[{"count":1,"href":"https:\/\/www.trabzonmanset.com\/index.php\/wp-json\/wp\/v2\/posts\/7395\/revisions"}],"predecessor-version":[{"id":7397,"href":"https:\/\/www.trabzonmanset.com\/index.php\/wp-json\/wp\/v2\/posts\/7395\/revisions\/7397"}],"wp:featuredmedia":[{"embeddable":true,"href":"https:\/\/www.trabzonmanset.com\/index.php\/wp-json\/wp\/v2\/media\/7396"}],"wp:attachment":[{"href":"https:\/\/www.trabzonmanset.com\/index.php\/wp-json\/wp\/v2\/media?parent=7395"}],"wp:term":[{"taxonomy":"category","embeddable":true,"href":"https:\/\/www.trabzonmanset.com\/index.php\/wp-json\/wp\/v2\/categories?post=7395"},{"taxonomy":"post_tag","embeddable":true,"href":"https:\/\/www.trabzonmanset.com\/index.php\/wp-json\/wp\/v2\/tags?post=7395"}],"curies":[{"name":"wp","href":"https:\/\/api.w.org\/{rel}","templated":true}]}}