{"id":7311,"date":"2025-12-05T18:28:00","date_gmt":"2025-12-05T15:28:00","guid":{"rendered":"https:\/\/www.trabzonmanset.com\/?p=7311"},"modified":"2025-12-05T23:17:08","modified_gmt":"2025-12-05T20:17:08","slug":"avukatlik-burosunda-kayinpeder-dehseti-kiz-kardesini-oldurdu-gelinini-ise-agir-yaraladi","status":"publish","type":"post","link":"https:\/\/www.trabzonmanset.com\/index.php\/2025\/12\/05\/avukatlik-burosunda-kayinpeder-dehseti-kiz-kardesini-oldurdu-gelinini-ise-agir-yaraladi\/","title":{"rendered":"Avukatl\u0131k b\u00fcrosunda kay\u0131npeder deh\u015feti: K\u0131z karde\u015fini \u00f6ld\u00fcrd\u00fc, gelinini ise a\u011f\u0131r yaralad\u0131"},"content":{"rendered":"\n<p>K\u0131r\u0131kkale\u2019de bir avukatl\u0131k b\u00fcrosunda bo\u015fanma protokol\u00fc nedeniyle \u00e7\u0131kan tart\u0131\u015fmada kay\u0131npederin tabancayla a\u00e7t\u0131\u011f\u0131 ate\u015f sonucu gelininin k\u0131z karde\u015fi hayat\u0131n\u0131 kaybetti. A\u011f\u0131r yaralanan gelinin ise hastanede tedavisinin s\u00fcr\u00fcyor.<\/p>\n\n\n\n<p>Olay, Yaylac\u0131k Mahallesi 381. Sokak\u2019ta bulunan bir avukatl\u0131k ofisinde meydana geldi. Edinilen bilgiye g\u00f6re, kocas\u0131ndan ayr\u0131lma a\u015famas\u0131ndaki 37 ya\u015f\u0131ndaki E.E. ile kay\u0131npederi Y.A., avukatl\u0131k b\u00fcrosunda bo\u015fanma protokol\u00fc \u00fczerine g\u00f6r\u00fc\u015fmek i\u00e7in bir araya geldi. G\u00f6r\u00fc\u015fme s\u0131ras\u0131nda \u00e7\u0131kan tart\u0131\u015fma k\u0131sa s\u00fcrede b\u00fcy\u00fcy\u00fcnce Y.A., gelini E.E. ve gelinin karde\u015fi Nilg\u00fcn Ge\u00e7er\u2019e tabancayla ate\u015f etti.<\/p>\n\n\n\n<figure class=\"wp-block-image size-large\"><img loading=\"lazy\" decoding=\"async\" width=\"1024\" height=\"682\" src=\"https:\/\/www.trabzonmanset.com\/wp-content\/uploads\/2025\/12\/aw593763_01-1024x682.jpg?wsr\" alt=\"\" class=\"wp-image-7312\" srcset=\"https:\/\/www.trabzonmanset.com\/wp-content\/uploads\/2025\/12\/aw593763_01-1024x682.jpg 1024w, https:\/\/www.trabzonmanset.com\/wp-content\/uploads\/2025\/12\/aw593763_01-300x200.jpg 300w, https:\/\/www.trabzonmanset.com\/wp-content\/uploads\/2025\/12\/aw593763_01-768x512.jpg 768w, https:\/\/www.trabzonmanset.com\/wp-content\/uploads\/2025\/12\/aw593763_01.jpg 1040w\" sizes=\"auto, (max-width: 1024px) 100vw, 1024px\" \/><\/figure>\n\n\n\n<p>\u0130hbarla b\u00f6lgeye sa\u011fl\u0131k ve polis ekipleri sevk edildi. Kafas\u0131na ve g\u00f6\u011fs\u00fcne isabet eden kur\u015funlarla a\u011f\u0131r yaralanan Nilg\u00fcn Ge\u00e7er, kald\u0131r\u0131ld\u0131\u011f\u0131 T\u0131p Fak\u00fcltesi Hastanesi\u2019nde doktorlar\u0131n t\u00fcm m\u00fcdahalelerine ra\u011fmen kurtar\u0131lamad\u0131. Kafas\u0131ndan vurulan E.E.\u2019nin ise Y\u00fcksek \u0130htisas Hastanesi\u2019nde tedavisinin s\u00fcrd\u00fc\u011f\u00fc ve hayati tehlikesinin devam etti\u011fi \u00f6\u011frenildi.<\/p>\n\n\n\n<figure class=\"wp-block-image size-large\"><img loading=\"lazy\" decoding=\"async\" width=\"1024\" height=\"682\" src=\"https:\/\/www.trabzonmanset.com\/wp-content\/uploads\/2025\/12\/aw593763_03-1024x682.jpg?wsr\" alt=\"\" class=\"wp-image-7313\" srcset=\"https:\/\/www.trabzonmanset.com\/wp-content\/uploads\/2025\/12\/aw593763_03-1024x682.jpg 1024w, https:\/\/www.trabzonmanset.com\/wp-content\/uploads\/2025\/12\/aw593763_03-300x200.jpg 300w, https:\/\/www.trabzonmanset.com\/wp-content\/uploads\/2025\/12\/aw593763_03-768x512.jpg 768w, https:\/\/www.trabzonmanset.com\/wp-content\/uploads\/2025\/12\/aw593763_03.jpg 1040w\" sizes=\"auto, (max-width: 1024px) 100vw, 1024px\" \/><\/figure>\n\n\n\n<p>Olay sonras\u0131 ka\u00e7an \u015f\u00fcpheli kay\u0131npeder Y.A.\u2019n\u0131n yakalanmas\u0131 i\u00e7in polis ekipleri kapsaml\u0131 \u00e7al\u0131\u015fma ba\u015flatt\u0131. Cumhuriyet Ba\u015fsavc\u0131l\u0131\u011f\u0131 koordinesinde \u0130l Emniyet M\u00fcd\u00fcrl\u00fc\u011f\u00fc Asayi\u015f \u015eube M\u00fcd\u00fcrl\u00fc\u011f\u00fc taraf\u0131ndan geni\u015f \u00e7apl\u0131 soru\u015fturma y\u00fcr\u00fct\u00fcl\u00fcyor.<\/p>\n\n\n\n<p><\/p>\n","protected":false},"excerpt":{"rendered":"<p>K\u0131r\u0131kkale\u2019de bir avukatl\u0131k b\u00fcrosunda bo\u015fanma protokol\u00fc nedeniyle \u00e7\u0131kan tart\u0131\u015fmada kay\u0131npederin tabancayla a\u00e7t\u0131\u011f\u0131 ate\u015f sonucu gelininin k\u0131z karde\u015fi hayat\u0131n\u0131 kaybetti. A\u011f\u0131r yaralanan gelinin ise hastanede tedavisinin s\u00fcr\u00fcyor. Olay, Yaylac\u0131k Mahallesi 381. Sokak\u2019ta bulunan bir avukatl\u0131k ofisinde meydana geldi. Edinilen bilgiye g\u00f6re, kocas\u0131ndan ayr\u0131lma a\u015famas\u0131ndaki 37 ya\u015f\u0131ndaki E.E. ile kay\u0131npederi Y.A., avukatl\u0131k b\u00fcrosunda bo\u015fanma protokol\u00fc \u00fczerine g\u00f6r\u00fc\u015fmek [&hellip;]<\/p>\n","protected":false},"author":1,"featured_media":7314,"comment_status":"open","ping_status":"open","sticky":false,"template":"","format":"standard","meta":{"footnotes":""},"categories":[1371,1],"tags":[2661,2642,712],"class_list":["post-7311","post","type-post","status-publish","format-standard","has-post-thumbnail","hentry","category-asayis","category-gundem","tag-avukatlik-burosu-cinayet","tag-kirikkale","tag-trabzon-manset"],"_links":{"self":[{"href":"https:\/\/www.trabzonmanset.com\/index.php\/wp-json\/wp\/v2\/posts\/7311","targetHints":{"allow":["GET"]}}],"collection":[{"href":"https:\/\/www.trabzonmanset.com\/index.php\/wp-json\/wp\/v2\/posts"}],"about":[{"href":"https:\/\/www.trabzonmanset.com\/index.php\/wp-json\/wp\/v2\/types\/post"}],"author":[{"embeddable":true,"href":"https:\/\/www.trabzonmanset.com\/index.php\/wp-json\/wp\/v2\/users\/1"}],"replies":[{"embeddable":true,"href":"https:\/\/www.trabzonmanset.com\/index.php\/wp-json\/wp\/v2\/comments?post=7311"}],"version-history":[{"count":1,"href":"https:\/\/www.trabzonmanset.com\/index.php\/wp-json\/wp\/v2\/posts\/7311\/revisions"}],"predecessor-version":[{"id":7315,"href":"https:\/\/www.trabzonmanset.com\/index.php\/wp-json\/wp\/v2\/posts\/7311\/revisions\/7315"}],"wp:featuredmedia":[{"embeddable":true,"href":"https:\/\/www.trabzonmanset.com\/index.php\/wp-json\/wp\/v2\/media\/7314"}],"wp:attachment":[{"href":"https:\/\/www.trabzonmanset.com\/index.php\/wp-json\/wp\/v2\/media?parent=7311"}],"wp:term":[{"taxonomy":"category","embeddable":true,"href":"https:\/\/www.trabzonmanset.com\/index.php\/wp-json\/wp\/v2\/categories?post=7311"},{"taxonomy":"post_tag","embeddable":true,"href":"https:\/\/www.trabzonmanset.com\/index.php\/wp-json\/wp\/v2\/tags?post=7311"}],"curies":[{"name":"wp","href":"https:\/\/api.w.org\/{rel}","templated":true}]}}