{"id":7229,"date":"2025-12-02T20:50:00","date_gmt":"2025-12-02T17:50:00","guid":{"rendered":"https:\/\/www.trabzonmanset.com\/?p=7229"},"modified":"2025-12-02T21:35:16","modified_gmt":"2025-12-02T18:35:16","slug":"disisleri-bakani-fidan-belcikada","status":"publish","type":"post","link":"https:\/\/www.trabzonmanset.com\/index.php\/2025\/12\/02\/disisleri-bakani-fidan-belcikada\/","title":{"rendered":"D\u0131\u015fi\u015fleri Bakan\u0131 Fidan, Bel\u00e7ika\u2019da"},"content":{"rendered":"\n<p>D\u0131\u015fi\u015fleri Bakan\u0131 Hakan Fidan, NATO D\u0131\u015fi\u015fleri Bakanlar\u0131 Toplant\u0131s\u0131 i\u00e7in geldi\u011fi Bel\u00e7ika\u2019da Geni\u015flemeden Sorumlu Avrupa Birli\u011fi (AB) Komiseri Marta Kos ile bir araya geldi.<\/p>\n\n\n\n<p>D\u0131\u015fi\u015fleri Bakan\u0131 Hakan Fidan, NATO D\u0131\u015fi\u015fleri Bakanlar\u0131 Toplant\u0131s\u0131\u2019na kat\u0131lmak \u00fczere Bel\u00e7ika\u2019n\u0131n ba\u015fkenti Br\u00fcksel\u2019e geldi. Bakan Fidan, temaslar\u0131 kapsam\u0131nda Geni\u015flemeden Sorumlu Avrupa Birli\u011fi (AB) Komiseri Marta Kos ile g\u00f6r\u00fc\u015ft\u00fc.<\/p>\n\n\n\n<p><\/p>\n","protected":false},"excerpt":{"rendered":"<p>D\u0131\u015fi\u015fleri Bakan\u0131 Hakan Fidan, NATO D\u0131\u015fi\u015fleri Bakanlar\u0131 Toplant\u0131s\u0131 i\u00e7in geldi\u011fi Bel\u00e7ika\u2019da Geni\u015flemeden Sorumlu Avrupa Birli\u011fi (AB) Komiseri Marta Kos ile bir araya geldi. D\u0131\u015fi\u015fleri Bakan\u0131 Hakan Fidan, NATO D\u0131\u015fi\u015fleri Bakanlar\u0131 Toplant\u0131s\u0131\u2019na kat\u0131lmak \u00fczere Bel\u00e7ika\u2019n\u0131n ba\u015fkenti Br\u00fcksel\u2019e geldi. Bakan Fidan, temaslar\u0131 kapsam\u0131nda Geni\u015flemeden Sorumlu Avrupa Birli\u011fi (AB) Komiseri Marta Kos ile g\u00f6r\u00fc\u015ft\u00fc.<\/p>\n","protected":false},"author":1,"featured_media":7231,"comment_status":"open","ping_status":"open","sticky":false,"template":"","format":"standard","meta":{"footnotes":""},"categories":[1],"tags":[868,2623,900],"class_list":["post-7229","post","type-post","status-publish","format-standard","has-post-thumbnail","hentry","category-gundem","tag-hakan-fidan","tag-marta-kos","tag-nato"],"_links":{"self":[{"href":"https:\/\/www.trabzonmanset.com\/index.php\/wp-json\/wp\/v2\/posts\/7229","targetHints":{"allow":["GET"]}}],"collection":[{"href":"https:\/\/www.trabzonmanset.com\/index.php\/wp-json\/wp\/v2\/posts"}],"about":[{"href":"https:\/\/www.trabzonmanset.com\/index.php\/wp-json\/wp\/v2\/types\/post"}],"author":[{"embeddable":true,"href":"https:\/\/www.trabzonmanset.com\/index.php\/wp-json\/wp\/v2\/users\/1"}],"replies":[{"embeddable":true,"href":"https:\/\/www.trabzonmanset.com\/index.php\/wp-json\/wp\/v2\/comments?post=7229"}],"version-history":[{"count":1,"href":"https:\/\/www.trabzonmanset.com\/index.php\/wp-json\/wp\/v2\/posts\/7229\/revisions"}],"predecessor-version":[{"id":7232,"href":"https:\/\/www.trabzonmanset.com\/index.php\/wp-json\/wp\/v2\/posts\/7229\/revisions\/7232"}],"wp:featuredmedia":[{"embeddable":true,"href":"https:\/\/www.trabzonmanset.com\/index.php\/wp-json\/wp\/v2\/media\/7231"}],"wp:attachment":[{"href":"https:\/\/www.trabzonmanset.com\/index.php\/wp-json\/wp\/v2\/media?parent=7229"}],"wp:term":[{"taxonomy":"category","embeddable":true,"href":"https:\/\/www.trabzonmanset.com\/index.php\/wp-json\/wp\/v2\/categories?post=7229"},{"taxonomy":"post_tag","embeddable":true,"href":"https:\/\/www.trabzonmanset.com\/index.php\/wp-json\/wp\/v2\/tags?post=7229"}],"curies":[{"name":"wp","href":"https:\/\/api.w.org\/{rel}","templated":true}]}}