{"id":7221,"date":"2025-12-02T19:15:00","date_gmt":"2025-12-02T16:15:00","guid":{"rendered":"https:\/\/www.trabzonmanset.com\/?p=7221"},"modified":"2025-12-02T21:18:14","modified_gmt":"2025-12-02T18:18:14","slug":"barzaninin-ortaligi-karistiran-turkiye-ziyaretine-bulent-arinctan-dikkat-ceken-yorum","status":"publish","type":"post","link":"https:\/\/www.trabzonmanset.com\/index.php\/2025\/12\/02\/barzaninin-ortaligi-karistiran-turkiye-ziyaretine-bulent-arinctan-dikkat-ceken-yorum\/","title":{"rendered":"Barzani&#8217;nin ortal\u0131\u011f\u0131 kar\u0131\u015ft\u0131ran T\u00fcrkiye ziyaretine B\u00fclent Ar\u0131n\u00e7&#8217;tan dikkat \u00e7eken yorum"},"content":{"rendered":"\n<p>Eski IKBY Ba\u015fkan\u0131 Mesud Barzani&#8217;nin, \u015e\u0131rnak&#8217;\u0131n Cizre il\u00e7esinde d\u00fczenlenen bir sempozyuma kat\u0131lmak \u00fczere yapt\u0131\u011f\u0131 T\u00fcrkiye ziyaretiyle ilgili de\u011ferlendirmelerde bulunan eski TBMM Ba\u015fkan\u0131 B\u00fclent Ar\u0131n\u00e7, toplant\u0131ya y\u00f6nelik ele\u015ftirileri anlay\u0131\u015fla kar\u015f\u0131layamad\u0131\u011f\u0131n\u0131 belirtti. Ancak Ar\u0131n\u00e7, Barzani&#8217;nin korumalar\u0131n\u0131n askeri \u00fcniformal\u0131 ve uzun namlulu silahlarla \u00e7ekilmi\u015f g\u00f6r\u00fcnt\u00fclerini yanl\u0131\u015f buldu\u011funu ifade etti.<\/p>\n\n\n\n<p>Eski T\u00fcrkiye B\u00fcy\u00fck Millet Meclisi (TBMM) Ba\u015fkan\u0131 B\u00fclent Ar\u0131n\u00e7, eski Irak K\u00fcrdistan B\u00f6lgesel Y\u00f6netimi (IKBY) Ba\u015fkan\u0131 Mesud Barzani&#8217;nin \u015e\u0131rnak&#8217;\u0131n Cizre il\u00e7esinde d\u00fczenlenen bir sempozyuma kat\u0131lmak \u00fczere yapt\u0131\u011f\u0131 T\u00fcrkiye ziyaretiyle ilgili dikkat \u00e7eken de\u011ferlendirmelerde bulundu.<\/p>\n\n\n\n<p>Sosyal medya \u00fczerinden yapt\u0131\u011f\u0131 a\u00e7\u0131klamas\u0131nda, sempozyuma y\u00f6nelik ele\u015ftirileri anlay\u0131\u015fla kar\u015f\u0131layamad\u0131\u011f\u0131n\u0131 belirten Ar\u0131n\u00e7, Barzani&#8217;nin korumalar\u0131n\u0131n asker\u00ee \u00fcniforma ve uzun namlulu silahlarla \u00e7ekilmi\u015f g\u00f6r\u00fcnt\u00fclerini ise yanl\u0131\u015f buldu\u011funu ifade etti.<\/p>\n\n\n\n<h3 class=\"wp-block-heading\">&#8220;YORUM YAPANLARIN B\u0130R\u00c7O\u011eU MESUD BARZAN\u0130&#8217;Y\u0130 TANIMAYAN VE \u00d6NYARGILI K\u0130\u015e\u0130LER&#8221;<\/h3>\n\n\n\n<p>Ar\u0131n\u00e7, a\u00e7\u0131klamas\u0131nda \u015fu ifadelere yer verdi: &#8220;\u015e\u0131rnak&#8217;ta d\u00fczenlenen Melaye Ciziri Sempozyumu&#8217;na Say\u0131n Mesud Barzani&#8217;nin kat\u0131lmas\u0131 olumlu kar\u015f\u0131lanm\u0131\u015ft\u0131r. \u0130\u00e7i\u015fleri Bakan Yard\u0131mc\u0131m\u0131z\u0131n, Valimizin, AK Parti&#8217;nin ge\u00e7mi\u015f ve bu d\u00f6nem milletvekillerinin ve \u00e7ok \u00f6nemli bilim adamlar\u0131n\u0131n kat\u0131l\u0131m\u0131yla b\u00f6yle bir toplant\u0131n\u0131n tertip edilmesini ben de \u00e7ok do\u011fru buluyorum.<\/p>\n\n\n\n<p>S\u00f6z konusu sempozyum hakk\u0131nda kamuoyunda yerli yersiz pek \u00e7ok tart\u0131\u015fma a\u00e7\u0131ld\u0131\u011f\u0131n\u0131 g\u00f6zlemledim. Bu tart\u0131\u015fmalar\u0131 yersiz buldu\u011fumu ifade etmek isterim. Yorum yapanlar\u0131n bir\u00e7o\u011fu Mesud Barzani&#8217;yi tan\u0131mayan ve \u00f6nyarg\u0131l\u0131 ki\u015filerdir. Say\u0131n Mesud Barzani 1979 y\u0131l\u0131ndan bug\u00fcne Kuzey Irak K\u00fcrdistan Demokrat Partisi ba\u015fkan\u0131d\u0131r ve bu parti iktidar \u00e7o\u011funlu\u011funu halen elinde bulundurmaktad\u0131r. K\u00fcrdistan B\u00f6lgesel Y\u00f6netimi Ba\u015fkanl\u0131\u011f\u0131 ve Ba\u015fbakanl\u0131k g\u00f6revlerinde bulunmu\u015ftur.<\/p>\n\n\n\n<h3 class=\"wp-block-heading\">&#8220;S\u00dcRE\u00c7LE ALAKALI OLARAK \u00d6NEML\u0130 MESAJLAR VERM\u0130\u015eT\u0130R&#8221;<\/h3>\n\n\n\n<p>Yap\u0131lan toplant\u0131 bilimsel bir toplant\u0131d\u0131r. Melaye Ciziri 1567-1640 y\u0131llar\u0131 aras\u0131nda ya\u015fam\u0131\u015f Osmanl\u0131 d\u00f6nemi alimlerinden biridir. Ahmed-i Hani ve Feqiy\u00ea Teyran gibi K\u00fcrt as\u0131ll\u0131 olup bu co\u011frafyan\u0131n ortak inan\u00e7 ve k\u00fclt\u00fcrel de\u011ferlerinden biridir. Bu alimlerin an\u0131ld\u0131\u011f\u0131 ve eserlerinin okundu\u011fu bir toplant\u0131ya k\u00f6t\u00fc g\u00f6zle bak\u0131lmas\u0131n\u0131 yanl\u0131\u015f buluyorum. Toplant\u0131n\u0131n i\u00e7eri\u011fi ve b\u00f6lgede meydana getirdi\u011fi heyecan itibariyle \u00f6nemli bir d\u00f6n\u00fcm noktas\u0131n\u0131 olaca\u011f\u0131n\u0131 d\u00fc\u015f\u00fcn\u00fcyorum. Kald\u0131 ki Say\u0131n Mesud Barzani de konu\u015fmas\u0131nda s\u00fcre\u00e7le alakal\u0131 olarak olduk\u00e7a \u00f6nemli mesajlar vermi\u015ftir. Dolay\u0131s\u0131 ile bu toplant\u0131ya y\u00f6nelik olarak yap\u0131lan baz\u0131 ele\u015ftirileri anlay\u0131\u015fla kar\u015f\u0131layam\u0131yorum.<\/p>\n\n\n\n<h3 class=\"wp-block-heading\">&#8220;KORUMALARIN G\u00d6R\u00dcNT\u00dcLER\u0130NE DA\u0130R TEPK\u0130LER\u0130 DE HAKLI BULUYORUM&#8221;<\/h3>\n\n\n\n<p>Ancak olumsuz ele\u015ftirilerin merkezine konumlanan silahl\u0131 korumalar\u0131n g\u00f6r\u00fcnt\u00fclerine dair tepkileri de hakl\u0131 buluyorum. T\u00fcrkiye, Say\u0131n Barzani&#8217;nin g\u00fcvenli\u011fini, ziyaretlerde bulunan b\u00fct\u00fcn resmi g\u00f6revlilerde oldu\u011fu gibi kendisi pek \u00e2l\u00e2 sa\u011flamaktad\u0131r. Dolay\u0131s\u0131 ile bu g\u00f6r\u00fcnt\u00fcler hakl\u0131 tepkilere sebep olmu\u015ftur.<\/p>\n\n\n\n<figure class=\"wp-block-image size-full\"><img loading=\"lazy\" decoding=\"async\" width=\"640\" height=\"815\" src=\"https:\/\/www.trabzonmanset.com\/wp-content\/uploads\/2025\/12\/bulent-arinc-tan-barzani-nin-ziyaretine-destek-19315579_2301_m.webp?wsr\" alt=\"\" class=\"wp-image-7222\" srcset=\"https:\/\/www.trabzonmanset.com\/wp-content\/uploads\/2025\/12\/bulent-arinc-tan-barzani-nin-ziyaretine-destek-19315579_2301_m.webp 640w, https:\/\/www.trabzonmanset.com\/wp-content\/uploads\/2025\/12\/bulent-arinc-tan-barzani-nin-ziyaretine-destek-19315579_2301_m-236x300.webp 236w\" sizes=\"auto, (max-width: 640px) 100vw, 640px\" \/><\/figure>\n\n\n\n<h3 class=\"wp-block-heading\">&#8220;GE\u00c7M\u0130\u015eTEN BUG\u00dcNE PKK \u0130LE M\u00dcCADELE ETM\u0130\u015eT\u0130R&#8221;<\/h3>\n\n\n\n<p>T\u00fcrkiye, K\u00fcrdistan B\u00f6lgesel Y\u00f6netimi i\u00e7in ne kadar \u00f6nemliyse Say\u0131n Barzani ve y\u00f6netimi de bizim i\u00e7in o kadar \u00f6nemlidir. Bu ili\u015fkileri g\u00f6lgeleyecek hi\u00e7bir \u015feyin yan\u0131nda olamay\u0131z. Ben, kendisini daha s\u0131k T\u00fcrkiye&#8217;de g\u00f6rmeyi arzu ediyorum.<\/p>\n\n\n\n<p>2013 y\u0131l\u0131nda y\u00fcr\u00fct\u00fclen s\u00fcre\u00e7te de Say\u0131n Mesud Barzani, Diyarbak\u0131r&#8217;a gelmi\u015f ve s\u00fcrece b\u00fcy\u00fck bir destek vermi\u015ftir. T\u00fcrkiye&#8217;nin dostudur. Bar\u0131\u015f s\u00fcre\u00e7leri dahil her daim T\u00fcrkiye&#8217;nin yan\u0131nda yer alm\u0131\u015f ve \u00fclkemizdeki muhafazak\u00e2r K\u00fcrtler nazar\u0131nda da olduk\u00e7a sevilen bir isim olmu\u015ftur. Ge\u00e7mi\u015ften bug\u00fcne PKK ile m\u00fccadele etmi\u015ftir. \u015eu anda da s\u00fcrece T\u00fcrkiye&#8217;nin yan\u0131nda olarak en b\u00fcy\u00fck deste\u011fi veren isimlerden biridir.&#8221;<\/p>\n\n\n\n<figure class=\"wp-block-image size-full\"><img loading=\"lazy\" decoding=\"async\" width=\"429\" height=\"770\" src=\"https:\/\/www.trabzonmanset.com\/wp-content\/uploads\/2025\/12\/bulent-arinc-tan-barzani-nin-ziyaretine-destek-19315579_4731_m.webp?wsr\" alt=\"\" class=\"wp-image-7223\" srcset=\"https:\/\/www.trabzonmanset.com\/wp-content\/uploads\/2025\/12\/bulent-arinc-tan-barzani-nin-ziyaretine-destek-19315579_4731_m.webp 429w, https:\/\/www.trabzonmanset.com\/wp-content\/uploads\/2025\/12\/bulent-arinc-tan-barzani-nin-ziyaretine-destek-19315579_4731_m-167x300.webp 167w\" sizes=\"auto, (max-width: 429px) 100vw, 429px\" \/><\/figure>\n\n\n\n<p><\/p>\n","protected":false},"excerpt":{"rendered":"<p>Eski IKBY Ba\u015fkan\u0131 Mesud Barzani&#8217;nin, \u015e\u0131rnak&#8217;\u0131n Cizre il\u00e7esinde d\u00fczenlenen bir sempozyuma kat\u0131lmak \u00fczere yapt\u0131\u011f\u0131 T\u00fcrkiye ziyaretiyle ilgili de\u011ferlendirmelerde bulunan eski TBMM Ba\u015fkan\u0131 B\u00fclent Ar\u0131n\u00e7, toplant\u0131ya y\u00f6nelik ele\u015ftirileri anlay\u0131\u015fla kar\u015f\u0131layamad\u0131\u011f\u0131n\u0131 belirtti. Ancak Ar\u0131n\u00e7, Barzani&#8217;nin korumalar\u0131n\u0131n askeri \u00fcniformal\u0131 ve uzun namlulu silahlarla \u00e7ekilmi\u015f g\u00f6r\u00fcnt\u00fclerini yanl\u0131\u015f buldu\u011funu ifade etti. Eski T\u00fcrkiye B\u00fcy\u00fck Millet Meclisi (TBMM) Ba\u015fkan\u0131 B\u00fclent Ar\u0131n\u00e7, [&hellip;]<\/p>\n","protected":false},"author":1,"featured_media":7224,"comment_status":"open","ping_status":"open","sticky":false,"template":"","format":"standard","meta":{"footnotes":""},"categories":[1],"tags":[2398,2620,550,546,565,2069,154],"class_list":["post-7221","post","type-post","status-publish","format-standard","has-post-thumbnail","hentry","category-gundem","tag-bulent-arinc","tag-cizre","tag-gundem","tag-orta-dogu","tag-politika","tag-sirnak","tag-turkiye"],"_links":{"self":[{"href":"https:\/\/www.trabzonmanset.com\/index.php\/wp-json\/wp\/v2\/posts\/7221","targetHints":{"allow":["GET"]}}],"collection":[{"href":"https:\/\/www.trabzonmanset.com\/index.php\/wp-json\/wp\/v2\/posts"}],"about":[{"href":"https:\/\/www.trabzonmanset.com\/index.php\/wp-json\/wp\/v2\/types\/post"}],"author":[{"embeddable":true,"href":"https:\/\/www.trabzonmanset.com\/index.php\/wp-json\/wp\/v2\/users\/1"}],"replies":[{"embeddable":true,"href":"https:\/\/www.trabzonmanset.com\/index.php\/wp-json\/wp\/v2\/comments?post=7221"}],"version-history":[{"count":1,"href":"https:\/\/www.trabzonmanset.com\/index.php\/wp-json\/wp\/v2\/posts\/7221\/revisions"}],"predecessor-version":[{"id":7225,"href":"https:\/\/www.trabzonmanset.com\/index.php\/wp-json\/wp\/v2\/posts\/7221\/revisions\/7225"}],"wp:featuredmedia":[{"embeddable":true,"href":"https:\/\/www.trabzonmanset.com\/index.php\/wp-json\/wp\/v2\/media\/7224"}],"wp:attachment":[{"href":"https:\/\/www.trabzonmanset.com\/index.php\/wp-json\/wp\/v2\/media?parent=7221"}],"wp:term":[{"taxonomy":"category","embeddable":true,"href":"https:\/\/www.trabzonmanset.com\/index.php\/wp-json\/wp\/v2\/categories?post=7221"},{"taxonomy":"post_tag","embeddable":true,"href":"https:\/\/www.trabzonmanset.com\/index.php\/wp-json\/wp\/v2\/tags?post=7221"}],"curies":[{"name":"wp","href":"https:\/\/api.w.org\/{rel}","templated":true}]}}