{"id":7218,"date":"2025-12-02T20:12:00","date_gmt":"2025-12-02T17:12:00","guid":{"rendered":"https:\/\/www.trabzonmanset.com\/?p=7218"},"modified":"2025-12-02T21:14:18","modified_gmt":"2025-12-02T18:14:18","slug":"turkiyede-yasam-suresi-en-uzun-sehir-tunceli-oldu","status":"publish","type":"post","link":"https:\/\/www.trabzonmanset.com\/index.php\/2025\/12\/02\/turkiyede-yasam-suresi-en-uzun-sehir-tunceli-oldu\/","title":{"rendered":"T\u00fcrkiye&#8217;de ya\u015fam s\u00fcresi en uzun \u015fehir Tunceli oldu"},"content":{"rendered":"\n<p>T\u00dc\u0130K&#8217;in payla\u015ft\u0131\u011f\u0131 son veriler, T\u00fcrkiye&#8217;de ya\u015fam s\u00fcresine ili\u015fkin \u00e7arp\u0131c\u0131 sonu\u00e7lar\u0131 ortaya koydu. Buna g\u00f6re, \u00fclkemizde do\u011fu\u015fta beklenen ortalama ya\u015fam s\u00fcresi 78,3 y\u0131l olarak hesaplan\u0131rken en uzun ya\u015fam s\u00fcresine sahip il Tunceli oldu.<\/p>\n\n\n\n<p>T\u00fcrkiye \u0130statistik Kurumu&#8217;nun (T\u00dc\u0130K) yeni verileri, \u00fclkemizde ya\u015fam s\u00fcresinin \u015fehirden \u015fehre nas\u0131l de\u011fi\u015fti\u011fini g\u00f6zler \u00f6n\u00fcne serdi. Do\u011fu\u015fta beklenen ortalama ya\u015fam s\u00fcresi 78,3 y\u0131la y\u00fckselirken, baz\u0131 illerde bu s\u00fcrenin \u00fclke ortalamas\u0131n\u0131n belirgin bi\u00e7imde \u00fczerinde oldu\u011fu belirlendi. Listenin zirvesinde ise s\u00fcrpriz bir \u015fehir yer al\u0131yor.<\/p>\n\n\n\n<h3 class=\"wp-block-heading\">TUNCEL\u0130 Z\u0130RVEDE<\/h3>\n\n\n\n<p>\u0130l baz\u0131nda yap\u0131lan de\u011ferlendirmelerde, T\u00fcrkiye&#8217;de en uzun ya\u015fam s\u00fcresine sahip ilin Tunceli oldu\u011fu ortaya \u00e7\u0131kt\u0131. Tunceli&#8217;de kad\u0131nlarda beklenen ya\u015fam s\u00fcresi 84,1 y\u0131l, erkeklerde 77 y\u0131l, genel ortalamada ise 80,3 y\u0131l olarak \u00f6l\u00e7\u00fcld\u00fc.<\/p>\n\n\n\n<p>Tunceli&#8217;yi ikinci s\u0131rada Mu\u011fla izledi. Mu\u011fla&#8217;da kad\u0131nlar\u0131n ortalama ya\u015fam s\u00fcresi 84 y\u0131l, erkeklerde 77,7 y\u0131l, toplamda ise 80,7 y\u0131l oldu.<\/p>\n\n\n\n<h3 class=\"wp-block-heading\">EGE VE KARADEN\u0130Z \u00d6NDE<\/h3>\n\n\n\n<p>Veriler, uzun ya\u015fam s\u00fcresine sahip illerin b\u00fcy\u00fck b\u00f6l\u00fcm\u00fcn\u00fcn Ege ve Karadeniz b\u00f6lgelerinde yer ald\u0131\u011f\u0131n\u0131 g\u00f6sterirken ilk 10&#8217;da Do\u011fa Anadolu B\u00f6lgesi&#8217;nden sadece bir kentimiz yer ald\u0131.<\/p>\n\n\n\n<p><a href=\"https:\/\/www.sondakika.com\/yasam\/\">Ya\u015fam<\/a> s\u00fcresi en y\u00fcksek baz\u0131 \u015fehirler \u015f\u00f6yle:<\/p>\n\n\n\n<p>3. G\u00fcm\u00fc\u015fhane: Kad\u0131n 83,5 y\u0131l \u2013 Erkek 78,1 y\u0131l \u2013 Ortalama 80,8 y\u0131l<\/p>\n\n\n\n<p>4. Trabzon: Kad\u0131n 83,8 y\u0131l \u2013 Erkek 76,8 y\u0131l \u2013 Ortalama 80,3 y\u0131l<\/p>\n\n\n\n<p>5. Giresun: Kad\u0131n 83,5 y\u0131l \u2013 Erkek 76,6 y\u0131l \u2013 Ortalama 80 y\u0131l<\/p>\n\n\n\n<p>6. Rize: Kad\u0131n 83,3 y\u0131l \u2013 Erkek 75,5 y\u0131l \u2013 Ortalama 79,4 y\u0131l<\/p>\n\n\n\n<p>7. Ordu: Kad\u0131n 83 y\u0131l \u2013 Erkek 77,2 y\u0131l \u2013 Ortalama 80 y\u0131l<\/p>\n\n\n\n<p>8. Erzincan: Kad\u0131n 82,3 y\u0131l \u2013 Erkek 76,9 y\u0131l \u2013 Ortalama 79,6 y\u0131l<\/p>\n\n\n\n<p>9. Artvin: Kad\u0131n 82,4 y\u0131l \u2013 Erkek 77,3 y\u0131l \u2013 Ortalama 79,7 y\u0131l<\/p>\n\n\n\n<p>10. Antalya: Kad\u0131n 82,4 y\u0131l \u2013 Erkek 77,3 y\u0131l \u2013 Ortalama 79,7 y\u0131l<\/p>\n\n\n\n<p>T\u00dc\u0130K&#8217;in verilerine g\u00f6re, \u00f6zellikle do\u011fas\u0131, ya\u015fam tarz\u0131 ve sosyoekonomik ko\u015fullar\u0131yla \u00f6ne \u00e7\u0131kan bu \u015fehirlerde ortalama \u00f6m\u00fcr, \u00fclke genelinin \u00fczerine \u00e7\u0131k\u0131yor.<\/p>\n\n\n\n<p><\/p>\n","protected":false},"excerpt":{"rendered":"<p>T\u00dc\u0130K&#8217;in payla\u015ft\u0131\u011f\u0131 son veriler, T\u00fcrkiye&#8217;de ya\u015fam s\u00fcresine ili\u015fkin \u00e7arp\u0131c\u0131 sonu\u00e7lar\u0131 ortaya koydu. Buna g\u00f6re, \u00fclkemizde do\u011fu\u015fta beklenen ortalama ya\u015fam s\u00fcresi 78,3 y\u0131l olarak hesaplan\u0131rken en uzun ya\u015fam s\u00fcresine sahip il Tunceli oldu. T\u00fcrkiye \u0130statistik Kurumu&#8217;nun (T\u00dc\u0130K) yeni verileri, \u00fclkemizde ya\u015fam s\u00fcresinin \u015fehirden \u015fehre nas\u0131l de\u011fi\u015fti\u011fini g\u00f6zler \u00f6n\u00fcne serdi. Do\u011fu\u015fta beklenen ortalama ya\u015fam s\u00fcresi 78,3 y\u0131la [&hellip;]<\/p>\n","protected":false},"author":1,"featured_media":7219,"comment_status":"open","ping_status":"open","sticky":false,"template":"","format":"standard","meta":{"footnotes":""},"categories":[1349],"tags":[176,312,96,1716,2619,154,491],"class_list":["post-7218","post","type-post","status-publish","format-standard","has-post-thumbnail","hentry","category-yasam","tag-dunya","tag-egitim","tag-saglik","tag-tuik","tag-tunceli","tag-turkiye","tag-yasam"],"_links":{"self":[{"href":"https:\/\/www.trabzonmanset.com\/index.php\/wp-json\/wp\/v2\/posts\/7218","targetHints":{"allow":["GET"]}}],"collection":[{"href":"https:\/\/www.trabzonmanset.com\/index.php\/wp-json\/wp\/v2\/posts"}],"about":[{"href":"https:\/\/www.trabzonmanset.com\/index.php\/wp-json\/wp\/v2\/types\/post"}],"author":[{"embeddable":true,"href":"https:\/\/www.trabzonmanset.com\/index.php\/wp-json\/wp\/v2\/users\/1"}],"replies":[{"embeddable":true,"href":"https:\/\/www.trabzonmanset.com\/index.php\/wp-json\/wp\/v2\/comments?post=7218"}],"version-history":[{"count":1,"href":"https:\/\/www.trabzonmanset.com\/index.php\/wp-json\/wp\/v2\/posts\/7218\/revisions"}],"predecessor-version":[{"id":7220,"href":"https:\/\/www.trabzonmanset.com\/index.php\/wp-json\/wp\/v2\/posts\/7218\/revisions\/7220"}],"wp:featuredmedia":[{"embeddable":true,"href":"https:\/\/www.trabzonmanset.com\/index.php\/wp-json\/wp\/v2\/media\/7219"}],"wp:attachment":[{"href":"https:\/\/www.trabzonmanset.com\/index.php\/wp-json\/wp\/v2\/media?parent=7218"}],"wp:term":[{"taxonomy":"category","embeddable":true,"href":"https:\/\/www.trabzonmanset.com\/index.php\/wp-json\/wp\/v2\/categories?post=7218"},{"taxonomy":"post_tag","embeddable":true,"href":"https:\/\/www.trabzonmanset.com\/index.php\/wp-json\/wp\/v2\/tags?post=7218"}],"curies":[{"name":"wp","href":"https:\/\/api.w.org\/{rel}","templated":true}]}}