{"id":7201,"date":"2025-12-01T22:15:00","date_gmt":"2025-12-01T19:15:00","guid":{"rendered":"https:\/\/www.trabzonmanset.com\/?p=7201"},"modified":"2025-12-01T23:18:52","modified_gmt":"2025-12-01T20:18:52","slug":"bakan-simsek-bae-turkiye-icin-stratejik-bir-dosttur","status":"publish","type":"post","link":"https:\/\/www.trabzonmanset.com\/index.php\/2025\/12\/01\/bakan-simsek-bae-turkiye-icin-stratejik-bir-dosttur\/","title":{"rendered":"Bakan \u015eim\u015fek: BAE, T\u00fcrkiye i\u00e7in stratejik bir dosttur"},"content":{"rendered":"\n<p>Hazine ve Maliye Bakan\u0131 Mehmet \u015eim\u015fek, \u201cBirle\u015fik Arap Emirlikleri (BAE), T\u00fcrkiye i\u00e7in hem \u00f6nemli bir ortak hem de stratejik bir dosttur. Siyasi ili\u015fkilerimiz bug\u00fcn olduk\u00e7a g\u00fc\u00e7l\u00fc d\u00fczeydedir\u201d dedi.<\/p>\n\n\n\n<p>BAE Ankara B\u00fcy\u00fckel\u00e7ili\u011fi taraf\u0131ndan d\u00fczenlenen, &#8216;Al Bait Al Emarati-Birle\u015fik Arap Emirlikleri Evi\/K\u00fclt\u00fcr Bulu\u015fmas\u0131&#8217; etkinli\u011fi ve \u201854&#8217;\u00fcnc\u00fc Birlik G\u00fcn\u00fc\u2019 program\u0131 Ankara Ticaret Odas\u0131 (ATO) Congresium&#8217;da ger\u00e7ekle\u015ftirildi. Programa, BAE&#8217;nin Ankara B\u00fcy\u00fckel\u00e7isi Said Sani ez-Zahiri\u2019nin yan\u0131 s\u0131ra Hazine ve Maliye Bakan\u0131 Mehmet \u015eim\u015fek, AK Parti Bursa Milletvekili Mustafa Varank ve davetliler kat\u0131ld\u0131.<\/p>\n\n\n\n<p>Resepsiyonda konu\u015fan, BAE&#8217;nin Ankara B\u00fcy\u00fckel\u00e7isi Said Sani ez-Zahiri, BAE\u2019nin, b\u00f6lgesel ve uluslararas\u0131 d\u00fczeyde istikrar\u0131, i\u015f birli\u011fini ve diyalo\u011fu destekleyen bir \u00fclke olarak k\u00fcresel rol\u00fcn\u00fc g\u00fc\u00e7lendirmeye devam etti\u011fini ifade ederek, \u201cBAE, kapsaml\u0131 bir vizyonla hareket ederek d\u00fcnyadaki t\u00fcm halklar\u0131n kalk\u0131nma ve refaha ula\u015fmas\u0131 i\u00e7in \u00f6nemli k\u00fcresel meselelerin \u00e7\u00f6z\u00fcm\u00fcnde \u00f6nde gelen katk\u0131 sa\u011flay\u0131c\u0131 \u00fclkelerden biri haline gelmi\u015ftir. Bu \u00e7er\u00e7evede, son y\u0131llarda BAE\u2013T\u00fcrkiye ili\u015fkilerinin ula\u015ft\u0131\u011f\u0131 dikkat \u00e7ekici geli\u015fmeyi bir kez daha vurguluyoruz\u201d diye konu\u015ftu.<\/p>\n\n\n\n<p><strong>&#8216;\u0130\u015e B\u0130RL\u0130\u011e\u0130M\u0130Z SONU\u00c7 ODAKLI B\u0130R YAPIYA ULA\u015eMI\u015eTIR&#8217;<\/strong><\/p>\n\n\n\n<p>Birle\u015fik Arap Emirlikleri\u2019nin k\u0131sa say\u0131labilecek bir s\u00fcrede d\u00fcnyada \u00f6rnek g\u00f6sterilecek bir kalk\u0131nma ve ba\u015far\u0131 hikayesi ortaya koydu\u011funu kaydeden Bakan \u015eim\u015fek, \u201cBu etkileyici y\u00fckseli\u015fin \u00f6n\u00fcm\u00fczdeki d\u00f6nemde de g\u00fc\u00e7lenerek devam edece\u011fine y\u00fcrekten inan\u0131yoruz. Birle\u015fik Arap Emirlikleri, T\u00fcrkiye i\u00e7in hem \u00f6nemli bir ortak hem de stratejik bir dosttur. Siyasi ili\u015fkilerimiz bug\u00fcn olduk\u00e7a g\u00fc\u00e7l\u00fc d\u00fczeydedir. Son d\u00f6nemde artan \u00fcst d\u00fczey temaslar ve etkin kurumsal mekanizmalar sayesinde i\u015f birli\u011fimiz \u00e7ok daha sonu\u00e7 odakl\u0131 bir yap\u0131ya ula\u015fm\u0131\u015ft\u0131r. Nitekim ge\u00e7ti\u011fimiz Temmuz ay\u0131nda liderlerimiz e\u015f ba\u015fkanl\u0131\u011f\u0131nda ger\u00e7ekle\u015ftirilen \u2018y\u00fcksek d\u00fczeyli stratejik konsey\u2019in ilk toplant\u0131s\u0131 bunun somut bir g\u00f6stergesidir. \u0130kili ekonomik ili\u015fkilerimizin \u00e7e\u015fitlendirilmesine ve derinle\u015ftirilmesine b\u00fcy\u00fck \u00f6nem veriyoruz. E\u015f ba\u015fkanl\u0131\u011f\u0131n\u0131 y\u00fcr\u00fctt\u00fc\u011f\u00fcm \u2018Karma Ekonomik Komisyonu\u2019 (KEK) bu anlamda en dinamik ve en kapsay\u0131c\u0131 platformlardan bir tanesidir\u201d ifadelerinde bulundu.<\/p>\n\n\n\n<p><strong>\u2018B\u0130R SONRAK\u0130 KEK TOPLANTISINA EV SAH\u0130PL\u0130\u011e\u0130 YAPMAYI HEDEFL\u0130YORUZ\u2019<\/strong><\/p>\n\n\n\n<p>KEK arac\u0131l\u0131\u011f\u0131yla ticaretten yat\u0131r\u0131mlara turizmden tar\u0131ma enerjiden dijital d\u00f6n\u00fc\u015fme kadar bir\u00e7ok alanda \u00e7al\u0131\u015fma imkan\u0131na sahip olduklar\u0131n\u0131 belirten Bakan \u015eim\u015fek, konu\u015fmas\u0131n\u0131 \u015f\u00f6yle s\u00fcrd\u00fcrd\u00fc:<\/p>\n\n\n\n<p>\u201cBir sonraki KEK toplant\u0131s\u0131na ev sahipli\u011fi yapmay\u0131 sab\u0131rs\u0131zl\u0131kla bekliyor, ortak menfaatlerimizi somut projelere d\u00f6n\u00fc\u015ft\u00fcrmeyi hedefliyoruz. De\u011ferli misafirler T\u00fcrkiye ve Birle\u015fik Arap Emirlikleri h\u0131zla d\u00f6n\u00fc\u015fen k\u00fcresel ekonomide birbirini tamamlayan iki g\u00fc\u00e7l\u00fc ortak olarak \u00f6n plana \u00e7\u0131kmaktad\u0131r. Birle\u015fik Arap Emirlikleri&#8217;nin ekonomiyi \u00e7e\u015fitlendirme, enerji d\u00f6n\u00fc\u015f\u00fcm\u00fcn\u00fc h\u0131zland\u0131rma, lojistik a\u011flar\u0131n\u0131 g\u00fc\u00e7lendirme ve y\u00fcksek teknolojilere odaklanma vizyonuyla, T\u00fcrkiye&#8217;nin g\u00fc\u00e7l\u00fc sanayi ve hizmet altyap\u0131s\u0131 nitelikli i\u015f g\u00fcc\u00fc ve b\u00f6lgesel tedarik zinciri kapasitesiyle do\u011fal bir uyum olu\u015fturmaktad\u0131r. K\u00fcresel belirsizliklerin ve korumac\u0131l\u0131\u011f\u0131n artt\u0131\u011f\u0131 bir d\u00f6nemde b\u00f6lgesel entegrasyonu ekonomik dayan\u0131kl\u0131l\u0131\u011f\u0131n temel unsurlar\u0131ndan biri olarak g\u00f6r\u00fcyoruz. Orta Do\u011fu, Orta Asya ve Afrika \u00fclkeleriyle sahip oldu\u011fumuz yak\u0131n ili\u015fkiler ortak ticaretimizi daha da b\u00fcy\u00fctmek i\u00e7in \u00f6nemli bir f\u0131rsat sunmaktad\u0131r. Bu \u00e7er\u00e7evede T\u00fcrkiye K\u00f6rfez \u0130\u015fbirli\u011fi Konseyi serbest ticaret anla\u015fmas\u0131 m\u00fczakerelerinin en k\u0131sa s\u00fcrede sonu\u00e7lanmas\u0131n\u0131 bekliyoruz. Yenilenebilir enerji, ileri imalat, savunma sanayi, yapay zeka, finansal teknolojiler ve temiz teknoloji gibi stratejik alanlarda i\u015fbirli\u011fimizi \u00e7ok daha ileri ta\u015f\u0131maya haz\u0131r\u0131z. Kar\u015f\u0131l\u0131kl\u0131 yat\u0131r\u0131mlar\u0131n artt\u0131r\u0131lmas\u0131, ortak ARGE projeleri ve 3\u2019\u00fcnc\u00fc \u00fclkelerde kuraca\u011f\u0131m\u0131z i\u015fbirlikleri \u00fclkelerimizin k\u00fcresel rekabet g\u00fcc\u00fcn\u00fc daha da artt\u0131racakt\u0131r. T\u00fcrkiye ve Birle\u015fik Arap Emirlikleri ekonomik ortakl\u0131\u011f\u0131n\u0131n \u00f6n\u00fcm\u00fczdeki d\u00f6nemde yeni bir ivme kazanaca\u011f\u0131na y\u00fcrekten inan\u0131yoruz.\u201d<\/p>\n\n\n\n<p>Kaynak: DHA<\/p>\n\n\n\n<p><\/p>\n","protected":false},"excerpt":{"rendered":"<p>Hazine ve Maliye Bakan\u0131 Mehmet \u015eim\u015fek, \u201cBirle\u015fik Arap Emirlikleri (BAE), T\u00fcrkiye i\u00e7in hem \u00f6nemli bir ortak hem de stratejik bir dosttur. Siyasi ili\u015fkilerimiz bug\u00fcn olduk\u00e7a g\u00fc\u00e7l\u00fc d\u00fczeydedir\u201d dedi. BAE Ankara B\u00fcy\u00fckel\u00e7ili\u011fi taraf\u0131ndan d\u00fczenlenen, &#8216;Al Bait Al Emarati-Birle\u015fik Arap Emirlikleri Evi\/K\u00fclt\u00fcr Bulu\u015fmas\u0131&#8217; etkinli\u011fi ve \u201854&#8217;\u00fcnc\u00fc Birlik G\u00fcn\u00fc\u2019 program\u0131 Ankara Ticaret Odas\u0131 (ATO) Congresium&#8217;da ger\u00e7ekle\u015ftirildi. Programa, BAE&#8217;nin [&hellip;]<\/p>\n","protected":false},"author":1,"featured_media":7202,"comment_status":"open","ping_status":"open","sticky":false,"template":"","format":"standard","meta":{"footnotes":""},"categories":[7,1],"tags":[2615,2616,1552,597,2617],"class_list":["post-7201","post","type-post","status-publish","format-standard","has-post-thumbnail","hentry","category-ekonomi","category-gundem","tag-al-bait-al-emarati","tag-ato","tag-bae","tag-mehmet-simsek","tag-said-sani-ez-zahiri"],"_links":{"self":[{"href":"https:\/\/www.trabzonmanset.com\/index.php\/wp-json\/wp\/v2\/posts\/7201","targetHints":{"allow":["GET"]}}],"collection":[{"href":"https:\/\/www.trabzonmanset.com\/index.php\/wp-json\/wp\/v2\/posts"}],"about":[{"href":"https:\/\/www.trabzonmanset.com\/index.php\/wp-json\/wp\/v2\/types\/post"}],"author":[{"embeddable":true,"href":"https:\/\/www.trabzonmanset.com\/index.php\/wp-json\/wp\/v2\/users\/1"}],"replies":[{"embeddable":true,"href":"https:\/\/www.trabzonmanset.com\/index.php\/wp-json\/wp\/v2\/comments?post=7201"}],"version-history":[{"count":1,"href":"https:\/\/www.trabzonmanset.com\/index.php\/wp-json\/wp\/v2\/posts\/7201\/revisions"}],"predecessor-version":[{"id":7203,"href":"https:\/\/www.trabzonmanset.com\/index.php\/wp-json\/wp\/v2\/posts\/7201\/revisions\/7203"}],"wp:featuredmedia":[{"embeddable":true,"href":"https:\/\/www.trabzonmanset.com\/index.php\/wp-json\/wp\/v2\/media\/7202"}],"wp:attachment":[{"href":"https:\/\/www.trabzonmanset.com\/index.php\/wp-json\/wp\/v2\/media?parent=7201"}],"wp:term":[{"taxonomy":"category","embeddable":true,"href":"https:\/\/www.trabzonmanset.com\/index.php\/wp-json\/wp\/v2\/categories?post=7201"},{"taxonomy":"post_tag","embeddable":true,"href":"https:\/\/www.trabzonmanset.com\/index.php\/wp-json\/wp\/v2\/tags?post=7201"}],"curies":[{"name":"wp","href":"https:\/\/api.w.org\/{rel}","templated":true}]}}