{"id":7178,"date":"2025-11-30T20:00:00","date_gmt":"2025-11-30T17:00:00","guid":{"rendered":"https:\/\/www.trabzonmanset.com\/?p=7178"},"modified":"2025-11-30T22:58:11","modified_gmt":"2025-11-30T19:58:11","slug":"yanginda-7-kisinin-oldugu-fabrikanin-tutuklu-sahibi-kalp-krizinden-oldu","status":"publish","type":"post","link":"https:\/\/www.trabzonmanset.com\/index.php\/2025\/11\/30\/yanginda-7-kisinin-oldugu-fabrikanin-tutuklu-sahibi-kalp-krizinden-oldu\/","title":{"rendered":"Yang\u0131nda, 7 ki\u015finin \u00f6ld\u00fc\u011f\u00fc fabrikan\u0131n tutuklu sahibi kalp krizinden \u00f6ld\u00fc"},"content":{"rendered":"\n<p>Kocaeli\u2019nin Dilovas\u0131 il\u00e7esindeki yang\u0131nda 7 ki\u015finin \u00f6ld\u00fc\u011f\u00fc kozmetik fabrikas\u0131n\u0131n sahibi Kurtulu\u015f Oransal, tutuklu bulundu\u011fu cezaevinde ge\u00e7irdi\u011fi kalp krizinin ard\u0131ndan kald\u0131r\u0131ld\u0131\u011f\u0131 hastanede \u00f6ld\u00fc.<\/p>\n\n\n\n<p>Dilovas\u0131&#8217;na ba\u011fl\u0131 Mimar Sinan Mahallesi Mimar Sinan Caddesi&#8217;ndeki bir kozmetik fabrikas\u0131nda, 8 Kas\u0131m&#8217;da saat 09.00 s\u0131ralar\u0131nda yang\u0131n \u00e7\u0131kt\u0131.<\/p>\n\n\n\n<figure class=\"wp-block-image size-full\"><img loading=\"lazy\" decoding=\"async\" width=\"663\" height=\"373\" src=\"https:\/\/www.trabzonmanset.com\/wp-content\/uploads\/2025\/11\/692c7aafa322c59cc7852c38.webp?wsr\" alt=\"\" class=\"wp-image-7179\" srcset=\"https:\/\/www.trabzonmanset.com\/wp-content\/uploads\/2025\/11\/692c7aafa322c59cc7852c38.webp 663w, https:\/\/www.trabzonmanset.com\/wp-content\/uploads\/2025\/11\/692c7aafa322c59cc7852c38-300x169.webp 300w\" sizes=\"auto, (max-width: 663px) 100vw, 663px\" \/><\/figure>\n\n\n\n<p>Yang\u0131nda \u015eeng\u00fcl Y\u0131lmaz (55), Tu\u011fba Ta\u015fdemir (18), Nisa Ta\u015fdemir (17), Cansu Esato\u011flu (16), Esma Dikan (65), Han\u0131m G\u00fclek (65) ve Tuncay Y\u0131ld\u0131z (48) hayat\u0131n\u0131 kaybetti.<\/p>\n\n\n\n<figure class=\"wp-block-image size-full\"><img loading=\"lazy\" decoding=\"async\" width=\"544\" height=\"408\" src=\"https:\/\/www.trabzonmanset.com\/wp-content\/uploads\/2025\/11\/692c7aafa322c59cc7852c35.webp?wsr\" alt=\"\" class=\"wp-image-7180\" srcset=\"https:\/\/www.trabzonmanset.com\/wp-content\/uploads\/2025\/11\/692c7aafa322c59cc7852c35.webp 544w, https:\/\/www.trabzonmanset.com\/wp-content\/uploads\/2025\/11\/692c7aafa322c59cc7852c35-300x225.webp 300w\" sizes=\"auto, (max-width: 544px) 100vw, 544px\" \/><\/figure>\n\n\n\n<p><strong>7 K\u0130\u015e\u0130 TUTUKLANDI, 4 K\u0130\u015e\u0130 ADL\u0130 KONTROLLE SERBEST<\/strong><\/p>\n\n\n\n<p>Soru\u015fturma kapsam\u0131nda g\u00f6zalt\u0131na al\u0131nan 11 \u015f\u00fcpheliden \u015firket sahibi Kurtulu\u015f Oransal, \u015firket yetkilileri \u0130smail Oransal, Altay Ali Oransal, Aleyna Oransal ve G\u00f6kberk G\u00fcng\u00f6r, &#8216;Olas\u0131 kastla \u00f6ld\u00fcrme&#8217; su\u00e7lamas\u0131yla, Ali Osman Akat ve Onay Y\u00fcr\u00fckl\u00fc, &#8216;Su\u00e7luyu kay\u0131rma&#8217; su\u00e7lamas\u0131yla tutukland\u0131. \u015e\u00fcphelilerden G.B., H.E., \u00d6.A. ve G.D. ise adli kontrol \u015fart\u0131yla serbest b\u0131rak\u0131ld\u0131.<\/p>\n\n\n\n<figure class=\"wp-block-image size-full\"><img loading=\"lazy\" decoding=\"async\" width=\"770\" height=\"433\" src=\"https:\/\/www.trabzonmanset.com\/wp-content\/uploads\/2025\/11\/692c7aafa322c59cc7852c3a.webp?wsr\" alt=\"\" class=\"wp-image-7181\" srcset=\"https:\/\/www.trabzonmanset.com\/wp-content\/uploads\/2025\/11\/692c7aafa322c59cc7852c3a.webp 770w, https:\/\/www.trabzonmanset.com\/wp-content\/uploads\/2025\/11\/692c7aafa322c59cc7852c3a-300x169.webp 300w, https:\/\/www.trabzonmanset.com\/wp-content\/uploads\/2025\/11\/692c7aafa322c59cc7852c3a-768x432.webp 768w\" sizes=\"auto, (max-width: 770px) 100vw, 770px\" \/><\/figure>\n\n\n\n<p><strong>CEZAEV\u0130NDE KALP KR\u0130Z\u0130<\/strong><\/p>\n\n\n\n<p>Fabrikan\u0131n sahibi Kurtulu\u015f Oransal, bug\u00fcn \u00f6\u011fleden sonra tutuklu bulundu\u011fu cezaevinde kalp krizi ge\u00e7irdi. Kocaeli \u015eehir Hastanesi&#8217;ne kald\u0131r\u0131lan Oransal, doktorlar\u0131n t\u00fcm m\u00fcdahalelerine ra\u011fmen kurtar\u0131lamad\u0131.<\/p>\n\n\n\n<figure class=\"wp-block-image size-full\"><img loading=\"lazy\" decoding=\"async\" width=\"303\" height=\"404\" src=\"https:\/\/www.trabzonmanset.com\/wp-content\/uploads\/2025\/11\/692c7ab0a322c59cc7852c3d.webp?wsr\" alt=\"\" class=\"wp-image-7182\" srcset=\"https:\/\/www.trabzonmanset.com\/wp-content\/uploads\/2025\/11\/692c7ab0a322c59cc7852c3d.webp 303w, https:\/\/www.trabzonmanset.com\/wp-content\/uploads\/2025\/11\/692c7ab0a322c59cc7852c3d-225x300.webp 225w\" sizes=\"auto, (max-width: 303px) 100vw, 303px\" \/><\/figure>\n\n\n\n<p><\/p>\n","protected":false},"excerpt":{"rendered":"<p>Kocaeli\u2019nin Dilovas\u0131 il\u00e7esindeki yang\u0131nda 7 ki\u015finin \u00f6ld\u00fc\u011f\u00fc kozmetik fabrikas\u0131n\u0131n sahibi Kurtulu\u015f Oransal, tutuklu bulundu\u011fu cezaevinde ge\u00e7irdi\u011fi kalp krizinin ard\u0131ndan kald\u0131r\u0131ld\u0131\u011f\u0131 hastanede \u00f6ld\u00fc. Dilovas\u0131&#8217;na ba\u011fl\u0131 Mimar Sinan Mahallesi Mimar Sinan Caddesi&#8217;ndeki bir kozmetik fabrikas\u0131nda, 8 Kas\u0131m&#8217;da saat 09.00 s\u0131ralar\u0131nda yang\u0131n \u00e7\u0131kt\u0131. Yang\u0131nda \u015eeng\u00fcl Y\u0131lmaz (55), Tu\u011fba Ta\u015fdemir (18), Nisa Ta\u015fdemir (17), Cansu Esato\u011flu (16), Esma Dikan [&hellip;]<\/p>\n","protected":false},"author":1,"featured_media":7183,"comment_status":"open","ping_status":"open","sticky":false,"template":"","format":"standard","meta":{"footnotes":""},"categories":[1],"tags":[2183,901,2608,2606],"class_list":["post-7178","post","type-post","status-publish","format-standard","has-post-thumbnail","hentry","category-gundem","tag-dilovasi","tag-kocaeli","tag-kozmetik-fabrikasi-yangin","tag-kurtulus-oransal"],"_links":{"self":[{"href":"https:\/\/www.trabzonmanset.com\/index.php\/wp-json\/wp\/v2\/posts\/7178","targetHints":{"allow":["GET"]}}],"collection":[{"href":"https:\/\/www.trabzonmanset.com\/index.php\/wp-json\/wp\/v2\/posts"}],"about":[{"href":"https:\/\/www.trabzonmanset.com\/index.php\/wp-json\/wp\/v2\/types\/post"}],"author":[{"embeddable":true,"href":"https:\/\/www.trabzonmanset.com\/index.php\/wp-json\/wp\/v2\/users\/1"}],"replies":[{"embeddable":true,"href":"https:\/\/www.trabzonmanset.com\/index.php\/wp-json\/wp\/v2\/comments?post=7178"}],"version-history":[{"count":1,"href":"https:\/\/www.trabzonmanset.com\/index.php\/wp-json\/wp\/v2\/posts\/7178\/revisions"}],"predecessor-version":[{"id":7184,"href":"https:\/\/www.trabzonmanset.com\/index.php\/wp-json\/wp\/v2\/posts\/7178\/revisions\/7184"}],"wp:featuredmedia":[{"embeddable":true,"href":"https:\/\/www.trabzonmanset.com\/index.php\/wp-json\/wp\/v2\/media\/7183"}],"wp:attachment":[{"href":"https:\/\/www.trabzonmanset.com\/index.php\/wp-json\/wp\/v2\/media?parent=7178"}],"wp:term":[{"taxonomy":"category","embeddable":true,"href":"https:\/\/www.trabzonmanset.com\/index.php\/wp-json\/wp\/v2\/categories?post=7178"},{"taxonomy":"post_tag","embeddable":true,"href":"https:\/\/www.trabzonmanset.com\/index.php\/wp-json\/wp\/v2\/tags?post=7178"}],"curies":[{"name":"wp","href":"https:\/\/api.w.org\/{rel}","templated":true}]}}