{"id":7154,"date":"2025-11-30T20:04:00","date_gmt":"2025-11-30T17:04:00","guid":{"rendered":"https:\/\/www.trabzonmanset.com\/?p=7154"},"modified":"2025-11-30T21:30:50","modified_gmt":"2025-11-30T18:30:50","slug":"papa-14-leo-lubnanda","status":"publish","type":"post","link":"https:\/\/www.trabzonmanset.com\/index.php\/2025\/11\/30\/papa-14-leo-lubnanda\/","title":{"rendered":"Papa 14. Leo L\u00fcbnan&#8217;da"},"content":{"rendered":"\n<p>Katoliklerin ruhani lideri Papa 14&#8217;\u00fcnc\u00fc Leo, resmi ziyaret kapsam\u0131nda T\u00fcrkiye&#8217;den L\u00fcbnan&#8217;a geldi\u011fi s\u0131rada u\u00e7akta yapt\u0131\u011f\u0131 a\u00e7\u0131klamada \u0130srail-Filistin ihtilaf\u0131nda tek \u00e7\u00f6z\u00fcm\u00fcn iki devletli \u00e7\u00f6z\u00fcm oldu\u011funu belirterek, &#8220;Hepimiz biliyoruz ki \u015fu anda \u0130srail bu \u00e7\u00f6z\u00fcm\u00fc hala kabul etmiyor, ancak biz bunu tek \u00e7\u00f6z\u00fcm olarak g\u00f6r\u00fcyoruz&#8221; dedi.<\/p>\n\n\n\n<p>Katoliklerin ruhani lideri Papa 14&#8217;\u00fcnc\u00fc Leo, T\u00fcrkiye&#8217;nin ard\u0131ndan resmi ziyaret kapsam\u0131nda L\u00fcbnan&#8217;a geldi. Papa, ba\u015fkent Beyrut&#8217;ta L\u00fcbnan Cumhurba\u015fkan\u0131 Joseph Aoun, Ba\u015fbakan Nevvaf Selam, Meclis Ba\u015fkan\u0131 Nebih Berri ile askeri yetkililer taraf\u0131ndan t\u00f6renle kar\u015f\u0131land\u0131. L\u00fcbnan halk\u0131, Beyrut Havaliman\u0131&#8217;ndan Cumhurba\u015fkanl\u0131\u011f\u0131 Saray\u0131&#8217;na kadar uzanan yollarda toplanarak Papa&#8217;ya sevgi g\u00f6sterisinde bulundu. Papan\u0131n ikili g\u00f6r\u00fc\u015fmelerin yan\u0131 s\u0131ra 2020 y\u0131l\u0131nda patlama meydana gelen Beyrut Liman\u0131&#8217;n\u0131 ziyaret ederek dua etmesi bekleniyor. Papa, ayr\u0131ca Beyrut sahilinde a\u00e7\u0131k havada bir ayin y\u00f6netecek.<\/p>\n\n\n\n<p><strong>ABD&#8217;li bir papadan ilk kez iki devletli \u00e7\u00f6z\u00fcm a\u00e7\u0131klamas\u0131<\/strong><\/p>\n\n\n\n<p>Papa, T\u00fcrkiye&#8217;den L\u00fcbnan&#8217;a gitti\u011fi s\u0131rada ise u\u00e7akta a\u00e7\u0131klamalarda bulundu. Papa, \u0130srail-Filistin ihtilaf\u0131nda tek \u00e7\u00f6z\u00fcm\u00fcn iki devletli \u00e7\u00f6z\u00fcm oldu\u011funu belirterek, &#8220;Hepimiz biliyoruz ki \u015fu anda \u0130srail bu \u00e7\u00f6z\u00fcm\u00fc hala kabul etmiyor, ancak biz bunu tek \u00e7\u00f6z\u00fcm olarak g\u00f6r\u00fcyoruz. Biz \u0130srail ile de dostuz ve iki taraf aras\u0131nda arabulucu bir rol \u00fcstlenerek, herkes i\u00e7in adil bir \u00e7\u00f6z\u00fcme ula\u015fmalar\u0131na yard\u0131mc\u0131 olmaya \u00e7al\u0131\u015f\u0131yoruz&#8221; ifadelerini kulland\u0131.<br>Papa Leo, s\u00f6z konusu a\u00e7\u0131klamas\u0131 ile iki devletli \u00e7\u00f6z\u00fcm\u00fc dile getiren ilk ABD&#8217;li papa olarak kay\u0131tlara ge\u00e7ti.<\/p>\n","protected":false},"excerpt":{"rendered":"<p>Katoliklerin ruhani lideri Papa 14&#8217;\u00fcnc\u00fc Leo, resmi ziyaret kapsam\u0131nda T\u00fcrkiye&#8217;den L\u00fcbnan&#8217;a geldi\u011fi s\u0131rada u\u00e7akta yapt\u0131\u011f\u0131 a\u00e7\u0131klamada \u0130srail-Filistin ihtilaf\u0131nda tek \u00e7\u00f6z\u00fcm\u00fcn iki devletli \u00e7\u00f6z\u00fcm oldu\u011funu belirterek, &#8220;Hepimiz biliyoruz ki \u015fu anda \u0130srail bu \u00e7\u00f6z\u00fcm\u00fc hala kabul etmiyor, ancak biz bunu tek \u00e7\u00f6z\u00fcm olarak g\u00f6r\u00fcyoruz&#8221; dedi. Katoliklerin ruhani lideri Papa 14&#8217;\u00fcnc\u00fc Leo, T\u00fcrkiye&#8217;nin ard\u0131ndan resmi ziyaret kapsam\u0131nda [&hellip;]<\/p>\n","protected":false},"author":1,"featured_media":7155,"comment_status":"open","ping_status":"open","sticky":false,"template":"","format":"standard","meta":{"footnotes":""},"categories":[127],"tags":[2596,2595,906,2517],"class_list":["post-7154","post","type-post","status-publish","format-standard","has-post-thumbnail","hentry","category-dunya","tag-beyrut","tag-katolik","tag-lubnan","tag-papa-14-leo"],"_links":{"self":[{"href":"https:\/\/www.trabzonmanset.com\/index.php\/wp-json\/wp\/v2\/posts\/7154","targetHints":{"allow":["GET"]}}],"collection":[{"href":"https:\/\/www.trabzonmanset.com\/index.php\/wp-json\/wp\/v2\/posts"}],"about":[{"href":"https:\/\/www.trabzonmanset.com\/index.php\/wp-json\/wp\/v2\/types\/post"}],"author":[{"embeddable":true,"href":"https:\/\/www.trabzonmanset.com\/index.php\/wp-json\/wp\/v2\/users\/1"}],"replies":[{"embeddable":true,"href":"https:\/\/www.trabzonmanset.com\/index.php\/wp-json\/wp\/v2\/comments?post=7154"}],"version-history":[{"count":1,"href":"https:\/\/www.trabzonmanset.com\/index.php\/wp-json\/wp\/v2\/posts\/7154\/revisions"}],"predecessor-version":[{"id":7156,"href":"https:\/\/www.trabzonmanset.com\/index.php\/wp-json\/wp\/v2\/posts\/7154\/revisions\/7156"}],"wp:featuredmedia":[{"embeddable":true,"href":"https:\/\/www.trabzonmanset.com\/index.php\/wp-json\/wp\/v2\/media\/7155"}],"wp:attachment":[{"href":"https:\/\/www.trabzonmanset.com\/index.php\/wp-json\/wp\/v2\/media?parent=7154"}],"wp:term":[{"taxonomy":"category","embeddable":true,"href":"https:\/\/www.trabzonmanset.com\/index.php\/wp-json\/wp\/v2\/categories?post=7154"},{"taxonomy":"post_tag","embeddable":true,"href":"https:\/\/www.trabzonmanset.com\/index.php\/wp-json\/wp\/v2\/tags?post=7154"}],"curies":[{"name":"wp","href":"https:\/\/api.w.org\/{rel}","templated":true}]}}